{"id":84479,"date":"2023-02-22T12:04:12","date_gmt":"2023-02-22T12:04:12","guid":{"rendered":"https:\/\/www.noticiasradioreflejos.com.ar\/2021\/?p=84479"},"modified":"2023-02-22T12:04:12","modified_gmt":"2023-02-22T12:04:12","slug":"rige-un-alerta-amarilla-por-tormentas-en-10-provincias-y-en-otras-tres-por-vientos","status":"publish","type":"post","link":"https:\/\/www.noticiasradioreflejos.com.ar\/2021\/rige-un-alerta-amarilla-por-tormentas-en-10-provincias-y-en-otras-tres-por-vientos\/","title":{"rendered":"Rige un alerta amarilla por tormentas en 10 provincias y en otras tres por vientos"},"content":{"rendered":"<p>El Servicio Meteorol\u00f3gico Nacional (SMN) emiti\u00f3 esta ma\u00f1ana un alerta amarillo por tormentas para algunas zonas de Salta, Jujuy, Formosa, Chaco, Santiago del Estero, C\u00f3rdoba, La Rioja, San Juan, San Luis y Mendoza; mientras que en Chubut, Santa Cruz y Tierra del Fuego rige un aviso del mismo nivel pero por vientos.<!--more--><\/p>\n<p>Seg\u00fan el informe diario del organismo, las zonas afectadas en Salta son General Jos\u00e9 de San Mart\u00edn, yungas de Iruya, Or\u00e1n y Santa Victoria, Rivadavia, Anta, General G\u00fcemes, La Candelaria, Met\u00e1n, Rosario de la Frontera; mientras que en Jujuy la zona monta\u00f1osa de Doctor Manuel Belgrano, de Humahuaca, de Tilcara y de Tumbaya, El Carmen, Ledesma, Palpal\u00e1, San Antonio, San Pedro, Santa B\u00e1rbara, Valle Grande y zona baja de Doctor Manuel Belgrano y Tilcara.<\/p>\n<p>En Formosa afectar\u00e1 la zona de Bermejo, Matacos, Ram\u00f3n Lista y Pati\u00f1o; al igual que en la zona noroeste de Almirante Brown y General G\u00fcemes, Maip\u00fa, y el sudeste de Almirante Brown y de General G\u00fcemes, en Chaco.<\/p>\n<p>Con respecto al alerta en Santiago del Estero, el SMN delimit\u00f3 la zona en Figueroa, oeste de Alberdi, de Copo y de Moreno, Pellegrini, el este de Alberdi, de Copo y de Moreno, Aguirre, Avellaneda, Belgrano, General Taboada, Juan F. Ibarra, Mitre, Quebrachos, Rivadavia, Salavina, Sarmiento, Atamisqui, Banda, Capital, Choya, Loreto, Ojo de Agua, Robles, San Mart\u00edn y Sil\u00edpica.<\/p>\n<p>Lo mismo suceder\u00e1 en los departamentos de Ischil\u00edn, R\u00edo Seco, Sobremonte, Tulumba, R\u00edo Primero, R\u00edo Segundo, Tercero Arriba, la zona baja de Col\u00f3n y de Totoral, Punilla, zona serrana de Col\u00f3n, de Ischil\u00edn, de Santa Mar\u00eda, de Totoral, de Calamuchita y de R\u00edo Cuarto, en la provincia de C\u00f3rdoba; y en las zonas de General Juan Facundo Quiroga, General San Mart\u00edn y Rosario Vera Pe\u00f1aloza, de La Rioja.<\/p>\n<p>En San Juan, el fen\u00f3meno meteorol\u00f3gico afectar\u00e1 la zona de 25 de Mayo, Angaco, Caucete, San Mart\u00edn y Valle F\u00e9rtil; mientras que la provincia de San Luis tendr\u00e1 todo su territorio bajo este alerta.<\/p>\n<p>Por \u00faltimo en Mendoza, el organismo emiti\u00f3 el aviso para la zona de este de Las Heras, La Paz, Lavalle, San Mart\u00edn, Santa Rosa, Jun\u00edn, Rivadavia, valles de Luj\u00e1n de Cuyo, de San Carlos, de Tunuy\u00e1n y de Tupungato, General Alvear y la zona baja de San Rafael.<\/p>\n<p>En tanto, el alerta por vientos podr\u00e1 registrarse en la zona de la meseta de R\u00edo Senguer, en la provincia de Chubut; y en la Cordillera de Lago Buenos Aires, de R\u00edo Chico, de G\u00fcer Aike y de Lago Argentino, en la meseta de Corpen Aike, de G\u00fcer Aike, de Lago Argentino y de R\u00edo Chico, como en la costa de Corpen Aike.<\/p>\n<p>El nivel amarillo de alertas indica \u00abpreparaci\u00f3n\u00bb, ya que \u00abpueden ser posibles los fen\u00f3menos meteorol\u00f3gicos con capacidad de da\u00f1o y riesgo de interrupci\u00f3n moment\u00e1nea de actividades cotidianas\u00bb.<\/p>\n","protected":false},"excerpt":{"rendered":"<p>El Servicio Meteorol\u00f3gico Nacional (SMN) emiti\u00f3 esta ma\u00f1ana un alerta amarillo por tormentas para algunas zonas de Salta, Jujuy, Formosa, Chaco, Santiago del Estero, C\u00f3rdoba, La Rioja, San Juan, San Luis y Mendoza; mientras que en Chubut, Santa Cruz y Tierra del Fuego rige un aviso del mismo nivel pero por vientos.<\/p>\n","protected":false},"author":3,"featured_media":0,"comment_status":"closed","ping_status":"closed","sticky":false,"template":"","format":"standard","meta":{"footnotes":""},"categories":[46],"tags":[],"class_list":["post-84479","post","type-post","status-publish","format-standard","hentry","category-ciencia-y-tecnologia"],"yoast_head":"<!-- This site is optimized with the Yoast SEO plugin v25.9 - https:\/\/yoast.com\/wordpress\/plugins\/seo\/ -->\n<title>Rige un alerta amarilla por tormentas en 10 provincias y en otras tres por vientos - Noticias Radio Reflejos<\/title>\n<meta name=\"robots\" content=\"index, follow, max-snippet:-1, max-image-preview:large, max-video-preview:-1\" \/>\n<link rel=\"canonical\" href=\"https:\/\/www.noticiasradioreflejos.com.ar\/2021\/rige-un-alerta-amarilla-por-tormentas-en-10-provincias-y-en-otras-tres-por-vientos\/\" \/>\n<meta property=\"og:locale\" content=\"es_ES\" \/>\n<meta property=\"og:type\" content=\"article\" \/>\n<meta property=\"og:title\" content=\"Rige un alerta amarilla por tormentas en 10 provincias y en otras tres por vientos - Noticias Radio Reflejos\" \/>\n<meta property=\"og:description\" content=\"El Servicio Meteorol\u00f3gico Nacional (SMN) emiti\u00f3 esta ma\u00f1ana un alerta amarillo por tormentas para algunas zonas de Salta, Jujuy, Formosa, Chaco, Santiago del Estero, C\u00f3rdoba, La Rioja, San Juan, San Luis y Mendoza; mientras que en Chubut, Santa Cruz y Tierra del Fuego rige un aviso del mismo nivel pero por vientos.\" \/>\n<meta property=\"og:url\" content=\"https:\/\/www.noticiasradioreflejos.com.ar\/2021\/rige-un-alerta-amarilla-por-tormentas-en-10-provincias-y-en-otras-tres-por-vientos\/\" \/>\n<meta property=\"og:site_name\" content=\"Noticias Radio Reflejos\" \/>\n<meta property=\"article:published_time\" content=\"2023-02-22T12:04:12+00:00\" \/>\n<meta property=\"og:image\" content=\"https:\/\/www.noticiasradioreflejos.com.ar\/2021\/wp-content\/uploads\/2021\/07\/logosol300x200.png\" \/>\n\t<meta property=\"og:image:width\" content=\"300\" \/>\n\t<meta property=\"og:image:height\" content=\"200\" \/>\n\t<meta property=\"og:image:type\" content=\"image\/png\" \/>\n<meta name=\"author\" content=\"Arnaldo Botto\" \/>\n<meta name=\"twitter:card\" content=\"summary_large_image\" \/>\n<script type=\"application\/ld+json\" class=\"yoast-schema-graph\">{\"@context\":\"https:\/\/schema.org\",\"@graph\":[{\"@type\":\"WebPage\",\"@id\":\"https:\/\/www.noticiasradioreflejos.com.ar\/2021\/rige-un-alerta-amarilla-por-tormentas-en-10-provincias-y-en-otras-tres-por-vientos\/\",\"url\":\"https:\/\/www.noticiasradioreflejos.com.ar\/2021\/rige-un-alerta-amarilla-por-tormentas-en-10-provincias-y-en-otras-tres-por-vientos\/\",\"name\":\"Rige un alerta amarilla por tormentas en 10 provincias y en otras tres por vientos - Noticias Radio Reflejos\",\"isPartOf\":{\"@id\":\"https:\/\/www.noticiasradioreflejos.com.ar\/2021\/#website\"},\"datePublished\":\"2023-02-22T12:04:12+00:00\",\"author\":{\"@id\":\"https:\/\/www.noticiasradioreflejos.com.ar\/2021\/#\/schema\/person\/ad82545263dcc5ec0996818884fd5fb1\"},\"breadcrumb\":{\"@id\":\"https:\/\/www.noticiasradioreflejos.com.ar\/2021\/rige-un-alerta-amarilla-por-tormentas-en-10-provincias-y-en-otras-tres-por-vientos\/#breadcrumb\"},\"inLanguage\":\"es\",\"potentialAction\":[{\"@type\":\"ReadAction\",\"target\":[\"https:\/\/www.noticiasradioreflejos.com.ar\/2021\/rige-un-alerta-amarilla-por-tormentas-en-10-provincias-y-en-otras-tres-por-vientos\/\"]}]},{\"@type\":\"BreadcrumbList\",\"@id\":\"https:\/\/www.noticiasradioreflejos.com.ar\/2021\/rige-un-alerta-amarilla-por-tormentas-en-10-provincias-y-en-otras-tres-por-vientos\/#breadcrumb\",\"itemListElement\":[{\"@type\":\"ListItem\",\"position\":1,\"name\":\"Portada\",\"item\":\"https:\/\/www.noticiasradioreflejos.com.ar\/2021\/\"},{\"@type\":\"ListItem\",\"position\":2,\"name\":\"Rige un alerta amarilla por tormentas en 10 provincias y en otras tres por vientos\"}]},{\"@type\":\"WebSite\",\"@id\":\"https:\/\/www.noticiasradioreflejos.com.ar\/2021\/#website\",\"url\":\"https:\/\/www.noticiasradioreflejos.com.ar\/2021\/\",\"name\":\"Noticias Radio Reflejos\",\"description\":\"Las noticias de mi comarca\",\"potentialAction\":[{\"@type\":\"SearchAction\",\"target\":{\"@type\":\"EntryPoint\",\"urlTemplate\":\"https:\/\/www.noticiasradioreflejos.com.ar\/2021\/?s={search_term_string}\"},\"query-input\":{\"@type\":\"PropertyValueSpecification\",\"valueRequired\":true,\"valueName\":\"search_term_string\"}}],\"inLanguage\":\"es\"},{\"@type\":\"Person\",\"@id\":\"https:\/\/www.noticiasradioreflejos.com.ar\/2021\/#\/schema\/person\/ad82545263dcc5ec0996818884fd5fb1\",\"name\":\"Arnaldo Botto\",\"image\":{\"@type\":\"ImageObject\",\"inLanguage\":\"es\",\"@id\":\"https:\/\/www.noticiasradioreflejos.com.ar\/2021\/#\/schema\/person\/image\/\",\"url\":\"https:\/\/secure.gravatar.com\/avatar\/55cb5e37c1efa326397366e6974cb338056df65cb50e7d64d1cf314e87504837?s=96&d=mm&r=g\",\"contentUrl\":\"https:\/\/secure.gravatar.com\/avatar\/55cb5e37c1efa326397366e6974cb338056df65cb50e7d64d1cf314e87504837?s=96&d=mm&r=g\",\"caption\":\"Arnaldo Botto\"},\"url\":\"https:\/\/www.noticiasradioreflejos.com.ar\/2021\/author\/arnaldo\/\"}]}<\/script>\n<!-- \/ Yoast SEO plugin. -->","yoast_head_json":{"title":"Rige un alerta amarilla por tormentas en 10 provincias y en otras tres por vientos - Noticias Radio Reflejos","robots":{"index":"index","follow":"follow","max-snippet":"max-snippet:-1","max-image-preview":"max-image-preview:large","max-video-preview":"max-video-preview:-1"},"canonical":"https:\/\/www.noticiasradioreflejos.com.ar\/2021\/rige-un-alerta-amarilla-por-tormentas-en-10-provincias-y-en-otras-tres-por-vientos\/","og_locale":"es_ES","og_type":"article","og_title":"Rige un alerta amarilla por tormentas en 10 provincias y en otras tres por vientos - Noticias Radio Reflejos","og_description":"El Servicio Meteorol\u00f3gico Nacional (SMN) emiti\u00f3 esta ma\u00f1ana un alerta amarillo por tormentas para algunas zonas de Salta, Jujuy, Formosa, Chaco, Santiago del Estero, C\u00f3rdoba, La Rioja, San Juan, San Luis y Mendoza; mientras que en Chubut, Santa Cruz y Tierra del Fuego rige un aviso del mismo nivel pero por vientos.","og_url":"https:\/\/www.noticiasradioreflejos.com.ar\/2021\/rige-un-alerta-amarilla-por-tormentas-en-10-provincias-y-en-otras-tres-por-vientos\/","og_site_name":"Noticias Radio Reflejos","article_published_time":"2023-02-22T12:04:12+00:00","og_image":[{"width":300,"height":200,"url":"https:\/\/www.noticiasradioreflejos.com.ar\/2021\/wp-content\/uploads\/2021\/07\/logosol300x200.png","type":"image\/png"}],"author":"Arnaldo Botto","twitter_card":"summary_large_image","schema":{"@context":"https:\/\/schema.org","@graph":[{"@type":"WebPage","@id":"https:\/\/www.noticiasradioreflejos.com.ar\/2021\/rige-un-alerta-amarilla-por-tormentas-en-10-provincias-y-en-otras-tres-por-vientos\/","url":"https:\/\/www.noticiasradioreflejos.com.ar\/2021\/rige-un-alerta-amarilla-por-tormentas-en-10-provincias-y-en-otras-tres-por-vientos\/","name":"Rige un alerta amarilla por tormentas en 10 provincias y en otras tres por vientos - Noticias Radio Reflejos","isPartOf":{"@id":"https:\/\/www.noticiasradioreflejos.com.ar\/2021\/#website"},"datePublished":"2023-02-22T12:04:12+00:00","author":{"@id":"https:\/\/www.noticiasradioreflejos.com.ar\/2021\/#\/schema\/person\/ad82545263dcc5ec0996818884fd5fb1"},"breadcrumb":{"@id":"https:\/\/www.noticiasradioreflejos.com.ar\/2021\/rige-un-alerta-amarilla-por-tormentas-en-10-provincias-y-en-otras-tres-por-vientos\/#breadcrumb"},"inLanguage":"es","potentialAction":[{"@type":"ReadAction","target":["https:\/\/www.noticiasradioreflejos.com.ar\/2021\/rige-un-alerta-amarilla-por-tormentas-en-10-provincias-y-en-otras-tres-por-vientos\/"]}]},{"@type":"BreadcrumbList","@id":"https:\/\/www.noticiasradioreflejos.com.ar\/2021\/rige-un-alerta-amarilla-por-tormentas-en-10-provincias-y-en-otras-tres-por-vientos\/#breadcrumb","itemListElement":[{"@type":"ListItem","position":1,"name":"Portada","item":"https:\/\/www.noticiasradioreflejos.com.ar\/2021\/"},{"@type":"ListItem","position":2,"name":"Rige un alerta amarilla por tormentas en 10 provincias y en otras tres por vientos"}]},{"@type":"WebSite","@id":"https:\/\/www.noticiasradioreflejos.com.ar\/2021\/#website","url":"https:\/\/www.noticiasradioreflejos.com.ar\/2021\/","name":"Noticias Radio Reflejos","description":"Las noticias de mi comarca","potentialAction":[{"@type":"SearchAction","target":{"@type":"EntryPoint","urlTemplate":"https:\/\/www.noticiasradioreflejos.com.ar\/2021\/?s={search_term_string}"},"query-input":{"@type":"PropertyValueSpecification","valueRequired":true,"valueName":"search_term_string"}}],"inLanguage":"es"},{"@type":"Person","@id":"https:\/\/www.noticiasradioreflejos.com.ar\/2021\/#\/schema\/person\/ad82545263dcc5ec0996818884fd5fb1","name":"Arnaldo Botto","image":{"@type":"ImageObject","inLanguage":"es","@id":"https:\/\/www.noticiasradioreflejos.com.ar\/2021\/#\/schema\/person\/image\/","url":"https:\/\/secure.gravatar.com\/avatar\/55cb5e37c1efa326397366e6974cb338056df65cb50e7d64d1cf314e87504837?s=96&d=mm&r=g","contentUrl":"https:\/\/secure.gravatar.com\/avatar\/55cb5e37c1efa326397366e6974cb338056df65cb50e7d64d1cf314e87504837?s=96&d=mm&r=g","caption":"Arnaldo Botto"},"url":"https:\/\/www.noticiasradioreflejos.com.ar\/2021\/author\/arnaldo\/"}]}},"_links":{"self":[{"href":"https:\/\/www.noticiasradioreflejos.com.ar\/2021\/wp-json\/wp\/v2\/posts\/84479","targetHints":{"allow":["GET"]}}],"collection":[{"href":"https:\/\/www.noticiasradioreflejos.com.ar\/2021\/wp-json\/wp\/v2\/posts"}],"about":[{"href":"https:\/\/www.noticiasradioreflejos.com.ar\/2021\/wp-json\/wp\/v2\/types\/post"}],"author":[{"embeddable":true,"href":"https:\/\/www.noticiasradioreflejos.com.ar\/2021\/wp-json\/wp\/v2\/users\/3"}],"replies":[{"embeddable":true,"href":"https:\/\/www.noticiasradioreflejos.com.ar\/2021\/wp-json\/wp\/v2\/comments?post=84479"}],"version-history":[{"count":1,"href":"https:\/\/www.noticiasradioreflejos.com.ar\/2021\/wp-json\/wp\/v2\/posts\/84479\/revisions"}],"predecessor-version":[{"id":84481,"href":"https:\/\/www.noticiasradioreflejos.com.ar\/2021\/wp-json\/wp\/v2\/posts\/84479\/revisions\/84481"}],"wp:attachment":[{"href":"https:\/\/www.noticiasradioreflejos.com.ar\/2021\/wp-json\/wp\/v2\/media?parent=84479"}],"wp:term":[{"taxonomy":"category","embeddable":true,"href":"https:\/\/www.noticiasradioreflejos.com.ar\/2021\/wp-json\/wp\/v2\/categories?post=84479"},{"taxonomy":"post_tag","embeddable":true,"href":"https:\/\/www.noticiasradioreflejos.com.ar\/2021\/wp-json\/wp\/v2\/tags?post=84479"}],"curies":[{"name":"wp","href":"https:\/\/api.w.org\/{rel}","templated":true}]}}