{"id":84303,"date":"2023-02-17T14:41:50","date_gmt":"2023-02-17T14:41:50","guid":{"rendered":"https:\/\/www.noticiasradioreflejos.com.ar\/2021\/?p=84303"},"modified":"2023-02-17T14:41:50","modified_gmt":"2023-02-17T14:41:50","slug":"alerta-mundial-buenos-aires-y-otras-megaciudades-cerca-de-desaparecer","status":"publish","type":"post","link":"https:\/\/www.noticiasradioreflejos.com.ar\/2021\/alerta-mundial-buenos-aires-y-otras-megaciudades-cerca-de-desaparecer\/","title":{"rendered":"Alerta mundial: Buenos Aires y otras megaciudades cerca de desaparecer"},"content":{"rendered":"<p>Naciones Unidas advierte que el aumento del nivel del mar impondr\u00e1 un \u00e9xodo \u00abde proporciones b\u00edblicas\u00bb. Seg\u00fan el secretario general, \u00abcomunidades bajas y pa\u00edses enteros podr\u00edan desaparecer para siempre\u00bb.<!--more--><\/p>\n<div class=\"row row-body\">\n<div class=\"col__main\">\n<div class=\"article-media\">\n<div class=\"main-slider\">\n<div class=\"main-gallery my-gallery newsphotogallery swiper-container-2 swiper-container-initialized swiper-container-horizontal swiper-container-pointer-events\" data-pswp-uid=\"1\">\n<div id=\"swiper-wrapper-109d6a9c372ac01062\" class=\"swiper-wrapper\" aria-live=\"polite\">\n<figure class=\"swiper-slide swiper-slide-active\" role=\"group\" aria-label=\"1 \/ 1\"><a href=\"https:\/\/www.mdzol.com\/u\/fotografias\/m\/2023\/2\/15\/f1456x819-1363712_1534082_5050.png\" data-size=\"1456x819\" data-index=\"0\"><img decoding=\"async\" class=\"lazy loading\" src=\"https:\/\/www.mdzol.com\/u\/fotografias\/m\/2023\/2\/15\/f848x477-1363712_1421515_5050.png\" data-index=\"\" data-size=\"w:848,h:477\" data-was-processed=\"true\" \/><\/a><\/figure>\n<\/div>\n<\/div>\n<\/div>\n<\/div>\n<\/div>\n<\/div>\n<div>\n<p class=\"image-author\">MEGACIUDADES PODR\u00cdAN DEJAR DE EXISTIR EN EL PLANETA.<\/p>\n<p class=\"image-author\">FOTO: GETTY IMAGES.<\/p>\n<\/div>\n<p>&nbsp;<\/p>\n<div class=\"newsfull__content\">\n<div id=\"fixsocial-0\" class=\"newsfull__share\" data-fixaboxorigin=\"{&quot;position&quot;:&quot;absolute&quot;,&quot;left&quot;:&quot;-35px&quot;,&quot;top&quot;:&quot;0px&quot;}\" data-fixaboxoptions=\"{&quot;paddingTop&quot;:110,&quot;paddingBottom&quot;:20,&quot;stop&quot;:{}}\">\n<div class=\"newsfull__share-buttons\"><\/div>\n<\/div>\n<div class=\"newsfull__body\">\n<div class=\"modules-container\">\n<p><a href=\"https:\/\/www.mdzol.com\/mundo\/2022\/11\/13\/la-crisis-climatica-desplaza-miles-de-personas-en-las-islas-del-pacifico-290761.html\" target=\"_blank\" rel=\"noopener\"><strong>La subida del nivel del mar\u00a0<\/strong><\/a>supone una amenaza existencial para numerosas comunidades y puede desencadenar un \u00ab\u00e9xodo masivo\u00bb con \u00abproporciones b\u00edblicas\u00bb,\u00a0<a href=\"https:\/\/news.un.org\/en\/story\/2023\/02\/1133492?_gl=1*1th9jr0*_ga*MTIwOTAwMzE2MS4xNjc2NDMyNDk3*_ga_TK9BQL5X7Z*MTY3NjQzMjQ5Ni4xLjAuMTY3NjQzMjQ5Ni4wLjAuMA..\" target=\"_blank\" rel=\"noopener\">alert\u00f3 el secretario general de la ONU<\/a>, Ant\u00f3nio Guterres.<\/p>\n<p>\u00abBajo cualquier escenario, pa\u00edses como\u00a0<strong>Banglad\u00e9s, China, India y Pa\u00edses Bajos<\/strong>\u00a0est\u00e1n en riesgo.\u00a0<strong>Megaciudades\u00a0<\/strong>en todos los continentes se enfrentan a serios impactos incluyendo El Cairo, Lagos, Maputo, Bangkok, Daca, Yarkarta, Bombay, Shangh\u00e1i, Copenhague, Londres, Los \u00c1ngeles, Nueva York,\u00a0<strong>Buenos Aires<\/strong>\u00a0y Santiago\u00bb, dijo Guterres.<\/p>\n<aside class=\"htmlinline\"><\/aside>\n<p>El jefe de Naciones Unidas se pronunci\u00f3 as\u00ed en un discurso ante el Consejo de Seguridad, que este martes se reuni\u00f3 para discutir las consecuencias del\u00a0<a href=\"https:\/\/www.mdzol.com\/mundo\/2022\/9\/15\/el-peligro-latente-sobre-el-derretimiento-del-hielo-de-la-antartida-274709.html\" target=\"_blank\" rel=\"noopener\"><strong>aumento del nivel del mar<\/strong>\u00a0<\/a>en el \u00e1mbito de la paz y la seguridad.<\/p>\n<p>Seg\u00fan Guterres, la subida de las aguas -acelerada por la crisis clim\u00e1tica y que el siglo pasado fue mayor que en ning\u00fan otro en los \u00faltimos 3.000 a\u00f1os- es tanto un problema en s\u00ed como un \u00abmultiplicador\u00bb de otras amenazas y ya est\u00e1 creando \u00abnuevas fuentes de inestabilidad y conflicto\u00bb.<\/p>\n<aside class=\"htmlinline\"><\/aside>\n<div class=\"widget-jwp\">\n<div class=\"video-adaptable\"><img decoding=\"async\" class=\"i-amphtml-fill-content amp-hidden\" src=\"https:\/\/content.jwplatform.com\/thumbs\/crxM5S7f-720.jpg\" alt=\"Loading video\" \/><\/div>\n<\/div>\n<p>\u00ab<strong><a href=\"https:\/\/www.mdzol.com\/sociedad\/2021\/9\/28\/ante-el-riesgo-de-desaparecer-un-pais-pide-ayuda-en-la-corte-internacional-de-justicia-189961.html\" target=\"_blank\" rel=\"noopener\">La subida de los mares<\/a>\u00a0<\/strong>amenaza vidas y pone en peligro el acceso al agua, los alimentos y la atenci\u00f3n m\u00e9dica. La entrada de agua salada puede diezmar empleos y econom\u00edas enteras en industrias clave como la agricultura, la pesca y el turismo. Puede da\u00f1ar o destruir infraestructura vital\u00bb, enumer\u00f3.<\/p>\n<p>El peligro es especialmente grave para los casi 900 millones de personas que viven en zonas costeras de baja altitud, es decir, una de cada diez personas en la\u00a0<strong>Tierra<\/strong>\u00ab, se\u00f1al\u00f3.<\/p>\n<\/div>\n<p>Las estimaciones apuntan a que muy pronto, el\u00a0<strong>a\u00f1o 2150,<\/strong>\u00a0ya denotar\u00eda feroces cambios.<\/p>\n<p>Guterres advirti\u00f3 que la combinaci\u00f3n de\u00a0<strong>la subida del mar y de la entrada de agua salada\u00a0<\/strong>en ciertos ecosistemas amenaza por ejemplo con convertir en inhabitables algunos de los grandes deltas del mundo, como el del r\u00edo Mekong en Vietnam o el del Ganges en la India y Banglad\u00e9s.<\/p>\n<p>\u00abComunidades bajas y pa\u00edses enteros podr\u00edan desaparecer para siempre. Ver\u00edamos\u00a0<strong>un \u00e9xodo masivo de poblaciones<\/strong>\u00a0enteras con proporciones b\u00edblicas. Y ver\u00edamos una competencia a\u00fan m\u00e1s fiera por el agua dulce, la tierra y otros recursos\u00bb, insisti\u00f3.<\/p>\n<p>Por todo ello, el diplom\u00e1tico portugu\u00e9s pidi\u00f3 a la comunidad internacionales acciones decididas en tres grandes \u00e1mbitos: la lucha contra\u00a0<a href=\"https:\/\/www.mdzol.com\/mundo\/2023\/2\/1\/joe-biden-su-terror-peor-la-guerra-nuclear-el-verdadero-armagedon-311565.html\" target=\"_blank\" rel=\"noopener\"><strong>el calentamiento global<\/strong><\/a>, la protecci\u00f3n de comunidades vulnerables y la modificaci\u00f3n de la legislaci\u00f3n internacional para proteger a los desplazados.<\/p>\n<p><em>News.un, Efe<\/em>.<\/p>\n<\/div>\n<\/div>\n","protected":false},"excerpt":{"rendered":"<p>Naciones Unidas advierte que el aumento del nivel del mar impondr\u00e1 un \u00e9xodo \u00abde proporciones b\u00edblicas\u00bb. Seg\u00fan el secretario general, \u00abcomunidades bajas y pa\u00edses enteros podr\u00edan desaparecer para siempre\u00bb.<\/p>\n","protected":false},"author":3,"featured_media":84304,"comment_status":"closed","ping_status":"closed","sticky":false,"template":"","format":"standard","meta":{"footnotes":""},"categories":[46],"tags":[],"class_list":["post-84303","post","type-post","status-publish","format-standard","has-post-thumbnail","hentry","category-ciencia-y-tecnologia"],"yoast_head":"<!-- This site is optimized with the Yoast SEO plugin v25.9 - https:\/\/yoast.com\/wordpress\/plugins\/seo\/ -->\n<title>Alerta mundial: Buenos Aires y otras megaciudades cerca de desaparecer - Noticias Radio Reflejos<\/title>\n<meta name=\"robots\" content=\"index, follow, max-snippet:-1, max-image-preview:large, max-video-preview:-1\" \/>\n<link rel=\"canonical\" href=\"https:\/\/www.noticiasradioreflejos.com.ar\/2021\/alerta-mundial-buenos-aires-y-otras-megaciudades-cerca-de-desaparecer\/\" \/>\n<meta property=\"og:locale\" content=\"es_ES\" \/>\n<meta property=\"og:type\" content=\"article\" \/>\n<meta property=\"og:title\" content=\"Alerta mundial: Buenos Aires y otras megaciudades cerca de desaparecer - Noticias Radio Reflejos\" \/>\n<meta property=\"og:description\" content=\"Naciones Unidas advierte que el aumento del nivel del mar impondr\u00e1 un \u00e9xodo \u00abde proporciones b\u00edblicas\u00bb. Seg\u00fan el secretario general, \u00abcomunidades bajas y pa\u00edses enteros podr\u00edan desaparecer para siempre\u00bb.\" \/>\n<meta property=\"og:url\" content=\"https:\/\/www.noticiasradioreflejos.com.ar\/2021\/alerta-mundial-buenos-aires-y-otras-megaciudades-cerca-de-desaparecer\/\" \/>\n<meta property=\"og:site_name\" content=\"Noticias Radio Reflejos\" \/>\n<meta property=\"article:published_time\" content=\"2023-02-17T14:41:50+00:00\" \/>\n<meta property=\"og:image\" content=\"https:\/\/www.noticiasradioreflejos.com.ar\/2021\/wp-content\/uploads\/2023\/02\/Cambio-Climatico.jpg\" \/>\n\t<meta property=\"og:image:width\" content=\"848\" \/>\n\t<meta property=\"og:image:height\" content=\"477\" \/>\n\t<meta property=\"og:image:type\" content=\"image\/jpeg\" \/>\n<meta name=\"author\" content=\"Arnaldo Botto\" \/>\n<meta name=\"twitter:card\" content=\"summary_large_image\" \/>\n<script type=\"application\/ld+json\" class=\"yoast-schema-graph\">{\"@context\":\"https:\/\/schema.org\",\"@graph\":[{\"@type\":\"WebPage\",\"@id\":\"https:\/\/www.noticiasradioreflejos.com.ar\/2021\/alerta-mundial-buenos-aires-y-otras-megaciudades-cerca-de-desaparecer\/\",\"url\":\"https:\/\/www.noticiasradioreflejos.com.ar\/2021\/alerta-mundial-buenos-aires-y-otras-megaciudades-cerca-de-desaparecer\/\",\"name\":\"Alerta mundial: Buenos Aires y otras megaciudades cerca de desaparecer - Noticias Radio Reflejos\",\"isPartOf\":{\"@id\":\"https:\/\/www.noticiasradioreflejos.com.ar\/2021\/#website\"},\"primaryImageOfPage\":{\"@id\":\"https:\/\/www.noticiasradioreflejos.com.ar\/2021\/alerta-mundial-buenos-aires-y-otras-megaciudades-cerca-de-desaparecer\/#primaryimage\"},\"image\":{\"@id\":\"https:\/\/www.noticiasradioreflejos.com.ar\/2021\/alerta-mundial-buenos-aires-y-otras-megaciudades-cerca-de-desaparecer\/#primaryimage\"},\"thumbnailUrl\":\"https:\/\/www.noticiasradioreflejos.com.ar\/2021\/wp-content\/uploads\/2023\/02\/Cambio-Climatico.jpg\",\"datePublished\":\"2023-02-17T14:41:50+00:00\",\"author\":{\"@id\":\"https:\/\/www.noticiasradioreflejos.com.ar\/2021\/#\/schema\/person\/ad82545263dcc5ec0996818884fd5fb1\"},\"breadcrumb\":{\"@id\":\"https:\/\/www.noticiasradioreflejos.com.ar\/2021\/alerta-mundial-buenos-aires-y-otras-megaciudades-cerca-de-desaparecer\/#breadcrumb\"},\"inLanguage\":\"es\",\"potentialAction\":[{\"@type\":\"ReadAction\",\"target\":[\"https:\/\/www.noticiasradioreflejos.com.ar\/2021\/alerta-mundial-buenos-aires-y-otras-megaciudades-cerca-de-desaparecer\/\"]}]},{\"@type\":\"ImageObject\",\"inLanguage\":\"es\",\"@id\":\"https:\/\/www.noticiasradioreflejos.com.ar\/2021\/alerta-mundial-buenos-aires-y-otras-megaciudades-cerca-de-desaparecer\/#primaryimage\",\"url\":\"https:\/\/www.noticiasradioreflejos.com.ar\/2021\/wp-content\/uploads\/2023\/02\/Cambio-Climatico.jpg\",\"contentUrl\":\"https:\/\/www.noticiasradioreflejos.com.ar\/2021\/wp-content\/uploads\/2023\/02\/Cambio-Climatico.jpg\",\"width\":848,\"height\":477},{\"@type\":\"BreadcrumbList\",\"@id\":\"https:\/\/www.noticiasradioreflejos.com.ar\/2021\/alerta-mundial-buenos-aires-y-otras-megaciudades-cerca-de-desaparecer\/#breadcrumb\",\"itemListElement\":[{\"@type\":\"ListItem\",\"position\":1,\"name\":\"Portada\",\"item\":\"https:\/\/www.noticiasradioreflejos.com.ar\/2021\/\"},{\"@type\":\"ListItem\",\"position\":2,\"name\":\"Alerta mundial: Buenos Aires y otras megaciudades cerca de desaparecer\"}]},{\"@type\":\"WebSite\",\"@id\":\"https:\/\/www.noticiasradioreflejos.com.ar\/2021\/#website\",\"url\":\"https:\/\/www.noticiasradioreflejos.com.ar\/2021\/\",\"name\":\"Noticias Radio Reflejos\",\"description\":\"Las noticias de mi comarca\",\"potentialAction\":[{\"@type\":\"SearchAction\",\"target\":{\"@type\":\"EntryPoint\",\"urlTemplate\":\"https:\/\/www.noticiasradioreflejos.com.ar\/2021\/?s={search_term_string}\"},\"query-input\":{\"@type\":\"PropertyValueSpecification\",\"valueRequired\":true,\"valueName\":\"search_term_string\"}}],\"inLanguage\":\"es\"},{\"@type\":\"Person\",\"@id\":\"https:\/\/www.noticiasradioreflejos.com.ar\/2021\/#\/schema\/person\/ad82545263dcc5ec0996818884fd5fb1\",\"name\":\"Arnaldo Botto\",\"image\":{\"@type\":\"ImageObject\",\"inLanguage\":\"es\",\"@id\":\"https:\/\/www.noticiasradioreflejos.com.ar\/2021\/#\/schema\/person\/image\/\",\"url\":\"https:\/\/secure.gravatar.com\/avatar\/55cb5e37c1efa326397366e6974cb338056df65cb50e7d64d1cf314e87504837?s=96&d=mm&r=g\",\"contentUrl\":\"https:\/\/secure.gravatar.com\/avatar\/55cb5e37c1efa326397366e6974cb338056df65cb50e7d64d1cf314e87504837?s=96&d=mm&r=g\",\"caption\":\"Arnaldo Botto\"},\"url\":\"https:\/\/www.noticiasradioreflejos.com.ar\/2021\/author\/arnaldo\/\"}]}<\/script>\n<!-- \/ Yoast SEO plugin. -->","yoast_head_json":{"title":"Alerta mundial: Buenos Aires y otras megaciudades cerca de desaparecer - Noticias Radio Reflejos","robots":{"index":"index","follow":"follow","max-snippet":"max-snippet:-1","max-image-preview":"max-image-preview:large","max-video-preview":"max-video-preview:-1"},"canonical":"https:\/\/www.noticiasradioreflejos.com.ar\/2021\/alerta-mundial-buenos-aires-y-otras-megaciudades-cerca-de-desaparecer\/","og_locale":"es_ES","og_type":"article","og_title":"Alerta mundial: Buenos Aires y otras megaciudades cerca de desaparecer - Noticias Radio Reflejos","og_description":"Naciones Unidas advierte que el aumento del nivel del mar impondr\u00e1 un \u00e9xodo \u00abde proporciones b\u00edblicas\u00bb. Seg\u00fan el secretario general, \u00abcomunidades bajas y pa\u00edses enteros podr\u00edan desaparecer para siempre\u00bb.","og_url":"https:\/\/www.noticiasradioreflejos.com.ar\/2021\/alerta-mundial-buenos-aires-y-otras-megaciudades-cerca-de-desaparecer\/","og_site_name":"Noticias Radio Reflejos","article_published_time":"2023-02-17T14:41:50+00:00","og_image":[{"width":848,"height":477,"url":"https:\/\/www.noticiasradioreflejos.com.ar\/2021\/wp-content\/uploads\/2023\/02\/Cambio-Climatico.jpg","type":"image\/jpeg"}],"author":"Arnaldo Botto","twitter_card":"summary_large_image","schema":{"@context":"https:\/\/schema.org","@graph":[{"@type":"WebPage","@id":"https:\/\/www.noticiasradioreflejos.com.ar\/2021\/alerta-mundial-buenos-aires-y-otras-megaciudades-cerca-de-desaparecer\/","url":"https:\/\/www.noticiasradioreflejos.com.ar\/2021\/alerta-mundial-buenos-aires-y-otras-megaciudades-cerca-de-desaparecer\/","name":"Alerta mundial: Buenos Aires y otras megaciudades cerca de desaparecer - Noticias Radio Reflejos","isPartOf":{"@id":"https:\/\/www.noticiasradioreflejos.com.ar\/2021\/#website"},"primaryImageOfPage":{"@id":"https:\/\/www.noticiasradioreflejos.com.ar\/2021\/alerta-mundial-buenos-aires-y-otras-megaciudades-cerca-de-desaparecer\/#primaryimage"},"image":{"@id":"https:\/\/www.noticiasradioreflejos.com.ar\/2021\/alerta-mundial-buenos-aires-y-otras-megaciudades-cerca-de-desaparecer\/#primaryimage"},"thumbnailUrl":"https:\/\/www.noticiasradioreflejos.com.ar\/2021\/wp-content\/uploads\/2023\/02\/Cambio-Climatico.jpg","datePublished":"2023-02-17T14:41:50+00:00","author":{"@id":"https:\/\/www.noticiasradioreflejos.com.ar\/2021\/#\/schema\/person\/ad82545263dcc5ec0996818884fd5fb1"},"breadcrumb":{"@id":"https:\/\/www.noticiasradioreflejos.com.ar\/2021\/alerta-mundial-buenos-aires-y-otras-megaciudades-cerca-de-desaparecer\/#breadcrumb"},"inLanguage":"es","potentialAction":[{"@type":"ReadAction","target":["https:\/\/www.noticiasradioreflejos.com.ar\/2021\/alerta-mundial-buenos-aires-y-otras-megaciudades-cerca-de-desaparecer\/"]}]},{"@type":"ImageObject","inLanguage":"es","@id":"https:\/\/www.noticiasradioreflejos.com.ar\/2021\/alerta-mundial-buenos-aires-y-otras-megaciudades-cerca-de-desaparecer\/#primaryimage","url":"https:\/\/www.noticiasradioreflejos.com.ar\/2021\/wp-content\/uploads\/2023\/02\/Cambio-Climatico.jpg","contentUrl":"https:\/\/www.noticiasradioreflejos.com.ar\/2021\/wp-content\/uploads\/2023\/02\/Cambio-Climatico.jpg","width":848,"height":477},{"@type":"BreadcrumbList","@id":"https:\/\/www.noticiasradioreflejos.com.ar\/2021\/alerta-mundial-buenos-aires-y-otras-megaciudades-cerca-de-desaparecer\/#breadcrumb","itemListElement":[{"@type":"ListItem","position":1,"name":"Portada","item":"https:\/\/www.noticiasradioreflejos.com.ar\/2021\/"},{"@type":"ListItem","position":2,"name":"Alerta mundial: Buenos Aires y otras megaciudades cerca de desaparecer"}]},{"@type":"WebSite","@id":"https:\/\/www.noticiasradioreflejos.com.ar\/2021\/#website","url":"https:\/\/www.noticiasradioreflejos.com.ar\/2021\/","name":"Noticias Radio Reflejos","description":"Las noticias de mi comarca","potentialAction":[{"@type":"SearchAction","target":{"@type":"EntryPoint","urlTemplate":"https:\/\/www.noticiasradioreflejos.com.ar\/2021\/?s={search_term_string}"},"query-input":{"@type":"PropertyValueSpecification","valueRequired":true,"valueName":"search_term_string"}}],"inLanguage":"es"},{"@type":"Person","@id":"https:\/\/www.noticiasradioreflejos.com.ar\/2021\/#\/schema\/person\/ad82545263dcc5ec0996818884fd5fb1","name":"Arnaldo Botto","image":{"@type":"ImageObject","inLanguage":"es","@id":"https:\/\/www.noticiasradioreflejos.com.ar\/2021\/#\/schema\/person\/image\/","url":"https:\/\/secure.gravatar.com\/avatar\/55cb5e37c1efa326397366e6974cb338056df65cb50e7d64d1cf314e87504837?s=96&d=mm&r=g","contentUrl":"https:\/\/secure.gravatar.com\/avatar\/55cb5e37c1efa326397366e6974cb338056df65cb50e7d64d1cf314e87504837?s=96&d=mm&r=g","caption":"Arnaldo Botto"},"url":"https:\/\/www.noticiasradioreflejos.com.ar\/2021\/author\/arnaldo\/"}]}},"_links":{"self":[{"href":"https:\/\/www.noticiasradioreflejos.com.ar\/2021\/wp-json\/wp\/v2\/posts\/84303","targetHints":{"allow":["GET"]}}],"collection":[{"href":"https:\/\/www.noticiasradioreflejos.com.ar\/2021\/wp-json\/wp\/v2\/posts"}],"about":[{"href":"https:\/\/www.noticiasradioreflejos.com.ar\/2021\/wp-json\/wp\/v2\/types\/post"}],"author":[{"embeddable":true,"href":"https:\/\/www.noticiasradioreflejos.com.ar\/2021\/wp-json\/wp\/v2\/users\/3"}],"replies":[{"embeddable":true,"href":"https:\/\/www.noticiasradioreflejos.com.ar\/2021\/wp-json\/wp\/v2\/comments?post=84303"}],"version-history":[{"count":1,"href":"https:\/\/www.noticiasradioreflejos.com.ar\/2021\/wp-json\/wp\/v2\/posts\/84303\/revisions"}],"predecessor-version":[{"id":84305,"href":"https:\/\/www.noticiasradioreflejos.com.ar\/2021\/wp-json\/wp\/v2\/posts\/84303\/revisions\/84305"}],"wp:featuredmedia":[{"embeddable":true,"href":"https:\/\/www.noticiasradioreflejos.com.ar\/2021\/wp-json\/wp\/v2\/media\/84304"}],"wp:attachment":[{"href":"https:\/\/www.noticiasradioreflejos.com.ar\/2021\/wp-json\/wp\/v2\/media?parent=84303"}],"wp:term":[{"taxonomy":"category","embeddable":true,"href":"https:\/\/www.noticiasradioreflejos.com.ar\/2021\/wp-json\/wp\/v2\/categories?post=84303"},{"taxonomy":"post_tag","embeddable":true,"href":"https:\/\/www.noticiasradioreflejos.com.ar\/2021\/wp-json\/wp\/v2\/tags?post=84303"}],"curies":[{"name":"wp","href":"https:\/\/api.w.org\/{rel}","templated":true}]}}