{"id":843,"date":"2016-09-12T19:33:38","date_gmt":"2016-09-12T19:33:38","guid":{"rendered":"http:\/\/noticiasradioreflejos.com.ar\/noticias\/?p=843"},"modified":"2016-09-12T19:33:38","modified_gmt":"2016-09-12T19:33:38","slug":"843","status":"publish","type":"post","link":"https:\/\/www.noticiasradioreflejos.com.ar\/2021\/843\/","title":{"rendered":"Convocatoria para cobertura cargos de Capacitadores Regionales"},"content":{"rendered":"<p>Secretar\u00eda de Asuntos Docentes a solicitud de la direcci\u00f3n del CIIE del Distrito Tornquist, en el marco de la Resoluci\u00f3n 1550\/11 y \u00a0Disposici\u00f3n 26\/16 convoca a inscripci\u00f3n para desempe\u00f1arse como Capacitador, miembro del Equipo T\u00e9cnico Regional (ETR) desde el <strong>1\/11\/2016<\/strong> hasta el <strong>30\/11\/2017<\/strong> en las siguientes especialidades:<!--more--><br \/>\n&nbsp;<\/p>\n<table>\n<tbody>\n<tr>\n<td width=\"165\"><strong>AREA<\/strong><\/td>\n<td width=\"95\"><strong>NIVEL\/<\/strong><br \/>\n<strong>MODALIDAD<\/strong><\/td>\n<td width=\"104\"><strong>MODULOS<\/strong><br \/>\n<strong>provisionales<\/strong><\/td>\n<td width=\"321\"><strong>Materia af\u00edn que se considerar\u00e1 para la adjudicaci\u00f3n del puntaje seg\u00fan el Art\u00edculo 60 de la Ley 10579.<\/strong><\/td>\n<\/tr>\n<tr>\n<td width=\"165\">Generalista<\/td>\n<td width=\"95\">Inicial<\/td>\n<td width=\"104\">8 (ocho)<\/td>\n<td width=\"321\">Did\u00e1ctica y curriculum de nivel inicial 2\u00b0. Prof. De Ed. Inicial<\/td>\n<\/tr>\n<tr>\n<td width=\"165\">Generalista<\/td>\n<td width=\"95\">Primaria<\/td>\n<td width=\"104\">8 (ocho)<\/td>\n<td width=\"321\">Did\u00e1ctica y curriculum de nivel primario 2\u00b0. Prof. De Ed. Primaria<\/td>\n<\/tr>\n<tr>\n<td width=\"165\">Generalista<\/td>\n<td width=\"95\">Secundaria<\/td>\n<td width=\"104\">8 (ocho)<\/td>\n<td width=\"321\">Perspectiva pedag\u00f3gico Did\u00e1ctica I. Profesorados de Educaci\u00f3n Polimodal<\/td>\n<\/tr>\n<tr>\n<td width=\"165\">Pr\u00e1cticas del lenguaje<\/td>\n<td width=\"95\">Inicial<\/td>\n<td width=\"104\">8 (ocho)<\/td>\n<td width=\"321\">Ateneo de pr\u00e1cticas del lenguaje y la literatura 4\u00b0. Prof. Ed. Inicial<\/td>\n<\/tr>\n<tr>\n<td width=\"165\">Pr\u00e1cticas del lenguaje<\/td>\n<td width=\"95\">Primaria<\/td>\n<td width=\"104\">8 (ocho)<\/td>\n<td width=\"321\">Ateneo de pr\u00e1cticas del lenguaje y la literatura 4\u00b0. Prof. Ed. Primaria<\/td>\n<\/tr>\n<tr>\n<td width=\"165\">Pr\u00e1cticas del lenguaje<\/td>\n<td width=\"95\">Primaria<\/td>\n<td width=\"104\">8 (ocho)<\/td>\n<td width=\"321\">Ateneo de pr\u00e1cticas del lenguaje y la literatura 4\u00b0. Prof. Ed. Primaria<\/td>\n<\/tr>\n<tr>\n<td width=\"165\">Matem\u00e1tica<\/td>\n<td width=\"95\">Inicial<\/td>\n<td width=\"104\">8 (ocho)<\/td>\n<td width=\"321\">Ateneo de matem\u00e1tica 4\u00b0. Prof. Ed. Inicial<\/td>\n<\/tr>\n<tr>\n<td width=\"165\">Matem\u00e1tica<\/td>\n<td width=\"95\">Primaria<\/td>\n<td width=\"104\">8 (ocho)<\/td>\n<td width=\"321\">Ateneo de matem\u00e1tica 4\u00b0. Prof. Ed. Primaria<\/td>\n<\/tr>\n<tr>\n<td width=\"165\">Ambiente natural y social<\/td>\n<td width=\"95\">Inicial<\/td>\n<td width=\"104\">8 (ocho)<\/td>\n<td width=\"321\">Ateneo de naturaleza y sociedad 4\u00b0. Prof. De Ed. Inicial.<\/td>\n<\/tr>\n<tr>\n<td width=\"165\">Tecnolog\u00eda de la Informaci\u00f3n y la comunicaci\u00f3n<\/td>\n<td width=\"95\">Todos<\/td>\n<td width=\"104\">8 (ocho)<\/td>\n<td width=\"321\">Medios audiovisuales, TICs y educaci\u00f3n. 3\u00b0. Profesorado de Ed. Primaria<\/td>\n<\/tr>\n<tr>\n<td width=\"165\">Tecnolog\u00eda de la Informaci\u00f3n y la comunicaci\u00f3n<\/td>\n<td width=\"95\">Todos<\/td>\n<td width=\"104\">8 (ocho)<\/td>\n<td width=\"321\">Medios audiovisuales, TICs y educaci\u00f3n. 3\u00b0. Profesorado de Ed. Primaria<\/td>\n<\/tr>\n<\/tbody>\n<\/table>\n<p><u>\u00a0<\/u><br \/>\n<u>Difusi\u00f3n<\/u>: <strong>desde 19 al 30 de septiembre de 2016<\/strong><br \/>\n<u>Fecha de inscripci\u00f3n<\/u>: <strong>desde el 3 al 7 de octubre de 2016<\/strong><br \/>\n<u>Fecha presentaci\u00f3n de recusaciones:<\/u><strong> desde el 11 al 13 octubre de 2016<\/strong><br \/>\n<u>Fecha de evaluaci\u00f3n de proyectos<strong>:<\/strong><\/u><strong> desde 17 al 19 de octubre de 2016<\/strong><br \/>\n<u>Notificaci\u00f3n de resultados de evaluaci\u00f3n (Puntaje proyectos, entrevistas): fecha y lugar:<\/u><strong> 20 y 21 de octubre de 2016. En CIIE de\u00a0 Coronel Su\u00e1rez (Brown 1883)<\/strong><br \/>\n<u>Fecha entrevista<\/u>: <strong>desde el 24 al 26 de octubre de 2016.<\/strong><br \/>\n<u>D\u00edas y horarios de inscripci\u00f3n: \u00a0<\/u>Lunes a viernes de 9 a 17 hs.<br \/>\n<u>Lugar:<\/u> CIIE Tornquist, 25 de Mayo 626, Tornquist.<br \/>\nNormativa y bibliograf\u00eda a disposici\u00f3n \u00a0en sede de CIIE. Te. 4940540.<br \/>\nLa entrega de la Declaraci\u00f3n Jurada, Curr\u00edculum y constancia de antecedentes y proyecto se realizar\u00e1\u00a0 en CIIE en el momento de la inscripci\u00f3n.<br \/>\nLa entrevista se realizar\u00e1 en la Ciudad de Coronel Su\u00e1rez.<br \/>\nNotificar la totalidad del personal. Elevar acta. Plazo: 28 de septiembre.<br \/>\n&nbsp;<\/p>\n","protected":false},"excerpt":{"rendered":"<p>Secretar\u00eda de Asuntos Docentes a solicitud de la direcci\u00f3n del CIIE del Distrito Tornquist, en el marco de la Resoluci\u00f3n 1550\/11 y \u00a0Disposici\u00f3n 26\/16 convoca a inscripci\u00f3n para desempe\u00f1arse como Capacitador, miembro del Equipo T\u00e9cnico Regional (ETR) desde el 1\/11\/2016 hasta el 30\/11\/2017 en las siguientes especialidades:<\/p>\n","protected":false},"author":3,"featured_media":0,"comment_status":"closed","ping_status":"open","sticky":false,"template":"","format":"standard","meta":{"footnotes":""},"categories":[34],"tags":[],"class_list":["post-843","post","type-post","status-publish","format-standard","hentry","category-educacion"],"yoast_head":"<!-- This site is optimized with the Yoast SEO plugin v25.9 - https:\/\/yoast.com\/wordpress\/plugins\/seo\/ -->\n<title>Convocatoria para cobertura cargos de Capacitadores Regionales - Noticias Radio Reflejos<\/title>\n<meta name=\"robots\" content=\"index, follow, max-snippet:-1, max-image-preview:large, max-video-preview:-1\" \/>\n<link rel=\"canonical\" href=\"https:\/\/www.noticiasradioreflejos.com.ar\/2021\/843\/\" \/>\n<meta property=\"og:locale\" content=\"es_ES\" \/>\n<meta property=\"og:type\" content=\"article\" \/>\n<meta property=\"og:title\" content=\"Convocatoria para cobertura cargos de Capacitadores Regionales - Noticias Radio Reflejos\" \/>\n<meta property=\"og:description\" content=\"Secretar\u00eda de Asuntos Docentes a solicitud de la direcci\u00f3n del CIIE del Distrito Tornquist, en el marco de la Resoluci\u00f3n 1550\/11 y \u00a0Disposici\u00f3n 26\/16 convoca a inscripci\u00f3n para desempe\u00f1arse como Capacitador, miembro del Equipo T\u00e9cnico Regional (ETR) desde el 1\/11\/2016 hasta el 30\/11\/2017 en las siguientes especialidades:\" \/>\n<meta property=\"og:url\" content=\"https:\/\/www.noticiasradioreflejos.com.ar\/2021\/843\/\" \/>\n<meta property=\"og:site_name\" content=\"Noticias Radio Reflejos\" \/>\n<meta property=\"article:published_time\" content=\"2016-09-12T19:33:38+00:00\" \/>\n<meta property=\"og:image\" content=\"https:\/\/www.noticiasradioreflejos.com.ar\/2021\/wp-content\/uploads\/2021\/07\/logosol300x200.png\" \/>\n\t<meta property=\"og:image:width\" content=\"300\" \/>\n\t<meta property=\"og:image:height\" content=\"200\" \/>\n\t<meta property=\"og:image:type\" content=\"image\/png\" \/>\n<meta name=\"author\" content=\"Arnaldo Botto\" \/>\n<meta name=\"twitter:card\" content=\"summary_large_image\" \/>\n<script type=\"application\/ld+json\" class=\"yoast-schema-graph\">{\"@context\":\"https:\/\/schema.org\",\"@graph\":[{\"@type\":\"WebPage\",\"@id\":\"https:\/\/www.noticiasradioreflejos.com.ar\/2021\/843\/\",\"url\":\"https:\/\/www.noticiasradioreflejos.com.ar\/2021\/843\/\",\"name\":\"Convocatoria para cobertura cargos de Capacitadores Regionales - Noticias Radio Reflejos\",\"isPartOf\":{\"@id\":\"https:\/\/www.noticiasradioreflejos.com.ar\/2021\/#website\"},\"datePublished\":\"2016-09-12T19:33:38+00:00\",\"author\":{\"@id\":\"https:\/\/www.noticiasradioreflejos.com.ar\/2021\/#\/schema\/person\/ad82545263dcc5ec0996818884fd5fb1\"},\"breadcrumb\":{\"@id\":\"https:\/\/www.noticiasradioreflejos.com.ar\/2021\/843\/#breadcrumb\"},\"inLanguage\":\"es\",\"potentialAction\":[{\"@type\":\"ReadAction\",\"target\":[\"https:\/\/www.noticiasradioreflejos.com.ar\/2021\/843\/\"]}]},{\"@type\":\"BreadcrumbList\",\"@id\":\"https:\/\/www.noticiasradioreflejos.com.ar\/2021\/843\/#breadcrumb\",\"itemListElement\":[{\"@type\":\"ListItem\",\"position\":1,\"name\":\"Portada\",\"item\":\"https:\/\/www.noticiasradioreflejos.com.ar\/2021\/\"},{\"@type\":\"ListItem\",\"position\":2,\"name\":\"Convocatoria para cobertura cargos de Capacitadores Regionales\"}]},{\"@type\":\"WebSite\",\"@id\":\"https:\/\/www.noticiasradioreflejos.com.ar\/2021\/#website\",\"url\":\"https:\/\/www.noticiasradioreflejos.com.ar\/2021\/\",\"name\":\"Noticias Radio Reflejos\",\"description\":\"Las noticias de mi comarca\",\"potentialAction\":[{\"@type\":\"SearchAction\",\"target\":{\"@type\":\"EntryPoint\",\"urlTemplate\":\"https:\/\/www.noticiasradioreflejos.com.ar\/2021\/?s={search_term_string}\"},\"query-input\":{\"@type\":\"PropertyValueSpecification\",\"valueRequired\":true,\"valueName\":\"search_term_string\"}}],\"inLanguage\":\"es\"},{\"@type\":\"Person\",\"@id\":\"https:\/\/www.noticiasradioreflejos.com.ar\/2021\/#\/schema\/person\/ad82545263dcc5ec0996818884fd5fb1\",\"name\":\"Arnaldo Botto\",\"image\":{\"@type\":\"ImageObject\",\"inLanguage\":\"es\",\"@id\":\"https:\/\/www.noticiasradioreflejos.com.ar\/2021\/#\/schema\/person\/image\/\",\"url\":\"https:\/\/secure.gravatar.com\/avatar\/55cb5e37c1efa326397366e6974cb338056df65cb50e7d64d1cf314e87504837?s=96&d=mm&r=g\",\"contentUrl\":\"https:\/\/secure.gravatar.com\/avatar\/55cb5e37c1efa326397366e6974cb338056df65cb50e7d64d1cf314e87504837?s=96&d=mm&r=g\",\"caption\":\"Arnaldo Botto\"},\"url\":\"https:\/\/www.noticiasradioreflejos.com.ar\/2021\/author\/arnaldo\/\"}]}<\/script>\n<!-- \/ Yoast SEO plugin. -->","yoast_head_json":{"title":"Convocatoria para cobertura cargos de Capacitadores Regionales - Noticias Radio Reflejos","robots":{"index":"index","follow":"follow","max-snippet":"max-snippet:-1","max-image-preview":"max-image-preview:large","max-video-preview":"max-video-preview:-1"},"canonical":"https:\/\/www.noticiasradioreflejos.com.ar\/2021\/843\/","og_locale":"es_ES","og_type":"article","og_title":"Convocatoria para cobertura cargos de Capacitadores Regionales - Noticias Radio Reflejos","og_description":"Secretar\u00eda de Asuntos Docentes a solicitud de la direcci\u00f3n del CIIE del Distrito Tornquist, en el marco de la Resoluci\u00f3n 1550\/11 y \u00a0Disposici\u00f3n 26\/16 convoca a inscripci\u00f3n para desempe\u00f1arse como Capacitador, miembro del Equipo T\u00e9cnico Regional (ETR) desde el 1\/11\/2016 hasta el 30\/11\/2017 en las siguientes especialidades:","og_url":"https:\/\/www.noticiasradioreflejos.com.ar\/2021\/843\/","og_site_name":"Noticias Radio Reflejos","article_published_time":"2016-09-12T19:33:38+00:00","og_image":[{"width":300,"height":200,"url":"https:\/\/www.noticiasradioreflejos.com.ar\/2021\/wp-content\/uploads\/2021\/07\/logosol300x200.png","type":"image\/png"}],"author":"Arnaldo Botto","twitter_card":"summary_large_image","schema":{"@context":"https:\/\/schema.org","@graph":[{"@type":"WebPage","@id":"https:\/\/www.noticiasradioreflejos.com.ar\/2021\/843\/","url":"https:\/\/www.noticiasradioreflejos.com.ar\/2021\/843\/","name":"Convocatoria para cobertura cargos de Capacitadores Regionales - Noticias Radio Reflejos","isPartOf":{"@id":"https:\/\/www.noticiasradioreflejos.com.ar\/2021\/#website"},"datePublished":"2016-09-12T19:33:38+00:00","author":{"@id":"https:\/\/www.noticiasradioreflejos.com.ar\/2021\/#\/schema\/person\/ad82545263dcc5ec0996818884fd5fb1"},"breadcrumb":{"@id":"https:\/\/www.noticiasradioreflejos.com.ar\/2021\/843\/#breadcrumb"},"inLanguage":"es","potentialAction":[{"@type":"ReadAction","target":["https:\/\/www.noticiasradioreflejos.com.ar\/2021\/843\/"]}]},{"@type":"BreadcrumbList","@id":"https:\/\/www.noticiasradioreflejos.com.ar\/2021\/843\/#breadcrumb","itemListElement":[{"@type":"ListItem","position":1,"name":"Portada","item":"https:\/\/www.noticiasradioreflejos.com.ar\/2021\/"},{"@type":"ListItem","position":2,"name":"Convocatoria para cobertura cargos de Capacitadores Regionales"}]},{"@type":"WebSite","@id":"https:\/\/www.noticiasradioreflejos.com.ar\/2021\/#website","url":"https:\/\/www.noticiasradioreflejos.com.ar\/2021\/","name":"Noticias Radio Reflejos","description":"Las noticias de mi comarca","potentialAction":[{"@type":"SearchAction","target":{"@type":"EntryPoint","urlTemplate":"https:\/\/www.noticiasradioreflejos.com.ar\/2021\/?s={search_term_string}"},"query-input":{"@type":"PropertyValueSpecification","valueRequired":true,"valueName":"search_term_string"}}],"inLanguage":"es"},{"@type":"Person","@id":"https:\/\/www.noticiasradioreflejos.com.ar\/2021\/#\/schema\/person\/ad82545263dcc5ec0996818884fd5fb1","name":"Arnaldo Botto","image":{"@type":"ImageObject","inLanguage":"es","@id":"https:\/\/www.noticiasradioreflejos.com.ar\/2021\/#\/schema\/person\/image\/","url":"https:\/\/secure.gravatar.com\/avatar\/55cb5e37c1efa326397366e6974cb338056df65cb50e7d64d1cf314e87504837?s=96&d=mm&r=g","contentUrl":"https:\/\/secure.gravatar.com\/avatar\/55cb5e37c1efa326397366e6974cb338056df65cb50e7d64d1cf314e87504837?s=96&d=mm&r=g","caption":"Arnaldo Botto"},"url":"https:\/\/www.noticiasradioreflejos.com.ar\/2021\/author\/arnaldo\/"}]}},"_links":{"self":[{"href":"https:\/\/www.noticiasradioreflejos.com.ar\/2021\/wp-json\/wp\/v2\/posts\/843","targetHints":{"allow":["GET"]}}],"collection":[{"href":"https:\/\/www.noticiasradioreflejos.com.ar\/2021\/wp-json\/wp\/v2\/posts"}],"about":[{"href":"https:\/\/www.noticiasradioreflejos.com.ar\/2021\/wp-json\/wp\/v2\/types\/post"}],"author":[{"embeddable":true,"href":"https:\/\/www.noticiasradioreflejos.com.ar\/2021\/wp-json\/wp\/v2\/users\/3"}],"replies":[{"embeddable":true,"href":"https:\/\/www.noticiasradioreflejos.com.ar\/2021\/wp-json\/wp\/v2\/comments?post=843"}],"version-history":[{"count":0,"href":"https:\/\/www.noticiasradioreflejos.com.ar\/2021\/wp-json\/wp\/v2\/posts\/843\/revisions"}],"wp:attachment":[{"href":"https:\/\/www.noticiasradioreflejos.com.ar\/2021\/wp-json\/wp\/v2\/media?parent=843"}],"wp:term":[{"taxonomy":"category","embeddable":true,"href":"https:\/\/www.noticiasradioreflejos.com.ar\/2021\/wp-json\/wp\/v2\/categories?post=843"},{"taxonomy":"post_tag","embeddable":true,"href":"https:\/\/www.noticiasradioreflejos.com.ar\/2021\/wp-json\/wp\/v2\/tags?post=843"}],"curies":[{"name":"wp","href":"https:\/\/api.w.org\/{rel}","templated":true}]}}