{"id":84297,"date":"2023-02-17T12:51:45","date_gmt":"2023-02-17T12:51:45","guid":{"rendered":"https:\/\/www.noticiasradioreflejos.com.ar\/2021\/?p=84297"},"modified":"2023-02-17T12:52:52","modified_gmt":"2023-02-17T12:52:52","slug":"84297-2","status":"publish","type":"post","link":"https:\/\/www.noticiasradioreflejos.com.ar\/2021\/84297-2\/","title":{"rendered":"El Subcomit\u00e9 de Saldungaray festejo sus 65 a\u00f1os."},"content":{"rendered":"<p>La Uni\u00f3n C\u00edvica Radical de Tornquist celebr\u00f3 el 65\u00b0 Aniversario del Subcomit\u00e9 de Saldungaray. Participaron del encuentro correligionarios de todo el Distrito coincidiendo en la unidad del partido para enfrentar las pr\u00f3ximas elecciones. <!--more--><\/p>\n<div dir=\"auto\">Federico Labarthe, Manuel Picado y Sandra Kifer, precandidatos a la intendencia dialogaron con los presentes.<\/div>\n<p><a title=\"65 a\u00f1os del sub comite de Saldungaray (2)\" href=\"https:\/\/www.flickr.com\/photos\/182279889@N02\/52694568885\/in\/dateposted-public\/\" data-flickr-embed=\"true\"><img loading=\"lazy\" decoding=\"async\" src=\"https:\/\/live.staticflickr.com\/65535\/52694568885_9bee0f82b1_c.jpg\" alt=\"65 a\u00f1os del sub comite de Saldungaray (2)\" width=\"800\" height=\"369\" \/><\/a><\/p>\n<p>&nbsp;<\/p>\n<p><a title=\"65 a\u00f1os del sub comite de Saldungaray (1)\" href=\"https:\/\/www.flickr.com\/photos\/182279889@N02\/52693641152\/in\/dateposted-public\/\" data-flickr-embed=\"true\"><img loading=\"lazy\" decoding=\"async\" class=\"aligncenter\" src=\"https:\/\/live.staticflickr.com\/65535\/52693641152_a187b349da_c.jpg\" alt=\"65 a\u00f1os del sub comite de Saldungaray (1)\" width=\"369\" height=\"800\" \/><\/a><script async src=\"\/\/embedr.flickr.com\/assets\/client-code.js\" charset=\"utf-8\"><\/script><\/p>\n","protected":false},"excerpt":{"rendered":"<p>La Uni\u00f3n C\u00edvica Radical de Tornquist celebr\u00f3 el 65\u00b0 Aniversario del Subcomit\u00e9 de Saldungaray. Participaron del encuentro correligionarios de todo el Distrito coincidiendo en la unidad del partido para enfrentar las pr\u00f3ximas elecciones.<\/p>\n","protected":false},"author":3,"featured_media":0,"comment_status":"closed","ping_status":"closed","sticky":false,"template":"","format":"standard","meta":{"footnotes":""},"categories":[24],"tags":[],"class_list":["post-84297","post","type-post","status-publish","format-standard","hentry","category-politica"],"yoast_head":"<!-- This site is optimized with the Yoast SEO plugin v25.9 - https:\/\/yoast.com\/wordpress\/plugins\/seo\/ -->\n<title>El Subcomit\u00e9 de Saldungaray festejo sus 65 a\u00f1os. - Noticias Radio Reflejos<\/title>\n<meta name=\"robots\" content=\"index, follow, max-snippet:-1, max-image-preview:large, max-video-preview:-1\" \/>\n<link rel=\"canonical\" href=\"https:\/\/www.noticiasradioreflejos.com.ar\/2021\/84297-2\/\" \/>\n<meta property=\"og:locale\" content=\"es_ES\" \/>\n<meta property=\"og:type\" content=\"article\" \/>\n<meta property=\"og:title\" content=\"El Subcomit\u00e9 de Saldungaray festejo sus 65 a\u00f1os. - Noticias Radio Reflejos\" \/>\n<meta property=\"og:description\" content=\"La Uni\u00f3n C\u00edvica Radical de Tornquist celebr\u00f3 el 65\u00b0 Aniversario del Subcomit\u00e9 de Saldungaray. Participaron del encuentro correligionarios de todo el Distrito coincidiendo en la unidad del partido para enfrentar las pr\u00f3ximas elecciones.\" \/>\n<meta property=\"og:url\" content=\"https:\/\/www.noticiasradioreflejos.com.ar\/2021\/84297-2\/\" \/>\n<meta property=\"og:site_name\" content=\"Noticias Radio Reflejos\" \/>\n<meta property=\"article:published_time\" content=\"2023-02-17T12:51:45+00:00\" \/>\n<meta property=\"article:modified_time\" content=\"2023-02-17T12:52:52+00:00\" \/>\n<meta property=\"og:image\" content=\"https:\/\/live.staticflickr.com\/65535\/52694568885_9bee0f82b1_c.jpg\" \/>\n<meta name=\"author\" content=\"Arnaldo Botto\" \/>\n<meta name=\"twitter:card\" content=\"summary_large_image\" \/>\n<script type=\"application\/ld+json\" class=\"yoast-schema-graph\">{\"@context\":\"https:\/\/schema.org\",\"@graph\":[{\"@type\":\"WebPage\",\"@id\":\"https:\/\/www.noticiasradioreflejos.com.ar\/2021\/84297-2\/\",\"url\":\"https:\/\/www.noticiasradioreflejos.com.ar\/2021\/84297-2\/\",\"name\":\"El Subcomit\u00e9 de Saldungaray festejo sus 65 a\u00f1os. - Noticias Radio Reflejos\",\"isPartOf\":{\"@id\":\"https:\/\/www.noticiasradioreflejos.com.ar\/2021\/#website\"},\"primaryImageOfPage\":{\"@id\":\"https:\/\/www.noticiasradioreflejos.com.ar\/2021\/84297-2\/#primaryimage\"},\"image\":{\"@id\":\"https:\/\/www.noticiasradioreflejos.com.ar\/2021\/84297-2\/#primaryimage\"},\"thumbnailUrl\":\"https:\/\/live.staticflickr.com\/65535\/52694568885_9bee0f82b1_c.jpg\",\"datePublished\":\"2023-02-17T12:51:45+00:00\",\"dateModified\":\"2023-02-17T12:52:52+00:00\",\"author\":{\"@id\":\"https:\/\/www.noticiasradioreflejos.com.ar\/2021\/#\/schema\/person\/ad82545263dcc5ec0996818884fd5fb1\"},\"breadcrumb\":{\"@id\":\"https:\/\/www.noticiasradioreflejos.com.ar\/2021\/84297-2\/#breadcrumb\"},\"inLanguage\":\"es\",\"potentialAction\":[{\"@type\":\"ReadAction\",\"target\":[\"https:\/\/www.noticiasradioreflejos.com.ar\/2021\/84297-2\/\"]}]},{\"@type\":\"ImageObject\",\"inLanguage\":\"es\",\"@id\":\"https:\/\/www.noticiasradioreflejos.com.ar\/2021\/84297-2\/#primaryimage\",\"url\":\"https:\/\/live.staticflickr.com\/65535\/52694568885_9bee0f82b1_c.jpg\",\"contentUrl\":\"https:\/\/live.staticflickr.com\/65535\/52694568885_9bee0f82b1_c.jpg\"},{\"@type\":\"BreadcrumbList\",\"@id\":\"https:\/\/www.noticiasradioreflejos.com.ar\/2021\/84297-2\/#breadcrumb\",\"itemListElement\":[{\"@type\":\"ListItem\",\"position\":1,\"name\":\"Portada\",\"item\":\"https:\/\/www.noticiasradioreflejos.com.ar\/2021\/\"},{\"@type\":\"ListItem\",\"position\":2,\"name\":\"El Subcomit\u00e9 de Saldungaray festejo sus 65 a\u00f1os.\"}]},{\"@type\":\"WebSite\",\"@id\":\"https:\/\/www.noticiasradioreflejos.com.ar\/2021\/#website\",\"url\":\"https:\/\/www.noticiasradioreflejos.com.ar\/2021\/\",\"name\":\"Noticias Radio Reflejos\",\"description\":\"Las noticias de mi comarca\",\"potentialAction\":[{\"@type\":\"SearchAction\",\"target\":{\"@type\":\"EntryPoint\",\"urlTemplate\":\"https:\/\/www.noticiasradioreflejos.com.ar\/2021\/?s={search_term_string}\"},\"query-input\":{\"@type\":\"PropertyValueSpecification\",\"valueRequired\":true,\"valueName\":\"search_term_string\"}}],\"inLanguage\":\"es\"},{\"@type\":\"Person\",\"@id\":\"https:\/\/www.noticiasradioreflejos.com.ar\/2021\/#\/schema\/person\/ad82545263dcc5ec0996818884fd5fb1\",\"name\":\"Arnaldo Botto\",\"image\":{\"@type\":\"ImageObject\",\"inLanguage\":\"es\",\"@id\":\"https:\/\/www.noticiasradioreflejos.com.ar\/2021\/#\/schema\/person\/image\/\",\"url\":\"https:\/\/secure.gravatar.com\/avatar\/55cb5e37c1efa326397366e6974cb338056df65cb50e7d64d1cf314e87504837?s=96&d=mm&r=g\",\"contentUrl\":\"https:\/\/secure.gravatar.com\/avatar\/55cb5e37c1efa326397366e6974cb338056df65cb50e7d64d1cf314e87504837?s=96&d=mm&r=g\",\"caption\":\"Arnaldo Botto\"},\"url\":\"https:\/\/www.noticiasradioreflejos.com.ar\/2021\/author\/arnaldo\/\"}]}<\/script>\n<!-- \/ Yoast SEO plugin. -->","yoast_head_json":{"title":"El Subcomit\u00e9 de Saldungaray festejo sus 65 a\u00f1os. - Noticias Radio Reflejos","robots":{"index":"index","follow":"follow","max-snippet":"max-snippet:-1","max-image-preview":"max-image-preview:large","max-video-preview":"max-video-preview:-1"},"canonical":"https:\/\/www.noticiasradioreflejos.com.ar\/2021\/84297-2\/","og_locale":"es_ES","og_type":"article","og_title":"El Subcomit\u00e9 de Saldungaray festejo sus 65 a\u00f1os. - Noticias Radio Reflejos","og_description":"La Uni\u00f3n C\u00edvica Radical de Tornquist celebr\u00f3 el 65\u00b0 Aniversario del Subcomit\u00e9 de Saldungaray. Participaron del encuentro correligionarios de todo el Distrito coincidiendo en la unidad del partido para enfrentar las pr\u00f3ximas elecciones.","og_url":"https:\/\/www.noticiasradioreflejos.com.ar\/2021\/84297-2\/","og_site_name":"Noticias Radio Reflejos","article_published_time":"2023-02-17T12:51:45+00:00","article_modified_time":"2023-02-17T12:52:52+00:00","og_image":[{"url":"https:\/\/live.staticflickr.com\/65535\/52694568885_9bee0f82b1_c.jpg","type":"","width":"","height":""}],"author":"Arnaldo Botto","twitter_card":"summary_large_image","schema":{"@context":"https:\/\/schema.org","@graph":[{"@type":"WebPage","@id":"https:\/\/www.noticiasradioreflejos.com.ar\/2021\/84297-2\/","url":"https:\/\/www.noticiasradioreflejos.com.ar\/2021\/84297-2\/","name":"El Subcomit\u00e9 de Saldungaray festejo sus 65 a\u00f1os. - Noticias Radio Reflejos","isPartOf":{"@id":"https:\/\/www.noticiasradioreflejos.com.ar\/2021\/#website"},"primaryImageOfPage":{"@id":"https:\/\/www.noticiasradioreflejos.com.ar\/2021\/84297-2\/#primaryimage"},"image":{"@id":"https:\/\/www.noticiasradioreflejos.com.ar\/2021\/84297-2\/#primaryimage"},"thumbnailUrl":"https:\/\/live.staticflickr.com\/65535\/52694568885_9bee0f82b1_c.jpg","datePublished":"2023-02-17T12:51:45+00:00","dateModified":"2023-02-17T12:52:52+00:00","author":{"@id":"https:\/\/www.noticiasradioreflejos.com.ar\/2021\/#\/schema\/person\/ad82545263dcc5ec0996818884fd5fb1"},"breadcrumb":{"@id":"https:\/\/www.noticiasradioreflejos.com.ar\/2021\/84297-2\/#breadcrumb"},"inLanguage":"es","potentialAction":[{"@type":"ReadAction","target":["https:\/\/www.noticiasradioreflejos.com.ar\/2021\/84297-2\/"]}]},{"@type":"ImageObject","inLanguage":"es","@id":"https:\/\/www.noticiasradioreflejos.com.ar\/2021\/84297-2\/#primaryimage","url":"https:\/\/live.staticflickr.com\/65535\/52694568885_9bee0f82b1_c.jpg","contentUrl":"https:\/\/live.staticflickr.com\/65535\/52694568885_9bee0f82b1_c.jpg"},{"@type":"BreadcrumbList","@id":"https:\/\/www.noticiasradioreflejos.com.ar\/2021\/84297-2\/#breadcrumb","itemListElement":[{"@type":"ListItem","position":1,"name":"Portada","item":"https:\/\/www.noticiasradioreflejos.com.ar\/2021\/"},{"@type":"ListItem","position":2,"name":"El Subcomit\u00e9 de Saldungaray festejo sus 65 a\u00f1os."}]},{"@type":"WebSite","@id":"https:\/\/www.noticiasradioreflejos.com.ar\/2021\/#website","url":"https:\/\/www.noticiasradioreflejos.com.ar\/2021\/","name":"Noticias Radio Reflejos","description":"Las noticias de mi comarca","potentialAction":[{"@type":"SearchAction","target":{"@type":"EntryPoint","urlTemplate":"https:\/\/www.noticiasradioreflejos.com.ar\/2021\/?s={search_term_string}"},"query-input":{"@type":"PropertyValueSpecification","valueRequired":true,"valueName":"search_term_string"}}],"inLanguage":"es"},{"@type":"Person","@id":"https:\/\/www.noticiasradioreflejos.com.ar\/2021\/#\/schema\/person\/ad82545263dcc5ec0996818884fd5fb1","name":"Arnaldo Botto","image":{"@type":"ImageObject","inLanguage":"es","@id":"https:\/\/www.noticiasradioreflejos.com.ar\/2021\/#\/schema\/person\/image\/","url":"https:\/\/secure.gravatar.com\/avatar\/55cb5e37c1efa326397366e6974cb338056df65cb50e7d64d1cf314e87504837?s=96&d=mm&r=g","contentUrl":"https:\/\/secure.gravatar.com\/avatar\/55cb5e37c1efa326397366e6974cb338056df65cb50e7d64d1cf314e87504837?s=96&d=mm&r=g","caption":"Arnaldo Botto"},"url":"https:\/\/www.noticiasradioreflejos.com.ar\/2021\/author\/arnaldo\/"}]}},"_links":{"self":[{"href":"https:\/\/www.noticiasradioreflejos.com.ar\/2021\/wp-json\/wp\/v2\/posts\/84297","targetHints":{"allow":["GET"]}}],"collection":[{"href":"https:\/\/www.noticiasradioreflejos.com.ar\/2021\/wp-json\/wp\/v2\/posts"}],"about":[{"href":"https:\/\/www.noticiasradioreflejos.com.ar\/2021\/wp-json\/wp\/v2\/types\/post"}],"author":[{"embeddable":true,"href":"https:\/\/www.noticiasradioreflejos.com.ar\/2021\/wp-json\/wp\/v2\/users\/3"}],"replies":[{"embeddable":true,"href":"https:\/\/www.noticiasradioreflejos.com.ar\/2021\/wp-json\/wp\/v2\/comments?post=84297"}],"version-history":[{"count":2,"href":"https:\/\/www.noticiasradioreflejos.com.ar\/2021\/wp-json\/wp\/v2\/posts\/84297\/revisions"}],"predecessor-version":[{"id":84301,"href":"https:\/\/www.noticiasradioreflejos.com.ar\/2021\/wp-json\/wp\/v2\/posts\/84297\/revisions\/84301"}],"wp:attachment":[{"href":"https:\/\/www.noticiasradioreflejos.com.ar\/2021\/wp-json\/wp\/v2\/media?parent=84297"}],"wp:term":[{"taxonomy":"category","embeddable":true,"href":"https:\/\/www.noticiasradioreflejos.com.ar\/2021\/wp-json\/wp\/v2\/categories?post=84297"},{"taxonomy":"post_tag","embeddable":true,"href":"https:\/\/www.noticiasradioreflejos.com.ar\/2021\/wp-json\/wp\/v2\/tags?post=84297"}],"curies":[{"name":"wp","href":"https:\/\/api.w.org\/{rel}","templated":true}]}}