{"id":84292,"date":"2023-02-17T12:12:56","date_gmt":"2023-02-17T12:12:56","guid":{"rendered":"https:\/\/www.noticiasradioreflejos.com.ar\/2021\/?p=84292"},"modified":"2023-02-17T12:12:56","modified_gmt":"2023-02-17T12:12:56","slug":"el-frente-de-todos-llamo-a-impedir-la-proscripcion-de-cfk-y-valorizo-las-paso-tras-debatir-5-horas","status":"publish","type":"post","link":"https:\/\/www.noticiasradioreflejos.com.ar\/2021\/el-frente-de-todos-llamo-a-impedir-la-proscripcion-de-cfk-y-valorizo-las-paso-tras-debatir-5-horas\/","title":{"rendered":"El Frente de Todos llam\u00f3 a \u00abimpedir la proscripci\u00f3n\u00bb de CFK y valoriz\u00f3 las PASO tras debatir 5 horas"},"content":{"rendered":"<p>El Frente de Todos realiz\u00f3 el primer encuentro de su mesa pol\u00edtica en una reuni\u00f3n que se extendi\u00f3 por m\u00e1s de cinco horas y termin\u00f3 pasadas la 1.30 de la madrugada del viernes en la sede partidaria del PJ, que concluy\u00f3 con un discurso del presidente Alberto Fern\u00e1ndez y la difusi\u00f3n de un documento titulado \u00abDemocracia sin proscripciones. Unidad para transformar\u00bb.<\/p>\n<p>El texto fue debatido al detalle por todos los espacios pol\u00edticos, sociales y sindicales que componen la coalici\u00f3n oficialista y en uno de sus puntos claves, en el p\u00e1rrafo quinto, hace expl\u00edcito el compromiso de quienes integran la mesa de \u00abdisponer las acciones necesarias para impedir la proscripci\u00f3n de la compa\u00f1era vicepresidenta Cristina Fern\u00e1ndez de Kirchner\u00bb.<\/p>\n<p>Ese planteo subraya que el \u00abliderazgo y potencia electoral\u00bb de la Vicepresidenta \u00abno puede ser arrebatado\u00bb a los votantes del FdT, y apunta sobre el Poder Judicial al se\u00f1alar que \u00abno hay, o no deber\u00eda haber, ning\u00fan poder econ\u00f3mico, medi\u00e1tico o judicial capaz de decidir por encima de la voluntad popular\u00bb.<\/p>\n<p>Otro punto sustancial del documento advierte que una \u00abparte fundamental de la estrategia\u00bb del oficialismo ser\u00e1 \u00abreforzar la unidad en la diversidad\u00bb, para lo cual se propone \u00abarticular las diferentes miradas del FdT y tambi\u00e9n a quienes se quieran sumar a este proyecto por una Argentina que crezca con paz, igualdad y libertad\u00bb.<\/p>\n<p>En ese sentido, los dirigentes del FdT que estuvieron en el local de Matheu 130 coincidieron que el recurso para encontrar una s\u00edntesis entre esa diversidad ser\u00e1n las Primarias Abiertas, Simult\u00e1neas y Obligatorias (PASO).<\/p>\n<p>En el p\u00e1rrafo 9\u00ba de la declaraci\u00f3n, el oficialismo define a las PASO como \u00abla herramienta institucional creada por nuestro Gobierno durante el a\u00f1o 2010 (en el primer mandato de Cristina Fern\u00e1ndez de Kirchner) para abrir la participaci\u00f3n de los partidos y sintetizar las diferentes visiones en un proyecto com\u00fan\u00bb.<\/p>\n<p>De ese modo, los 33 participantes del encuentro coincidieron en que esa instancia de participaci\u00f3n creada por ley ser\u00e1 la mejor alternativa para definir las principales candidaturas de la coalici\u00f3n gobernante, un espacio plural y heterog\u00e9neo que incluye fuertes debates en su interior y no oculta sus diferencias.<\/p>\n<p>La mesa pol\u00edtica del FdT hab\u00eda sido convocada por el jefe de Estado, en su car\u00e1cter de presidente del PJ, para debatir los temas \u00abelectorales\u00bb del FdT rumbo a las primarias que ser\u00e1n convocadas para el mes de agosto y las elecciones generales de octubre.<\/p>\n<p>Los 33 asistentes a la sede del PJ nacional reflejaron las distintas vertientes y posturas de la actualidad del oficialista, con la presencia de alrededor de cinco miembros por cada uno de los sectores que componen el FdT; entre los principales dirigentes estuvieron el ministro de Econom\u00eda, Sergio Massa; el referente de La C\u00e1mpora y presidente del PJ bonaerense, M\u00e1ximo Kirchner; el ministro del Interior, Eduardo &#8216;Wado&#8217; De Pedro; y los gobernadores Axel Kicillof y Jorge Capitanich, entre otros.<\/p>\n<p>El presidente Fern\u00e1ndez ingres\u00f3 a las 19.45 acompa\u00f1ado por el jefe de Gabinete, Agust\u00edn Rossi; el canciller Santiago Cafiero; y la ministra de Desarrollo Social, Victoria Tolosa Paz.<\/p>\n<p>Sorprendi\u00f3 la asistencia de M\u00e1ximo Kirchner porque su participaci\u00f3n no estaba prevista y adem\u00e1s coincid\u00eda con su cumplea\u00f1os n\u00famero 46.<\/p>\n<p>Adem\u00e1s de los mencionados, completaron la lista de 33 asistentes funcionarios del Ejecutivo que son de confianza del jefe de Estado, como el flamante jefe de Gabinete Agust\u00edn Rossi, el canciller Santiago Cafiero, el vicejefe de Gabinete Juan Manuel Olmos y el secretario general de la Presidencia, Julio Vitobello.<\/p>\n<p>Por el kirchnerismo participaron el ministro de Desarrollo de la Comunidad bonaerense Andr\u00e9s Larroque y la senadora Anabel Fern\u00e1ndez Sagasti, mientras que por el Frente Renovador de Massa se sentaron a la mesa la titular de Aysa, Malena Galmarini; la presidente de la C\u00e1mara de Diputados, Cecilia Moreau; el ministro de Transporte, Diego Giuliano; y los dirigentes Rub\u00e9n Eslaiman y Juan Andreotti.<\/p>\n<p>La representaci\u00f3n de los gobernadores se complet\u00f3, a su vez, con Gerardo Zamora (Santiago del Estero), Gustavo Bordet (Entre R\u00edos) y Mariano Arcioni (Chubut).<\/p>\n<p>En representaci\u00f3n de los intendentes asistieron Mario Secco, Fernando Espinoza y Mayra Mendoza, por la Tercera Secci\u00f3n electoral del conurbano bonaerense, y Alberto Descalzo, Mariel Fern\u00e1ndez y Lucas Ghi por la Primera Secci\u00f3n.<\/p>\n<p>Entre los sindicalistas asistieron los cotitulares de la CGT H\u00e9ctor Daer y Pablo Moyano, y por el sindicalismo cercano a la vicepresidenta Cristina Fern\u00e1ndez fueron de la partida Hugo Yasky, Sergio Palazzo y Abel Furl\u00e1n.<\/p>\n<p>Al ingresar a la reuni\u00f3n, Pablo Moyano, secretario adjunto del Sindicato de Camioneros, consider\u00f3 \u00abproductiva\u00bb la puesta en marcha de la mesa y manifest\u00f3 su deseo de que haya un \u00abcandidato o candidata de consenso\u00bb en los comicios de octubre.<\/p>\n<p>\u00abNo podemos permitir que nos gobierne un (Javier) Milei, (Patricia) Bullrich o (Mauricio) Macri, que vienen por los derechos de los trabajadores\u00bb, sostuvo Moyano al ingresar a la reuni\u00f3n convocada por el presidente Alberto Fern\u00e1ndez en la sede del PJ de la calle Matheu 130.<\/p>\n<p>El referente sindical destac\u00f3 la iniciativa al advertir: \u00abEs lo que ven\u00edamos reclamando y es importante que participemos todos\u00bb.<\/p>\n<p>Durante el encuentro se escucharon discursos de casi todos los participantes, con un cierre a cargo del jefe de Estado y presidente del PJ a nacional nacional.<\/p>\n<p>Otro de los puntos debatidos y finalmente acordados del documento fue la alusi\u00f3n a la situaci\u00f3n econ\u00f3mica y social, incorporado en el p\u00e1rrafo octavo, donde se se\u00f1al\u00f3 que los integrantes del FdT consideran \u00abtarea primordial\u00bb del proyecto pol\u00edtico \u00abcontinuar los esfuerzos para reducir la inflaci\u00f3n, aumentar el poder adquisitivo de los salarios y trabajar en cada una de las pol\u00edticas p\u00fablicas para que nuestra gente viva mejor\u00bb.<\/p>\n<p>\u00abEse fue el contrato electoral que acordamos de cara a la sociedad en 2019 y por el cual debemos seguir trabajando\u00bb, se\u00f1ala el texto.<\/p>\n<p>El tr\u00e1nsito estuvo cortado en las inmediaciones de la sede del PJ, en la zona de Once, y con pancartas a favor de la vicepresidenta.<\/p>\n<p>Las calles de Matheu, Hip\u00f3lito Yrigoyen y Adolfo Alsina, alrededor de la sede partidaria ubicada al 130 de Matheu, fueron valladas y el personal de seguridad controlaba la circulaci\u00f3n de los vecinos.<\/p>\n<p>Por su parte, un grupo de manifestantes se ubic\u00f3 sobre Yrigoyen con pancartas con las consignas \u00abEs ella 2023\u00bb, \u00abNo a la proscripci\u00f3n de Cristina\u00bb y \u00abCristina 2023\u00bb, entre otras.<\/p>\n<p>Mientras que la organizaci\u00f3n La Patria es el Otro, que se referencia en el secretario general de La C\u00e1mpora, Andr\u00e9s Larroque, peg\u00f3 afiches con la imagen de la vicepresidenta y la leyenda \u00abProscripci\u00f3n un carajo, Cristina 2023\u00bb.<\/p>\n<p>El \u00faltimo en llegar a la reuni\u00f3n fue el gobernador de Chubut, Mariano Arcioni, que ingres\u00f3 a las 20.10, y cinco minutos despu\u00e9s comenz\u00f3 la reuni\u00f3n con la palabra del presidente Alberto Fern\u00e1ndez, que estuvo flanqueado a ambos lados por el ministro de Econom\u00eda, Sergio Massa, y el ministro del Interior, Eduardo \u00abWado\u00bb De Pedro.<\/p>\n<p>Tambi\u00e9n se acord\u00f3 entre los referentes del FdT que ingresaran al recinto s\u00f3lo los camar\u00f3grafos y fot\u00f3grafos oficiales de cada uno de los espacios.<\/p>\n<p>Adem\u00e1s, desde temprano los perros entrenados por las fuerzas de seguridad revisaron las instalaciones de la sede del PJ.<\/p>\n","protected":false},"excerpt":{"rendered":"<p>El Frente de Todos realiz\u00f3 el primer encuentro de su mesa pol\u00edtica en una reuni\u00f3n que se extendi\u00f3 por m\u00e1s de cinco horas y termin\u00f3 pasadas la 1.30 de la madrugada del viernes en la sede partidaria del PJ, que concluy\u00f3 con un discurso del presidente Alberto Fern\u00e1ndez y la difusi\u00f3n de un documento titulado [&hellip;]<\/p>\n","protected":false},"author":3,"featured_media":0,"comment_status":"closed","ping_status":"closed","sticky":false,"template":"","format":"standard","meta":{"footnotes":""},"categories":[24],"tags":[],"class_list":["post-84292","post","type-post","status-publish","format-standard","hentry","category-politica"],"yoast_head":"<!-- This site is optimized with the Yoast SEO plugin v25.9 - https:\/\/yoast.com\/wordpress\/plugins\/seo\/ -->\n<title>El Frente de Todos llam\u00f3 a &quot;impedir la proscripci\u00f3n&quot; de CFK y valoriz\u00f3 las PASO tras debatir 5 horas - Noticias Radio Reflejos<\/title>\n<meta name=\"robots\" content=\"index, follow, max-snippet:-1, max-image-preview:large, max-video-preview:-1\" \/>\n<link rel=\"canonical\" href=\"https:\/\/www.noticiasradioreflejos.com.ar\/2021\/el-frente-de-todos-llamo-a-impedir-la-proscripcion-de-cfk-y-valorizo-las-paso-tras-debatir-5-horas\/\" \/>\n<meta property=\"og:locale\" content=\"es_ES\" \/>\n<meta property=\"og:type\" content=\"article\" \/>\n<meta property=\"og:title\" content=\"El Frente de Todos llam\u00f3 a &quot;impedir la proscripci\u00f3n&quot; de CFK y valoriz\u00f3 las PASO tras debatir 5 horas - Noticias Radio Reflejos\" \/>\n<meta property=\"og:description\" content=\"El Frente de Todos realiz\u00f3 el primer encuentro de su mesa pol\u00edtica en una reuni\u00f3n que se extendi\u00f3 por m\u00e1s de cinco horas y termin\u00f3 pasadas la 1.30 de la madrugada del viernes en la sede partidaria del PJ, que concluy\u00f3 con un discurso del presidente Alberto Fern\u00e1ndez y la difusi\u00f3n de un documento titulado [&hellip;]\" \/>\n<meta property=\"og:url\" content=\"https:\/\/www.noticiasradioreflejos.com.ar\/2021\/el-frente-de-todos-llamo-a-impedir-la-proscripcion-de-cfk-y-valorizo-las-paso-tras-debatir-5-horas\/\" \/>\n<meta property=\"og:site_name\" content=\"Noticias Radio Reflejos\" \/>\n<meta property=\"article:published_time\" content=\"2023-02-17T12:12:56+00:00\" \/>\n<meta property=\"og:image\" content=\"https:\/\/www.noticiasradioreflejos.com.ar\/2021\/wp-content\/uploads\/2021\/07\/logosol300x200.png\" \/>\n\t<meta property=\"og:image:width\" content=\"300\" \/>\n\t<meta property=\"og:image:height\" content=\"200\" \/>\n\t<meta property=\"og:image:type\" content=\"image\/png\" \/>\n<meta name=\"author\" content=\"Arnaldo Botto\" \/>\n<meta name=\"twitter:card\" content=\"summary_large_image\" \/>\n<script type=\"application\/ld+json\" class=\"yoast-schema-graph\">{\"@context\":\"https:\/\/schema.org\",\"@graph\":[{\"@type\":\"WebPage\",\"@id\":\"https:\/\/www.noticiasradioreflejos.com.ar\/2021\/el-frente-de-todos-llamo-a-impedir-la-proscripcion-de-cfk-y-valorizo-las-paso-tras-debatir-5-horas\/\",\"url\":\"https:\/\/www.noticiasradioreflejos.com.ar\/2021\/el-frente-de-todos-llamo-a-impedir-la-proscripcion-de-cfk-y-valorizo-las-paso-tras-debatir-5-horas\/\",\"name\":\"El Frente de Todos llam\u00f3 a \\\"impedir la proscripci\u00f3n\\\" de CFK y valoriz\u00f3 las PASO tras debatir 5 horas - Noticias Radio Reflejos\",\"isPartOf\":{\"@id\":\"https:\/\/www.noticiasradioreflejos.com.ar\/2021\/#website\"},\"datePublished\":\"2023-02-17T12:12:56+00:00\",\"author\":{\"@id\":\"https:\/\/www.noticiasradioreflejos.com.ar\/2021\/#\/schema\/person\/ad82545263dcc5ec0996818884fd5fb1\"},\"breadcrumb\":{\"@id\":\"https:\/\/www.noticiasradioreflejos.com.ar\/2021\/el-frente-de-todos-llamo-a-impedir-la-proscripcion-de-cfk-y-valorizo-las-paso-tras-debatir-5-horas\/#breadcrumb\"},\"inLanguage\":\"es\",\"potentialAction\":[{\"@type\":\"ReadAction\",\"target\":[\"https:\/\/www.noticiasradioreflejos.com.ar\/2021\/el-frente-de-todos-llamo-a-impedir-la-proscripcion-de-cfk-y-valorizo-las-paso-tras-debatir-5-horas\/\"]}]},{\"@type\":\"BreadcrumbList\",\"@id\":\"https:\/\/www.noticiasradioreflejos.com.ar\/2021\/el-frente-de-todos-llamo-a-impedir-la-proscripcion-de-cfk-y-valorizo-las-paso-tras-debatir-5-horas\/#breadcrumb\",\"itemListElement\":[{\"@type\":\"ListItem\",\"position\":1,\"name\":\"Portada\",\"item\":\"https:\/\/www.noticiasradioreflejos.com.ar\/2021\/\"},{\"@type\":\"ListItem\",\"position\":2,\"name\":\"El Frente de Todos llam\u00f3 a \u00abimpedir la proscripci\u00f3n\u00bb de CFK y valoriz\u00f3 las PASO tras debatir 5 horas\"}]},{\"@type\":\"WebSite\",\"@id\":\"https:\/\/www.noticiasradioreflejos.com.ar\/2021\/#website\",\"url\":\"https:\/\/www.noticiasradioreflejos.com.ar\/2021\/\",\"name\":\"Noticias Radio Reflejos\",\"description\":\"Las noticias de mi comarca\",\"potentialAction\":[{\"@type\":\"SearchAction\",\"target\":{\"@type\":\"EntryPoint\",\"urlTemplate\":\"https:\/\/www.noticiasradioreflejos.com.ar\/2021\/?s={search_term_string}\"},\"query-input\":{\"@type\":\"PropertyValueSpecification\",\"valueRequired\":true,\"valueName\":\"search_term_string\"}}],\"inLanguage\":\"es\"},{\"@type\":\"Person\",\"@id\":\"https:\/\/www.noticiasradioreflejos.com.ar\/2021\/#\/schema\/person\/ad82545263dcc5ec0996818884fd5fb1\",\"name\":\"Arnaldo Botto\",\"image\":{\"@type\":\"ImageObject\",\"inLanguage\":\"es\",\"@id\":\"https:\/\/www.noticiasradioreflejos.com.ar\/2021\/#\/schema\/person\/image\/\",\"url\":\"https:\/\/secure.gravatar.com\/avatar\/55cb5e37c1efa326397366e6974cb338056df65cb50e7d64d1cf314e87504837?s=96&d=mm&r=g\",\"contentUrl\":\"https:\/\/secure.gravatar.com\/avatar\/55cb5e37c1efa326397366e6974cb338056df65cb50e7d64d1cf314e87504837?s=96&d=mm&r=g\",\"caption\":\"Arnaldo Botto\"},\"url\":\"https:\/\/www.noticiasradioreflejos.com.ar\/2021\/author\/arnaldo\/\"}]}<\/script>\n<!-- \/ Yoast SEO plugin. -->","yoast_head_json":{"title":"El Frente de Todos llam\u00f3 a \"impedir la proscripci\u00f3n\" de CFK y valoriz\u00f3 las PASO tras debatir 5 horas - Noticias Radio Reflejos","robots":{"index":"index","follow":"follow","max-snippet":"max-snippet:-1","max-image-preview":"max-image-preview:large","max-video-preview":"max-video-preview:-1"},"canonical":"https:\/\/www.noticiasradioreflejos.com.ar\/2021\/el-frente-de-todos-llamo-a-impedir-la-proscripcion-de-cfk-y-valorizo-las-paso-tras-debatir-5-horas\/","og_locale":"es_ES","og_type":"article","og_title":"El Frente de Todos llam\u00f3 a \"impedir la proscripci\u00f3n\" de CFK y valoriz\u00f3 las PASO tras debatir 5 horas - Noticias Radio Reflejos","og_description":"El Frente de Todos realiz\u00f3 el primer encuentro de su mesa pol\u00edtica en una reuni\u00f3n que se extendi\u00f3 por m\u00e1s de cinco horas y termin\u00f3 pasadas la 1.30 de la madrugada del viernes en la sede partidaria del PJ, que concluy\u00f3 con un discurso del presidente Alberto Fern\u00e1ndez y la difusi\u00f3n de un documento titulado [&hellip;]","og_url":"https:\/\/www.noticiasradioreflejos.com.ar\/2021\/el-frente-de-todos-llamo-a-impedir-la-proscripcion-de-cfk-y-valorizo-las-paso-tras-debatir-5-horas\/","og_site_name":"Noticias Radio Reflejos","article_published_time":"2023-02-17T12:12:56+00:00","og_image":[{"width":300,"height":200,"url":"https:\/\/www.noticiasradioreflejos.com.ar\/2021\/wp-content\/uploads\/2021\/07\/logosol300x200.png","type":"image\/png"}],"author":"Arnaldo Botto","twitter_card":"summary_large_image","schema":{"@context":"https:\/\/schema.org","@graph":[{"@type":"WebPage","@id":"https:\/\/www.noticiasradioreflejos.com.ar\/2021\/el-frente-de-todos-llamo-a-impedir-la-proscripcion-de-cfk-y-valorizo-las-paso-tras-debatir-5-horas\/","url":"https:\/\/www.noticiasradioreflejos.com.ar\/2021\/el-frente-de-todos-llamo-a-impedir-la-proscripcion-de-cfk-y-valorizo-las-paso-tras-debatir-5-horas\/","name":"El Frente de Todos llam\u00f3 a \"impedir la proscripci\u00f3n\" de CFK y valoriz\u00f3 las PASO tras debatir 5 horas - Noticias Radio Reflejos","isPartOf":{"@id":"https:\/\/www.noticiasradioreflejos.com.ar\/2021\/#website"},"datePublished":"2023-02-17T12:12:56+00:00","author":{"@id":"https:\/\/www.noticiasradioreflejos.com.ar\/2021\/#\/schema\/person\/ad82545263dcc5ec0996818884fd5fb1"},"breadcrumb":{"@id":"https:\/\/www.noticiasradioreflejos.com.ar\/2021\/el-frente-de-todos-llamo-a-impedir-la-proscripcion-de-cfk-y-valorizo-las-paso-tras-debatir-5-horas\/#breadcrumb"},"inLanguage":"es","potentialAction":[{"@type":"ReadAction","target":["https:\/\/www.noticiasradioreflejos.com.ar\/2021\/el-frente-de-todos-llamo-a-impedir-la-proscripcion-de-cfk-y-valorizo-las-paso-tras-debatir-5-horas\/"]}]},{"@type":"BreadcrumbList","@id":"https:\/\/www.noticiasradioreflejos.com.ar\/2021\/el-frente-de-todos-llamo-a-impedir-la-proscripcion-de-cfk-y-valorizo-las-paso-tras-debatir-5-horas\/#breadcrumb","itemListElement":[{"@type":"ListItem","position":1,"name":"Portada","item":"https:\/\/www.noticiasradioreflejos.com.ar\/2021\/"},{"@type":"ListItem","position":2,"name":"El Frente de Todos llam\u00f3 a \u00abimpedir la proscripci\u00f3n\u00bb de CFK y valoriz\u00f3 las PASO tras debatir 5 horas"}]},{"@type":"WebSite","@id":"https:\/\/www.noticiasradioreflejos.com.ar\/2021\/#website","url":"https:\/\/www.noticiasradioreflejos.com.ar\/2021\/","name":"Noticias Radio Reflejos","description":"Las noticias de mi comarca","potentialAction":[{"@type":"SearchAction","target":{"@type":"EntryPoint","urlTemplate":"https:\/\/www.noticiasradioreflejos.com.ar\/2021\/?s={search_term_string}"},"query-input":{"@type":"PropertyValueSpecification","valueRequired":true,"valueName":"search_term_string"}}],"inLanguage":"es"},{"@type":"Person","@id":"https:\/\/www.noticiasradioreflejos.com.ar\/2021\/#\/schema\/person\/ad82545263dcc5ec0996818884fd5fb1","name":"Arnaldo Botto","image":{"@type":"ImageObject","inLanguage":"es","@id":"https:\/\/www.noticiasradioreflejos.com.ar\/2021\/#\/schema\/person\/image\/","url":"https:\/\/secure.gravatar.com\/avatar\/55cb5e37c1efa326397366e6974cb338056df65cb50e7d64d1cf314e87504837?s=96&d=mm&r=g","contentUrl":"https:\/\/secure.gravatar.com\/avatar\/55cb5e37c1efa326397366e6974cb338056df65cb50e7d64d1cf314e87504837?s=96&d=mm&r=g","caption":"Arnaldo Botto"},"url":"https:\/\/www.noticiasradioreflejos.com.ar\/2021\/author\/arnaldo\/"}]}},"_links":{"self":[{"href":"https:\/\/www.noticiasradioreflejos.com.ar\/2021\/wp-json\/wp\/v2\/posts\/84292","targetHints":{"allow":["GET"]}}],"collection":[{"href":"https:\/\/www.noticiasradioreflejos.com.ar\/2021\/wp-json\/wp\/v2\/posts"}],"about":[{"href":"https:\/\/www.noticiasradioreflejos.com.ar\/2021\/wp-json\/wp\/v2\/types\/post"}],"author":[{"embeddable":true,"href":"https:\/\/www.noticiasradioreflejos.com.ar\/2021\/wp-json\/wp\/v2\/users\/3"}],"replies":[{"embeddable":true,"href":"https:\/\/www.noticiasradioreflejos.com.ar\/2021\/wp-json\/wp\/v2\/comments?post=84292"}],"version-history":[{"count":1,"href":"https:\/\/www.noticiasradioreflejos.com.ar\/2021\/wp-json\/wp\/v2\/posts\/84292\/revisions"}],"predecessor-version":[{"id":84294,"href":"https:\/\/www.noticiasradioreflejos.com.ar\/2021\/wp-json\/wp\/v2\/posts\/84292\/revisions\/84294"}],"wp:attachment":[{"href":"https:\/\/www.noticiasradioreflejos.com.ar\/2021\/wp-json\/wp\/v2\/media?parent=84292"}],"wp:term":[{"taxonomy":"category","embeddable":true,"href":"https:\/\/www.noticiasradioreflejos.com.ar\/2021\/wp-json\/wp\/v2\/categories?post=84292"},{"taxonomy":"post_tag","embeddable":true,"href":"https:\/\/www.noticiasradioreflejos.com.ar\/2021\/wp-json\/wp\/v2\/tags?post=84292"}],"curies":[{"name":"wp","href":"https:\/\/api.w.org\/{rel}","templated":true}]}}