{"id":84289,"date":"2023-02-17T12:08:00","date_gmt":"2023-02-17T12:08:00","guid":{"rendered":"https:\/\/www.noticiasradioreflejos.com.ar\/2021\/?p=84289"},"modified":"2023-02-17T12:08:00","modified_gmt":"2023-02-17T12:08:00","slug":"supera-las-10-000-firmas-la-solicitud-de-internas-abiertas-en-la-ucr-de-la-provincia-de-buenos-aires","status":"publish","type":"post","link":"https:\/\/www.noticiasradioreflejos.com.ar\/2021\/supera-las-10-000-firmas-la-solicitud-de-internas-abiertas-en-la-ucr-de-la-provincia-de-buenos-aires\/","title":{"rendered":"Supera las 10.000 firmas la solicitud de internas abiertas en la UCR de la provincia de Buenos Aires"},"content":{"rendered":"<p>La campa\u00f1a para lograr que el comit\u00e9 provincial de la Uni\u00f3n C\u00edvica Radical (UCR) llame a elecciones internas abiertas para elegir al candidato a gobernador que compita en las PASO dentro de Juntos por el Cambio ya cuenta con 10 mil adhesiones, inform\u00f3 el diputado provincial Walter Carusso.<!--more--><\/p>\n<p>Carusso, referenciado pol\u00edticamente con Gustavo Posse, es el impulsor de la iniciativa que busca que el candidato a gobernador radical \u201csea elegido mediante internas abiertas y no entre cuatro paredes y de espaldas a la gente\u201d.<\/p>\n<p>La recolecci\u00f3n de firmas fue lanzada por dirigentes y militantes hace tres semanas, bajo la consigna \u201cS\u00cd al voto, NO al dedo\u201d.<\/p>\n<p>\u201cVamos a seguir en este camino. No hay que subestimar a la gente creyendo que cuatro iluminados pueden elegir el candidato que represente a todos los radicales de la provincia para competir por la gobernaci\u00f3n\u201d, dijo Carusso.<\/p>\n<p>Sostuvo que la intenci\u00f3n \u00abes que voten los radicales y los independientes, y que todos aquellos dirigentes que sientan que tienen m\u00e9ritos para ser candidatos, se ofrezcan a la ciudadan\u00eda en plena libertad y sin limitaciones\u201d.<\/p>\n<p>Asimismo, analiz\u00f3 que \u201clos montajes electorales y los acomodos han derivado en dolorosos fracasos, que trajeron dolor y frustraci\u00f3n a la sociedad\u201d y advirti\u00f3 que \u201cser\u00eda de una gravedad extrema que, quienes ocupan cargos de responsabilidad en nuestro partido, trataran de impedir la realizaci\u00f3n de elecciones por miedo a perder\u201d.<\/p>\n<p>El legislador, y actual Secretario General del Comit\u00e9 Provincia de la UCR, dijo adem\u00e1s que \u201cya hay comit\u00e9s de la UCR que han decidido ir a internas abiertas para definir candidatos, como es el caso de Bah\u00eda Blanca\u201d.<\/p>\n<p>Carusso adelant\u00f3 que en la primera semana de marzo presentar\u00e1n las firmas al Comit\u00e9 Provincia con la solicitud y que, quienes a\u00fan no hayan firmado, pueden hacerlo en https:\/\/docs.google.com\/forms\/d\/e\/1FAIpQLScmsiLWFFuBFWgxPT1nvz2ael7epw_exMgL5SE2FABA5JBO6Q\/viewform?usp=send_form.<\/p>\n","protected":false},"excerpt":{"rendered":"<p>La campa\u00f1a para lograr que el comit\u00e9 provincial de la Uni\u00f3n C\u00edvica Radical (UCR) llame a elecciones internas abiertas para elegir al candidato a gobernador que compita en las PASO dentro de Juntos por el Cambio ya cuenta con 10 mil adhesiones, inform\u00f3 el diputado provincial Walter Carusso.<\/p>\n","protected":false},"author":3,"featured_media":84290,"comment_status":"closed","ping_status":"closed","sticky":false,"template":"","format":"standard","meta":{"footnotes":""},"categories":[24],"tags":[],"class_list":["post-84289","post","type-post","status-publish","format-standard","has-post-thumbnail","hentry","category-politica"],"yoast_head":"<!-- This site is optimized with the Yoast SEO plugin v25.9 - https:\/\/yoast.com\/wordpress\/plugins\/seo\/ -->\n<title>Supera las 10.000 firmas la solicitud de internas abiertas en la UCR de la provincia de Buenos Aires - Noticias Radio Reflejos<\/title>\n<meta name=\"robots\" content=\"index, follow, max-snippet:-1, max-image-preview:large, max-video-preview:-1\" \/>\n<link rel=\"canonical\" href=\"https:\/\/www.noticiasradioreflejos.com.ar\/2021\/supera-las-10-000-firmas-la-solicitud-de-internas-abiertas-en-la-ucr-de-la-provincia-de-buenos-aires\/\" \/>\n<meta property=\"og:locale\" content=\"es_ES\" \/>\n<meta property=\"og:type\" content=\"article\" \/>\n<meta property=\"og:title\" content=\"Supera las 10.000 firmas la solicitud de internas abiertas en la UCR de la provincia de Buenos Aires - Noticias Radio Reflejos\" \/>\n<meta property=\"og:description\" content=\"La campa\u00f1a para lograr que el comit\u00e9 provincial de la Uni\u00f3n C\u00edvica Radical (UCR) llame a elecciones internas abiertas para elegir al candidato a gobernador que compita en las PASO dentro de Juntos por el Cambio ya cuenta con 10 mil adhesiones, inform\u00f3 el diputado provincial Walter Carusso.\" \/>\n<meta property=\"og:url\" content=\"https:\/\/www.noticiasradioreflejos.com.ar\/2021\/supera-las-10-000-firmas-la-solicitud-de-internas-abiertas-en-la-ucr-de-la-provincia-de-buenos-aires\/\" \/>\n<meta property=\"og:site_name\" content=\"Noticias Radio Reflejos\" \/>\n<meta property=\"article:published_time\" content=\"2023-02-17T12:08:00+00:00\" \/>\n<meta property=\"og:image\" content=\"https:\/\/www.noticiasradioreflejos.com.ar\/2021\/wp-content\/uploads\/2023\/02\/ucr-pbajpg.webp\" \/>\n\t<meta property=\"og:image:width\" content=\"887\" \/>\n\t<meta property=\"og:image:height\" content=\"591\" \/>\n\t<meta property=\"og:image:type\" content=\"image\/webp\" \/>\n<meta name=\"author\" content=\"Arnaldo Botto\" \/>\n<meta name=\"twitter:card\" content=\"summary_large_image\" \/>\n<script type=\"application\/ld+json\" class=\"yoast-schema-graph\">{\"@context\":\"https:\/\/schema.org\",\"@graph\":[{\"@type\":\"WebPage\",\"@id\":\"https:\/\/www.noticiasradioreflejos.com.ar\/2021\/supera-las-10-000-firmas-la-solicitud-de-internas-abiertas-en-la-ucr-de-la-provincia-de-buenos-aires\/\",\"url\":\"https:\/\/www.noticiasradioreflejos.com.ar\/2021\/supera-las-10-000-firmas-la-solicitud-de-internas-abiertas-en-la-ucr-de-la-provincia-de-buenos-aires\/\",\"name\":\"Supera las 10.000 firmas la solicitud de internas abiertas en la UCR de la provincia de Buenos Aires - Noticias Radio Reflejos\",\"isPartOf\":{\"@id\":\"https:\/\/www.noticiasradioreflejos.com.ar\/2021\/#website\"},\"primaryImageOfPage\":{\"@id\":\"https:\/\/www.noticiasradioreflejos.com.ar\/2021\/supera-las-10-000-firmas-la-solicitud-de-internas-abiertas-en-la-ucr-de-la-provincia-de-buenos-aires\/#primaryimage\"},\"image\":{\"@id\":\"https:\/\/www.noticiasradioreflejos.com.ar\/2021\/supera-las-10-000-firmas-la-solicitud-de-internas-abiertas-en-la-ucr-de-la-provincia-de-buenos-aires\/#primaryimage\"},\"thumbnailUrl\":\"https:\/\/www.noticiasradioreflejos.com.ar\/2021\/wp-content\/uploads\/2023\/02\/ucr-pbajpg.webp\",\"datePublished\":\"2023-02-17T12:08:00+00:00\",\"author\":{\"@id\":\"https:\/\/www.noticiasradioreflejos.com.ar\/2021\/#\/schema\/person\/ad82545263dcc5ec0996818884fd5fb1\"},\"breadcrumb\":{\"@id\":\"https:\/\/www.noticiasradioreflejos.com.ar\/2021\/supera-las-10-000-firmas-la-solicitud-de-internas-abiertas-en-la-ucr-de-la-provincia-de-buenos-aires\/#breadcrumb\"},\"inLanguage\":\"es\",\"potentialAction\":[{\"@type\":\"ReadAction\",\"target\":[\"https:\/\/www.noticiasradioreflejos.com.ar\/2021\/supera-las-10-000-firmas-la-solicitud-de-internas-abiertas-en-la-ucr-de-la-provincia-de-buenos-aires\/\"]}]},{\"@type\":\"ImageObject\",\"inLanguage\":\"es\",\"@id\":\"https:\/\/www.noticiasradioreflejos.com.ar\/2021\/supera-las-10-000-firmas-la-solicitud-de-internas-abiertas-en-la-ucr-de-la-provincia-de-buenos-aires\/#primaryimage\",\"url\":\"https:\/\/www.noticiasradioreflejos.com.ar\/2021\/wp-content\/uploads\/2023\/02\/ucr-pbajpg.webp\",\"contentUrl\":\"https:\/\/www.noticiasradioreflejos.com.ar\/2021\/wp-content\/uploads\/2023\/02\/ucr-pbajpg.webp\",\"width\":887,\"height\":591},{\"@type\":\"BreadcrumbList\",\"@id\":\"https:\/\/www.noticiasradioreflejos.com.ar\/2021\/supera-las-10-000-firmas-la-solicitud-de-internas-abiertas-en-la-ucr-de-la-provincia-de-buenos-aires\/#breadcrumb\",\"itemListElement\":[{\"@type\":\"ListItem\",\"position\":1,\"name\":\"Portada\",\"item\":\"https:\/\/www.noticiasradioreflejos.com.ar\/2021\/\"},{\"@type\":\"ListItem\",\"position\":2,\"name\":\"Supera las 10.000 firmas la solicitud de internas abiertas en la UCR de la provincia de Buenos Aires\"}]},{\"@type\":\"WebSite\",\"@id\":\"https:\/\/www.noticiasradioreflejos.com.ar\/2021\/#website\",\"url\":\"https:\/\/www.noticiasradioreflejos.com.ar\/2021\/\",\"name\":\"Noticias Radio Reflejos\",\"description\":\"Las noticias de mi comarca\",\"potentialAction\":[{\"@type\":\"SearchAction\",\"target\":{\"@type\":\"EntryPoint\",\"urlTemplate\":\"https:\/\/www.noticiasradioreflejos.com.ar\/2021\/?s={search_term_string}\"},\"query-input\":{\"@type\":\"PropertyValueSpecification\",\"valueRequired\":true,\"valueName\":\"search_term_string\"}}],\"inLanguage\":\"es\"},{\"@type\":\"Person\",\"@id\":\"https:\/\/www.noticiasradioreflejos.com.ar\/2021\/#\/schema\/person\/ad82545263dcc5ec0996818884fd5fb1\",\"name\":\"Arnaldo Botto\",\"image\":{\"@type\":\"ImageObject\",\"inLanguage\":\"es\",\"@id\":\"https:\/\/www.noticiasradioreflejos.com.ar\/2021\/#\/schema\/person\/image\/\",\"url\":\"https:\/\/secure.gravatar.com\/avatar\/55cb5e37c1efa326397366e6974cb338056df65cb50e7d64d1cf314e87504837?s=96&d=mm&r=g\",\"contentUrl\":\"https:\/\/secure.gravatar.com\/avatar\/55cb5e37c1efa326397366e6974cb338056df65cb50e7d64d1cf314e87504837?s=96&d=mm&r=g\",\"caption\":\"Arnaldo Botto\"},\"url\":\"https:\/\/www.noticiasradioreflejos.com.ar\/2021\/author\/arnaldo\/\"}]}<\/script>\n<!-- \/ Yoast SEO plugin. -->","yoast_head_json":{"title":"Supera las 10.000 firmas la solicitud de internas abiertas en la UCR de la provincia de Buenos Aires - Noticias Radio Reflejos","robots":{"index":"index","follow":"follow","max-snippet":"max-snippet:-1","max-image-preview":"max-image-preview:large","max-video-preview":"max-video-preview:-1"},"canonical":"https:\/\/www.noticiasradioreflejos.com.ar\/2021\/supera-las-10-000-firmas-la-solicitud-de-internas-abiertas-en-la-ucr-de-la-provincia-de-buenos-aires\/","og_locale":"es_ES","og_type":"article","og_title":"Supera las 10.000 firmas la solicitud de internas abiertas en la UCR de la provincia de Buenos Aires - Noticias Radio Reflejos","og_description":"La campa\u00f1a para lograr que el comit\u00e9 provincial de la Uni\u00f3n C\u00edvica Radical (UCR) llame a elecciones internas abiertas para elegir al candidato a gobernador que compita en las PASO dentro de Juntos por el Cambio ya cuenta con 10 mil adhesiones, inform\u00f3 el diputado provincial Walter Carusso.","og_url":"https:\/\/www.noticiasradioreflejos.com.ar\/2021\/supera-las-10-000-firmas-la-solicitud-de-internas-abiertas-en-la-ucr-de-la-provincia-de-buenos-aires\/","og_site_name":"Noticias Radio Reflejos","article_published_time":"2023-02-17T12:08:00+00:00","og_image":[{"width":887,"height":591,"url":"https:\/\/www.noticiasradioreflejos.com.ar\/2021\/wp-content\/uploads\/2023\/02\/ucr-pbajpg.webp","type":"image\/webp"}],"author":"Arnaldo Botto","twitter_card":"summary_large_image","schema":{"@context":"https:\/\/schema.org","@graph":[{"@type":"WebPage","@id":"https:\/\/www.noticiasradioreflejos.com.ar\/2021\/supera-las-10-000-firmas-la-solicitud-de-internas-abiertas-en-la-ucr-de-la-provincia-de-buenos-aires\/","url":"https:\/\/www.noticiasradioreflejos.com.ar\/2021\/supera-las-10-000-firmas-la-solicitud-de-internas-abiertas-en-la-ucr-de-la-provincia-de-buenos-aires\/","name":"Supera las 10.000 firmas la solicitud de internas abiertas en la UCR de la provincia de Buenos Aires - Noticias Radio Reflejos","isPartOf":{"@id":"https:\/\/www.noticiasradioreflejos.com.ar\/2021\/#website"},"primaryImageOfPage":{"@id":"https:\/\/www.noticiasradioreflejos.com.ar\/2021\/supera-las-10-000-firmas-la-solicitud-de-internas-abiertas-en-la-ucr-de-la-provincia-de-buenos-aires\/#primaryimage"},"image":{"@id":"https:\/\/www.noticiasradioreflejos.com.ar\/2021\/supera-las-10-000-firmas-la-solicitud-de-internas-abiertas-en-la-ucr-de-la-provincia-de-buenos-aires\/#primaryimage"},"thumbnailUrl":"https:\/\/www.noticiasradioreflejos.com.ar\/2021\/wp-content\/uploads\/2023\/02\/ucr-pbajpg.webp","datePublished":"2023-02-17T12:08:00+00:00","author":{"@id":"https:\/\/www.noticiasradioreflejos.com.ar\/2021\/#\/schema\/person\/ad82545263dcc5ec0996818884fd5fb1"},"breadcrumb":{"@id":"https:\/\/www.noticiasradioreflejos.com.ar\/2021\/supera-las-10-000-firmas-la-solicitud-de-internas-abiertas-en-la-ucr-de-la-provincia-de-buenos-aires\/#breadcrumb"},"inLanguage":"es","potentialAction":[{"@type":"ReadAction","target":["https:\/\/www.noticiasradioreflejos.com.ar\/2021\/supera-las-10-000-firmas-la-solicitud-de-internas-abiertas-en-la-ucr-de-la-provincia-de-buenos-aires\/"]}]},{"@type":"ImageObject","inLanguage":"es","@id":"https:\/\/www.noticiasradioreflejos.com.ar\/2021\/supera-las-10-000-firmas-la-solicitud-de-internas-abiertas-en-la-ucr-de-la-provincia-de-buenos-aires\/#primaryimage","url":"https:\/\/www.noticiasradioreflejos.com.ar\/2021\/wp-content\/uploads\/2023\/02\/ucr-pbajpg.webp","contentUrl":"https:\/\/www.noticiasradioreflejos.com.ar\/2021\/wp-content\/uploads\/2023\/02\/ucr-pbajpg.webp","width":887,"height":591},{"@type":"BreadcrumbList","@id":"https:\/\/www.noticiasradioreflejos.com.ar\/2021\/supera-las-10-000-firmas-la-solicitud-de-internas-abiertas-en-la-ucr-de-la-provincia-de-buenos-aires\/#breadcrumb","itemListElement":[{"@type":"ListItem","position":1,"name":"Portada","item":"https:\/\/www.noticiasradioreflejos.com.ar\/2021\/"},{"@type":"ListItem","position":2,"name":"Supera las 10.000 firmas la solicitud de internas abiertas en la UCR de la provincia de Buenos Aires"}]},{"@type":"WebSite","@id":"https:\/\/www.noticiasradioreflejos.com.ar\/2021\/#website","url":"https:\/\/www.noticiasradioreflejos.com.ar\/2021\/","name":"Noticias Radio Reflejos","description":"Las noticias de mi comarca","potentialAction":[{"@type":"SearchAction","target":{"@type":"EntryPoint","urlTemplate":"https:\/\/www.noticiasradioreflejos.com.ar\/2021\/?s={search_term_string}"},"query-input":{"@type":"PropertyValueSpecification","valueRequired":true,"valueName":"search_term_string"}}],"inLanguage":"es"},{"@type":"Person","@id":"https:\/\/www.noticiasradioreflejos.com.ar\/2021\/#\/schema\/person\/ad82545263dcc5ec0996818884fd5fb1","name":"Arnaldo Botto","image":{"@type":"ImageObject","inLanguage":"es","@id":"https:\/\/www.noticiasradioreflejos.com.ar\/2021\/#\/schema\/person\/image\/","url":"https:\/\/secure.gravatar.com\/avatar\/55cb5e37c1efa326397366e6974cb338056df65cb50e7d64d1cf314e87504837?s=96&d=mm&r=g","contentUrl":"https:\/\/secure.gravatar.com\/avatar\/55cb5e37c1efa326397366e6974cb338056df65cb50e7d64d1cf314e87504837?s=96&d=mm&r=g","caption":"Arnaldo Botto"},"url":"https:\/\/www.noticiasradioreflejos.com.ar\/2021\/author\/arnaldo\/"}]}},"_links":{"self":[{"href":"https:\/\/www.noticiasradioreflejos.com.ar\/2021\/wp-json\/wp\/v2\/posts\/84289","targetHints":{"allow":["GET"]}}],"collection":[{"href":"https:\/\/www.noticiasradioreflejos.com.ar\/2021\/wp-json\/wp\/v2\/posts"}],"about":[{"href":"https:\/\/www.noticiasradioreflejos.com.ar\/2021\/wp-json\/wp\/v2\/types\/post"}],"author":[{"embeddable":true,"href":"https:\/\/www.noticiasradioreflejos.com.ar\/2021\/wp-json\/wp\/v2\/users\/3"}],"replies":[{"embeddable":true,"href":"https:\/\/www.noticiasradioreflejos.com.ar\/2021\/wp-json\/wp\/v2\/comments?post=84289"}],"version-history":[{"count":1,"href":"https:\/\/www.noticiasradioreflejos.com.ar\/2021\/wp-json\/wp\/v2\/posts\/84289\/revisions"}],"predecessor-version":[{"id":84291,"href":"https:\/\/www.noticiasradioreflejos.com.ar\/2021\/wp-json\/wp\/v2\/posts\/84289\/revisions\/84291"}],"wp:featuredmedia":[{"embeddable":true,"href":"https:\/\/www.noticiasradioreflejos.com.ar\/2021\/wp-json\/wp\/v2\/media\/84290"}],"wp:attachment":[{"href":"https:\/\/www.noticiasradioreflejos.com.ar\/2021\/wp-json\/wp\/v2\/media?parent=84289"}],"wp:term":[{"taxonomy":"category","embeddable":true,"href":"https:\/\/www.noticiasradioreflejos.com.ar\/2021\/wp-json\/wp\/v2\/categories?post=84289"},{"taxonomy":"post_tag","embeddable":true,"href":"https:\/\/www.noticiasradioreflejos.com.ar\/2021\/wp-json\/wp\/v2\/tags?post=84289"}],"curies":[{"name":"wp","href":"https:\/\/api.w.org\/{rel}","templated":true}]}}