{"id":84281,"date":"2023-02-17T11:44:08","date_gmt":"2023-02-17T11:44:08","guid":{"rendered":"https:\/\/www.noticiasradioreflejos.com.ar\/2021\/?p=84281"},"modified":"2023-02-17T11:51:55","modified_gmt":"2023-02-17T11:51:55","slug":"el-crimen-de-lucio-dupuy-se-conocera-hoy-la-pena-que-recibiran-la-madre-y-su-pareja","status":"publish","type":"post","link":"https:\/\/www.noticiasradioreflejos.com.ar\/2021\/el-crimen-de-lucio-dupuy-se-conocera-hoy-la-pena-que-recibiran-la-madre-y-su-pareja\/","title":{"rendered":"El crimen de Lucio Dupuy: se conocer\u00e1 hoy la pena que recibir\u00e1n la madre y su pareja"},"content":{"rendered":"<p>El Tribunal de Audiencia de Santa Rosa que tuvo a su cargo el juicio por el crimen de Lucio Dupuy, el ni\u00f1o de 5 a\u00f1os asesinado en esa ciudad pampeana en noviembre de 2021, dar\u00e1 a conocer hoy las penas que recibir\u00e1n la madre de la v\u00edctima y su pareja, y la expectativa se centra en saber si los jueces aplicar\u00e1n el \u00abtiempo indeterminado\u00bb a la segura condena a prisi\u00f3n perpetua.<!--more--><\/p>\n<p>(T\u00e9lam) &#8211; La \u00faltima audiencia p\u00fablica se har\u00e1 en el marco de otra movilizaci\u00f3n popular frente a las puertas del Centro Judicial de la Capital Pampeana, convocada desde las 10 por la Asociaci\u00f3n Civil \u00abLucio Dupuy\u00bb, que fue creada por su abuelo Ram\u00f3n para luchar por los derechos de las infancias, y que tendr\u00e1 como consigna \u00abQue se haga justicia &#8211; Reclusi\u00f3n perpetua para las asesinas\u00bb.<\/p>\n<p>En tanto, m\u00e1s de 150.000 personas sumaron su firma a una campa\u00f1a lanzada a trav\u00e9s de la plataforma de Change.org (www.change.org\/JusticiaPorLucio) en reclamo de \u00abjusticia por este ni\u00f1o\u00bb y de que se investigue adem\u00e1s \u00aba los polic\u00edas por mal desempe\u00f1o, a los jueces que no le quisieron dar la tenencia a su padre, y a los m\u00e9dicos que lo revisaron y vieron a todo lo que era sometido el peque\u00f1o y no hicieron nada\u00bb.<\/p>\n<p>En el marco de este proceso, las acusadas fueron halladas por un jurado popular culpables y ma\u00f1ana se cierran las audiencias con la imposici\u00f3n de penas por parte de Tribunal de Audiencia, integrado por Alejandra Ongaro, Daniel S\u00e1ez Zamora y Andr\u00e9s Oli\u00e9, la cual tendr\u00e1 una transmisi\u00f3n abierta al p\u00fablico a trav\u00e9s del link https:\/\/youtube.com\/live\/rJq8R0ocHj8?feature=share.<\/p>\n<p>De la audiencia participar\u00e1n el padre del ni\u00f1o Christian Dupuy; sus abuelos paternos, Ram\u00f3n Dupuy y Silvia G\u00f3mez; el abogado querellante, Jos\u00e9 Mario Aguerrido; el equipo del Ministerio P\u00fabico Fiscal, integrado por M\u00e1ximo Paulucci, Ver\u00f3nica Ferrero, Marcos Sacco y Walter Martos; y las asesoras de Ni\u00f1os, Ni\u00f1as y Adolescentes, Graciela Massara, y Gabriela Manera.<\/p>\n<p>Las acusadas no est\u00e1n obligadas a presenciar la audiencia en Santa Rosa y pueden seguirla desde el penal de San Luis.<\/p>\n<p>El 2 de febrero pasado, cuando se las hall\u00f3 culpables, ni siquiera la siguieron de manera remota, ya que prefirieron continuar con sus rutinas en el penal.<\/p>\n<p>Tras conocerse la sentencia, diputados del oficialismo y de la oposici\u00f3n pampeanos presentaron dos pedidos para que la jueza Ana Clara P\u00e9rez Ballester sea sometida a juicio pol\u00edtico por su intervenci\u00f3n en el proceso para otorgarle en 2020 la tenencia de Lucio a su madre.<\/p>\n<p>El 13 de febrero pasado la fiscala Ver\u00f3nica Ferrero pidi\u00f3 que las dos acusadas sean condenadas a prisi\u00f3n perpetua porque, frente a los delitos cometidos, el C\u00f3digo Penal solo prev\u00e9 solamente esa pena.<\/p>\n<p>El abogado querellante particular, en representaci\u00f3n de la familia Dupuy, Jos\u00e9 Mario Aguerrido, adhiri\u00f3 al planteo del Ministerio P\u00fablico Fiscal, pero le a\u00f1adi\u00f3 el requerimiento de que la pena sea de reclusi\u00f3n por tiempo indeterminado, una alternativa que prev\u00e9 el art\u00edculo 52 del C.P., en relaci\u00f3n con el 80.<\/p>\n<p>Lo fund\u00f3, entre otras razones, en la extensi\u00f3n del da\u00f1o provocado a \u00abun chico absolutamente vulnerable\u00bb, agregando que la muerte de Lucio fue el final de un proceso de maltrato infantil.<\/p>\n<p>Por su parte, la defensora oficial Silvina Blanco G\u00f3mez, le pidi\u00f3 al Tribunal que cuantifique la pena que le corresponder\u00eda a P\u00e1ez, por entender que si se aplicase la prisi\u00f3n perpetua &#8211; con las normas vigentes hoy en el pa\u00eds &#8211; \u00absolo saldr\u00e1 de la c\u00e1rcel con su muerte, ya que actualmente la pena perpetua es material y literalmente perpetua\u00bb.<\/p>\n<p>Adem\u00e1s, solicit\u00f3 que esa cuantificaci\u00f3n sea la m\u00ednima por la carencia de antecedentes penales y la edad de la imputada (28 a\u00f1os); y afirm\u00f3 que la Corte Suprema ya fij\u00f3 la inconstitucionalidad de la reclusi\u00f3n por tiempo indeterminado.<\/p>\n<p>Por \u00faltimo, el defensor oficial Pablo De Biasi, al hablar por Esp\u00f3sito Valenti, brind\u00f3 argumentos similares y requiri\u00f3 que se le fije \u00abuna pena en a\u00f1os\u00bb, con lo que coincidi\u00f3 en que \u00abla prisi\u00f3n perpetua que establece el C\u00f3digo Penal es inconstitucional\u00bb ya que \u00ablos tratados internacionales impiden la aplicaci\u00f3n de penas crueles, inhumanas y degradantes\u00bb.<\/p>\n<p>El 2 de febrero, Esp\u00f3sito Valenti, la madre del peque\u00f1o, fue declarada autora material y penalmente responsable del delito de homicidio triplemente calificado por el v\u00ednculo, alevos\u00eda y ensa\u00f1amiento.<\/p>\n<p>A su vez, P\u00e1ez fue declarada autora material y penalmente responsable del delito de homicidio doblemente calificado por alevos\u00eda y ensa\u00f1amiento; en concurso real con el delito de abuso sexual con acceso carnal por v\u00eda anal, ejecutado con un objeto f\u00e1lico, agravado por tratarse de la guardadora y por haberse cometido contra un menor de 18 a\u00f1os de edad, aprovechando la situaci\u00f3n de convivencia preexistente, como delito continuado.<\/p>\n<p>Lucio Dupuy (5) fue asesinado el 26 de noviembre de 2021 en la casa de la calle Allan Kardec al 2300 de Santa Rosa, donde viv\u00eda con la madre y su pareja.<\/p>\n<p>Los movimientos de las condenadas y Lucio quedaron registrados por una c\u00e1mara ubicada frente al departamento, y gracias a ellos se pudo concluir que a las 17.32 horas se lo vio a Lucio vivo por \u00faltima vez.<\/p>\n<p>Consideraron acreditado que entre ese momento y las 19.40 horas, cuando ambas imputadas salieron solas del departamento, Lucio fue golpeado brutalmente.<\/p>\n<p>La Justicia estableci\u00f3 que las dos participaron de la golpiza mortal, entre las 18 y las 19 del 26 de noviembre y que el ni\u00f1o recibi\u00f3 golpes de pu\u00f1o, patadas y golpes con un palo.<\/p>\n<p>Tambi\u00e9n recibi\u00f3 un pisot\u00f3n en la espalda por parte de Abigail P\u00e1ez (se pudo determinar por la impronta que dej\u00f3 su zapatilla), que le provoc\u00f3 lesiones internas como el desgarro del h\u00edgado y, adem\u00e1s, fue mordido en sus zonas \u00edntimas y en su brazo izquierdo.<\/p>\n<p>El Tribunal de Audiencia, en la sentencia de 126 fojas, estableci\u00f3 que el ni\u00f1o fue v\u00edctima, recurrente, de violencia f\u00edsica, psicol\u00f3gica y sexual y determin\u00f3 que se pudo advertir un \u00abcrescendo de violencia\u00bb, a la luz de los chats entre ambas imputadas, ventilados durante el juicio, a partir de mediados del mes de octubre de 2021.<\/p>\n","protected":false},"excerpt":{"rendered":"<p>El Tribunal de Audiencia de Santa Rosa que tuvo a su cargo el juicio por el crimen de Lucio Dupuy, el ni\u00f1o de 5 a\u00f1os asesinado en esa ciudad pampeana en noviembre de 2021, dar\u00e1 a conocer hoy las penas que recibir\u00e1n la madre de la v\u00edctima y su pareja, y la expectativa se centra [&hellip;]<\/p>\n","protected":false},"author":3,"featured_media":83465,"comment_status":"closed","ping_status":"closed","sticky":false,"template":"","format":"standard","meta":{"footnotes":""},"categories":[57],"tags":[],"class_list":["post-84281","post","type-post","status-publish","format-standard","has-post-thumbnail","hentry","category-judiciales"],"yoast_head":"<!-- This site is optimized with the Yoast SEO plugin v25.9 - https:\/\/yoast.com\/wordpress\/plugins\/seo\/ -->\n<title>El crimen de Lucio Dupuy: se conocer\u00e1 hoy la pena que recibir\u00e1n la madre y su pareja - Noticias Radio Reflejos<\/title>\n<meta name=\"robots\" content=\"index, follow, max-snippet:-1, max-image-preview:large, max-video-preview:-1\" \/>\n<link rel=\"canonical\" href=\"https:\/\/www.noticiasradioreflejos.com.ar\/2021\/el-crimen-de-lucio-dupuy-se-conocera-hoy-la-pena-que-recibiran-la-madre-y-su-pareja\/\" \/>\n<meta property=\"og:locale\" content=\"es_ES\" \/>\n<meta property=\"og:type\" content=\"article\" \/>\n<meta property=\"og:title\" content=\"El crimen de Lucio Dupuy: se conocer\u00e1 hoy la pena que recibir\u00e1n la madre y su pareja - Noticias Radio Reflejos\" \/>\n<meta property=\"og:description\" content=\"El Tribunal de Audiencia de Santa Rosa que tuvo a su cargo el juicio por el crimen de Lucio Dupuy, el ni\u00f1o de 5 a\u00f1os asesinado en esa ciudad pampeana en noviembre de 2021, dar\u00e1 a conocer hoy las penas que recibir\u00e1n la madre de la v\u00edctima y su pareja, y la expectativa se centra [&hellip;]\" \/>\n<meta property=\"og:url\" content=\"https:\/\/www.noticiasradioreflejos.com.ar\/2021\/el-crimen-de-lucio-dupuy-se-conocera-hoy-la-pena-que-recibiran-la-madre-y-su-pareja\/\" \/>\n<meta property=\"og:site_name\" content=\"Noticias Radio Reflejos\" \/>\n<meta property=\"article:published_time\" content=\"2023-02-17T11:44:08+00:00\" \/>\n<meta property=\"article:modified_time\" content=\"2023-02-17T11:51:55+00:00\" \/>\n<meta property=\"og:image\" content=\"https:\/\/www.noticiasradioreflejos.com.ar\/2021\/wp-content\/uploads\/2023\/02\/Lucio.png\" \/>\n\t<meta property=\"og:image:width\" content=\"1184\" \/>\n\t<meta property=\"og:image:height\" content=\"768\" \/>\n\t<meta property=\"og:image:type\" content=\"image\/png\" \/>\n<meta name=\"author\" content=\"Arnaldo Botto\" \/>\n<meta name=\"twitter:card\" content=\"summary_large_image\" \/>\n<script type=\"application\/ld+json\" class=\"yoast-schema-graph\">{\"@context\":\"https:\/\/schema.org\",\"@graph\":[{\"@type\":\"WebPage\",\"@id\":\"https:\/\/www.noticiasradioreflejos.com.ar\/2021\/el-crimen-de-lucio-dupuy-se-conocera-hoy-la-pena-que-recibiran-la-madre-y-su-pareja\/\",\"url\":\"https:\/\/www.noticiasradioreflejos.com.ar\/2021\/el-crimen-de-lucio-dupuy-se-conocera-hoy-la-pena-que-recibiran-la-madre-y-su-pareja\/\",\"name\":\"El crimen de Lucio Dupuy: se conocer\u00e1 hoy la pena que recibir\u00e1n la madre y su pareja - Noticias Radio Reflejos\",\"isPartOf\":{\"@id\":\"https:\/\/www.noticiasradioreflejos.com.ar\/2021\/#website\"},\"primaryImageOfPage\":{\"@id\":\"https:\/\/www.noticiasradioreflejos.com.ar\/2021\/el-crimen-de-lucio-dupuy-se-conocera-hoy-la-pena-que-recibiran-la-madre-y-su-pareja\/#primaryimage\"},\"image\":{\"@id\":\"https:\/\/www.noticiasradioreflejos.com.ar\/2021\/el-crimen-de-lucio-dupuy-se-conocera-hoy-la-pena-que-recibiran-la-madre-y-su-pareja\/#primaryimage\"},\"thumbnailUrl\":\"https:\/\/www.noticiasradioreflejos.com.ar\/2021\/wp-content\/uploads\/2023\/02\/Lucio.png\",\"datePublished\":\"2023-02-17T11:44:08+00:00\",\"dateModified\":\"2023-02-17T11:51:55+00:00\",\"author\":{\"@id\":\"https:\/\/www.noticiasradioreflejos.com.ar\/2021\/#\/schema\/person\/ad82545263dcc5ec0996818884fd5fb1\"},\"breadcrumb\":{\"@id\":\"https:\/\/www.noticiasradioreflejos.com.ar\/2021\/el-crimen-de-lucio-dupuy-se-conocera-hoy-la-pena-que-recibiran-la-madre-y-su-pareja\/#breadcrumb\"},\"inLanguage\":\"es\",\"potentialAction\":[{\"@type\":\"ReadAction\",\"target\":[\"https:\/\/www.noticiasradioreflejos.com.ar\/2021\/el-crimen-de-lucio-dupuy-se-conocera-hoy-la-pena-que-recibiran-la-madre-y-su-pareja\/\"]}]},{\"@type\":\"ImageObject\",\"inLanguage\":\"es\",\"@id\":\"https:\/\/www.noticiasradioreflejos.com.ar\/2021\/el-crimen-de-lucio-dupuy-se-conocera-hoy-la-pena-que-recibiran-la-madre-y-su-pareja\/#primaryimage\",\"url\":\"https:\/\/www.noticiasradioreflejos.com.ar\/2021\/wp-content\/uploads\/2023\/02\/Lucio.png\",\"contentUrl\":\"https:\/\/www.noticiasradioreflejos.com.ar\/2021\/wp-content\/uploads\/2023\/02\/Lucio.png\",\"width\":1184,\"height\":768},{\"@type\":\"BreadcrumbList\",\"@id\":\"https:\/\/www.noticiasradioreflejos.com.ar\/2021\/el-crimen-de-lucio-dupuy-se-conocera-hoy-la-pena-que-recibiran-la-madre-y-su-pareja\/#breadcrumb\",\"itemListElement\":[{\"@type\":\"ListItem\",\"position\":1,\"name\":\"Portada\",\"item\":\"https:\/\/www.noticiasradioreflejos.com.ar\/2021\/\"},{\"@type\":\"ListItem\",\"position\":2,\"name\":\"El crimen de Lucio Dupuy: se conocer\u00e1 hoy la pena que recibir\u00e1n la madre y su pareja\"}]},{\"@type\":\"WebSite\",\"@id\":\"https:\/\/www.noticiasradioreflejos.com.ar\/2021\/#website\",\"url\":\"https:\/\/www.noticiasradioreflejos.com.ar\/2021\/\",\"name\":\"Noticias Radio Reflejos\",\"description\":\"Las noticias de mi comarca\",\"potentialAction\":[{\"@type\":\"SearchAction\",\"target\":{\"@type\":\"EntryPoint\",\"urlTemplate\":\"https:\/\/www.noticiasradioreflejos.com.ar\/2021\/?s={search_term_string}\"},\"query-input\":{\"@type\":\"PropertyValueSpecification\",\"valueRequired\":true,\"valueName\":\"search_term_string\"}}],\"inLanguage\":\"es\"},{\"@type\":\"Person\",\"@id\":\"https:\/\/www.noticiasradioreflejos.com.ar\/2021\/#\/schema\/person\/ad82545263dcc5ec0996818884fd5fb1\",\"name\":\"Arnaldo Botto\",\"image\":{\"@type\":\"ImageObject\",\"inLanguage\":\"es\",\"@id\":\"https:\/\/www.noticiasradioreflejos.com.ar\/2021\/#\/schema\/person\/image\/\",\"url\":\"https:\/\/secure.gravatar.com\/avatar\/55cb5e37c1efa326397366e6974cb338056df65cb50e7d64d1cf314e87504837?s=96&d=mm&r=g\",\"contentUrl\":\"https:\/\/secure.gravatar.com\/avatar\/55cb5e37c1efa326397366e6974cb338056df65cb50e7d64d1cf314e87504837?s=96&d=mm&r=g\",\"caption\":\"Arnaldo Botto\"},\"url\":\"https:\/\/www.noticiasradioreflejos.com.ar\/2021\/author\/arnaldo\/\"}]}<\/script>\n<!-- \/ Yoast SEO plugin. -->","yoast_head_json":{"title":"El crimen de Lucio Dupuy: se conocer\u00e1 hoy la pena que recibir\u00e1n la madre y su pareja - Noticias Radio Reflejos","robots":{"index":"index","follow":"follow","max-snippet":"max-snippet:-1","max-image-preview":"max-image-preview:large","max-video-preview":"max-video-preview:-1"},"canonical":"https:\/\/www.noticiasradioreflejos.com.ar\/2021\/el-crimen-de-lucio-dupuy-se-conocera-hoy-la-pena-que-recibiran-la-madre-y-su-pareja\/","og_locale":"es_ES","og_type":"article","og_title":"El crimen de Lucio Dupuy: se conocer\u00e1 hoy la pena que recibir\u00e1n la madre y su pareja - Noticias Radio Reflejos","og_description":"El Tribunal de Audiencia de Santa Rosa que tuvo a su cargo el juicio por el crimen de Lucio Dupuy, el ni\u00f1o de 5 a\u00f1os asesinado en esa ciudad pampeana en noviembre de 2021, dar\u00e1 a conocer hoy las penas que recibir\u00e1n la madre de la v\u00edctima y su pareja, y la expectativa se centra [&hellip;]","og_url":"https:\/\/www.noticiasradioreflejos.com.ar\/2021\/el-crimen-de-lucio-dupuy-se-conocera-hoy-la-pena-que-recibiran-la-madre-y-su-pareja\/","og_site_name":"Noticias Radio Reflejos","article_published_time":"2023-02-17T11:44:08+00:00","article_modified_time":"2023-02-17T11:51:55+00:00","og_image":[{"width":1184,"height":768,"url":"https:\/\/www.noticiasradioreflejos.com.ar\/2021\/wp-content\/uploads\/2023\/02\/Lucio.png","type":"image\/png"}],"author":"Arnaldo Botto","twitter_card":"summary_large_image","schema":{"@context":"https:\/\/schema.org","@graph":[{"@type":"WebPage","@id":"https:\/\/www.noticiasradioreflejos.com.ar\/2021\/el-crimen-de-lucio-dupuy-se-conocera-hoy-la-pena-que-recibiran-la-madre-y-su-pareja\/","url":"https:\/\/www.noticiasradioreflejos.com.ar\/2021\/el-crimen-de-lucio-dupuy-se-conocera-hoy-la-pena-que-recibiran-la-madre-y-su-pareja\/","name":"El crimen de Lucio Dupuy: se conocer\u00e1 hoy la pena que recibir\u00e1n la madre y su pareja - Noticias Radio Reflejos","isPartOf":{"@id":"https:\/\/www.noticiasradioreflejos.com.ar\/2021\/#website"},"primaryImageOfPage":{"@id":"https:\/\/www.noticiasradioreflejos.com.ar\/2021\/el-crimen-de-lucio-dupuy-se-conocera-hoy-la-pena-que-recibiran-la-madre-y-su-pareja\/#primaryimage"},"image":{"@id":"https:\/\/www.noticiasradioreflejos.com.ar\/2021\/el-crimen-de-lucio-dupuy-se-conocera-hoy-la-pena-que-recibiran-la-madre-y-su-pareja\/#primaryimage"},"thumbnailUrl":"https:\/\/www.noticiasradioreflejos.com.ar\/2021\/wp-content\/uploads\/2023\/02\/Lucio.png","datePublished":"2023-02-17T11:44:08+00:00","dateModified":"2023-02-17T11:51:55+00:00","author":{"@id":"https:\/\/www.noticiasradioreflejos.com.ar\/2021\/#\/schema\/person\/ad82545263dcc5ec0996818884fd5fb1"},"breadcrumb":{"@id":"https:\/\/www.noticiasradioreflejos.com.ar\/2021\/el-crimen-de-lucio-dupuy-se-conocera-hoy-la-pena-que-recibiran-la-madre-y-su-pareja\/#breadcrumb"},"inLanguage":"es","potentialAction":[{"@type":"ReadAction","target":["https:\/\/www.noticiasradioreflejos.com.ar\/2021\/el-crimen-de-lucio-dupuy-se-conocera-hoy-la-pena-que-recibiran-la-madre-y-su-pareja\/"]}]},{"@type":"ImageObject","inLanguage":"es","@id":"https:\/\/www.noticiasradioreflejos.com.ar\/2021\/el-crimen-de-lucio-dupuy-se-conocera-hoy-la-pena-que-recibiran-la-madre-y-su-pareja\/#primaryimage","url":"https:\/\/www.noticiasradioreflejos.com.ar\/2021\/wp-content\/uploads\/2023\/02\/Lucio.png","contentUrl":"https:\/\/www.noticiasradioreflejos.com.ar\/2021\/wp-content\/uploads\/2023\/02\/Lucio.png","width":1184,"height":768},{"@type":"BreadcrumbList","@id":"https:\/\/www.noticiasradioreflejos.com.ar\/2021\/el-crimen-de-lucio-dupuy-se-conocera-hoy-la-pena-que-recibiran-la-madre-y-su-pareja\/#breadcrumb","itemListElement":[{"@type":"ListItem","position":1,"name":"Portada","item":"https:\/\/www.noticiasradioreflejos.com.ar\/2021\/"},{"@type":"ListItem","position":2,"name":"El crimen de Lucio Dupuy: se conocer\u00e1 hoy la pena que recibir\u00e1n la madre y su pareja"}]},{"@type":"WebSite","@id":"https:\/\/www.noticiasradioreflejos.com.ar\/2021\/#website","url":"https:\/\/www.noticiasradioreflejos.com.ar\/2021\/","name":"Noticias Radio Reflejos","description":"Las noticias de mi comarca","potentialAction":[{"@type":"SearchAction","target":{"@type":"EntryPoint","urlTemplate":"https:\/\/www.noticiasradioreflejos.com.ar\/2021\/?s={search_term_string}"},"query-input":{"@type":"PropertyValueSpecification","valueRequired":true,"valueName":"search_term_string"}}],"inLanguage":"es"},{"@type":"Person","@id":"https:\/\/www.noticiasradioreflejos.com.ar\/2021\/#\/schema\/person\/ad82545263dcc5ec0996818884fd5fb1","name":"Arnaldo Botto","image":{"@type":"ImageObject","inLanguage":"es","@id":"https:\/\/www.noticiasradioreflejos.com.ar\/2021\/#\/schema\/person\/image\/","url":"https:\/\/secure.gravatar.com\/avatar\/55cb5e37c1efa326397366e6974cb338056df65cb50e7d64d1cf314e87504837?s=96&d=mm&r=g","contentUrl":"https:\/\/secure.gravatar.com\/avatar\/55cb5e37c1efa326397366e6974cb338056df65cb50e7d64d1cf314e87504837?s=96&d=mm&r=g","caption":"Arnaldo Botto"},"url":"https:\/\/www.noticiasradioreflejos.com.ar\/2021\/author\/arnaldo\/"}]}},"_links":{"self":[{"href":"https:\/\/www.noticiasradioreflejos.com.ar\/2021\/wp-json\/wp\/v2\/posts\/84281","targetHints":{"allow":["GET"]}}],"collection":[{"href":"https:\/\/www.noticiasradioreflejos.com.ar\/2021\/wp-json\/wp\/v2\/posts"}],"about":[{"href":"https:\/\/www.noticiasradioreflejos.com.ar\/2021\/wp-json\/wp\/v2\/types\/post"}],"author":[{"embeddable":true,"href":"https:\/\/www.noticiasradioreflejos.com.ar\/2021\/wp-json\/wp\/v2\/users\/3"}],"replies":[{"embeddable":true,"href":"https:\/\/www.noticiasradioreflejos.com.ar\/2021\/wp-json\/wp\/v2\/comments?post=84281"}],"version-history":[{"count":2,"href":"https:\/\/www.noticiasradioreflejos.com.ar\/2021\/wp-json\/wp\/v2\/posts\/84281\/revisions"}],"predecessor-version":[{"id":84285,"href":"https:\/\/www.noticiasradioreflejos.com.ar\/2021\/wp-json\/wp\/v2\/posts\/84281\/revisions\/84285"}],"wp:featuredmedia":[{"embeddable":true,"href":"https:\/\/www.noticiasradioreflejos.com.ar\/2021\/wp-json\/wp\/v2\/media\/83465"}],"wp:attachment":[{"href":"https:\/\/www.noticiasradioreflejos.com.ar\/2021\/wp-json\/wp\/v2\/media?parent=84281"}],"wp:term":[{"taxonomy":"category","embeddable":true,"href":"https:\/\/www.noticiasradioreflejos.com.ar\/2021\/wp-json\/wp\/v2\/categories?post=84281"},{"taxonomy":"post_tag","embeddable":true,"href":"https:\/\/www.noticiasradioreflejos.com.ar\/2021\/wp-json\/wp\/v2\/tags?post=84281"}],"curies":[{"name":"wp","href":"https:\/\/api.w.org\/{rel}","templated":true}]}}