{"id":8428,"date":"2017-03-27T17:33:09","date_gmt":"2017-03-27T20:33:09","guid":{"rendered":"http:\/\/noticiasradioreflejos.com.ar\/noticias\/?p=8428"},"modified":"2017-03-27T17:33:09","modified_gmt":"2017-03-27T20:33:09","slug":"exitosa-fiesta-de-los-80-en-el-tricolor","status":"publish","type":"post","link":"https:\/\/www.noticiasradioreflejos.com.ar\/2021\/exitosa-fiesta-de-los-80-en-el-tricolor\/","title":{"rendered":"\u00c9xitosa fiesta de los 80 en el Tricolor"},"content":{"rendered":"<p>El pasado s\u00e1bado 25 de Marzo se desarrollo la fiesta de los 80 en las Instalaciones del Club Atl\u00e9tico Ventana organizada por la Comisi\u00f3n de Hockey del Club. Fue un \u00e9xito total y con entradas agotadas.\u00a0<!--more-->Alrededor de 15o personas asistieron a la fiesta en la cual se bailo toda la noche al ritmo de los 80. Se realizaron concursos de baile en el que se eligi\u00f3 a la reyna y posteriormente al rey. Adem\u00e1s se sortearon m\u00e1s de 60 premios y todos los participantes de los juegos se llevaron regalos.<br \/>\nTodos los comercios de la Comarca dieron premios y asistieron a la fiesta colaborando para que la disciplina afronte los gastos necesarios para este nuevo a\u00f1o competitivo.<br \/>\nLa fiesta estuvo bajo la tem\u00e1tica del juego preguntas y respuestas que fue la atracci\u00f3n de la noche.<br \/>\nSeg\u00fan pudo saber este portal: \u00abSe recaudo m\u00e1s de lo esperado. Estuvo lleno de gente y se vendi\u00f3 todo. No ten\u00edamos m\u00e1s comida.\u00bb<br \/>\n\u00abEl resultado es positivo, el com\u00fan denominador de la gente se retiro feliz preguntando cuando se realizara la otra fiesta\u00bb \u00a0agrega la Profe Patricia de Hockey.<br \/>\n<strong>Queremos agradecer a la comunidad que nos ayudo, al DJ, al locutor Leonardo Strazzulla y a los padres y \u00a0de cada jugadoras y a las jugadoras que hicieron posible esto.<\/strong><br \/>\nClub Atl\u00e9tico Ventana<br \/>\n<a title=\"17500265_10212393940502378_1557076754_o\" href=\"http:\/\/farm3.staticflickr.com\/2813\/33558596671_71eda486cb_c.jpg\" rel=\"\"><img loading=\"lazy\" decoding=\"async\" class=\"aligncenter\" title=\"17500265_10212393940502378_1557076754_o\" src=\"http:\/\/farm3.staticflickr.com\/2813\/33558596671_71eda486cb_c.jpg\" alt=\"17500265_10212393940502378_1557076754_o\" width=\"800\" height=\"450\" \/><\/a><br \/>\n<a title=\"17548723_10212393942382425_1486875975_o\" href=\"http:\/\/farm3.staticflickr.com\/2858\/32874591363_22c4e6e0fc_c.jpg\" rel=\"\"><img loading=\"lazy\" decoding=\"async\" class=\"aligncenter\" title=\"17548723_10212393942382425_1486875975_o\" src=\"http:\/\/farm3.staticflickr.com\/2858\/32874591363_22c4e6e0fc_c.jpg\" alt=\"17548723_10212393942382425_1486875975_o\" width=\"800\" height=\"600\" \/><\/a><br \/>\n<a title=\"17549114_10212393942982440_143277133_o\" href=\"http:\/\/farm4.staticflickr.com\/3810\/33558598951_1f8de2e5ae_c.jpg\" rel=\"\"><img loading=\"lazy\" decoding=\"async\" class=\"aligncenter\" title=\"17549114_10212393942982440_143277133_o\" src=\"http:\/\/farm4.staticflickr.com\/3810\/33558598951_1f8de2e5ae_c.jpg\" alt=\"17549114_10212393942982440_143277133_o\" width=\"800\" height=\"600\" \/><\/a><br \/>\n<a title=\"17571298_10212393939982365_1624002454_o\" href=\"http:\/\/farm4.staticflickr.com\/3791\/33687909885_e191d9e820_c.jpg\" rel=\"\"><img loading=\"lazy\" decoding=\"async\" class=\"aligncenter\" title=\"17571298_10212393939982365_1624002454_o\" src=\"http:\/\/farm4.staticflickr.com\/3791\/33687909885_e191d9e820_c.jpg\" alt=\"17571298_10212393939982365_1624002454_o\" width=\"800\" height=\"600\" \/><\/a><br \/>\n<a title=\"17571674_10212393939382350_845165953_o\" href=\"http:\/\/farm4.staticflickr.com\/3840\/33687908415_a272620a68_c.jpg\" rel=\"\"><img loading=\"lazy\" decoding=\"async\" class=\"aligncenter\" title=\"17571674_10212393939382350_845165953_o\" src=\"http:\/\/farm4.staticflickr.com\/3840\/33687908415_a272620a68_c.jpg\" alt=\"17571674_10212393939382350_845165953_o\" width=\"800\" height=\"600\" \/><\/a><br \/>\n&nbsp;<\/p>\n","protected":false},"excerpt":{"rendered":"<p>El pasado s\u00e1bado 25 de Marzo se desarrollo la fiesta de los 80 en las Instalaciones del Club Atl\u00e9tico Ventana organizada por la Comisi\u00f3n de Hockey del Club. Fue un \u00e9xito total y con entradas agotadas.\u00a0<\/p>\n","protected":false},"author":3,"featured_media":0,"comment_status":"closed","ping_status":"open","sticky":false,"template":"","format":"standard","meta":{"footnotes":""},"categories":[27],"tags":[],"class_list":["post-8428","post","type-post","status-publish","format-standard","hentry","category-deportes"],"yoast_head":"<!-- This site is optimized with the Yoast SEO plugin v25.9 - https:\/\/yoast.com\/wordpress\/plugins\/seo\/ -->\n<title>\u00c9xitosa fiesta de los 80 en el Tricolor - Noticias Radio Reflejos<\/title>\n<meta name=\"robots\" content=\"index, follow, max-snippet:-1, max-image-preview:large, max-video-preview:-1\" \/>\n<link rel=\"canonical\" href=\"https:\/\/www.noticiasradioreflejos.com.ar\/2021\/exitosa-fiesta-de-los-80-en-el-tricolor\/\" \/>\n<meta property=\"og:locale\" content=\"es_ES\" \/>\n<meta property=\"og:type\" content=\"article\" \/>\n<meta property=\"og:title\" content=\"\u00c9xitosa fiesta de los 80 en el Tricolor - Noticias Radio Reflejos\" \/>\n<meta property=\"og:description\" content=\"El pasado s\u00e1bado 25 de Marzo se desarrollo la fiesta de los 80 en las Instalaciones del Club Atl\u00e9tico Ventana organizada por la Comisi\u00f3n de Hockey del Club. Fue un \u00e9xito total y con entradas agotadas.\u00a0\" \/>\n<meta property=\"og:url\" content=\"https:\/\/www.noticiasradioreflejos.com.ar\/2021\/exitosa-fiesta-de-los-80-en-el-tricolor\/\" \/>\n<meta property=\"og:site_name\" content=\"Noticias Radio Reflejos\" \/>\n<meta property=\"article:published_time\" content=\"2017-03-27T20:33:09+00:00\" \/>\n<meta property=\"og:image\" content=\"http:\/\/farm3.staticflickr.com\/2813\/33558596671_71eda486cb_c.jpg\" \/>\n<meta name=\"author\" content=\"Arnaldo Botto\" \/>\n<meta name=\"twitter:card\" content=\"summary_large_image\" \/>\n<script type=\"application\/ld+json\" class=\"yoast-schema-graph\">{\"@context\":\"https:\/\/schema.org\",\"@graph\":[{\"@type\":\"WebPage\",\"@id\":\"https:\/\/www.noticiasradioreflejos.com.ar\/2021\/exitosa-fiesta-de-los-80-en-el-tricolor\/\",\"url\":\"https:\/\/www.noticiasradioreflejos.com.ar\/2021\/exitosa-fiesta-de-los-80-en-el-tricolor\/\",\"name\":\"\u00c9xitosa fiesta de los 80 en el Tricolor - Noticias Radio Reflejos\",\"isPartOf\":{\"@id\":\"https:\/\/www.noticiasradioreflejos.com.ar\/2021\/#website\"},\"primaryImageOfPage\":{\"@id\":\"https:\/\/www.noticiasradioreflejos.com.ar\/2021\/exitosa-fiesta-de-los-80-en-el-tricolor\/#primaryimage\"},\"image\":{\"@id\":\"https:\/\/www.noticiasradioreflejos.com.ar\/2021\/exitosa-fiesta-de-los-80-en-el-tricolor\/#primaryimage\"},\"thumbnailUrl\":\"http:\/\/farm3.staticflickr.com\/2813\/33558596671_71eda486cb_c.jpg\",\"datePublished\":\"2017-03-27T20:33:09+00:00\",\"author\":{\"@id\":\"https:\/\/www.noticiasradioreflejos.com.ar\/2021\/#\/schema\/person\/ad82545263dcc5ec0996818884fd5fb1\"},\"breadcrumb\":{\"@id\":\"https:\/\/www.noticiasradioreflejos.com.ar\/2021\/exitosa-fiesta-de-los-80-en-el-tricolor\/#breadcrumb\"},\"inLanguage\":\"es\",\"potentialAction\":[{\"@type\":\"ReadAction\",\"target\":[\"https:\/\/www.noticiasradioreflejos.com.ar\/2021\/exitosa-fiesta-de-los-80-en-el-tricolor\/\"]}]},{\"@type\":\"ImageObject\",\"inLanguage\":\"es\",\"@id\":\"https:\/\/www.noticiasradioreflejos.com.ar\/2021\/exitosa-fiesta-de-los-80-en-el-tricolor\/#primaryimage\",\"url\":\"http:\/\/farm3.staticflickr.com\/2813\/33558596671_71eda486cb_c.jpg\",\"contentUrl\":\"http:\/\/farm3.staticflickr.com\/2813\/33558596671_71eda486cb_c.jpg\"},{\"@type\":\"BreadcrumbList\",\"@id\":\"https:\/\/www.noticiasradioreflejos.com.ar\/2021\/exitosa-fiesta-de-los-80-en-el-tricolor\/#breadcrumb\",\"itemListElement\":[{\"@type\":\"ListItem\",\"position\":1,\"name\":\"Portada\",\"item\":\"https:\/\/www.noticiasradioreflejos.com.ar\/2021\/\"},{\"@type\":\"ListItem\",\"position\":2,\"name\":\"\u00c9xitosa fiesta de los 80 en el Tricolor\"}]},{\"@type\":\"WebSite\",\"@id\":\"https:\/\/www.noticiasradioreflejos.com.ar\/2021\/#website\",\"url\":\"https:\/\/www.noticiasradioreflejos.com.ar\/2021\/\",\"name\":\"Noticias Radio Reflejos\",\"description\":\"Las noticias de mi comarca\",\"potentialAction\":[{\"@type\":\"SearchAction\",\"target\":{\"@type\":\"EntryPoint\",\"urlTemplate\":\"https:\/\/www.noticiasradioreflejos.com.ar\/2021\/?s={search_term_string}\"},\"query-input\":{\"@type\":\"PropertyValueSpecification\",\"valueRequired\":true,\"valueName\":\"search_term_string\"}}],\"inLanguage\":\"es\"},{\"@type\":\"Person\",\"@id\":\"https:\/\/www.noticiasradioreflejos.com.ar\/2021\/#\/schema\/person\/ad82545263dcc5ec0996818884fd5fb1\",\"name\":\"Arnaldo Botto\",\"image\":{\"@type\":\"ImageObject\",\"inLanguage\":\"es\",\"@id\":\"https:\/\/www.noticiasradioreflejos.com.ar\/2021\/#\/schema\/person\/image\/\",\"url\":\"https:\/\/secure.gravatar.com\/avatar\/55cb5e37c1efa326397366e6974cb338056df65cb50e7d64d1cf314e87504837?s=96&d=mm&r=g\",\"contentUrl\":\"https:\/\/secure.gravatar.com\/avatar\/55cb5e37c1efa326397366e6974cb338056df65cb50e7d64d1cf314e87504837?s=96&d=mm&r=g\",\"caption\":\"Arnaldo Botto\"},\"url\":\"https:\/\/www.noticiasradioreflejos.com.ar\/2021\/author\/arnaldo\/\"}]}<\/script>\n<!-- \/ Yoast SEO plugin. -->","yoast_head_json":{"title":"\u00c9xitosa fiesta de los 80 en el Tricolor - Noticias Radio Reflejos","robots":{"index":"index","follow":"follow","max-snippet":"max-snippet:-1","max-image-preview":"max-image-preview:large","max-video-preview":"max-video-preview:-1"},"canonical":"https:\/\/www.noticiasradioreflejos.com.ar\/2021\/exitosa-fiesta-de-los-80-en-el-tricolor\/","og_locale":"es_ES","og_type":"article","og_title":"\u00c9xitosa fiesta de los 80 en el Tricolor - Noticias Radio Reflejos","og_description":"El pasado s\u00e1bado 25 de Marzo se desarrollo la fiesta de los 80 en las Instalaciones del Club Atl\u00e9tico Ventana organizada por la Comisi\u00f3n de Hockey del Club. Fue un \u00e9xito total y con entradas agotadas.\u00a0","og_url":"https:\/\/www.noticiasradioreflejos.com.ar\/2021\/exitosa-fiesta-de-los-80-en-el-tricolor\/","og_site_name":"Noticias Radio Reflejos","article_published_time":"2017-03-27T20:33:09+00:00","og_image":[{"url":"http:\/\/farm3.staticflickr.com\/2813\/33558596671_71eda486cb_c.jpg","type":"","width":"","height":""}],"author":"Arnaldo Botto","twitter_card":"summary_large_image","schema":{"@context":"https:\/\/schema.org","@graph":[{"@type":"WebPage","@id":"https:\/\/www.noticiasradioreflejos.com.ar\/2021\/exitosa-fiesta-de-los-80-en-el-tricolor\/","url":"https:\/\/www.noticiasradioreflejos.com.ar\/2021\/exitosa-fiesta-de-los-80-en-el-tricolor\/","name":"\u00c9xitosa fiesta de los 80 en el Tricolor - Noticias Radio Reflejos","isPartOf":{"@id":"https:\/\/www.noticiasradioreflejos.com.ar\/2021\/#website"},"primaryImageOfPage":{"@id":"https:\/\/www.noticiasradioreflejos.com.ar\/2021\/exitosa-fiesta-de-los-80-en-el-tricolor\/#primaryimage"},"image":{"@id":"https:\/\/www.noticiasradioreflejos.com.ar\/2021\/exitosa-fiesta-de-los-80-en-el-tricolor\/#primaryimage"},"thumbnailUrl":"http:\/\/farm3.staticflickr.com\/2813\/33558596671_71eda486cb_c.jpg","datePublished":"2017-03-27T20:33:09+00:00","author":{"@id":"https:\/\/www.noticiasradioreflejos.com.ar\/2021\/#\/schema\/person\/ad82545263dcc5ec0996818884fd5fb1"},"breadcrumb":{"@id":"https:\/\/www.noticiasradioreflejos.com.ar\/2021\/exitosa-fiesta-de-los-80-en-el-tricolor\/#breadcrumb"},"inLanguage":"es","potentialAction":[{"@type":"ReadAction","target":["https:\/\/www.noticiasradioreflejos.com.ar\/2021\/exitosa-fiesta-de-los-80-en-el-tricolor\/"]}]},{"@type":"ImageObject","inLanguage":"es","@id":"https:\/\/www.noticiasradioreflejos.com.ar\/2021\/exitosa-fiesta-de-los-80-en-el-tricolor\/#primaryimage","url":"http:\/\/farm3.staticflickr.com\/2813\/33558596671_71eda486cb_c.jpg","contentUrl":"http:\/\/farm3.staticflickr.com\/2813\/33558596671_71eda486cb_c.jpg"},{"@type":"BreadcrumbList","@id":"https:\/\/www.noticiasradioreflejos.com.ar\/2021\/exitosa-fiesta-de-los-80-en-el-tricolor\/#breadcrumb","itemListElement":[{"@type":"ListItem","position":1,"name":"Portada","item":"https:\/\/www.noticiasradioreflejos.com.ar\/2021\/"},{"@type":"ListItem","position":2,"name":"\u00c9xitosa fiesta de los 80 en el Tricolor"}]},{"@type":"WebSite","@id":"https:\/\/www.noticiasradioreflejos.com.ar\/2021\/#website","url":"https:\/\/www.noticiasradioreflejos.com.ar\/2021\/","name":"Noticias Radio Reflejos","description":"Las noticias de mi comarca","potentialAction":[{"@type":"SearchAction","target":{"@type":"EntryPoint","urlTemplate":"https:\/\/www.noticiasradioreflejos.com.ar\/2021\/?s={search_term_string}"},"query-input":{"@type":"PropertyValueSpecification","valueRequired":true,"valueName":"search_term_string"}}],"inLanguage":"es"},{"@type":"Person","@id":"https:\/\/www.noticiasradioreflejos.com.ar\/2021\/#\/schema\/person\/ad82545263dcc5ec0996818884fd5fb1","name":"Arnaldo Botto","image":{"@type":"ImageObject","inLanguage":"es","@id":"https:\/\/www.noticiasradioreflejos.com.ar\/2021\/#\/schema\/person\/image\/","url":"https:\/\/secure.gravatar.com\/avatar\/55cb5e37c1efa326397366e6974cb338056df65cb50e7d64d1cf314e87504837?s=96&d=mm&r=g","contentUrl":"https:\/\/secure.gravatar.com\/avatar\/55cb5e37c1efa326397366e6974cb338056df65cb50e7d64d1cf314e87504837?s=96&d=mm&r=g","caption":"Arnaldo Botto"},"url":"https:\/\/www.noticiasradioreflejos.com.ar\/2021\/author\/arnaldo\/"}]}},"_links":{"self":[{"href":"https:\/\/www.noticiasradioreflejos.com.ar\/2021\/wp-json\/wp\/v2\/posts\/8428","targetHints":{"allow":["GET"]}}],"collection":[{"href":"https:\/\/www.noticiasradioreflejos.com.ar\/2021\/wp-json\/wp\/v2\/posts"}],"about":[{"href":"https:\/\/www.noticiasradioreflejos.com.ar\/2021\/wp-json\/wp\/v2\/types\/post"}],"author":[{"embeddable":true,"href":"https:\/\/www.noticiasradioreflejos.com.ar\/2021\/wp-json\/wp\/v2\/users\/3"}],"replies":[{"embeddable":true,"href":"https:\/\/www.noticiasradioreflejos.com.ar\/2021\/wp-json\/wp\/v2\/comments?post=8428"}],"version-history":[{"count":0,"href":"https:\/\/www.noticiasradioreflejos.com.ar\/2021\/wp-json\/wp\/v2\/posts\/8428\/revisions"}],"wp:attachment":[{"href":"https:\/\/www.noticiasradioreflejos.com.ar\/2021\/wp-json\/wp\/v2\/media?parent=8428"}],"wp:term":[{"taxonomy":"category","embeddable":true,"href":"https:\/\/www.noticiasradioreflejos.com.ar\/2021\/wp-json\/wp\/v2\/categories?post=8428"},{"taxonomy":"post_tag","embeddable":true,"href":"https:\/\/www.noticiasradioreflejos.com.ar\/2021\/wp-json\/wp\/v2\/tags?post=8428"}],"curies":[{"name":"wp","href":"https:\/\/api.w.org\/{rel}","templated":true}]}}