{"id":84278,"date":"2023-02-17T11:38:13","date_gmt":"2023-02-17T11:38:13","guid":{"rendered":"https:\/\/www.noticiasradioreflejos.com.ar\/2021\/?p=84278"},"modified":"2023-02-17T11:38:13","modified_gmt":"2023-02-17T11:38:13","slug":"afip-reglamenta-reintegros-para-compras-en-carnicerias-con-tarjetas-de-debito-hasta-fin-de-ano","status":"publish","type":"post","link":"https:\/\/www.noticiasradioreflejos.com.ar\/2021\/afip-reglamenta-reintegros-para-compras-en-carnicerias-con-tarjetas-de-debito-hasta-fin-de-ano\/","title":{"rendered":"AFIP reglamenta reintegros para compras en carnicer\u00edas con tarjetas de d\u00e9bito hasta fin de a\u00f1o"},"content":{"rendered":"<p>La Administraci\u00f3n Federal de Ingresos P\u00fablicos (AFIP) estableci\u00f3 el r\u00e9gimen de reintegros del 10% para consumidores finales que realicen compras en carnicer\u00edas con tarjeta de d\u00e9bito, prepagas o similares asociadas a cuentas abiertas en entidades financieras o fintech, a trav\u00e9s de la resoluci\u00f3n general 5330\/2023 publicada hoy en el Bolet\u00edn Oficial.<!--more--><\/p>\n<p>La medida entrar\u00e1 en vigencia el 1 de marzo, y se extender\u00e1 hasta el 31 de diciembre de este a\u00f1o, e incluye un diferimiento por 90 d\u00edas en el pago de obligaciones impositivas a los comercios enmarcados en esta actividad.<\/p>\n<p>El beneficio instrumentado consiste en un reintegro del 10% del monto de la operaci\u00f3n realizada en establecimientos dedicados a la comercializaci\u00f3n de carne vacuna, con un tope de devoluci\u00f3n de hasta $ 2.000 mensuales.<\/p>\n<p>Estar\u00e1 vigente para las transacciones mediante terminales de pago como por medio de c\u00f3digos QR.<\/p>\n<p>Las entidades financieras deber\u00e1n acreditar la suma en las cuentas de los consumidores finales a los cuatro d\u00edas de concretada la operaci\u00f3n, y el detalle deber\u00e1 figurar en el resumen de cuenta f\u00edsico o electr\u00f3nico de los clientes.<\/p>\n<p>Para ello, el organismo conducido por Carlos Castagneto cre\u00f3 un nuevo Registro de Carnicer\u00edas.<\/p>\n<p>Los comercios que revistan la categor\u00eda de responsable inscripto o sean monotributistas con hasta tres empleados declarados, ser\u00e1n incorporados de manera autom\u00e1tica.<\/p>\n<p>El resto de los contribuyentes deber\u00e1 inscribirse a trav\u00e9s del Sistema Registral del sitio web del organismo.<\/p>\n<p>All\u00ed deber\u00e1n seleccionar la opci\u00f3n Registros Especiales, luego Caracter\u00edsticas y Registros Especiales, y seleccionar la caracterizaci\u00f3n Carnicer\u00edas Minoristas &#8211; R\u00e9gimen de reintegro.<\/p>\n<p>Al mismo tiempo y como parte del programa integral de impulso a la producci\u00f3n y consumo de carne vacuna anunciado esta semana por el Gobierno, la norma otorga a los comercios inscriptos en el r\u00e9gimen tres meses de gracia para el pago del IVA o del componente impositivo del monotributo en los casos en que est\u00e9n adheridos al r\u00e9gimen simplificado.<\/p>\n<p>Por su parte, los consumidores podr\u00e1n acceder al listado de comercios inscriptos en el sitio web de la AFIP, as\u00ed como el de las entidades financieras y fintech que se incorporen al r\u00e9gimen de reintegros.<\/p>\n<p>\u201cEl objetivo de esta medida es estimular la formalizaci\u00f3n de la econom\u00eda y el cumplimiento tributario\u201d, destac\u00f3 el organismo en un comunicado.<\/p>\n","protected":false},"excerpt":{"rendered":"<p>La Administraci\u00f3n Federal de Ingresos P\u00fablicos (AFIP) estableci\u00f3 el r\u00e9gimen de reintegros del 10% para consumidores finales que realicen compras en carnicer\u00edas con tarjeta de d\u00e9bito, prepagas o similares asociadas a cuentas abiertas en entidades financieras o fintech, a trav\u00e9s de la resoluci\u00f3n general 5330\/2023 publicada hoy en el Bolet\u00edn Oficial.<\/p>\n","protected":false},"author":3,"featured_media":61205,"comment_status":"closed","ping_status":"closed","sticky":false,"template":"","format":"standard","meta":{"footnotes":""},"categories":[36,58],"tags":[],"class_list":["post-84278","post","type-post","status-publish","format-standard","has-post-thumbnail","hentry","category-economia","category-gobierno"],"yoast_head":"<!-- This site is optimized with the Yoast SEO plugin v25.9 - https:\/\/yoast.com\/wordpress\/plugins\/seo\/ -->\n<title>AFIP reglamenta reintegros para compras en carnicer\u00edas con tarjetas de d\u00e9bito hasta fin de a\u00f1o - Noticias Radio Reflejos<\/title>\n<meta name=\"robots\" content=\"index, follow, max-snippet:-1, max-image-preview:large, max-video-preview:-1\" \/>\n<link rel=\"canonical\" href=\"https:\/\/www.noticiasradioreflejos.com.ar\/2021\/afip-reglamenta-reintegros-para-compras-en-carnicerias-con-tarjetas-de-debito-hasta-fin-de-ano\/\" \/>\n<meta property=\"og:locale\" content=\"es_ES\" \/>\n<meta property=\"og:type\" content=\"article\" \/>\n<meta property=\"og:title\" content=\"AFIP reglamenta reintegros para compras en carnicer\u00edas con tarjetas de d\u00e9bito hasta fin de a\u00f1o - Noticias Radio Reflejos\" \/>\n<meta property=\"og:description\" content=\"La Administraci\u00f3n Federal de Ingresos P\u00fablicos (AFIP) estableci\u00f3 el r\u00e9gimen de reintegros del 10% para consumidores finales que realicen compras en carnicer\u00edas con tarjeta de d\u00e9bito, prepagas o similares asociadas a cuentas abiertas en entidades financieras o fintech, a trav\u00e9s de la resoluci\u00f3n general 5330\/2023 publicada hoy en el Bolet\u00edn Oficial.\" \/>\n<meta property=\"og:url\" content=\"https:\/\/www.noticiasradioreflejos.com.ar\/2021\/afip-reglamenta-reintegros-para-compras-en-carnicerias-con-tarjetas-de-debito-hasta-fin-de-ano\/\" \/>\n<meta property=\"og:site_name\" content=\"Noticias Radio Reflejos\" \/>\n<meta property=\"article:published_time\" content=\"2023-02-17T11:38:13+00:00\" \/>\n<meta property=\"og:image\" content=\"https:\/\/www.noticiasradioreflejos.com.ar\/2021\/wp-content\/uploads\/2021\/08\/Maquinaria-para-carniceria-equipo-e-insumos-para-alimentos-y-aseo-para-carniceria-panaderias-restaurantes-y-la-industria-gastronomica.jpg\" \/>\n\t<meta property=\"og:image:width\" content=\"981\" \/>\n\t<meta property=\"og:image:height\" content=\"550\" \/>\n\t<meta property=\"og:image:type\" content=\"image\/jpeg\" \/>\n<meta name=\"author\" content=\"Arnaldo Botto\" \/>\n<meta name=\"twitter:card\" content=\"summary_large_image\" \/>\n<script type=\"application\/ld+json\" class=\"yoast-schema-graph\">{\"@context\":\"https:\/\/schema.org\",\"@graph\":[{\"@type\":\"WebPage\",\"@id\":\"https:\/\/www.noticiasradioreflejos.com.ar\/2021\/afip-reglamenta-reintegros-para-compras-en-carnicerias-con-tarjetas-de-debito-hasta-fin-de-ano\/\",\"url\":\"https:\/\/www.noticiasradioreflejos.com.ar\/2021\/afip-reglamenta-reintegros-para-compras-en-carnicerias-con-tarjetas-de-debito-hasta-fin-de-ano\/\",\"name\":\"AFIP reglamenta reintegros para compras en carnicer\u00edas con tarjetas de d\u00e9bito hasta fin de a\u00f1o - Noticias Radio Reflejos\",\"isPartOf\":{\"@id\":\"https:\/\/www.noticiasradioreflejos.com.ar\/2021\/#website\"},\"primaryImageOfPage\":{\"@id\":\"https:\/\/www.noticiasradioreflejos.com.ar\/2021\/afip-reglamenta-reintegros-para-compras-en-carnicerias-con-tarjetas-de-debito-hasta-fin-de-ano\/#primaryimage\"},\"image\":{\"@id\":\"https:\/\/www.noticiasradioreflejos.com.ar\/2021\/afip-reglamenta-reintegros-para-compras-en-carnicerias-con-tarjetas-de-debito-hasta-fin-de-ano\/#primaryimage\"},\"thumbnailUrl\":\"https:\/\/www.noticiasradioreflejos.com.ar\/2021\/wp-content\/uploads\/2021\/08\/Maquinaria-para-carniceria-equipo-e-insumos-para-alimentos-y-aseo-para-carniceria-panaderias-restaurantes-y-la-industria-gastronomica.jpg\",\"datePublished\":\"2023-02-17T11:38:13+00:00\",\"author\":{\"@id\":\"https:\/\/www.noticiasradioreflejos.com.ar\/2021\/#\/schema\/person\/ad82545263dcc5ec0996818884fd5fb1\"},\"breadcrumb\":{\"@id\":\"https:\/\/www.noticiasradioreflejos.com.ar\/2021\/afip-reglamenta-reintegros-para-compras-en-carnicerias-con-tarjetas-de-debito-hasta-fin-de-ano\/#breadcrumb\"},\"inLanguage\":\"es\",\"potentialAction\":[{\"@type\":\"ReadAction\",\"target\":[\"https:\/\/www.noticiasradioreflejos.com.ar\/2021\/afip-reglamenta-reintegros-para-compras-en-carnicerias-con-tarjetas-de-debito-hasta-fin-de-ano\/\"]}]},{\"@type\":\"ImageObject\",\"inLanguage\":\"es\",\"@id\":\"https:\/\/www.noticiasradioreflejos.com.ar\/2021\/afip-reglamenta-reintegros-para-compras-en-carnicerias-con-tarjetas-de-debito-hasta-fin-de-ano\/#primaryimage\",\"url\":\"https:\/\/www.noticiasradioreflejos.com.ar\/2021\/wp-content\/uploads\/2021\/08\/Maquinaria-para-carniceria-equipo-e-insumos-para-alimentos-y-aseo-para-carniceria-panaderias-restaurantes-y-la-industria-gastronomica.jpg\",\"contentUrl\":\"https:\/\/www.noticiasradioreflejos.com.ar\/2021\/wp-content\/uploads\/2021\/08\/Maquinaria-para-carniceria-equipo-e-insumos-para-alimentos-y-aseo-para-carniceria-panaderias-restaurantes-y-la-industria-gastronomica.jpg\",\"width\":981,\"height\":550},{\"@type\":\"BreadcrumbList\",\"@id\":\"https:\/\/www.noticiasradioreflejos.com.ar\/2021\/afip-reglamenta-reintegros-para-compras-en-carnicerias-con-tarjetas-de-debito-hasta-fin-de-ano\/#breadcrumb\",\"itemListElement\":[{\"@type\":\"ListItem\",\"position\":1,\"name\":\"Portada\",\"item\":\"https:\/\/www.noticiasradioreflejos.com.ar\/2021\/\"},{\"@type\":\"ListItem\",\"position\":2,\"name\":\"AFIP reglamenta reintegros para compras en carnicer\u00edas con tarjetas de d\u00e9bito hasta fin de a\u00f1o\"}]},{\"@type\":\"WebSite\",\"@id\":\"https:\/\/www.noticiasradioreflejos.com.ar\/2021\/#website\",\"url\":\"https:\/\/www.noticiasradioreflejos.com.ar\/2021\/\",\"name\":\"Noticias Radio Reflejos\",\"description\":\"Las noticias de mi comarca\",\"potentialAction\":[{\"@type\":\"SearchAction\",\"target\":{\"@type\":\"EntryPoint\",\"urlTemplate\":\"https:\/\/www.noticiasradioreflejos.com.ar\/2021\/?s={search_term_string}\"},\"query-input\":{\"@type\":\"PropertyValueSpecification\",\"valueRequired\":true,\"valueName\":\"search_term_string\"}}],\"inLanguage\":\"es\"},{\"@type\":\"Person\",\"@id\":\"https:\/\/www.noticiasradioreflejos.com.ar\/2021\/#\/schema\/person\/ad82545263dcc5ec0996818884fd5fb1\",\"name\":\"Arnaldo Botto\",\"image\":{\"@type\":\"ImageObject\",\"inLanguage\":\"es\",\"@id\":\"https:\/\/www.noticiasradioreflejos.com.ar\/2021\/#\/schema\/person\/image\/\",\"url\":\"https:\/\/secure.gravatar.com\/avatar\/55cb5e37c1efa326397366e6974cb338056df65cb50e7d64d1cf314e87504837?s=96&d=mm&r=g\",\"contentUrl\":\"https:\/\/secure.gravatar.com\/avatar\/55cb5e37c1efa326397366e6974cb338056df65cb50e7d64d1cf314e87504837?s=96&d=mm&r=g\",\"caption\":\"Arnaldo Botto\"},\"url\":\"https:\/\/www.noticiasradioreflejos.com.ar\/2021\/author\/arnaldo\/\"}]}<\/script>\n<!-- \/ Yoast SEO plugin. -->","yoast_head_json":{"title":"AFIP reglamenta reintegros para compras en carnicer\u00edas con tarjetas de d\u00e9bito hasta fin de a\u00f1o - Noticias Radio Reflejos","robots":{"index":"index","follow":"follow","max-snippet":"max-snippet:-1","max-image-preview":"max-image-preview:large","max-video-preview":"max-video-preview:-1"},"canonical":"https:\/\/www.noticiasradioreflejos.com.ar\/2021\/afip-reglamenta-reintegros-para-compras-en-carnicerias-con-tarjetas-de-debito-hasta-fin-de-ano\/","og_locale":"es_ES","og_type":"article","og_title":"AFIP reglamenta reintegros para compras en carnicer\u00edas con tarjetas de d\u00e9bito hasta fin de a\u00f1o - Noticias Radio Reflejos","og_description":"La Administraci\u00f3n Federal de Ingresos P\u00fablicos (AFIP) estableci\u00f3 el r\u00e9gimen de reintegros del 10% para consumidores finales que realicen compras en carnicer\u00edas con tarjeta de d\u00e9bito, prepagas o similares asociadas a cuentas abiertas en entidades financieras o fintech, a trav\u00e9s de la resoluci\u00f3n general 5330\/2023 publicada hoy en el Bolet\u00edn Oficial.","og_url":"https:\/\/www.noticiasradioreflejos.com.ar\/2021\/afip-reglamenta-reintegros-para-compras-en-carnicerias-con-tarjetas-de-debito-hasta-fin-de-ano\/","og_site_name":"Noticias Radio Reflejos","article_published_time":"2023-02-17T11:38:13+00:00","og_image":[{"width":981,"height":550,"url":"https:\/\/www.noticiasradioreflejos.com.ar\/2021\/wp-content\/uploads\/2021\/08\/Maquinaria-para-carniceria-equipo-e-insumos-para-alimentos-y-aseo-para-carniceria-panaderias-restaurantes-y-la-industria-gastronomica.jpg","type":"image\/jpeg"}],"author":"Arnaldo Botto","twitter_card":"summary_large_image","schema":{"@context":"https:\/\/schema.org","@graph":[{"@type":"WebPage","@id":"https:\/\/www.noticiasradioreflejos.com.ar\/2021\/afip-reglamenta-reintegros-para-compras-en-carnicerias-con-tarjetas-de-debito-hasta-fin-de-ano\/","url":"https:\/\/www.noticiasradioreflejos.com.ar\/2021\/afip-reglamenta-reintegros-para-compras-en-carnicerias-con-tarjetas-de-debito-hasta-fin-de-ano\/","name":"AFIP reglamenta reintegros para compras en carnicer\u00edas con tarjetas de d\u00e9bito hasta fin de a\u00f1o - Noticias Radio Reflejos","isPartOf":{"@id":"https:\/\/www.noticiasradioreflejos.com.ar\/2021\/#website"},"primaryImageOfPage":{"@id":"https:\/\/www.noticiasradioreflejos.com.ar\/2021\/afip-reglamenta-reintegros-para-compras-en-carnicerias-con-tarjetas-de-debito-hasta-fin-de-ano\/#primaryimage"},"image":{"@id":"https:\/\/www.noticiasradioreflejos.com.ar\/2021\/afip-reglamenta-reintegros-para-compras-en-carnicerias-con-tarjetas-de-debito-hasta-fin-de-ano\/#primaryimage"},"thumbnailUrl":"https:\/\/www.noticiasradioreflejos.com.ar\/2021\/wp-content\/uploads\/2021\/08\/Maquinaria-para-carniceria-equipo-e-insumos-para-alimentos-y-aseo-para-carniceria-panaderias-restaurantes-y-la-industria-gastronomica.jpg","datePublished":"2023-02-17T11:38:13+00:00","author":{"@id":"https:\/\/www.noticiasradioreflejos.com.ar\/2021\/#\/schema\/person\/ad82545263dcc5ec0996818884fd5fb1"},"breadcrumb":{"@id":"https:\/\/www.noticiasradioreflejos.com.ar\/2021\/afip-reglamenta-reintegros-para-compras-en-carnicerias-con-tarjetas-de-debito-hasta-fin-de-ano\/#breadcrumb"},"inLanguage":"es","potentialAction":[{"@type":"ReadAction","target":["https:\/\/www.noticiasradioreflejos.com.ar\/2021\/afip-reglamenta-reintegros-para-compras-en-carnicerias-con-tarjetas-de-debito-hasta-fin-de-ano\/"]}]},{"@type":"ImageObject","inLanguage":"es","@id":"https:\/\/www.noticiasradioreflejos.com.ar\/2021\/afip-reglamenta-reintegros-para-compras-en-carnicerias-con-tarjetas-de-debito-hasta-fin-de-ano\/#primaryimage","url":"https:\/\/www.noticiasradioreflejos.com.ar\/2021\/wp-content\/uploads\/2021\/08\/Maquinaria-para-carniceria-equipo-e-insumos-para-alimentos-y-aseo-para-carniceria-panaderias-restaurantes-y-la-industria-gastronomica.jpg","contentUrl":"https:\/\/www.noticiasradioreflejos.com.ar\/2021\/wp-content\/uploads\/2021\/08\/Maquinaria-para-carniceria-equipo-e-insumos-para-alimentos-y-aseo-para-carniceria-panaderias-restaurantes-y-la-industria-gastronomica.jpg","width":981,"height":550},{"@type":"BreadcrumbList","@id":"https:\/\/www.noticiasradioreflejos.com.ar\/2021\/afip-reglamenta-reintegros-para-compras-en-carnicerias-con-tarjetas-de-debito-hasta-fin-de-ano\/#breadcrumb","itemListElement":[{"@type":"ListItem","position":1,"name":"Portada","item":"https:\/\/www.noticiasradioreflejos.com.ar\/2021\/"},{"@type":"ListItem","position":2,"name":"AFIP reglamenta reintegros para compras en carnicer\u00edas con tarjetas de d\u00e9bito hasta fin de a\u00f1o"}]},{"@type":"WebSite","@id":"https:\/\/www.noticiasradioreflejos.com.ar\/2021\/#website","url":"https:\/\/www.noticiasradioreflejos.com.ar\/2021\/","name":"Noticias Radio Reflejos","description":"Las noticias de mi comarca","potentialAction":[{"@type":"SearchAction","target":{"@type":"EntryPoint","urlTemplate":"https:\/\/www.noticiasradioreflejos.com.ar\/2021\/?s={search_term_string}"},"query-input":{"@type":"PropertyValueSpecification","valueRequired":true,"valueName":"search_term_string"}}],"inLanguage":"es"},{"@type":"Person","@id":"https:\/\/www.noticiasradioreflejos.com.ar\/2021\/#\/schema\/person\/ad82545263dcc5ec0996818884fd5fb1","name":"Arnaldo Botto","image":{"@type":"ImageObject","inLanguage":"es","@id":"https:\/\/www.noticiasradioreflejos.com.ar\/2021\/#\/schema\/person\/image\/","url":"https:\/\/secure.gravatar.com\/avatar\/55cb5e37c1efa326397366e6974cb338056df65cb50e7d64d1cf314e87504837?s=96&d=mm&r=g","contentUrl":"https:\/\/secure.gravatar.com\/avatar\/55cb5e37c1efa326397366e6974cb338056df65cb50e7d64d1cf314e87504837?s=96&d=mm&r=g","caption":"Arnaldo Botto"},"url":"https:\/\/www.noticiasradioreflejos.com.ar\/2021\/author\/arnaldo\/"}]}},"_links":{"self":[{"href":"https:\/\/www.noticiasradioreflejos.com.ar\/2021\/wp-json\/wp\/v2\/posts\/84278","targetHints":{"allow":["GET"]}}],"collection":[{"href":"https:\/\/www.noticiasradioreflejos.com.ar\/2021\/wp-json\/wp\/v2\/posts"}],"about":[{"href":"https:\/\/www.noticiasradioreflejos.com.ar\/2021\/wp-json\/wp\/v2\/types\/post"}],"author":[{"embeddable":true,"href":"https:\/\/www.noticiasradioreflejos.com.ar\/2021\/wp-json\/wp\/v2\/users\/3"}],"replies":[{"embeddable":true,"href":"https:\/\/www.noticiasradioreflejos.com.ar\/2021\/wp-json\/wp\/v2\/comments?post=84278"}],"version-history":[{"count":1,"href":"https:\/\/www.noticiasradioreflejos.com.ar\/2021\/wp-json\/wp\/v2\/posts\/84278\/revisions"}],"predecessor-version":[{"id":84279,"href":"https:\/\/www.noticiasradioreflejos.com.ar\/2021\/wp-json\/wp\/v2\/posts\/84278\/revisions\/84279"}],"wp:featuredmedia":[{"embeddable":true,"href":"https:\/\/www.noticiasradioreflejos.com.ar\/2021\/wp-json\/wp\/v2\/media\/61205"}],"wp:attachment":[{"href":"https:\/\/www.noticiasradioreflejos.com.ar\/2021\/wp-json\/wp\/v2\/media?parent=84278"}],"wp:term":[{"taxonomy":"category","embeddable":true,"href":"https:\/\/www.noticiasradioreflejos.com.ar\/2021\/wp-json\/wp\/v2\/categories?post=84278"},{"taxonomy":"post_tag","embeddable":true,"href":"https:\/\/www.noticiasradioreflejos.com.ar\/2021\/wp-json\/wp\/v2\/tags?post=84278"}],"curies":[{"name":"wp","href":"https:\/\/api.w.org\/{rel}","templated":true}]}}