{"id":84272,"date":"2023-02-17T11:34:58","date_gmt":"2023-02-17T11:34:58","guid":{"rendered":"https:\/\/www.noticiasradioreflejos.com.ar\/2021\/?p=84272"},"modified":"2023-02-17T13:40:16","modified_gmt":"2023-02-17T13:40:16","slug":"llueve-con-intensidad-desde-hace-horas-en-sierra-de-la-ventana-y-la-minima-llego-a-4-8","status":"publish","type":"post","link":"https:\/\/www.noticiasradioreflejos.com.ar\/2021\/llueve-con-intensidad-desde-hace-horas-en-sierra-de-la-ventana-y-la-minima-llego-a-4-8\/","title":{"rendered":"Llueve con intensidad desde hace horas en Sierra de la Ventana y la m\u00ednima lleg\u00f3 a 4.8\u00b0.."},"content":{"rendered":"<p>Desde la madrugada de este viernes llueve en forma copiosa en toda la zona serrana. Hubo r\u00e1fagas de viento que alcanzaron los 55 kms\/h y la temperatura con un registro hist\u00f3rico de 4,8\u00b0 de m\u00ednima.<!--more--><\/p>\n<p><a title=\"alerta en la costa\" href=\"https:\/\/www.flickr.com\/photos\/182279889@N02\/52694639998\/in\/dateposted-public\/\" data-flickr-embed=\"true\"><img loading=\"lazy\" decoding=\"async\" class=\"alignleft\" src=\"https:\/\/live.staticflickr.com\/65535\/52694639998_ab954acb1e_c.jpg\" alt=\"alerta en la costa\" width=\"341\" height=\"578\" \/><\/a><script async src=\"\/\/embedr.flickr.com\/assets\/client-code.js\" charset=\"utf-8\"><\/script>El centro urbano de la localidad serrana muestra una fisonom\u00eda que hac\u00eda tiempo no se ve\u00eda. Llueve desde las 2 de la madrugada en forma continua y con relativa intensidad, llegando a los 35 mm hasta las 8 horas. Las r\u00e1fagas de viento del sur, y SO alcanzaron marcas de 55 Kms\/h. pero no se registran da\u00f1os y los servicios funcionan bien hasta el momento.<\/p>\n<p>El pron\u00f3stico indica que tendremos una jornada con lluvias hasta pasado el mediod\u00eda de hoy, con fuertes r\u00e1fagas de viento que podr\u00eda alcanzar los 60 km\/h. Las condiciones mejorar\u00edan para la noche de hoy y ma\u00f1ana s\u00e1bado tendremos en la comarca serrana un d\u00eda soleado con una m\u00e1xima de 22\u00b0 y vientos suaves del oeste.<\/p>\n<h4 id=\"titulo_cable\" class=\"title\">CABA y la Costa Atl\u00e1ntica bonaerense bajo alerta amarilla por fuertes vientos<\/h4>\n<div id=\"div_cuerpo\" class=\"content cable-content\">\n<p>El Servicio Meteorol\u00f3gico Nacional (SMN) emiti\u00f3 alertas amarillas por vientos fuertes del sector sur para la Ciudad de Buenos Aires y gran parte del centro y sur de la provincia de Buenos Aires, incluida la costa atl\u00e1ntica.<\/p>\n<p>El \u00e1rea ser\u00e1 afectada por vientos del sector sur con velocidades entre 40 y 60 kil\u00f3metros por hora y r\u00e1fagas que pueden superar los 75 kil\u00f3metros por hora, lo que provoc\u00f3 un marcado descenso de las temperaturas para esta \u00e9poca de verano.<\/p>\n<p>En CABA y La Plata las m\u00ednimas se ubican entre 6-9 grados de m\u00ednima y los 18-19 grados de m\u00e1xima, mientras que en Mar del Plata y otras playas bonaerenses se pronostican lluvias y temperaturas de entre 7 y 15 grados, para ambos extremos.<\/p>\n<p>M\u00e1s hacia el centro bonaerense, tambi\u00e9n est\u00e1n bajo alerta amarilla por vientos fuertes varias localidades como Tandil, Olavarr\u00eda, Laprida, Azul, Saladillo, Navarro, entre otras, y en el sur alcanza a varias ciudades como Bah\u00eda Blanca, P\u00faan y Carmen de Patagones.<\/p>\n<p>El SMN recomend\u00f3 a los pobladores de las zonas bajo alerta evitar actividades al aire libre y asegurar los elementos que puedan volarse.<\/p>\n<\/div>\n<p>&nbsp;<\/p>\n<h4>Registro de lluvias en la regi\u00f3n hasta las 8 hs.<\/h4>\n<p>34.8 mm en Sierra de la Ventana<br \/>\n30 mm en Calqu\u00edn<br \/>\n35 mm en Villa Ventana<br \/>\n9 mm en Tornquist<br \/>\n4 mm en Tres Picos<br \/>\n5 mm en Chasic\u00f3<br \/>\n22 mm en Frapal<br \/>\n36 mm en Cabildo<br \/>\n34 mm en Saldungaray<br \/>\n4 mm en Funke<br \/>\n7 mm en Dufaur<br \/>\n19 mm en El Pantanoso<br \/>\n12.4 mm en San Eloy<br \/>\n8.2 mm en Cura Malal<br \/>\n55 mm en Monte Hermoso<br \/>\n57.4 mm en El Faro &#8211; Cnel Dorrego<br \/>\n9.2 mmm en Cnel Pringles<br \/>\n24 mm en La Paloma &#8211; Cnel Pringles<br \/>\n11 mm en Punta Alta<\/p>\n","protected":false},"excerpt":{"rendered":"<p>Desde la madrugada de este viernes llueve en forma copiosa en toda la zona serrana. Hubo r\u00e1fagas de viento que alcanzaron los 55 kms\/h y la temperatura con un registro hist\u00f3rico de 4,8\u00b0 de m\u00ednima.<\/p>\n","protected":false},"author":3,"featured_media":84274,"comment_status":"closed","ping_status":"closed","sticky":false,"template":"","format":"standard","meta":{"footnotes":""},"categories":[46],"tags":[48],"class_list":["post-84272","post","type-post","status-publish","format-standard","has-post-thumbnail","hentry","category-ciencia-y-tecnologia","tag-destacada"],"yoast_head":"<!-- This site is optimized with the Yoast SEO plugin v25.9 - https:\/\/yoast.com\/wordpress\/plugins\/seo\/ -->\n<title>Llueve con intensidad desde hace horas en Sierra de la Ventana y la m\u00ednima lleg\u00f3 a 4.8\u00b0.. - Noticias Radio Reflejos<\/title>\n<meta name=\"robots\" content=\"index, follow, max-snippet:-1, max-image-preview:large, max-video-preview:-1\" \/>\n<link rel=\"canonical\" href=\"https:\/\/www.noticiasradioreflejos.com.ar\/2021\/llueve-con-intensidad-desde-hace-horas-en-sierra-de-la-ventana-y-la-minima-llego-a-4-8\/\" \/>\n<meta property=\"og:locale\" content=\"es_ES\" \/>\n<meta property=\"og:type\" content=\"article\" \/>\n<meta property=\"og:title\" content=\"Llueve con intensidad desde hace horas en Sierra de la Ventana y la m\u00ednima lleg\u00f3 a 4.8\u00b0.. - Noticias Radio Reflejos\" \/>\n<meta property=\"og:description\" content=\"Desde la madrugada de este viernes llueve en forma copiosa en toda la zona serrana. Hubo r\u00e1fagas de viento que alcanzaron los 55 kms\/h y la temperatura con un registro hist\u00f3rico de 4,8\u00b0 de m\u00ednima.\" \/>\n<meta property=\"og:url\" content=\"https:\/\/www.noticiasradioreflejos.com.ar\/2021\/llueve-con-intensidad-desde-hace-horas-en-sierra-de-la-ventana-y-la-minima-llego-a-4-8\/\" \/>\n<meta property=\"og:site_name\" content=\"Noticias Radio Reflejos\" \/>\n<meta property=\"article:published_time\" content=\"2023-02-17T11:34:58+00:00\" \/>\n<meta property=\"article:modified_time\" content=\"2023-02-17T13:40:16+00:00\" \/>\n<meta property=\"og:image\" content=\"https:\/\/www.noticiasradioreflejos.com.ar\/2021\/wp-content\/uploads\/2023\/02\/lluvia-en-el-centro-2.jpeg\" \/>\n\t<meta property=\"og:image:width\" content=\"1600\" \/>\n\t<meta property=\"og:image:height\" content=\"720\" \/>\n\t<meta property=\"og:image:type\" content=\"image\/jpeg\" \/>\n<meta name=\"author\" content=\"Arnaldo Botto\" \/>\n<meta name=\"twitter:card\" content=\"summary_large_image\" \/>\n<script type=\"application\/ld+json\" class=\"yoast-schema-graph\">{\"@context\":\"https:\/\/schema.org\",\"@graph\":[{\"@type\":\"WebPage\",\"@id\":\"https:\/\/www.noticiasradioreflejos.com.ar\/2021\/llueve-con-intensidad-desde-hace-horas-en-sierra-de-la-ventana-y-la-minima-llego-a-4-8\/\",\"url\":\"https:\/\/www.noticiasradioreflejos.com.ar\/2021\/llueve-con-intensidad-desde-hace-horas-en-sierra-de-la-ventana-y-la-minima-llego-a-4-8\/\",\"name\":\"Llueve con intensidad desde hace horas en Sierra de la Ventana y la m\u00ednima lleg\u00f3 a 4.8\u00b0.. - Noticias Radio Reflejos\",\"isPartOf\":{\"@id\":\"https:\/\/www.noticiasradioreflejos.com.ar\/2021\/#website\"},\"primaryImageOfPage\":{\"@id\":\"https:\/\/www.noticiasradioreflejos.com.ar\/2021\/llueve-con-intensidad-desde-hace-horas-en-sierra-de-la-ventana-y-la-minima-llego-a-4-8\/#primaryimage\"},\"image\":{\"@id\":\"https:\/\/www.noticiasradioreflejos.com.ar\/2021\/llueve-con-intensidad-desde-hace-horas-en-sierra-de-la-ventana-y-la-minima-llego-a-4-8\/#primaryimage\"},\"thumbnailUrl\":\"https:\/\/www.noticiasradioreflejos.com.ar\/2021\/wp-content\/uploads\/2023\/02\/lluvia-en-el-centro-2.jpeg\",\"datePublished\":\"2023-02-17T11:34:58+00:00\",\"dateModified\":\"2023-02-17T13:40:16+00:00\",\"author\":{\"@id\":\"https:\/\/www.noticiasradioreflejos.com.ar\/2021\/#\/schema\/person\/ad82545263dcc5ec0996818884fd5fb1\"},\"breadcrumb\":{\"@id\":\"https:\/\/www.noticiasradioreflejos.com.ar\/2021\/llueve-con-intensidad-desde-hace-horas-en-sierra-de-la-ventana-y-la-minima-llego-a-4-8\/#breadcrumb\"},\"inLanguage\":\"es\",\"potentialAction\":[{\"@type\":\"ReadAction\",\"target\":[\"https:\/\/www.noticiasradioreflejos.com.ar\/2021\/llueve-con-intensidad-desde-hace-horas-en-sierra-de-la-ventana-y-la-minima-llego-a-4-8\/\"]}]},{\"@type\":\"ImageObject\",\"inLanguage\":\"es\",\"@id\":\"https:\/\/www.noticiasradioreflejos.com.ar\/2021\/llueve-con-intensidad-desde-hace-horas-en-sierra-de-la-ventana-y-la-minima-llego-a-4-8\/#primaryimage\",\"url\":\"https:\/\/www.noticiasradioreflejos.com.ar\/2021\/wp-content\/uploads\/2023\/02\/lluvia-en-el-centro-2.jpeg\",\"contentUrl\":\"https:\/\/www.noticiasradioreflejos.com.ar\/2021\/wp-content\/uploads\/2023\/02\/lluvia-en-el-centro-2.jpeg\",\"width\":1600,\"height\":720},{\"@type\":\"BreadcrumbList\",\"@id\":\"https:\/\/www.noticiasradioreflejos.com.ar\/2021\/llueve-con-intensidad-desde-hace-horas-en-sierra-de-la-ventana-y-la-minima-llego-a-4-8\/#breadcrumb\",\"itemListElement\":[{\"@type\":\"ListItem\",\"position\":1,\"name\":\"Portada\",\"item\":\"https:\/\/www.noticiasradioreflejos.com.ar\/2021\/\"},{\"@type\":\"ListItem\",\"position\":2,\"name\":\"Llueve con intensidad desde hace horas en Sierra de la Ventana y la m\u00ednima lleg\u00f3 a 4.8\u00b0..\"}]},{\"@type\":\"WebSite\",\"@id\":\"https:\/\/www.noticiasradioreflejos.com.ar\/2021\/#website\",\"url\":\"https:\/\/www.noticiasradioreflejos.com.ar\/2021\/\",\"name\":\"Noticias Radio Reflejos\",\"description\":\"Las noticias de mi comarca\",\"potentialAction\":[{\"@type\":\"SearchAction\",\"target\":{\"@type\":\"EntryPoint\",\"urlTemplate\":\"https:\/\/www.noticiasradioreflejos.com.ar\/2021\/?s={search_term_string}\"},\"query-input\":{\"@type\":\"PropertyValueSpecification\",\"valueRequired\":true,\"valueName\":\"search_term_string\"}}],\"inLanguage\":\"es\"},{\"@type\":\"Person\",\"@id\":\"https:\/\/www.noticiasradioreflejos.com.ar\/2021\/#\/schema\/person\/ad82545263dcc5ec0996818884fd5fb1\",\"name\":\"Arnaldo Botto\",\"image\":{\"@type\":\"ImageObject\",\"inLanguage\":\"es\",\"@id\":\"https:\/\/www.noticiasradioreflejos.com.ar\/2021\/#\/schema\/person\/image\/\",\"url\":\"https:\/\/secure.gravatar.com\/avatar\/55cb5e37c1efa326397366e6974cb338056df65cb50e7d64d1cf314e87504837?s=96&d=mm&r=g\",\"contentUrl\":\"https:\/\/secure.gravatar.com\/avatar\/55cb5e37c1efa326397366e6974cb338056df65cb50e7d64d1cf314e87504837?s=96&d=mm&r=g\",\"caption\":\"Arnaldo Botto\"},\"url\":\"https:\/\/www.noticiasradioreflejos.com.ar\/2021\/author\/arnaldo\/\"}]}<\/script>\n<!-- \/ Yoast SEO plugin. -->","yoast_head_json":{"title":"Llueve con intensidad desde hace horas en Sierra de la Ventana y la m\u00ednima lleg\u00f3 a 4.8\u00b0.. - Noticias Radio Reflejos","robots":{"index":"index","follow":"follow","max-snippet":"max-snippet:-1","max-image-preview":"max-image-preview:large","max-video-preview":"max-video-preview:-1"},"canonical":"https:\/\/www.noticiasradioreflejos.com.ar\/2021\/llueve-con-intensidad-desde-hace-horas-en-sierra-de-la-ventana-y-la-minima-llego-a-4-8\/","og_locale":"es_ES","og_type":"article","og_title":"Llueve con intensidad desde hace horas en Sierra de la Ventana y la m\u00ednima lleg\u00f3 a 4.8\u00b0.. - Noticias Radio Reflejos","og_description":"Desde la madrugada de este viernes llueve en forma copiosa en toda la zona serrana. Hubo r\u00e1fagas de viento que alcanzaron los 55 kms\/h y la temperatura con un registro hist\u00f3rico de 4,8\u00b0 de m\u00ednima.","og_url":"https:\/\/www.noticiasradioreflejos.com.ar\/2021\/llueve-con-intensidad-desde-hace-horas-en-sierra-de-la-ventana-y-la-minima-llego-a-4-8\/","og_site_name":"Noticias Radio Reflejos","article_published_time":"2023-02-17T11:34:58+00:00","article_modified_time":"2023-02-17T13:40:16+00:00","og_image":[{"width":1600,"height":720,"url":"https:\/\/www.noticiasradioreflejos.com.ar\/2021\/wp-content\/uploads\/2023\/02\/lluvia-en-el-centro-2.jpeg","type":"image\/jpeg"}],"author":"Arnaldo Botto","twitter_card":"summary_large_image","schema":{"@context":"https:\/\/schema.org","@graph":[{"@type":"WebPage","@id":"https:\/\/www.noticiasradioreflejos.com.ar\/2021\/llueve-con-intensidad-desde-hace-horas-en-sierra-de-la-ventana-y-la-minima-llego-a-4-8\/","url":"https:\/\/www.noticiasradioreflejos.com.ar\/2021\/llueve-con-intensidad-desde-hace-horas-en-sierra-de-la-ventana-y-la-minima-llego-a-4-8\/","name":"Llueve con intensidad desde hace horas en Sierra de la Ventana y la m\u00ednima lleg\u00f3 a 4.8\u00b0.. - Noticias Radio Reflejos","isPartOf":{"@id":"https:\/\/www.noticiasradioreflejos.com.ar\/2021\/#website"},"primaryImageOfPage":{"@id":"https:\/\/www.noticiasradioreflejos.com.ar\/2021\/llueve-con-intensidad-desde-hace-horas-en-sierra-de-la-ventana-y-la-minima-llego-a-4-8\/#primaryimage"},"image":{"@id":"https:\/\/www.noticiasradioreflejos.com.ar\/2021\/llueve-con-intensidad-desde-hace-horas-en-sierra-de-la-ventana-y-la-minima-llego-a-4-8\/#primaryimage"},"thumbnailUrl":"https:\/\/www.noticiasradioreflejos.com.ar\/2021\/wp-content\/uploads\/2023\/02\/lluvia-en-el-centro-2.jpeg","datePublished":"2023-02-17T11:34:58+00:00","dateModified":"2023-02-17T13:40:16+00:00","author":{"@id":"https:\/\/www.noticiasradioreflejos.com.ar\/2021\/#\/schema\/person\/ad82545263dcc5ec0996818884fd5fb1"},"breadcrumb":{"@id":"https:\/\/www.noticiasradioreflejos.com.ar\/2021\/llueve-con-intensidad-desde-hace-horas-en-sierra-de-la-ventana-y-la-minima-llego-a-4-8\/#breadcrumb"},"inLanguage":"es","potentialAction":[{"@type":"ReadAction","target":["https:\/\/www.noticiasradioreflejos.com.ar\/2021\/llueve-con-intensidad-desde-hace-horas-en-sierra-de-la-ventana-y-la-minima-llego-a-4-8\/"]}]},{"@type":"ImageObject","inLanguage":"es","@id":"https:\/\/www.noticiasradioreflejos.com.ar\/2021\/llueve-con-intensidad-desde-hace-horas-en-sierra-de-la-ventana-y-la-minima-llego-a-4-8\/#primaryimage","url":"https:\/\/www.noticiasradioreflejos.com.ar\/2021\/wp-content\/uploads\/2023\/02\/lluvia-en-el-centro-2.jpeg","contentUrl":"https:\/\/www.noticiasradioreflejos.com.ar\/2021\/wp-content\/uploads\/2023\/02\/lluvia-en-el-centro-2.jpeg","width":1600,"height":720},{"@type":"BreadcrumbList","@id":"https:\/\/www.noticiasradioreflejos.com.ar\/2021\/llueve-con-intensidad-desde-hace-horas-en-sierra-de-la-ventana-y-la-minima-llego-a-4-8\/#breadcrumb","itemListElement":[{"@type":"ListItem","position":1,"name":"Portada","item":"https:\/\/www.noticiasradioreflejos.com.ar\/2021\/"},{"@type":"ListItem","position":2,"name":"Llueve con intensidad desde hace horas en Sierra de la Ventana y la m\u00ednima lleg\u00f3 a 4.8\u00b0.."}]},{"@type":"WebSite","@id":"https:\/\/www.noticiasradioreflejos.com.ar\/2021\/#website","url":"https:\/\/www.noticiasradioreflejos.com.ar\/2021\/","name":"Noticias Radio Reflejos","description":"Las noticias de mi comarca","potentialAction":[{"@type":"SearchAction","target":{"@type":"EntryPoint","urlTemplate":"https:\/\/www.noticiasradioreflejos.com.ar\/2021\/?s={search_term_string}"},"query-input":{"@type":"PropertyValueSpecification","valueRequired":true,"valueName":"search_term_string"}}],"inLanguage":"es"},{"@type":"Person","@id":"https:\/\/www.noticiasradioreflejos.com.ar\/2021\/#\/schema\/person\/ad82545263dcc5ec0996818884fd5fb1","name":"Arnaldo Botto","image":{"@type":"ImageObject","inLanguage":"es","@id":"https:\/\/www.noticiasradioreflejos.com.ar\/2021\/#\/schema\/person\/image\/","url":"https:\/\/secure.gravatar.com\/avatar\/55cb5e37c1efa326397366e6974cb338056df65cb50e7d64d1cf314e87504837?s=96&d=mm&r=g","contentUrl":"https:\/\/secure.gravatar.com\/avatar\/55cb5e37c1efa326397366e6974cb338056df65cb50e7d64d1cf314e87504837?s=96&d=mm&r=g","caption":"Arnaldo Botto"},"url":"https:\/\/www.noticiasradioreflejos.com.ar\/2021\/author\/arnaldo\/"}]}},"_links":{"self":[{"href":"https:\/\/www.noticiasradioreflejos.com.ar\/2021\/wp-json\/wp\/v2\/posts\/84272","targetHints":{"allow":["GET"]}}],"collection":[{"href":"https:\/\/www.noticiasradioreflejos.com.ar\/2021\/wp-json\/wp\/v2\/posts"}],"about":[{"href":"https:\/\/www.noticiasradioreflejos.com.ar\/2021\/wp-json\/wp\/v2\/types\/post"}],"author":[{"embeddable":true,"href":"https:\/\/www.noticiasradioreflejos.com.ar\/2021\/wp-json\/wp\/v2\/users\/3"}],"replies":[{"embeddable":true,"href":"https:\/\/www.noticiasradioreflejos.com.ar\/2021\/wp-json\/wp\/v2\/comments?post=84272"}],"version-history":[{"count":7,"href":"https:\/\/www.noticiasradioreflejos.com.ar\/2021\/wp-json\/wp\/v2\/posts\/84272\/revisions"}],"predecessor-version":[{"id":84302,"href":"https:\/\/www.noticiasradioreflejos.com.ar\/2021\/wp-json\/wp\/v2\/posts\/84272\/revisions\/84302"}],"wp:featuredmedia":[{"embeddable":true,"href":"https:\/\/www.noticiasradioreflejos.com.ar\/2021\/wp-json\/wp\/v2\/media\/84274"}],"wp:attachment":[{"href":"https:\/\/www.noticiasradioreflejos.com.ar\/2021\/wp-json\/wp\/v2\/media?parent=84272"}],"wp:term":[{"taxonomy":"category","embeddable":true,"href":"https:\/\/www.noticiasradioreflejos.com.ar\/2021\/wp-json\/wp\/v2\/categories?post=84272"},{"taxonomy":"post_tag","embeddable":true,"href":"https:\/\/www.noticiasradioreflejos.com.ar\/2021\/wp-json\/wp\/v2\/tags?post=84272"}],"curies":[{"name":"wp","href":"https:\/\/api.w.org\/{rel}","templated":true}]}}