{"id":84268,"date":"2023-02-16T21:30:24","date_gmt":"2023-02-16T21:30:24","guid":{"rendered":"https:\/\/www.noticiasradioreflejos.com.ar\/2021\/?p=84268"},"modified":"2023-02-16T21:30:24","modified_gmt":"2023-02-16T21:30:24","slug":"se-determino-que-el-incendio-se-encuentra-controlado","status":"publish","type":"post","link":"https:\/\/www.noticiasradioreflejos.com.ar\/2021\/se-determino-que-el-incendio-se-encuentra-controlado\/","title":{"rendered":"Se determin\u00f3 que el incendio se encuentra CONTROLADO"},"content":{"rendered":"<p>Este jueves por la ma\u00f1ana, la intendente interina Belen Ladigan, junto al Secretario de Gobierno y Seguridad Ezequiel Gabella y el Secretario de Turismo Gustavo Sandobal, mantuvieron una reuni\u00f3n con los agentes que participaron en las tareas para extinguir el fuego. <!--more--><\/p>\n<p>Durante el encuentro, que tuvo lugar en la sala de interpretaciones, los directivos de los distintos cuerpos de bomberos voluntarios, funcionarios de defensa civil y polic\u00eda de la Provincia de Buenos Aires, guardaparques junto a los representantes del Plan del Manejo de Fuego; realizaron un an\u00e1lisis y evaluaci\u00f3n de la situaci\u00f3n actual del lugar, calificando al incendio como CONTROLADO, determinado que si bien se divisan sectores denominados \u201cpuntos calientes\u201d con emanaci\u00f3n de humo, estos son dentro del \u00e1rea afectada y no se registra actividad en el per\u00edmetro lo que lleva tranquilidad a los servidores p\u00fablicos.<\/p>\n<p>Tambi\u00e9n se firm\u00f3 un acta, donde se deja constatado la situaci\u00f3n actual del predio, quedando a resguardo y responsabilidad del Parque Provincial E. Tornquist, controlar la zona incendiada. <\/p>\n<p>Para finalizar, todos los actores manifestaron su contento por la coordinaci\u00f3n y articulaci\u00f3n que se mantuvo durante estos tres d\u00edas, que permiti\u00f3 lograr un trabajo mancomunado exitoso y eficaz para sofocar r\u00e1pidamente las 550 hect\u00e1reas que fueron afectadas. <\/p>\n","protected":false},"excerpt":{"rendered":"<p>Este jueves por la ma\u00f1ana, la intendente interina Belen Ladigan, junto al Secretario de Gobierno y Seguridad Ezequiel Gabella y el Secretario de Turismo Gustavo Sandobal, mantuvieron una reuni\u00f3n con los agentes que participaron en las tareas para extinguir el fuego.<\/p>\n","protected":false},"author":3,"featured_media":0,"comment_status":"closed","ping_status":"closed","sticky":false,"template":"","format":"standard","meta":{"footnotes":""},"categories":[28],"tags":[],"class_list":["post-84268","post","type-post","status-publish","format-standard","hentry","category-municipales"],"yoast_head":"<!-- This site is optimized with the Yoast SEO plugin v25.9 - https:\/\/yoast.com\/wordpress\/plugins\/seo\/ -->\n<title>Se determin\u00f3 que el incendio se encuentra CONTROLADO - Noticias Radio Reflejos<\/title>\n<meta name=\"robots\" content=\"index, follow, max-snippet:-1, max-image-preview:large, max-video-preview:-1\" \/>\n<link rel=\"canonical\" href=\"https:\/\/www.noticiasradioreflejos.com.ar\/2021\/se-determino-que-el-incendio-se-encuentra-controlado\/\" \/>\n<meta property=\"og:locale\" content=\"es_ES\" \/>\n<meta property=\"og:type\" content=\"article\" \/>\n<meta property=\"og:title\" content=\"Se determin\u00f3 que el incendio se encuentra CONTROLADO - Noticias Radio Reflejos\" \/>\n<meta property=\"og:description\" content=\"Este jueves por la ma\u00f1ana, la intendente interina Belen Ladigan, junto al Secretario de Gobierno y Seguridad Ezequiel Gabella y el Secretario de Turismo Gustavo Sandobal, mantuvieron una reuni\u00f3n con los agentes que participaron en las tareas para extinguir el fuego.\" \/>\n<meta property=\"og:url\" content=\"https:\/\/www.noticiasradioreflejos.com.ar\/2021\/se-determino-que-el-incendio-se-encuentra-controlado\/\" \/>\n<meta property=\"og:site_name\" content=\"Noticias Radio Reflejos\" \/>\n<meta property=\"article:published_time\" content=\"2023-02-16T21:30:24+00:00\" \/>\n<meta property=\"og:image\" content=\"https:\/\/www.noticiasradioreflejos.com.ar\/2021\/wp-content\/uploads\/2021\/07\/logosol300x200.png\" \/>\n\t<meta property=\"og:image:width\" content=\"300\" \/>\n\t<meta property=\"og:image:height\" content=\"200\" \/>\n\t<meta property=\"og:image:type\" content=\"image\/png\" \/>\n<meta name=\"author\" content=\"Arnaldo Botto\" \/>\n<meta name=\"twitter:card\" content=\"summary_large_image\" \/>\n<script type=\"application\/ld+json\" class=\"yoast-schema-graph\">{\"@context\":\"https:\/\/schema.org\",\"@graph\":[{\"@type\":\"WebPage\",\"@id\":\"https:\/\/www.noticiasradioreflejos.com.ar\/2021\/se-determino-que-el-incendio-se-encuentra-controlado\/\",\"url\":\"https:\/\/www.noticiasradioreflejos.com.ar\/2021\/se-determino-que-el-incendio-se-encuentra-controlado\/\",\"name\":\"Se determin\u00f3 que el incendio se encuentra CONTROLADO - Noticias Radio Reflejos\",\"isPartOf\":{\"@id\":\"https:\/\/www.noticiasradioreflejos.com.ar\/2021\/#website\"},\"datePublished\":\"2023-02-16T21:30:24+00:00\",\"author\":{\"@id\":\"https:\/\/www.noticiasradioreflejos.com.ar\/2021\/#\/schema\/person\/ad82545263dcc5ec0996818884fd5fb1\"},\"breadcrumb\":{\"@id\":\"https:\/\/www.noticiasradioreflejos.com.ar\/2021\/se-determino-que-el-incendio-se-encuentra-controlado\/#breadcrumb\"},\"inLanguage\":\"es\",\"potentialAction\":[{\"@type\":\"ReadAction\",\"target\":[\"https:\/\/www.noticiasradioreflejos.com.ar\/2021\/se-determino-que-el-incendio-se-encuentra-controlado\/\"]}]},{\"@type\":\"BreadcrumbList\",\"@id\":\"https:\/\/www.noticiasradioreflejos.com.ar\/2021\/se-determino-que-el-incendio-se-encuentra-controlado\/#breadcrumb\",\"itemListElement\":[{\"@type\":\"ListItem\",\"position\":1,\"name\":\"Portada\",\"item\":\"https:\/\/www.noticiasradioreflejos.com.ar\/2021\/\"},{\"@type\":\"ListItem\",\"position\":2,\"name\":\"Se determin\u00f3 que el incendio se encuentra CONTROLADO\"}]},{\"@type\":\"WebSite\",\"@id\":\"https:\/\/www.noticiasradioreflejos.com.ar\/2021\/#website\",\"url\":\"https:\/\/www.noticiasradioreflejos.com.ar\/2021\/\",\"name\":\"Noticias Radio Reflejos\",\"description\":\"Las noticias de mi comarca\",\"potentialAction\":[{\"@type\":\"SearchAction\",\"target\":{\"@type\":\"EntryPoint\",\"urlTemplate\":\"https:\/\/www.noticiasradioreflejos.com.ar\/2021\/?s={search_term_string}\"},\"query-input\":{\"@type\":\"PropertyValueSpecification\",\"valueRequired\":true,\"valueName\":\"search_term_string\"}}],\"inLanguage\":\"es\"},{\"@type\":\"Person\",\"@id\":\"https:\/\/www.noticiasradioreflejos.com.ar\/2021\/#\/schema\/person\/ad82545263dcc5ec0996818884fd5fb1\",\"name\":\"Arnaldo Botto\",\"image\":{\"@type\":\"ImageObject\",\"inLanguage\":\"es\",\"@id\":\"https:\/\/www.noticiasradioreflejos.com.ar\/2021\/#\/schema\/person\/image\/\",\"url\":\"https:\/\/secure.gravatar.com\/avatar\/55cb5e37c1efa326397366e6974cb338056df65cb50e7d64d1cf314e87504837?s=96&d=mm&r=g\",\"contentUrl\":\"https:\/\/secure.gravatar.com\/avatar\/55cb5e37c1efa326397366e6974cb338056df65cb50e7d64d1cf314e87504837?s=96&d=mm&r=g\",\"caption\":\"Arnaldo Botto\"},\"url\":\"https:\/\/www.noticiasradioreflejos.com.ar\/2021\/author\/arnaldo\/\"}]}<\/script>\n<!-- \/ Yoast SEO plugin. -->","yoast_head_json":{"title":"Se determin\u00f3 que el incendio se encuentra CONTROLADO - Noticias Radio Reflejos","robots":{"index":"index","follow":"follow","max-snippet":"max-snippet:-1","max-image-preview":"max-image-preview:large","max-video-preview":"max-video-preview:-1"},"canonical":"https:\/\/www.noticiasradioreflejos.com.ar\/2021\/se-determino-que-el-incendio-se-encuentra-controlado\/","og_locale":"es_ES","og_type":"article","og_title":"Se determin\u00f3 que el incendio se encuentra CONTROLADO - Noticias Radio Reflejos","og_description":"Este jueves por la ma\u00f1ana, la intendente interina Belen Ladigan, junto al Secretario de Gobierno y Seguridad Ezequiel Gabella y el Secretario de Turismo Gustavo Sandobal, mantuvieron una reuni\u00f3n con los agentes que participaron en las tareas para extinguir el fuego.","og_url":"https:\/\/www.noticiasradioreflejos.com.ar\/2021\/se-determino-que-el-incendio-se-encuentra-controlado\/","og_site_name":"Noticias Radio Reflejos","article_published_time":"2023-02-16T21:30:24+00:00","og_image":[{"width":300,"height":200,"url":"https:\/\/www.noticiasradioreflejos.com.ar\/2021\/wp-content\/uploads\/2021\/07\/logosol300x200.png","type":"image\/png"}],"author":"Arnaldo Botto","twitter_card":"summary_large_image","schema":{"@context":"https:\/\/schema.org","@graph":[{"@type":"WebPage","@id":"https:\/\/www.noticiasradioreflejos.com.ar\/2021\/se-determino-que-el-incendio-se-encuentra-controlado\/","url":"https:\/\/www.noticiasradioreflejos.com.ar\/2021\/se-determino-que-el-incendio-se-encuentra-controlado\/","name":"Se determin\u00f3 que el incendio se encuentra CONTROLADO - Noticias Radio Reflejos","isPartOf":{"@id":"https:\/\/www.noticiasradioreflejos.com.ar\/2021\/#website"},"datePublished":"2023-02-16T21:30:24+00:00","author":{"@id":"https:\/\/www.noticiasradioreflejos.com.ar\/2021\/#\/schema\/person\/ad82545263dcc5ec0996818884fd5fb1"},"breadcrumb":{"@id":"https:\/\/www.noticiasradioreflejos.com.ar\/2021\/se-determino-que-el-incendio-se-encuentra-controlado\/#breadcrumb"},"inLanguage":"es","potentialAction":[{"@type":"ReadAction","target":["https:\/\/www.noticiasradioreflejos.com.ar\/2021\/se-determino-que-el-incendio-se-encuentra-controlado\/"]}]},{"@type":"BreadcrumbList","@id":"https:\/\/www.noticiasradioreflejos.com.ar\/2021\/se-determino-que-el-incendio-se-encuentra-controlado\/#breadcrumb","itemListElement":[{"@type":"ListItem","position":1,"name":"Portada","item":"https:\/\/www.noticiasradioreflejos.com.ar\/2021\/"},{"@type":"ListItem","position":2,"name":"Se determin\u00f3 que el incendio se encuentra CONTROLADO"}]},{"@type":"WebSite","@id":"https:\/\/www.noticiasradioreflejos.com.ar\/2021\/#website","url":"https:\/\/www.noticiasradioreflejos.com.ar\/2021\/","name":"Noticias Radio Reflejos","description":"Las noticias de mi comarca","potentialAction":[{"@type":"SearchAction","target":{"@type":"EntryPoint","urlTemplate":"https:\/\/www.noticiasradioreflejos.com.ar\/2021\/?s={search_term_string}"},"query-input":{"@type":"PropertyValueSpecification","valueRequired":true,"valueName":"search_term_string"}}],"inLanguage":"es"},{"@type":"Person","@id":"https:\/\/www.noticiasradioreflejos.com.ar\/2021\/#\/schema\/person\/ad82545263dcc5ec0996818884fd5fb1","name":"Arnaldo Botto","image":{"@type":"ImageObject","inLanguage":"es","@id":"https:\/\/www.noticiasradioreflejos.com.ar\/2021\/#\/schema\/person\/image\/","url":"https:\/\/secure.gravatar.com\/avatar\/55cb5e37c1efa326397366e6974cb338056df65cb50e7d64d1cf314e87504837?s=96&d=mm&r=g","contentUrl":"https:\/\/secure.gravatar.com\/avatar\/55cb5e37c1efa326397366e6974cb338056df65cb50e7d64d1cf314e87504837?s=96&d=mm&r=g","caption":"Arnaldo Botto"},"url":"https:\/\/www.noticiasradioreflejos.com.ar\/2021\/author\/arnaldo\/"}]}},"_links":{"self":[{"href":"https:\/\/www.noticiasradioreflejos.com.ar\/2021\/wp-json\/wp\/v2\/posts\/84268","targetHints":{"allow":["GET"]}}],"collection":[{"href":"https:\/\/www.noticiasradioreflejos.com.ar\/2021\/wp-json\/wp\/v2\/posts"}],"about":[{"href":"https:\/\/www.noticiasradioreflejos.com.ar\/2021\/wp-json\/wp\/v2\/types\/post"}],"author":[{"embeddable":true,"href":"https:\/\/www.noticiasradioreflejos.com.ar\/2021\/wp-json\/wp\/v2\/users\/3"}],"replies":[{"embeddable":true,"href":"https:\/\/www.noticiasradioreflejos.com.ar\/2021\/wp-json\/wp\/v2\/comments?post=84268"}],"version-history":[{"count":1,"href":"https:\/\/www.noticiasradioreflejos.com.ar\/2021\/wp-json\/wp\/v2\/posts\/84268\/revisions"}],"predecessor-version":[{"id":84270,"href":"https:\/\/www.noticiasradioreflejos.com.ar\/2021\/wp-json\/wp\/v2\/posts\/84268\/revisions\/84270"}],"wp:attachment":[{"href":"https:\/\/www.noticiasradioreflejos.com.ar\/2021\/wp-json\/wp\/v2\/media?parent=84268"}],"wp:term":[{"taxonomy":"category","embeddable":true,"href":"https:\/\/www.noticiasradioreflejos.com.ar\/2021\/wp-json\/wp\/v2\/categories?post=84268"},{"taxonomy":"post_tag","embeddable":true,"href":"https:\/\/www.noticiasradioreflejos.com.ar\/2021\/wp-json\/wp\/v2\/tags?post=84268"}],"curies":[{"name":"wp","href":"https:\/\/api.w.org\/{rel}","templated":true}]}}