{"id":84227,"date":"2023-02-16T15:20:59","date_gmt":"2023-02-16T15:20:59","guid":{"rendered":"https:\/\/www.noticiasradioreflejos.com.ar\/2021\/?p=84227"},"modified":"2023-02-16T15:20:59","modified_gmt":"2023-02-16T15:20:59","slug":"turismo-las-reservas-superan-el-90-en-carhue-para-el-fin-de-semana-de-carnaval","status":"publish","type":"post","link":"https:\/\/www.noticiasradioreflejos.com.ar\/2021\/turismo-las-reservas-superan-el-90-en-carhue-para-el-fin-de-semana-de-carnaval\/","title":{"rendered":"Turismo: las reservas superan el 90% en Carhu\u00e9 para el Fin de Semana de Carnaval"},"content":{"rendered":"<p>Carhue ya se prepara para el fin de semana de Carnaval que, hist\u00f3ricamente, es el fin de semana de m\u00e1s movimiento de gente en el Calendario Tur\u00edstico anual del Pa\u00eds. Con reservas que superan el 90% en alojamiento y una grilla de actividades variada desde la Secretar\u00eda de Turismo de Adolfo Alsina se recomienda a aquellos turistas que tienen pensado visitarnos, aseguren sus reservas debido a la importante demanda existente.<!--more--><\/p>\n<p>Luego del movimiento que genero la XXI Fiesta Provincial del Turismo Termal, por la que prestadores Tur\u00edsticos, Emprendedores e Instituciones locales tuvieron el arduo trabajo de atender a m\u00e1s de 5.000 personas que el s\u00e1bado 11 de febrero asistieron a dicho evento; Carhu\u00e9 se prepara para el fin de semana de Carnaval con reservas hist\u00f3ricas y actividades vinculadas al Turismo de Salud, de Naturaleza, los Circuitos Hist\u00f3ricos Culturales, emprendedores, artesanos y, como ya es parte de todos los fines de semana largos del a\u00f1o, la visita a la localidad de Rivera. Para estas actividades la Municipalidad de Adolfo Alsina contar\u00e1 con transporte sin cargo, por lo que quienes quieran participar de las mismas deber\u00e1n contactarse con la Secretar\u00eda de Turismo a trav\u00e9s de sus redes sociales @lagoepecuencarhue  o al tel\u00e9fono (2936) 43-0660 o al Whtasapp (2923) 42-7092<\/p>\n<p>Importante: se recomienda a aquellos turistas que tienen pensado alojarse en Carhu\u00e9 que aseguren sus reservas debido a la importante demanda existente.<\/p>\n","protected":false},"excerpt":{"rendered":"<p>Carhue ya se prepara para el fin de semana de Carnaval que, hist\u00f3ricamente, es el fin de semana de m\u00e1s movimiento de gente en el Calendario Tur\u00edstico anual del Pa\u00eds. Con reservas que superan el 90% en alojamiento y una grilla de actividades variada desde la Secretar\u00eda de Turismo de Adolfo Alsina se recomienda a [&hellip;]<\/p>\n","protected":false},"author":3,"featured_media":84228,"comment_status":"closed","ping_status":"closed","sticky":false,"template":"","format":"standard","meta":{"footnotes":""},"categories":[33],"tags":[],"class_list":["post-84227","post","type-post","status-publish","format-standard","has-post-thumbnail","hentry","category-turismo"],"yoast_head":"<!-- This site is optimized with the Yoast SEO plugin v25.9 - https:\/\/yoast.com\/wordpress\/plugins\/seo\/ -->\n<title>Turismo: las reservas superan el 90% en Carhu\u00e9 para el Fin de Semana de Carnaval - Noticias Radio Reflejos<\/title>\n<meta name=\"robots\" content=\"index, follow, max-snippet:-1, max-image-preview:large, max-video-preview:-1\" \/>\n<link rel=\"canonical\" href=\"https:\/\/www.noticiasradioreflejos.com.ar\/2021\/turismo-las-reservas-superan-el-90-en-carhue-para-el-fin-de-semana-de-carnaval\/\" \/>\n<meta property=\"og:locale\" content=\"es_ES\" \/>\n<meta property=\"og:type\" content=\"article\" \/>\n<meta property=\"og:title\" content=\"Turismo: las reservas superan el 90% en Carhu\u00e9 para el Fin de Semana de Carnaval - Noticias Radio Reflejos\" \/>\n<meta property=\"og:description\" content=\"Carhue ya se prepara para el fin de semana de Carnaval que, hist\u00f3ricamente, es el fin de semana de m\u00e1s movimiento de gente en el Calendario Tur\u00edstico anual del Pa\u00eds. Con reservas que superan el 90% en alojamiento y una grilla de actividades variada desde la Secretar\u00eda de Turismo de Adolfo Alsina se recomienda a [&hellip;]\" \/>\n<meta property=\"og:url\" content=\"https:\/\/www.noticiasradioreflejos.com.ar\/2021\/turismo-las-reservas-superan-el-90-en-carhue-para-el-fin-de-semana-de-carnaval\/\" \/>\n<meta property=\"og:site_name\" content=\"Noticias Radio Reflejos\" \/>\n<meta property=\"article:published_time\" content=\"2023-02-16T15:20:59+00:00\" \/>\n<meta property=\"og:image\" content=\"https:\/\/www.noticiasradioreflejos.com.ar\/2021\/wp-content\/uploads\/2023\/02\/215-1-1024x683.jpg\" \/>\n\t<meta property=\"og:image:width\" content=\"1024\" \/>\n\t<meta property=\"og:image:height\" content=\"683\" \/>\n\t<meta property=\"og:image:type\" content=\"image\/jpeg\" \/>\n<meta name=\"author\" content=\"Arnaldo Botto\" \/>\n<meta name=\"twitter:card\" content=\"summary_large_image\" \/>\n<script type=\"application\/ld+json\" class=\"yoast-schema-graph\">{\"@context\":\"https:\/\/schema.org\",\"@graph\":[{\"@type\":\"WebPage\",\"@id\":\"https:\/\/www.noticiasradioreflejos.com.ar\/2021\/turismo-las-reservas-superan-el-90-en-carhue-para-el-fin-de-semana-de-carnaval\/\",\"url\":\"https:\/\/www.noticiasradioreflejos.com.ar\/2021\/turismo-las-reservas-superan-el-90-en-carhue-para-el-fin-de-semana-de-carnaval\/\",\"name\":\"Turismo: las reservas superan el 90% en Carhu\u00e9 para el Fin de Semana de Carnaval - Noticias Radio Reflejos\",\"isPartOf\":{\"@id\":\"https:\/\/www.noticiasradioreflejos.com.ar\/2021\/#website\"},\"primaryImageOfPage\":{\"@id\":\"https:\/\/www.noticiasradioreflejos.com.ar\/2021\/turismo-las-reservas-superan-el-90-en-carhue-para-el-fin-de-semana-de-carnaval\/#primaryimage\"},\"image\":{\"@id\":\"https:\/\/www.noticiasradioreflejos.com.ar\/2021\/turismo-las-reservas-superan-el-90-en-carhue-para-el-fin-de-semana-de-carnaval\/#primaryimage\"},\"thumbnailUrl\":\"https:\/\/www.noticiasradioreflejos.com.ar\/2021\/wp-content\/uploads\/2023\/02\/215-1.jpg\",\"datePublished\":\"2023-02-16T15:20:59+00:00\",\"author\":{\"@id\":\"https:\/\/www.noticiasradioreflejos.com.ar\/2021\/#\/schema\/person\/ad82545263dcc5ec0996818884fd5fb1\"},\"breadcrumb\":{\"@id\":\"https:\/\/www.noticiasradioreflejos.com.ar\/2021\/turismo-las-reservas-superan-el-90-en-carhue-para-el-fin-de-semana-de-carnaval\/#breadcrumb\"},\"inLanguage\":\"es\",\"potentialAction\":[{\"@type\":\"ReadAction\",\"target\":[\"https:\/\/www.noticiasradioreflejos.com.ar\/2021\/turismo-las-reservas-superan-el-90-en-carhue-para-el-fin-de-semana-de-carnaval\/\"]}]},{\"@type\":\"ImageObject\",\"inLanguage\":\"es\",\"@id\":\"https:\/\/www.noticiasradioreflejos.com.ar\/2021\/turismo-las-reservas-superan-el-90-en-carhue-para-el-fin-de-semana-de-carnaval\/#primaryimage\",\"url\":\"https:\/\/www.noticiasradioreflejos.com.ar\/2021\/wp-content\/uploads\/2023\/02\/215-1.jpg\",\"contentUrl\":\"https:\/\/www.noticiasradioreflejos.com.ar\/2021\/wp-content\/uploads\/2023\/02\/215-1.jpg\",\"width\":2048,\"height\":1365},{\"@type\":\"BreadcrumbList\",\"@id\":\"https:\/\/www.noticiasradioreflejos.com.ar\/2021\/turismo-las-reservas-superan-el-90-en-carhue-para-el-fin-de-semana-de-carnaval\/#breadcrumb\",\"itemListElement\":[{\"@type\":\"ListItem\",\"position\":1,\"name\":\"Portada\",\"item\":\"https:\/\/www.noticiasradioreflejos.com.ar\/2021\/\"},{\"@type\":\"ListItem\",\"position\":2,\"name\":\"Turismo: las reservas superan el 90% en Carhu\u00e9 para el Fin de Semana de Carnaval\"}]},{\"@type\":\"WebSite\",\"@id\":\"https:\/\/www.noticiasradioreflejos.com.ar\/2021\/#website\",\"url\":\"https:\/\/www.noticiasradioreflejos.com.ar\/2021\/\",\"name\":\"Noticias Radio Reflejos\",\"description\":\"Las noticias de mi comarca\",\"potentialAction\":[{\"@type\":\"SearchAction\",\"target\":{\"@type\":\"EntryPoint\",\"urlTemplate\":\"https:\/\/www.noticiasradioreflejos.com.ar\/2021\/?s={search_term_string}\"},\"query-input\":{\"@type\":\"PropertyValueSpecification\",\"valueRequired\":true,\"valueName\":\"search_term_string\"}}],\"inLanguage\":\"es\"},{\"@type\":\"Person\",\"@id\":\"https:\/\/www.noticiasradioreflejos.com.ar\/2021\/#\/schema\/person\/ad82545263dcc5ec0996818884fd5fb1\",\"name\":\"Arnaldo Botto\",\"image\":{\"@type\":\"ImageObject\",\"inLanguage\":\"es\",\"@id\":\"https:\/\/www.noticiasradioreflejos.com.ar\/2021\/#\/schema\/person\/image\/\",\"url\":\"https:\/\/secure.gravatar.com\/avatar\/55cb5e37c1efa326397366e6974cb338056df65cb50e7d64d1cf314e87504837?s=96&d=mm&r=g\",\"contentUrl\":\"https:\/\/secure.gravatar.com\/avatar\/55cb5e37c1efa326397366e6974cb338056df65cb50e7d64d1cf314e87504837?s=96&d=mm&r=g\",\"caption\":\"Arnaldo Botto\"},\"url\":\"https:\/\/www.noticiasradioreflejos.com.ar\/2021\/author\/arnaldo\/\"}]}<\/script>\n<!-- \/ Yoast SEO plugin. -->","yoast_head_json":{"title":"Turismo: las reservas superan el 90% en Carhu\u00e9 para el Fin de Semana de Carnaval - Noticias Radio Reflejos","robots":{"index":"index","follow":"follow","max-snippet":"max-snippet:-1","max-image-preview":"max-image-preview:large","max-video-preview":"max-video-preview:-1"},"canonical":"https:\/\/www.noticiasradioreflejos.com.ar\/2021\/turismo-las-reservas-superan-el-90-en-carhue-para-el-fin-de-semana-de-carnaval\/","og_locale":"es_ES","og_type":"article","og_title":"Turismo: las reservas superan el 90% en Carhu\u00e9 para el Fin de Semana de Carnaval - Noticias Radio Reflejos","og_description":"Carhue ya se prepara para el fin de semana de Carnaval que, hist\u00f3ricamente, es el fin de semana de m\u00e1s movimiento de gente en el Calendario Tur\u00edstico anual del Pa\u00eds. Con reservas que superan el 90% en alojamiento y una grilla de actividades variada desde la Secretar\u00eda de Turismo de Adolfo Alsina se recomienda a [&hellip;]","og_url":"https:\/\/www.noticiasradioreflejos.com.ar\/2021\/turismo-las-reservas-superan-el-90-en-carhue-para-el-fin-de-semana-de-carnaval\/","og_site_name":"Noticias Radio Reflejos","article_published_time":"2023-02-16T15:20:59+00:00","og_image":[{"width":1024,"height":683,"url":"https:\/\/www.noticiasradioreflejos.com.ar\/2021\/wp-content\/uploads\/2023\/02\/215-1-1024x683.jpg","type":"image\/jpeg"}],"author":"Arnaldo Botto","twitter_card":"summary_large_image","schema":{"@context":"https:\/\/schema.org","@graph":[{"@type":"WebPage","@id":"https:\/\/www.noticiasradioreflejos.com.ar\/2021\/turismo-las-reservas-superan-el-90-en-carhue-para-el-fin-de-semana-de-carnaval\/","url":"https:\/\/www.noticiasradioreflejos.com.ar\/2021\/turismo-las-reservas-superan-el-90-en-carhue-para-el-fin-de-semana-de-carnaval\/","name":"Turismo: las reservas superan el 90% en Carhu\u00e9 para el Fin de Semana de Carnaval - Noticias Radio Reflejos","isPartOf":{"@id":"https:\/\/www.noticiasradioreflejos.com.ar\/2021\/#website"},"primaryImageOfPage":{"@id":"https:\/\/www.noticiasradioreflejos.com.ar\/2021\/turismo-las-reservas-superan-el-90-en-carhue-para-el-fin-de-semana-de-carnaval\/#primaryimage"},"image":{"@id":"https:\/\/www.noticiasradioreflejos.com.ar\/2021\/turismo-las-reservas-superan-el-90-en-carhue-para-el-fin-de-semana-de-carnaval\/#primaryimage"},"thumbnailUrl":"https:\/\/www.noticiasradioreflejos.com.ar\/2021\/wp-content\/uploads\/2023\/02\/215-1.jpg","datePublished":"2023-02-16T15:20:59+00:00","author":{"@id":"https:\/\/www.noticiasradioreflejos.com.ar\/2021\/#\/schema\/person\/ad82545263dcc5ec0996818884fd5fb1"},"breadcrumb":{"@id":"https:\/\/www.noticiasradioreflejos.com.ar\/2021\/turismo-las-reservas-superan-el-90-en-carhue-para-el-fin-de-semana-de-carnaval\/#breadcrumb"},"inLanguage":"es","potentialAction":[{"@type":"ReadAction","target":["https:\/\/www.noticiasradioreflejos.com.ar\/2021\/turismo-las-reservas-superan-el-90-en-carhue-para-el-fin-de-semana-de-carnaval\/"]}]},{"@type":"ImageObject","inLanguage":"es","@id":"https:\/\/www.noticiasradioreflejos.com.ar\/2021\/turismo-las-reservas-superan-el-90-en-carhue-para-el-fin-de-semana-de-carnaval\/#primaryimage","url":"https:\/\/www.noticiasradioreflejos.com.ar\/2021\/wp-content\/uploads\/2023\/02\/215-1.jpg","contentUrl":"https:\/\/www.noticiasradioreflejos.com.ar\/2021\/wp-content\/uploads\/2023\/02\/215-1.jpg","width":2048,"height":1365},{"@type":"BreadcrumbList","@id":"https:\/\/www.noticiasradioreflejos.com.ar\/2021\/turismo-las-reservas-superan-el-90-en-carhue-para-el-fin-de-semana-de-carnaval\/#breadcrumb","itemListElement":[{"@type":"ListItem","position":1,"name":"Portada","item":"https:\/\/www.noticiasradioreflejos.com.ar\/2021\/"},{"@type":"ListItem","position":2,"name":"Turismo: las reservas superan el 90% en Carhu\u00e9 para el Fin de Semana de Carnaval"}]},{"@type":"WebSite","@id":"https:\/\/www.noticiasradioreflejos.com.ar\/2021\/#website","url":"https:\/\/www.noticiasradioreflejos.com.ar\/2021\/","name":"Noticias Radio Reflejos","description":"Las noticias de mi comarca","potentialAction":[{"@type":"SearchAction","target":{"@type":"EntryPoint","urlTemplate":"https:\/\/www.noticiasradioreflejos.com.ar\/2021\/?s={search_term_string}"},"query-input":{"@type":"PropertyValueSpecification","valueRequired":true,"valueName":"search_term_string"}}],"inLanguage":"es"},{"@type":"Person","@id":"https:\/\/www.noticiasradioreflejos.com.ar\/2021\/#\/schema\/person\/ad82545263dcc5ec0996818884fd5fb1","name":"Arnaldo Botto","image":{"@type":"ImageObject","inLanguage":"es","@id":"https:\/\/www.noticiasradioreflejos.com.ar\/2021\/#\/schema\/person\/image\/","url":"https:\/\/secure.gravatar.com\/avatar\/55cb5e37c1efa326397366e6974cb338056df65cb50e7d64d1cf314e87504837?s=96&d=mm&r=g","contentUrl":"https:\/\/secure.gravatar.com\/avatar\/55cb5e37c1efa326397366e6974cb338056df65cb50e7d64d1cf314e87504837?s=96&d=mm&r=g","caption":"Arnaldo Botto"},"url":"https:\/\/www.noticiasradioreflejos.com.ar\/2021\/author\/arnaldo\/"}]}},"_links":{"self":[{"href":"https:\/\/www.noticiasradioreflejos.com.ar\/2021\/wp-json\/wp\/v2\/posts\/84227","targetHints":{"allow":["GET"]}}],"collection":[{"href":"https:\/\/www.noticiasradioreflejos.com.ar\/2021\/wp-json\/wp\/v2\/posts"}],"about":[{"href":"https:\/\/www.noticiasradioreflejos.com.ar\/2021\/wp-json\/wp\/v2\/types\/post"}],"author":[{"embeddable":true,"href":"https:\/\/www.noticiasradioreflejos.com.ar\/2021\/wp-json\/wp\/v2\/users\/3"}],"replies":[{"embeddable":true,"href":"https:\/\/www.noticiasradioreflejos.com.ar\/2021\/wp-json\/wp\/v2\/comments?post=84227"}],"version-history":[{"count":1,"href":"https:\/\/www.noticiasradioreflejos.com.ar\/2021\/wp-json\/wp\/v2\/posts\/84227\/revisions"}],"predecessor-version":[{"id":84232,"href":"https:\/\/www.noticiasradioreflejos.com.ar\/2021\/wp-json\/wp\/v2\/posts\/84227\/revisions\/84232"}],"wp:featuredmedia":[{"embeddable":true,"href":"https:\/\/www.noticiasradioreflejos.com.ar\/2021\/wp-json\/wp\/v2\/media\/84228"}],"wp:attachment":[{"href":"https:\/\/www.noticiasradioreflejos.com.ar\/2021\/wp-json\/wp\/v2\/media?parent=84227"}],"wp:term":[{"taxonomy":"category","embeddable":true,"href":"https:\/\/www.noticiasradioreflejos.com.ar\/2021\/wp-json\/wp\/v2\/categories?post=84227"},{"taxonomy":"post_tag","embeddable":true,"href":"https:\/\/www.noticiasradioreflejos.com.ar\/2021\/wp-json\/wp\/v2\/tags?post=84227"}],"curies":[{"name":"wp","href":"https:\/\/api.w.org\/{rel}","templated":true}]}}