{"id":84221,"date":"2023-02-16T14:47:18","date_gmt":"2023-02-16T14:47:18","guid":{"rendered":"https:\/\/www.noticiasradioreflejos.com.ar\/2021\/?p=84221"},"modified":"2023-02-16T14:50:25","modified_gmt":"2023-02-16T14:50:25","slug":"el-origen-de-la-gripe-aviar-la-infeccion-que-empezo-en-aves-pero-avanza-en-mamiferos","status":"publish","type":"post","link":"https:\/\/www.noticiasradioreflejos.com.ar\/2021\/el-origen-de-la-gripe-aviar-la-infeccion-que-empezo-en-aves-pero-avanza-en-mamiferos\/","title":{"rendered":"El origen de la gripe aviar: la infecci\u00f3n que empez\u00f3 en aves pero avanza en mam\u00edferos"},"content":{"rendered":"<header class=\"article-header-wrapper\">\n<div class=\"article-header\">\n<p class=\"article-subheadline\">La enfermedad que ya se detect\u00f3 en 13 pa\u00edses de Am\u00e9rica es causada por un virus que afecta a las aves silvestres y dom\u00e9sticas pero se reportaron casos recientes en otras especies. Los detalles del estudio cient\u00edfico sobre los lobos marinos sudamericanos en Per\u00fa.<\/p>\n<\/div>\n<\/header>\n<p><!--more--><\/p>\n<article class=\"article\">\n<div class=\"nd-body-article\">\n<div class=\"visual__image\"><img loading=\"lazy\" decoding=\"async\" class=\"\" src=\"https:\/\/cloudfront-us-east-1.images.arcpublishing.com\/infobae\/TPQMR5RB4ZAWHNEJO4JW3QSW7E.jpg\" sizes=\"auto, (min-width: 800px) 50vw, 90vw\" srcset=\"https:\/\/www.infobae.com\/new-resizer\/mW5spQAll27mTtfoJFD8ZTh_W5U=\/420x280\/filters:format(webp):quality(85)\/cloudfront-us-east-1.images.arcpublishing.com\/infobae\/TPQMR5RB4ZAWHNEJO4JW3QSW7E.jpg 420w,https:\/\/www.infobae.com\/new-resizer\/T-jMEBo0-1KPV_8PSj0fl0rJlxE=\/768x512\/filters:format(webp):quality(85)\/cloudfront-us-east-1.images.arcpublishing.com\/infobae\/TPQMR5RB4ZAWHNEJO4JW3QSW7E.jpg 768w,https:\/\/www.infobae.com\/new-resizer\/HoOP9Gl2JXFQ-amR84awd0Z6RWM=\/992x661\/filters:format(webp):quality(85)\/cloudfront-us-east-1.images.arcpublishing.com\/infobae\/TPQMR5RB4ZAWHNEJO4JW3QSW7E.jpg 992w,https:\/\/www.infobae.com\/new-resizer\/52QYr-Ynkcwj03MyYExadeIBGmY=\/1200x800\/filters:format(webp):quality(85)\/cloudfront-us-east-1.images.arcpublishing.com\/infobae\/TPQMR5RB4ZAWHNEJO4JW3QSW7E.jpg 1200w,https:\/\/www.infobae.com\/new-resizer\/Y9Q0ZTpv4L-dOy5ayitW0kKTR0Q=\/1440x960\/filters:format(webp):quality(85)\/cloudfront-us-east-1.images.arcpublishing.com\/infobae\/TPQMR5RB4ZAWHNEJO4JW3QSW7E.jpg 1440w\" alt=\"En Per\u00fa, se registr\u00f3 el primer caso de mortalidad masiva de mam\u00edferos por gripe aviar en Sudam\u00e9rica. Fallecieron m\u00e1s de 600 lobos marinos\/Archivo \" width=\"1800\" height=\"1205\" \/>En Per\u00fa, se registr\u00f3 el primer caso de mortalidad masiva de mam\u00edferos por gripe aviar en Sudam\u00e9rica. Fallecieron m\u00e1s de 600 lobos marinos\/Archivo<\/div>\n<p class=\"paragraph\">La\u00a0<b>gripe aviar\u00a0<\/b>es una enfermedad causada por un virus que afecta principalmente a las\u00a0<b>aves dom\u00e9sticas<\/b>\u00a0y\u00a0<b>silvestres<\/b>. En Am\u00e9rica ya se han detectado casos de aves con el virus en 13 pa\u00edses, incluyendo a la Argentina y Uruguay esta semana.<\/p>\n<p class=\"paragraph\">Si bien en algunas naciones de la regi\u00f3n se detectaron casos en temporadas anteriores, esta vez el virus se est\u00e1 transmitiendo a<b>\u00a0mam\u00edferos<\/b>.<\/p>\n<p class=\"paragraph\">En esa direcci\u00f3n, cient\u00edficos de Per\u00fa y Argentina acaban de confirmar la presencia del virus de la gripe aviar en\u00a0<b>lobos marinos\u00a0<\/b>por primera vez en Sudam\u00e9rica. Los casos se dieron en el contexto de avanzada del brote actual. Hasta ahora, solo se han confirmado 2 casos de gripe aviar en personas (uno en los Estados Unidos y otro en Ecuador).<\/p>\n<p class=\"paragraph\">Desde el Servicio Nacional de Sanidad y Calidad Agroalimentaria (<b>SENASA<\/b>), Ximena Mel\u00f3n -a cargo de la direcci\u00f3n de sanidad animal- cont\u00f3 a\u00a0<b>Infobae\u00a0<\/b>que \u201csiempre las aves migratorias han sido afectadas por la gripe aviar, pero ahora se registra m\u00e1s que se enferman y mueren. Tambi\u00e9n<b>\u00a0el virus est\u00e1 afectando m\u00e1s a mam\u00edferos<\/b>, como los lobos marinos en Per\u00fa\u201d.<\/p>\n<p class=\"paragraph\">Ante la confirmaci\u00f3n de gripe aviar en la Argentina, \u201crecomendamos no tocar ni acercarse a las aves silvestres. Tambi\u00e9n se sugiere evitar tener contacto sin protecci\u00f3n con aves de corral que parecen estar enfermas o muertas\u201d, expres\u00f3 la funcionaria.<\/p>\n<h2 class=\"header\">El salto de la gripe aviar desde aves a mam\u00edferos<\/h2>\n<div class=\"visual__image\"><img loading=\"lazy\" decoding=\"async\" class=\"\" src=\"https:\/\/cloudfront-us-east-1.images.arcpublishing.com\/infobae\/XM5M5Y5ROBD7DOUCNLNR7UFMPI.jpg\" sizes=\"auto, (min-width: 800px) 50vw, 90vw\" srcset=\"https:\/\/www.infobae.com\/new-resizer\/f0Bna4ZukP3UJzgkgYRtVtB367Q=\/420x280\/filters:format(webp):quality(85)\/cloudfront-us-east-1.images.arcpublishing.com\/infobae\/XM5M5Y5ROBD7DOUCNLNR7UFMPI.jpg 420w,https:\/\/www.infobae.com\/new-resizer\/a0Iq-PJkbYrnjFqZb9q5A5U5TCA=\/768x512\/filters:format(webp):quality(85)\/cloudfront-us-east-1.images.arcpublishing.com\/infobae\/XM5M5Y5ROBD7DOUCNLNR7UFMPI.jpg 768w,https:\/\/www.infobae.com\/new-resizer\/6lnNGrhEvI2Ut_mr5t18zAaMvE4=\/992x661\/filters:format(webp):quality(85)\/cloudfront-us-east-1.images.arcpublishing.com\/infobae\/XM5M5Y5ROBD7DOUCNLNR7UFMPI.jpg 992w,https:\/\/www.infobae.com\/new-resizer\/ZLsLAjAinGfmoDp7qPRzq8rT2Ss=\/1200x800\/filters:format(webp):quality(85)\/cloudfront-us-east-1.images.arcpublishing.com\/infobae\/XM5M5Y5ROBD7DOUCNLNR7UFMPI.jpg 1200w,https:\/\/www.infobae.com\/new-resizer\/-kFznKd1hjBIiakNV9-byuysRaI=\/1440x960\/filters:format(webp):quality(85)\/cloudfront-us-east-1.images.arcpublishing.com\/infobae\/XM5M5Y5ROBD7DOUCNLNR7UFMPI.jpg 1440w\" alt=\"Las autoridades sanitarias peruanas recomendaron mantener la distancia con los lobos marinos que aparecen en las playas del pa\u00eds \" width=\"1800\" height=\"1201\" \/>Las autoridades sanitarias peruanas recomendaron mantener la distancia con los lobos marinos que aparecen en las playas del pa\u00eds<\/div>\n<p class=\"paragraph\">Durante enero y los primeros d\u00edas de febrero, m\u00e1s de seiscientos lobos marinos fueron encontrados muertos o moribundos en playas de Per\u00fa, como Asia, Chorrillos, Cerro Azul y Chilca, y en \u00e1reas protegidas, como la Reserva Nacional Paracas, Reserva Nacional San Fernando, Reserva Nacional Sistema de Islas, Islotes y Puntas Guaneras.<\/p>\n<p class=\"paragraph\">En Per\u00fa, desde diciembre est\u00e1 declarada la emergencia sanitaria por gripe aviar.<b>\u00a0El virus se ha identificado en 20 especies de animales<\/b>.<\/p>\n<p class=\"paragraph\">Ese n\u00famero incluye 17 especies de aves (pel\u00edcanos, piqueros, guanay, gaviotas, cormoranes, ping\u00fcinos de Humboldt, ostrero, \u00e1guilas, zarcillos, garcillas blancas, flamencos, fregata y playeritos, entre otros) y tres especies de mam\u00edferos: lobos marinos, delfines y un le\u00f3n.<\/p>\n<div class=\"visual__image\"><img loading=\"lazy\" decoding=\"async\" class=\"\" src=\"https:\/\/cloudfront-us-east-1.images.arcpublishing.com\/infobae\/6U42ZZQ7EVB6ZI3IGH5KOE2ORI.jpg\" sizes=\"auto, (min-width: 800px) 50vw, 90vw\" srcset=\"https:\/\/www.infobae.com\/new-resizer\/BT_QkX0N3xrp2AsZIzWqHpNyFzM=\/420x236\/filters:format(webp):quality(85)\/cloudfront-us-east-1.images.arcpublishing.com\/infobae\/6U42ZZQ7EVB6ZI3IGH5KOE2ORI.jpg 420w,https:\/\/www.infobae.com\/new-resizer\/7mUJ7AY35xrsLkgIpnf-HkSGAyg=\/768x432\/filters:format(webp):quality(85)\/cloudfront-us-east-1.images.arcpublishing.com\/infobae\/6U42ZZQ7EVB6ZI3IGH5KOE2ORI.jpg 768w,https:\/\/www.infobae.com\/new-resizer\/VNqOqsK6N5YeUbD-y-dupAAtkLM=\/992x558\/filters:format(webp):quality(85)\/cloudfront-us-east-1.images.arcpublishing.com\/infobae\/6U42ZZQ7EVB6ZI3IGH5KOE2ORI.jpg 992w,https:\/\/www.infobae.com\/new-resizer\/qmbVYusQI_kSmPHs-Y_3ihgQgr8=\/1200x675\/filters:format(webp):quality(85)\/cloudfront-us-east-1.images.arcpublishing.com\/infobae\/6U42ZZQ7EVB6ZI3IGH5KOE2ORI.jpg 1200w,https:\/\/www.infobae.com\/new-resizer\/D4j4ix1_EpfSAvX9dPIU7X5BdlU=\/1440x810\/filters:format(webp):quality(85)\/cloudfront-us-east-1.images.arcpublishing.com\/infobae\/6U42ZZQ7EVB6ZI3IGH5KOE2ORI.jpg 1440w\" alt=\"La gripe aviar es una enfermedad muy contagiosa que afecta principalmente a las aves dom\u00e9sticas y sillvestres\/Archivo\" width=\"1920\" height=\"1080\" \/>La gripe aviar es una enfermedad muy contagiosa que afecta principalmente a las aves dom\u00e9sticas y sillvestres\/Archivo<\/div>\n<p class=\"paragraph\">En pa\u00edses de Am\u00e9rica del Norte y en Europa, tambi\u00e9n se han reportado casos que indican el\u00a0<b>salto del virus<\/b>\u00a0de la gripe aviar desde aves a mam\u00edferos.<\/p>\n<p class=\"paragraph\">El trabajo sobre los lobos marinos afectados por gripe aviar en Per\u00fa fue realizado por los cient\u00edficos V\u00edctor Gamarra-Toledo, Sergio Lambertucci, del Grupo de Investigaciones en Biolog\u00eda de la Conservaci\u00f3n, Laboratorio Ecotono en el Instituto INIBIOMA de la Universidad Nacional del Comahue y el Conicet, y Giancarlo Inga, del Servicio Nacional de \u00c1reas Naturales Protegidas por el Estado (SERNANP) de Per\u00fa, entre otros colaboradores.<\/p>\n<p class=\"paragraph\">\u201cLa alta mortalidad observada fue preocupante; por ejemplo, hasta 100 individuos muertos flotando juntos en el mar &#8211; una observaci\u00f3n sin precedentes para esta regi\u00f3n geogr\u00e1fica\u201d, detallaron los cient\u00edficos.<\/p>\n<p class=\"paragraph\">Los s\u00edntomas cl\u00ednicos de los lobos moribundos eran principalmente neurol\u00f3gicos, como temblores, convulsiones y par\u00e1lisis. Tambi\u00e9n presentaban signos respiratorios como falta de aire, taquipnea, secreciones nasales y bucales y edema pulmonar. La mayor\u00eda de los animales muertos eran hembras y se observaron varios abortos. No existen otros registros de una mortalidad tan elevada de lobos marinos agrupados.<\/p>\n<div class=\"visual__image\"><img loading=\"lazy\" decoding=\"async\" class=\"\" src=\"https:\/\/cloudfront-us-east-1.images.arcpublishing.com\/infobae\/L6PNLW7FVBCS5KQR7N53OYGGLI.jpg\" sizes=\"auto, (min-width: 800px) 50vw, 90vw\" srcset=\"https:\/\/www.infobae.com\/new-resizer\/SvC93yVm8c5tsb5BSTdiHgD8y44=\/420x236\/filters:format(webp):quality(85)\/cloudfront-us-east-1.images.arcpublishing.com\/infobae\/L6PNLW7FVBCS5KQR7N53OYGGLI.jpg 420w,https:\/\/www.infobae.com\/new-resizer\/6RZpNb8qOpAXpbqlLcpBRpSHaRY=\/768x432\/filters:format(webp):quality(85)\/cloudfront-us-east-1.images.arcpublishing.com\/infobae\/L6PNLW7FVBCS5KQR7N53OYGGLI.jpg 768w,https:\/\/www.infobae.com\/new-resizer\/h4S6X2U5wgQm9atK5ZMf9Nu_8l8=\/992x558\/filters:format(webp):quality(85)\/cloudfront-us-east-1.images.arcpublishing.com\/infobae\/L6PNLW7FVBCS5KQR7N53OYGGLI.jpg 992w,https:\/\/www.infobae.com\/new-resizer\/S-q-IddtXUHi6y5xPdb_BhfAUiA=\/1200x675\/filters:format(webp):quality(85)\/cloudfront-us-east-1.images.arcpublishing.com\/infobae\/L6PNLW7FVBCS5KQR7N53OYGGLI.jpg 1200w,https:\/\/www.infobae.com\/new-resizer\/3eoMqU4PIob_92yD1ZkjS9_qVs0=\/1440x810\/filters:format(webp):quality(85)\/cloudfront-us-east-1.images.arcpublishing.com\/infobae\/L6PNLW7FVBCS5KQR7N53OYGGLI.jpg 1440w\" alt=\"En Per\u00fa, la gripe aviar afect\u00f3 a pel\u00edcanos, piqueros, guanay, gaviotas, cormoranes, ping\u00fcinos de Humboldt, entre otras aves\/Archivo\" width=\"1920\" height=\"1080\" \/>En Per\u00fa, la gripe aviar afect\u00f3 a pel\u00edcanos, piqueros, guanay, gaviotas, cormoranes, ping\u00fcinos de Humboldt, entre otras aves\/Archivo<\/div>\n<p class=\"paragraph\">El estudio demostr\u00f3 que lobos marinos (su nombre cient\u00edfico es\u00a0<i><b>Otaria flavescens<\/b><\/i>) de Per\u00fa fueron infectados por el virus de la gripe aviar H5N1 y desarrollaron una enfermedad mortal asociada que produjo mortalidad masiva en varias regiones de la costa peruana.<\/p>\n<p class=\"paragraph\">Antes en\u00a0<b>Alemania\u00a0<\/b>se hab\u00edan reportado 1.400\u00a0<b>focas\u00a0<\/b>de puerto muertas. En EE.UU. se inform\u00f3 sobre la muerte de focas con neumon\u00eda y s\u00edntomas neurol\u00f3gicos debidos al H5N1. Pero no hay reportes anteriores sobre lobos marinos.<\/p>\n<p class=\"paragraph\">\u201cLa fuente de gripe aviar que afect\u00f3 a los lobos marinos fue muy probablemente el gran n\u00famero de aves\/carcasas infectadas en la costa peruana. Los leones marinos pueden infectarse por contacto cercano con estos cad\u00e1veres e incluso a trav\u00e9s de su consumo. Sin embargo, la v\u00eda de transmisi\u00f3n sigue siendo desconocida hasta ahora\u201d, escribieron los investigadores.<\/p>\n<div class=\"visual__image\"><img loading=\"lazy\" decoding=\"async\" class=\"\" src=\"https:\/\/cloudfront-us-east-1.images.arcpublishing.com\/infobae\/5O75ENGDNNZXTHQMGWO63V7UX4.jpg\" sizes=\"auto, (min-width: 800px) 50vw, 90vw\" srcset=\"https:\/\/www.infobae.com\/new-resizer\/o4oHBpG3HwPVCPuNm5WOX3LojUU=\/420x280\/filters:format(webp):quality(85)\/cloudfront-us-east-1.images.arcpublishing.com\/infobae\/5O75ENGDNNZXTHQMGWO63V7UX4.jpg 420w,https:\/\/www.infobae.com\/new-resizer\/BS4pxjNb4ZTTYMTdkX2R4Lhhg-I=\/768x512\/filters:format(webp):quality(85)\/cloudfront-us-east-1.images.arcpublishing.com\/infobae\/5O75ENGDNNZXTHQMGWO63V7UX4.jpg 768w,https:\/\/www.infobae.com\/new-resizer\/1Vkey061LDTn4jj9JmmcDpfq2-A=\/992x661\/filters:format(webp):quality(85)\/cloudfront-us-east-1.images.arcpublishing.com\/infobae\/5O75ENGDNNZXTHQMGWO63V7UX4.jpg 992w,https:\/\/www.infobae.com\/new-resizer\/KCwIbTmta28XMvgQnUrX_5QZ-hU=\/1200x800\/filters:format(webp):quality(85)\/cloudfront-us-east-1.images.arcpublishing.com\/infobae\/5O75ENGDNNZXTHQMGWO63V7UX4.jpg 1200w,https:\/\/www.infobae.com\/new-resizer\/XYLf3fZhVhfGHkH5yBQTxAzJ9X4=\/1440x960\/filters:format(webp):quality(85)\/cloudfront-us-east-1.images.arcpublishing.com\/infobae\/5O75ENGDNNZXTHQMGWO63V7UX4.jpg 1440w\" alt=\"En septiembre del a\u00f1o pasado, 30 ping\u00fcinos murieron tras haberse contagiado de gripe aviar en Sud\u00e1frica\/ REUTERS\/Esa Alexander\" width=\"5161\" height=\"3609\" \/>En septiembre del a\u00f1o pasado, 30 ping\u00fcinos murieron tras haberse contagiado de gripe aviar en Sud\u00e1frica\/ REUTERS\/Esa Alexander<\/div>\n<p class=\"paragraph\">Tambi\u00e9n se\u00f1alaron que los niveles tan altos de mortalidad en un animal social, como los lobos marinos, son preocupantes. \u201cNo podemos excluir la transmisi\u00f3n directa entre leones marinos debido a su cr\u00eda colonial, y porque muchos animales murieron simult\u00e1neamente en grupos\u201d, afirmaron.<\/p>\n<p class=\"paragraph\">Advirtieron que\u00a0<b>\u201cla mortalidad masiva de animales que pueden pesar alrededor de 350 kg (10) produce una enorme biomasa de tejido infectado<\/b>, que podr\u00eda perpetuar la transmisi\u00f3n del H5N1 y de otros pat\u00f3genos. Esto podr\u00eda tener graves consecuencias para el ecosistema y la salud humana\u201d, Pidieron que se hagan m\u00e1s estudios sobre la v\u00eda de transmisi\u00f3n de la gripe aviar en los mam\u00edferos sociales.<\/p>\n<p class=\"paragraph\">Desde los Centros para el Control y la Prevenci\u00f3n de Enfermedades (<b>CDC<\/b>) de los Estados Unidos, Tim Uyeki, Jefe m\u00e9dico de la Divisi\u00f3n de Gripe, dijo d\u00edas atr\u00e1s: \u201cRecientemente se han notificado infecciones espor\u00e1dicas por virus de la gripe aviar H5N1 en distintos mam\u00edferos, como\u00a0<b>osos, zorros salvajes y mofetas<\/b>, en Canad\u00e1, Estados Unidos y otros pa\u00edses, como visones en Espa\u00f1a y lobos marinos en Per\u00fa. Los informes de infecciones espor\u00e1dicas por el virus H5N1 en mam\u00edferos depredadores y carro\u00f1eros no son inesperados, dadas las infecciones generalizadas por el virus H5N1 en aves silvestres en todo el mundo\u201d.<\/p>\n<div class=\"visual__image\"><img loading=\"lazy\" decoding=\"async\" class=\"\" src=\"https:\/\/cloudfront-us-east-1.images.arcpublishing.com\/infobae\/VMKBFVSLFYSPRDXTMQC4WXDEKY.jpg\" sizes=\"auto, (min-width: 800px) 50vw, 90vw\" srcset=\"https:\/\/www.infobae.com\/new-resizer\/MhA0_LvGJlzLTm3DiK6-7Q5iRLI=\/420x280\/filters:format(webp):quality(85)\/cloudfront-us-east-1.images.arcpublishing.com\/infobae\/VMKBFVSLFYSPRDXTMQC4WXDEKY.jpg 420w,https:\/\/www.infobae.com\/new-resizer\/eHgMIFOx7-ZfBgENjxDK0YlMcs4=\/768x512\/filters:format(webp):quality(85)\/cloudfront-us-east-1.images.arcpublishing.com\/infobae\/VMKBFVSLFYSPRDXTMQC4WXDEKY.jpg 768w,https:\/\/www.infobae.com\/new-resizer\/GJUuNsMVEmp3CmkwkJtJ_55lnWA=\/992x661\/filters:format(webp):quality(85)\/cloudfront-us-east-1.images.arcpublishing.com\/infobae\/VMKBFVSLFYSPRDXTMQC4WXDEKY.jpg 992w,https:\/\/www.infobae.com\/new-resizer\/csRbLcqAQVCGWxd6qhaiNVh4tm4=\/1200x800\/filters:format(webp):quality(85)\/cloudfront-us-east-1.images.arcpublishing.com\/infobae\/VMKBFVSLFYSPRDXTMQC4WXDEKY.jpg 1200w,https:\/\/www.infobae.com\/new-resizer\/xBB-4C9jgQtKXFApiR4EZEMsfO4=\/1440x960\/filters:format(webp):quality(85)\/cloudfront-us-east-1.images.arcpublishing.com\/infobae\/VMKBFVSLFYSPRDXTMQC4WXDEKY.jpg 1440w\" alt=\"La OMS consider\u00f3 que existe un riesgo &quot;bajo&quot; de que se produzca una pandemia por la propagaci\u00f3n del virus de la gripe aviar en seres humanos\/ REUTERS\/Denis Balibouse\" width=\"800\" height=\"533\" \/>La OMS consider\u00f3 que existe un riesgo \u00abbajo\u00bb de que se produzca una pandemia por la propagaci\u00f3n del virus de la gripe aviar en seres humanos\/ REUTERS\/Denis Balibouse<\/div>\n<p class=\"paragraph\">Si bien los casos de personas afectadas por gripe aviar en Am\u00e9rica han sido pocas, hay un\u00a0<b>riesgo \u201cbajo\u201d\u00a0<\/b>seg\u00fan inform\u00f3 d\u00edas atr\u00e1s la evaluaci\u00f3n de expertos de la Organizaci\u00f3n Mundial de la Salud (OMS).<\/p>\n<p class=\"paragraph\">Las personas adquieren la infecci\u00f3n principalmente a trav\u00e9s del contacto directo con animales infectados vivos o muertos o sus entornos contaminados. Es importante destacar que la enfermedad no se transmite a las personas por el consumo de carne aviar y subproductos aviares, por lo que no ponen en peligro la salud de las personas<\/p>\n<p class=\"paragraph\">Seg\u00fan la OMS, la temporada epid\u00e9mica de la Influenza aviar ya implic\u00f3 290 brotes notificados en aves de corral y alrededor de 140 en aves silvestres en el per\u00edodo comprendido entre el 2 de diciembre de 2022 a 5 de enero pasado, principalmente en pa\u00edses de Europa, Am\u00e9rica, Asia y \u00c1frica. Muchos de los pa\u00edses de estas regiones est\u00e1n experimentando un mayor n\u00famero de brotes en comparaci\u00f3n con los casos registrados el a\u00f1o previo durante el mismo per\u00edodo.<\/p>\n<p class=\"paragraph\">El subtipo predominante notado en la temporada epid\u00e9mica actual sigue siendo el subtipo H5N1 y por primera vez se ha registrado una persistencia inusual del virus en aves silvestres durante los meses de verano. Acorde al patr\u00f3n estacional del virus se espera que el n\u00famero de brotes en animales se incremente en los pr\u00f3ximos meses, seg\u00fan la Organizaci\u00f3n Panamericana de la Salud (OPS).<\/p>\n<\/div>\n<\/article>\n<p>&nbsp;<\/p>\n<p><span style=\"color: #ff6600;\"><em><strong>Fuente: Infobae<\/strong><\/em><\/span><\/p>\n<p>&nbsp;<\/p>\n","protected":false},"excerpt":{"rendered":"<p>La enfermedad que ya se detect\u00f3 en 13 pa\u00edses de Am\u00e9rica es causada por un virus que afecta a las aves silvestres y dom\u00e9sticas pero se reportaron casos recientes en otras especies. Los detalles del estudio cient\u00edfico sobre los lobos marinos sudamericanos en Per\u00fa.<\/p>\n","protected":false},"author":3,"featured_media":84224,"comment_status":"closed","ping_status":"closed","sticky":false,"template":"","format":"standard","meta":{"footnotes":""},"categories":[46,30],"tags":[],"class_list":["post-84221","post","type-post","status-publish","format-standard","has-post-thumbnail","hentry","category-ciencia-y-tecnologia","category-salud"],"yoast_head":"<!-- This site is optimized with the Yoast SEO plugin v25.9 - https:\/\/yoast.com\/wordpress\/plugins\/seo\/ -->\n<title>El origen de la gripe aviar: la infecci\u00f3n que empez\u00f3 en aves pero avanza en mam\u00edferos - Noticias Radio Reflejos<\/title>\n<meta name=\"robots\" content=\"index, follow, max-snippet:-1, max-image-preview:large, max-video-preview:-1\" \/>\n<link rel=\"canonical\" href=\"https:\/\/www.noticiasradioreflejos.com.ar\/2021\/el-origen-de-la-gripe-aviar-la-infeccion-que-empezo-en-aves-pero-avanza-en-mamiferos\/\" \/>\n<meta property=\"og:locale\" content=\"es_ES\" \/>\n<meta property=\"og:type\" content=\"article\" \/>\n<meta property=\"og:title\" content=\"El origen de la gripe aviar: la infecci\u00f3n que empez\u00f3 en aves pero avanza en mam\u00edferos - Noticias Radio Reflejos\" \/>\n<meta property=\"og:description\" content=\"La enfermedad que ya se detect\u00f3 en 13 pa\u00edses de Am\u00e9rica es causada por un virus que afecta a las aves silvestres y dom\u00e9sticas pero se reportaron casos recientes en otras especies. Los detalles del estudio cient\u00edfico sobre los lobos marinos sudamericanos en Per\u00fa.\" \/>\n<meta property=\"og:url\" content=\"https:\/\/www.noticiasradioreflejos.com.ar\/2021\/el-origen-de-la-gripe-aviar-la-infeccion-que-empezo-en-aves-pero-avanza-en-mamiferos\/\" \/>\n<meta property=\"og:site_name\" content=\"Noticias Radio Reflejos\" \/>\n<meta property=\"article:published_time\" content=\"2023-02-16T14:47:18+00:00\" \/>\n<meta property=\"article:modified_time\" content=\"2023-02-16T14:50:25+00:00\" \/>\n<meta property=\"og:image\" content=\"https:\/\/www.noticiasradioreflejos.com.ar\/2021\/wp-content\/uploads\/2023\/02\/Gripe-Aviar.jpg\" \/>\n\t<meta property=\"og:image:width\" content=\"936\" \/>\n\t<meta property=\"og:image:height\" content=\"693\" \/>\n\t<meta property=\"og:image:type\" content=\"image\/jpeg\" \/>\n<meta name=\"author\" content=\"Arnaldo Botto\" \/>\n<meta name=\"twitter:card\" content=\"summary_large_image\" \/>\n<script type=\"application\/ld+json\" class=\"yoast-schema-graph\">{\"@context\":\"https:\/\/schema.org\",\"@graph\":[{\"@type\":\"WebPage\",\"@id\":\"https:\/\/www.noticiasradioreflejos.com.ar\/2021\/el-origen-de-la-gripe-aviar-la-infeccion-que-empezo-en-aves-pero-avanza-en-mamiferos\/\",\"url\":\"https:\/\/www.noticiasradioreflejos.com.ar\/2021\/el-origen-de-la-gripe-aviar-la-infeccion-que-empezo-en-aves-pero-avanza-en-mamiferos\/\",\"name\":\"El origen de la gripe aviar: la infecci\u00f3n que empez\u00f3 en aves pero avanza en mam\u00edferos - Noticias Radio Reflejos\",\"isPartOf\":{\"@id\":\"https:\/\/www.noticiasradioreflejos.com.ar\/2021\/#website\"},\"primaryImageOfPage\":{\"@id\":\"https:\/\/www.noticiasradioreflejos.com.ar\/2021\/el-origen-de-la-gripe-aviar-la-infeccion-que-empezo-en-aves-pero-avanza-en-mamiferos\/#primaryimage\"},\"image\":{\"@id\":\"https:\/\/www.noticiasradioreflejos.com.ar\/2021\/el-origen-de-la-gripe-aviar-la-infeccion-que-empezo-en-aves-pero-avanza-en-mamiferos\/#primaryimage\"},\"thumbnailUrl\":\"https:\/\/www.noticiasradioreflejos.com.ar\/2021\/wp-content\/uploads\/2023\/02\/Gripe-Aviar.jpg\",\"datePublished\":\"2023-02-16T14:47:18+00:00\",\"dateModified\":\"2023-02-16T14:50:25+00:00\",\"author\":{\"@id\":\"https:\/\/www.noticiasradioreflejos.com.ar\/2021\/#\/schema\/person\/ad82545263dcc5ec0996818884fd5fb1\"},\"breadcrumb\":{\"@id\":\"https:\/\/www.noticiasradioreflejos.com.ar\/2021\/el-origen-de-la-gripe-aviar-la-infeccion-que-empezo-en-aves-pero-avanza-en-mamiferos\/#breadcrumb\"},\"inLanguage\":\"es\",\"potentialAction\":[{\"@type\":\"ReadAction\",\"target\":[\"https:\/\/www.noticiasradioreflejos.com.ar\/2021\/el-origen-de-la-gripe-aviar-la-infeccion-que-empezo-en-aves-pero-avanza-en-mamiferos\/\"]}]},{\"@type\":\"ImageObject\",\"inLanguage\":\"es\",\"@id\":\"https:\/\/www.noticiasradioreflejos.com.ar\/2021\/el-origen-de-la-gripe-aviar-la-infeccion-que-empezo-en-aves-pero-avanza-en-mamiferos\/#primaryimage\",\"url\":\"https:\/\/www.noticiasradioreflejos.com.ar\/2021\/wp-content\/uploads\/2023\/02\/Gripe-Aviar.jpg\",\"contentUrl\":\"https:\/\/www.noticiasradioreflejos.com.ar\/2021\/wp-content\/uploads\/2023\/02\/Gripe-Aviar.jpg\",\"width\":936,\"height\":693},{\"@type\":\"BreadcrumbList\",\"@id\":\"https:\/\/www.noticiasradioreflejos.com.ar\/2021\/el-origen-de-la-gripe-aviar-la-infeccion-que-empezo-en-aves-pero-avanza-en-mamiferos\/#breadcrumb\",\"itemListElement\":[{\"@type\":\"ListItem\",\"position\":1,\"name\":\"Portada\",\"item\":\"https:\/\/www.noticiasradioreflejos.com.ar\/2021\/\"},{\"@type\":\"ListItem\",\"position\":2,\"name\":\"El origen de la gripe aviar: la infecci\u00f3n que empez\u00f3 en aves pero avanza en mam\u00edferos\"}]},{\"@type\":\"WebSite\",\"@id\":\"https:\/\/www.noticiasradioreflejos.com.ar\/2021\/#website\",\"url\":\"https:\/\/www.noticiasradioreflejos.com.ar\/2021\/\",\"name\":\"Noticias Radio Reflejos\",\"description\":\"Las noticias de mi comarca\",\"potentialAction\":[{\"@type\":\"SearchAction\",\"target\":{\"@type\":\"EntryPoint\",\"urlTemplate\":\"https:\/\/www.noticiasradioreflejos.com.ar\/2021\/?s={search_term_string}\"},\"query-input\":{\"@type\":\"PropertyValueSpecification\",\"valueRequired\":true,\"valueName\":\"search_term_string\"}}],\"inLanguage\":\"es\"},{\"@type\":\"Person\",\"@id\":\"https:\/\/www.noticiasradioreflejos.com.ar\/2021\/#\/schema\/person\/ad82545263dcc5ec0996818884fd5fb1\",\"name\":\"Arnaldo Botto\",\"image\":{\"@type\":\"ImageObject\",\"inLanguage\":\"es\",\"@id\":\"https:\/\/www.noticiasradioreflejos.com.ar\/2021\/#\/schema\/person\/image\/\",\"url\":\"https:\/\/secure.gravatar.com\/avatar\/55cb5e37c1efa326397366e6974cb338056df65cb50e7d64d1cf314e87504837?s=96&d=mm&r=g\",\"contentUrl\":\"https:\/\/secure.gravatar.com\/avatar\/55cb5e37c1efa326397366e6974cb338056df65cb50e7d64d1cf314e87504837?s=96&d=mm&r=g\",\"caption\":\"Arnaldo Botto\"},\"url\":\"https:\/\/www.noticiasradioreflejos.com.ar\/2021\/author\/arnaldo\/\"}]}<\/script>\n<!-- \/ Yoast SEO plugin. -->","yoast_head_json":{"title":"El origen de la gripe aviar: la infecci\u00f3n que empez\u00f3 en aves pero avanza en mam\u00edferos - Noticias Radio Reflejos","robots":{"index":"index","follow":"follow","max-snippet":"max-snippet:-1","max-image-preview":"max-image-preview:large","max-video-preview":"max-video-preview:-1"},"canonical":"https:\/\/www.noticiasradioreflejos.com.ar\/2021\/el-origen-de-la-gripe-aviar-la-infeccion-que-empezo-en-aves-pero-avanza-en-mamiferos\/","og_locale":"es_ES","og_type":"article","og_title":"El origen de la gripe aviar: la infecci\u00f3n que empez\u00f3 en aves pero avanza en mam\u00edferos - Noticias Radio Reflejos","og_description":"La enfermedad que ya se detect\u00f3 en 13 pa\u00edses de Am\u00e9rica es causada por un virus que afecta a las aves silvestres y dom\u00e9sticas pero se reportaron casos recientes en otras especies. Los detalles del estudio cient\u00edfico sobre los lobos marinos sudamericanos en Per\u00fa.","og_url":"https:\/\/www.noticiasradioreflejos.com.ar\/2021\/el-origen-de-la-gripe-aviar-la-infeccion-que-empezo-en-aves-pero-avanza-en-mamiferos\/","og_site_name":"Noticias Radio Reflejos","article_published_time":"2023-02-16T14:47:18+00:00","article_modified_time":"2023-02-16T14:50:25+00:00","og_image":[{"width":936,"height":693,"url":"https:\/\/www.noticiasradioreflejos.com.ar\/2021\/wp-content\/uploads\/2023\/02\/Gripe-Aviar.jpg","type":"image\/jpeg"}],"author":"Arnaldo Botto","twitter_card":"summary_large_image","schema":{"@context":"https:\/\/schema.org","@graph":[{"@type":"WebPage","@id":"https:\/\/www.noticiasradioreflejos.com.ar\/2021\/el-origen-de-la-gripe-aviar-la-infeccion-que-empezo-en-aves-pero-avanza-en-mamiferos\/","url":"https:\/\/www.noticiasradioreflejos.com.ar\/2021\/el-origen-de-la-gripe-aviar-la-infeccion-que-empezo-en-aves-pero-avanza-en-mamiferos\/","name":"El origen de la gripe aviar: la infecci\u00f3n que empez\u00f3 en aves pero avanza en mam\u00edferos - Noticias Radio Reflejos","isPartOf":{"@id":"https:\/\/www.noticiasradioreflejos.com.ar\/2021\/#website"},"primaryImageOfPage":{"@id":"https:\/\/www.noticiasradioreflejos.com.ar\/2021\/el-origen-de-la-gripe-aviar-la-infeccion-que-empezo-en-aves-pero-avanza-en-mamiferos\/#primaryimage"},"image":{"@id":"https:\/\/www.noticiasradioreflejos.com.ar\/2021\/el-origen-de-la-gripe-aviar-la-infeccion-que-empezo-en-aves-pero-avanza-en-mamiferos\/#primaryimage"},"thumbnailUrl":"https:\/\/www.noticiasradioreflejos.com.ar\/2021\/wp-content\/uploads\/2023\/02\/Gripe-Aviar.jpg","datePublished":"2023-02-16T14:47:18+00:00","dateModified":"2023-02-16T14:50:25+00:00","author":{"@id":"https:\/\/www.noticiasradioreflejos.com.ar\/2021\/#\/schema\/person\/ad82545263dcc5ec0996818884fd5fb1"},"breadcrumb":{"@id":"https:\/\/www.noticiasradioreflejos.com.ar\/2021\/el-origen-de-la-gripe-aviar-la-infeccion-que-empezo-en-aves-pero-avanza-en-mamiferos\/#breadcrumb"},"inLanguage":"es","potentialAction":[{"@type":"ReadAction","target":["https:\/\/www.noticiasradioreflejos.com.ar\/2021\/el-origen-de-la-gripe-aviar-la-infeccion-que-empezo-en-aves-pero-avanza-en-mamiferos\/"]}]},{"@type":"ImageObject","inLanguage":"es","@id":"https:\/\/www.noticiasradioreflejos.com.ar\/2021\/el-origen-de-la-gripe-aviar-la-infeccion-que-empezo-en-aves-pero-avanza-en-mamiferos\/#primaryimage","url":"https:\/\/www.noticiasradioreflejos.com.ar\/2021\/wp-content\/uploads\/2023\/02\/Gripe-Aviar.jpg","contentUrl":"https:\/\/www.noticiasradioreflejos.com.ar\/2021\/wp-content\/uploads\/2023\/02\/Gripe-Aviar.jpg","width":936,"height":693},{"@type":"BreadcrumbList","@id":"https:\/\/www.noticiasradioreflejos.com.ar\/2021\/el-origen-de-la-gripe-aviar-la-infeccion-que-empezo-en-aves-pero-avanza-en-mamiferos\/#breadcrumb","itemListElement":[{"@type":"ListItem","position":1,"name":"Portada","item":"https:\/\/www.noticiasradioreflejos.com.ar\/2021\/"},{"@type":"ListItem","position":2,"name":"El origen de la gripe aviar: la infecci\u00f3n que empez\u00f3 en aves pero avanza en mam\u00edferos"}]},{"@type":"WebSite","@id":"https:\/\/www.noticiasradioreflejos.com.ar\/2021\/#website","url":"https:\/\/www.noticiasradioreflejos.com.ar\/2021\/","name":"Noticias Radio Reflejos","description":"Las noticias de mi comarca","potentialAction":[{"@type":"SearchAction","target":{"@type":"EntryPoint","urlTemplate":"https:\/\/www.noticiasradioreflejos.com.ar\/2021\/?s={search_term_string}"},"query-input":{"@type":"PropertyValueSpecification","valueRequired":true,"valueName":"search_term_string"}}],"inLanguage":"es"},{"@type":"Person","@id":"https:\/\/www.noticiasradioreflejos.com.ar\/2021\/#\/schema\/person\/ad82545263dcc5ec0996818884fd5fb1","name":"Arnaldo Botto","image":{"@type":"ImageObject","inLanguage":"es","@id":"https:\/\/www.noticiasradioreflejos.com.ar\/2021\/#\/schema\/person\/image\/","url":"https:\/\/secure.gravatar.com\/avatar\/55cb5e37c1efa326397366e6974cb338056df65cb50e7d64d1cf314e87504837?s=96&d=mm&r=g","contentUrl":"https:\/\/secure.gravatar.com\/avatar\/55cb5e37c1efa326397366e6974cb338056df65cb50e7d64d1cf314e87504837?s=96&d=mm&r=g","caption":"Arnaldo Botto"},"url":"https:\/\/www.noticiasradioreflejos.com.ar\/2021\/author\/arnaldo\/"}]}},"_links":{"self":[{"href":"https:\/\/www.noticiasradioreflejos.com.ar\/2021\/wp-json\/wp\/v2\/posts\/84221","targetHints":{"allow":["GET"]}}],"collection":[{"href":"https:\/\/www.noticiasradioreflejos.com.ar\/2021\/wp-json\/wp\/v2\/posts"}],"about":[{"href":"https:\/\/www.noticiasradioreflejos.com.ar\/2021\/wp-json\/wp\/v2\/types\/post"}],"author":[{"embeddable":true,"href":"https:\/\/www.noticiasradioreflejos.com.ar\/2021\/wp-json\/wp\/v2\/users\/3"}],"replies":[{"embeddable":true,"href":"https:\/\/www.noticiasradioreflejos.com.ar\/2021\/wp-json\/wp\/v2\/comments?post=84221"}],"version-history":[{"count":3,"href":"https:\/\/www.noticiasradioreflejos.com.ar\/2021\/wp-json\/wp\/v2\/posts\/84221\/revisions"}],"predecessor-version":[{"id":84226,"href":"https:\/\/www.noticiasradioreflejos.com.ar\/2021\/wp-json\/wp\/v2\/posts\/84221\/revisions\/84226"}],"wp:featuredmedia":[{"embeddable":true,"href":"https:\/\/www.noticiasradioreflejos.com.ar\/2021\/wp-json\/wp\/v2\/media\/84224"}],"wp:attachment":[{"href":"https:\/\/www.noticiasradioreflejos.com.ar\/2021\/wp-json\/wp\/v2\/media?parent=84221"}],"wp:term":[{"taxonomy":"category","embeddable":true,"href":"https:\/\/www.noticiasradioreflejos.com.ar\/2021\/wp-json\/wp\/v2\/categories?post=84221"},{"taxonomy":"post_tag","embeddable":true,"href":"https:\/\/www.noticiasradioreflejos.com.ar\/2021\/wp-json\/wp\/v2\/tags?post=84221"}],"curies":[{"name":"wp","href":"https:\/\/api.w.org\/{rel}","templated":true}]}}