{"id":84219,"date":"2023-02-16T14:35:43","date_gmt":"2023-02-16T14:35:43","guid":{"rendered":"https:\/\/www.noticiasradioreflejos.com.ar\/2021\/?p=84219"},"modified":"2023-02-16T15:17:45","modified_gmt":"2023-02-16T15:17:45","slug":"los-loteos-en-cerro-ceferino-estan-autorizados-por-la-autoridad-del-agua","status":"publish","type":"post","link":"https:\/\/www.noticiasradioreflejos.com.ar\/2021\/los-loteos-en-cerro-ceferino-estan-autorizados-por-la-autoridad-del-agua\/","title":{"rendered":"Los loteos en Cerro Ceferino est\u00e1n autorizados por la Autoridad del Agua"},"content":{"rendered":"<p>Un documento de cuatro carillas emitido en 2018 otorga la aptitud hidr\u00e1ulica para obra que linda con el r\u00edo y pone como \u00fanica condici\u00f3n no construir a 30 metros de la ribera del arroyo.<!--more--><\/p>\n<p>Con la firma del <strong>Ingeniero Adri\u00e1n Ferrari<\/strong> de la Divisi\u00f3n Riesgos H\u00eddricos y Fraccionamiento que responde al Departamento de L\u00edmites y Restricciones de Dominio, en 2018 la Autoridad del Agua se expidi\u00f3 respecto a los loteos en Cerro Ceferino.<\/p>\n<p>Tras analizar las presentaciones, y en un documento de cuatro carillas, la ADA resolvi\u00f3 \u201cotorgar al Se\u00f1or Eduardo Sierra (\u2026) fiduciario\u00a0 del Fideicomiso Cerro Ceferino (\u2026) la Aptitud Hidr\u00e1ulica para Obra para ejecutar las obras de saneamiento hidr\u00e1ulico a desarrollar en el predio de la propiedad\u201d.<\/p>\n<p>Al tiempo que en el art\u00edculo 3\u00b0 de esta resoluci\u00f3n se menciona \u201cuna restricci\u00f3n de treinta (30) metros a partir de la l\u00ednea de ribera del arroyo Sauce Grande, franja en la cual no podr\u00e1 variarse el uso del suelo ni levantar construcciones de car\u00e1cter permanente (Ley N\u00b0 6253)\u201d.<\/p>\n<p>Esta disposici\u00f3n legitima los loteos que est\u00e1n a la venta y que generaron tanto revuelo en los \u00faltimos d\u00edas, en donde un grupo de vecinos del sector aseguraban que eran ilegales.<\/p>\n<p>De igual manera y seg\u00fan pudo saber esta redacci\u00f3n, por c\u00f3digo urban\u00edstico dichas parcelas no podr\u00e1n contar con casas sobre sus fondos, los cuales lindan con el cauce de agua, debiendo dejar esos espacios para otro tipo de intervenciones, como piletas.<\/p>\n<p>&nbsp;<\/p>\n<p style=\"margin: 12px auto 6px auto; font-family: Helvetica,Arial,Sans-serif; font-style: normal; font-variant: normal; font-weight: normal; font-size: 14px; line-height: normal; font-size-adjust: none; font-stretch: normal; -x-system-font: none; display: block;\"><a style=\"text-decoration: underline;\" title=\"View Resoluci\u00f3n 30 Mts on Scribd\" href=\"https:\/\/www.scribd.com\/document\/626170192\/Resolucion-30-Mts#from_embed\">Resoluci\u00f3n 30 Mts<\/a> by <a style=\"text-decoration: underline;\" title=\"View FM Reflejos Sierra de la Ventana's profile on Scribd\" href=\"https:\/\/es.scribd.com\/user\/128459674\/FM-Reflejos-Sierra-de-la-Ventana#from_embed\">FM Reflejos Sierra de la Ventana<\/a> on Scribd<\/p>\n<p><iframe loading=\"lazy\" id=\"doc_79767\" class=\"scribd_iframe_embed\" title=\"Resoluci\u00f3n 30 Mts\" src=\"https:\/\/es.scribd.com\/embeds\/626170192\/content?start_page=1&amp;view_mode=scroll&amp;access_key=key-xXtebVCYk3xByOvvJIKQ\" width=\"100%\" height=\"600\" frameborder=\"0\" scrolling=\"no\" data-auto-height=\"true\" data-aspect-ratio=\"0.7729220222793488\"><\/iframe><script type=\"text\/javascript\">(function() { var scribd = document.createElement(\"script\"); scribd.type = \"text\/javascript\"; scribd.async = true; scribd.src = \"https:\/\/es.scribd.com\/javascripts\/embed_code\/inject.js\"; var s = document.getElementsByTagName(\"script\")[0]; s.parentNode.insertBefore(scribd, s); })();<\/script><\/p>\n","protected":false},"excerpt":{"rendered":"<p>Un documento de cuatro carillas emitido en 2018 otorga la aptitud hidr\u00e1ulica para obra que linda con el r\u00edo y pone como \u00fanica condici\u00f3n no construir a 30 metros de la ribera del arroyo.<\/p>\n","protected":false},"author":3,"featured_media":0,"comment_status":"closed","ping_status":"closed","sticky":false,"template":"","format":"standard","meta":{"footnotes":""},"categories":[26],"tags":[48],"class_list":["post-84219","post","type-post","status-publish","format-standard","hentry","category-sociedad","tag-destacada"],"yoast_head":"<!-- This site is optimized with the Yoast SEO plugin v25.9 - https:\/\/yoast.com\/wordpress\/plugins\/seo\/ -->\n<title>Los loteos en Cerro Ceferino est\u00e1n autorizados por la Autoridad del Agua - Noticias Radio Reflejos<\/title>\n<meta name=\"robots\" content=\"index, follow, max-snippet:-1, max-image-preview:large, max-video-preview:-1\" \/>\n<link rel=\"canonical\" href=\"https:\/\/www.noticiasradioreflejos.com.ar\/2021\/los-loteos-en-cerro-ceferino-estan-autorizados-por-la-autoridad-del-agua\/\" \/>\n<meta property=\"og:locale\" content=\"es_ES\" \/>\n<meta property=\"og:type\" content=\"article\" \/>\n<meta property=\"og:title\" content=\"Los loteos en Cerro Ceferino est\u00e1n autorizados por la Autoridad del Agua - Noticias Radio Reflejos\" \/>\n<meta property=\"og:description\" content=\"Un documento de cuatro carillas emitido en 2018 otorga la aptitud hidr\u00e1ulica para obra que linda con el r\u00edo y pone como \u00fanica condici\u00f3n no construir a 30 metros de la ribera del arroyo.\" \/>\n<meta property=\"og:url\" content=\"https:\/\/www.noticiasradioreflejos.com.ar\/2021\/los-loteos-en-cerro-ceferino-estan-autorizados-por-la-autoridad-del-agua\/\" \/>\n<meta property=\"og:site_name\" content=\"Noticias Radio Reflejos\" \/>\n<meta property=\"article:published_time\" content=\"2023-02-16T14:35:43+00:00\" \/>\n<meta property=\"article:modified_time\" content=\"2023-02-16T15:17:45+00:00\" \/>\n<meta property=\"og:image\" content=\"https:\/\/www.noticiasradioreflejos.com.ar\/2021\/wp-content\/uploads\/2021\/07\/logosol300x200.png\" \/>\n\t<meta property=\"og:image:width\" content=\"300\" \/>\n\t<meta property=\"og:image:height\" content=\"200\" \/>\n\t<meta property=\"og:image:type\" content=\"image\/png\" \/>\n<meta name=\"author\" content=\"Arnaldo Botto\" \/>\n<meta name=\"twitter:card\" content=\"summary_large_image\" \/>\n<script type=\"application\/ld+json\" class=\"yoast-schema-graph\">{\"@context\":\"https:\/\/schema.org\",\"@graph\":[{\"@type\":\"WebPage\",\"@id\":\"https:\/\/www.noticiasradioreflejos.com.ar\/2021\/los-loteos-en-cerro-ceferino-estan-autorizados-por-la-autoridad-del-agua\/\",\"url\":\"https:\/\/www.noticiasradioreflejos.com.ar\/2021\/los-loteos-en-cerro-ceferino-estan-autorizados-por-la-autoridad-del-agua\/\",\"name\":\"Los loteos en Cerro Ceferino est\u00e1n autorizados por la Autoridad del Agua - Noticias Radio Reflejos\",\"isPartOf\":{\"@id\":\"https:\/\/www.noticiasradioreflejos.com.ar\/2021\/#website\"},\"datePublished\":\"2023-02-16T14:35:43+00:00\",\"dateModified\":\"2023-02-16T15:17:45+00:00\",\"author\":{\"@id\":\"https:\/\/www.noticiasradioreflejos.com.ar\/2021\/#\/schema\/person\/ad82545263dcc5ec0996818884fd5fb1\"},\"breadcrumb\":{\"@id\":\"https:\/\/www.noticiasradioreflejos.com.ar\/2021\/los-loteos-en-cerro-ceferino-estan-autorizados-por-la-autoridad-del-agua\/#breadcrumb\"},\"inLanguage\":\"es\",\"potentialAction\":[{\"@type\":\"ReadAction\",\"target\":[\"https:\/\/www.noticiasradioreflejos.com.ar\/2021\/los-loteos-en-cerro-ceferino-estan-autorizados-por-la-autoridad-del-agua\/\"]}]},{\"@type\":\"BreadcrumbList\",\"@id\":\"https:\/\/www.noticiasradioreflejos.com.ar\/2021\/los-loteos-en-cerro-ceferino-estan-autorizados-por-la-autoridad-del-agua\/#breadcrumb\",\"itemListElement\":[{\"@type\":\"ListItem\",\"position\":1,\"name\":\"Portada\",\"item\":\"https:\/\/www.noticiasradioreflejos.com.ar\/2021\/\"},{\"@type\":\"ListItem\",\"position\":2,\"name\":\"Los loteos en Cerro Ceferino est\u00e1n autorizados por la Autoridad del Agua\"}]},{\"@type\":\"WebSite\",\"@id\":\"https:\/\/www.noticiasradioreflejos.com.ar\/2021\/#website\",\"url\":\"https:\/\/www.noticiasradioreflejos.com.ar\/2021\/\",\"name\":\"Noticias Radio Reflejos\",\"description\":\"Las noticias de mi comarca\",\"potentialAction\":[{\"@type\":\"SearchAction\",\"target\":{\"@type\":\"EntryPoint\",\"urlTemplate\":\"https:\/\/www.noticiasradioreflejos.com.ar\/2021\/?s={search_term_string}\"},\"query-input\":{\"@type\":\"PropertyValueSpecification\",\"valueRequired\":true,\"valueName\":\"search_term_string\"}}],\"inLanguage\":\"es\"},{\"@type\":\"Person\",\"@id\":\"https:\/\/www.noticiasradioreflejos.com.ar\/2021\/#\/schema\/person\/ad82545263dcc5ec0996818884fd5fb1\",\"name\":\"Arnaldo Botto\",\"image\":{\"@type\":\"ImageObject\",\"inLanguage\":\"es\",\"@id\":\"https:\/\/www.noticiasradioreflejos.com.ar\/2021\/#\/schema\/person\/image\/\",\"url\":\"https:\/\/secure.gravatar.com\/avatar\/55cb5e37c1efa326397366e6974cb338056df65cb50e7d64d1cf314e87504837?s=96&d=mm&r=g\",\"contentUrl\":\"https:\/\/secure.gravatar.com\/avatar\/55cb5e37c1efa326397366e6974cb338056df65cb50e7d64d1cf314e87504837?s=96&d=mm&r=g\",\"caption\":\"Arnaldo Botto\"},\"url\":\"https:\/\/www.noticiasradioreflejos.com.ar\/2021\/author\/arnaldo\/\"}]}<\/script>\n<!-- \/ Yoast SEO plugin. -->","yoast_head_json":{"title":"Los loteos en Cerro Ceferino est\u00e1n autorizados por la Autoridad del Agua - Noticias Radio Reflejos","robots":{"index":"index","follow":"follow","max-snippet":"max-snippet:-1","max-image-preview":"max-image-preview:large","max-video-preview":"max-video-preview:-1"},"canonical":"https:\/\/www.noticiasradioreflejos.com.ar\/2021\/los-loteos-en-cerro-ceferino-estan-autorizados-por-la-autoridad-del-agua\/","og_locale":"es_ES","og_type":"article","og_title":"Los loteos en Cerro Ceferino est\u00e1n autorizados por la Autoridad del Agua - Noticias Radio Reflejos","og_description":"Un documento de cuatro carillas emitido en 2018 otorga la aptitud hidr\u00e1ulica para obra que linda con el r\u00edo y pone como \u00fanica condici\u00f3n no construir a 30 metros de la ribera del arroyo.","og_url":"https:\/\/www.noticiasradioreflejos.com.ar\/2021\/los-loteos-en-cerro-ceferino-estan-autorizados-por-la-autoridad-del-agua\/","og_site_name":"Noticias Radio Reflejos","article_published_time":"2023-02-16T14:35:43+00:00","article_modified_time":"2023-02-16T15:17:45+00:00","og_image":[{"width":300,"height":200,"url":"https:\/\/www.noticiasradioreflejos.com.ar\/2021\/wp-content\/uploads\/2021\/07\/logosol300x200.png","type":"image\/png"}],"author":"Arnaldo Botto","twitter_card":"summary_large_image","schema":{"@context":"https:\/\/schema.org","@graph":[{"@type":"WebPage","@id":"https:\/\/www.noticiasradioreflejos.com.ar\/2021\/los-loteos-en-cerro-ceferino-estan-autorizados-por-la-autoridad-del-agua\/","url":"https:\/\/www.noticiasradioreflejos.com.ar\/2021\/los-loteos-en-cerro-ceferino-estan-autorizados-por-la-autoridad-del-agua\/","name":"Los loteos en Cerro Ceferino est\u00e1n autorizados por la Autoridad del Agua - Noticias Radio Reflejos","isPartOf":{"@id":"https:\/\/www.noticiasradioreflejos.com.ar\/2021\/#website"},"datePublished":"2023-02-16T14:35:43+00:00","dateModified":"2023-02-16T15:17:45+00:00","author":{"@id":"https:\/\/www.noticiasradioreflejos.com.ar\/2021\/#\/schema\/person\/ad82545263dcc5ec0996818884fd5fb1"},"breadcrumb":{"@id":"https:\/\/www.noticiasradioreflejos.com.ar\/2021\/los-loteos-en-cerro-ceferino-estan-autorizados-por-la-autoridad-del-agua\/#breadcrumb"},"inLanguage":"es","potentialAction":[{"@type":"ReadAction","target":["https:\/\/www.noticiasradioreflejos.com.ar\/2021\/los-loteos-en-cerro-ceferino-estan-autorizados-por-la-autoridad-del-agua\/"]}]},{"@type":"BreadcrumbList","@id":"https:\/\/www.noticiasradioreflejos.com.ar\/2021\/los-loteos-en-cerro-ceferino-estan-autorizados-por-la-autoridad-del-agua\/#breadcrumb","itemListElement":[{"@type":"ListItem","position":1,"name":"Portada","item":"https:\/\/www.noticiasradioreflejos.com.ar\/2021\/"},{"@type":"ListItem","position":2,"name":"Los loteos en Cerro Ceferino est\u00e1n autorizados por la Autoridad del Agua"}]},{"@type":"WebSite","@id":"https:\/\/www.noticiasradioreflejos.com.ar\/2021\/#website","url":"https:\/\/www.noticiasradioreflejos.com.ar\/2021\/","name":"Noticias Radio Reflejos","description":"Las noticias de mi comarca","potentialAction":[{"@type":"SearchAction","target":{"@type":"EntryPoint","urlTemplate":"https:\/\/www.noticiasradioreflejos.com.ar\/2021\/?s={search_term_string}"},"query-input":{"@type":"PropertyValueSpecification","valueRequired":true,"valueName":"search_term_string"}}],"inLanguage":"es"},{"@type":"Person","@id":"https:\/\/www.noticiasradioreflejos.com.ar\/2021\/#\/schema\/person\/ad82545263dcc5ec0996818884fd5fb1","name":"Arnaldo Botto","image":{"@type":"ImageObject","inLanguage":"es","@id":"https:\/\/www.noticiasradioreflejos.com.ar\/2021\/#\/schema\/person\/image\/","url":"https:\/\/secure.gravatar.com\/avatar\/55cb5e37c1efa326397366e6974cb338056df65cb50e7d64d1cf314e87504837?s=96&d=mm&r=g","contentUrl":"https:\/\/secure.gravatar.com\/avatar\/55cb5e37c1efa326397366e6974cb338056df65cb50e7d64d1cf314e87504837?s=96&d=mm&r=g","caption":"Arnaldo Botto"},"url":"https:\/\/www.noticiasradioreflejos.com.ar\/2021\/author\/arnaldo\/"}]}},"_links":{"self":[{"href":"https:\/\/www.noticiasradioreflejos.com.ar\/2021\/wp-json\/wp\/v2\/posts\/84219","targetHints":{"allow":["GET"]}}],"collection":[{"href":"https:\/\/www.noticiasradioreflejos.com.ar\/2021\/wp-json\/wp\/v2\/posts"}],"about":[{"href":"https:\/\/www.noticiasradioreflejos.com.ar\/2021\/wp-json\/wp\/v2\/types\/post"}],"author":[{"embeddable":true,"href":"https:\/\/www.noticiasradioreflejos.com.ar\/2021\/wp-json\/wp\/v2\/users\/3"}],"replies":[{"embeddable":true,"href":"https:\/\/www.noticiasradioreflejos.com.ar\/2021\/wp-json\/wp\/v2\/comments?post=84219"}],"version-history":[{"count":3,"href":"https:\/\/www.noticiasradioreflejos.com.ar\/2021\/wp-json\/wp\/v2\/posts\/84219\/revisions"}],"predecessor-version":[{"id":84231,"href":"https:\/\/www.noticiasradioreflejos.com.ar\/2021\/wp-json\/wp\/v2\/posts\/84219\/revisions\/84231"}],"wp:attachment":[{"href":"https:\/\/www.noticiasradioreflejos.com.ar\/2021\/wp-json\/wp\/v2\/media?parent=84219"}],"wp:term":[{"taxonomy":"category","embeddable":true,"href":"https:\/\/www.noticiasradioreflejos.com.ar\/2021\/wp-json\/wp\/v2\/categories?post=84219"},{"taxonomy":"post_tag","embeddable":true,"href":"https:\/\/www.noticiasradioreflejos.com.ar\/2021\/wp-json\/wp\/v2\/tags?post=84219"}],"curies":[{"name":"wp","href":"https:\/\/api.w.org\/{rel}","templated":true}]}}