{"id":84169,"date":"2023-02-15T16:28:02","date_gmt":"2023-02-15T16:28:02","guid":{"rendered":"https:\/\/www.noticiasradioreflejos.com.ar\/2021\/?p=84169"},"modified":"2023-02-15T20:10:22","modified_gmt":"2023-02-15T20:10:22","slug":"buenas-noticias-el-cerro-ya-esta-libre-de-humo","status":"publish","type":"post","link":"https:\/\/www.noticiasradioreflejos.com.ar\/2021\/buenas-noticias-el-cerro-ya-esta-libre-de-humo\/","title":{"rendered":"Buenas noticias: el cerro ya est\u00e1 libre de humo"},"content":{"rendered":"<p>En una ma\u00f1ana intensa de trabajos, los helic\u00f3pteros y aviones hidrantes reforzaron el cuerpo a cuerpo de los bomberos y lograron contener el fuego. Ya no hay llamas. Hasta las 21 se controlar\u00e1n todos los sectores.<!--more--><\/p>\n<p>La ma\u00f1ana del 15 de febrero puede significar el D\u00eda \u201cD\u201d en relaci\u00f3n al incendio que afect\u00f3 la comarca desde el pasado domingo.<\/p>\n<div style=\"width: 640px;\" class=\"wp-video\"><video class=\"wp-video-shortcode\" id=\"video-84169-1\" width=\"640\" height=\"352\" preload=\"metadata\" controls=\"controls\"><source type=\"video\/mp4\" src=\"https:\/\/www.noticiasradioreflejos.com.ar\/2021\/wp-content\/uploads\/2023\/02\/WhatsApp-Video-2023-02-15-at-11.46.04.mp4?_=1\" \/><a href=\"https:\/\/www.noticiasradioreflejos.com.ar\/2021\/wp-content\/uploads\/2023\/02\/WhatsApp-Video-2023-02-15-at-11.46.04.mp4\">https:\/\/www.noticiasradioreflejos.com.ar\/2021\/wp-content\/uploads\/2023\/02\/WhatsApp-Video-2023-02-15-at-11.46.04.mp4<\/a><\/video><\/div>\n<p>Entre el par de helic\u00f3pteros y el dueto de aviones terminaron de reafirmar el loable trabajo de los bomberos, y con esto, sobre las 12, se logr\u00f3 contener el fuego. Ya no se ven columnas de humo significativas, por lo que a partir de ahora comienza un trabajo de control.<\/p>\n<p>Pasado el mediod\u00eda los aviones descargar\u00e1n sobre lugares estrat\u00e9gicos para terminar de enfriarlos, mientras que los helic\u00f3pteros ser\u00e1n encomendados a repasar otras \u00e1reas, buscando descartar cualquier posible reinicio.<\/p>\n<p>Seg\u00fan se dio a conocer, el \u00faltimo basti\u00f3n \u00edgneo se hab\u00eda situado en el ca\u00f1ad\u00f3n en frente del cerro Ventana, pero a medio ma\u00f1ana se pudo sofocar.<\/p>\n<p><a title=\"WhatsApp Image 2023-02-15 at 11.39.17\" href=\"https:\/\/www.flickr.com\/photos\/182279889@N02\/52691172530\/in\/dateposted-public\/\" data-flickr-embed=\"true\"><img loading=\"lazy\" decoding=\"async\" src=\"https:\/\/live.staticflickr.com\/65535\/52691172530_d0e997bd94_c.jpg\" alt=\"WhatsApp Image 2023-02-15 at 11.39.17\" width=\"800\" height=\"600\" \/><\/a><script async src=\"\/\/embedr.flickr.com\/assets\/client-code.js\" charset=\"utf-8\"><\/script><\/p>\n<p>M\u00e1s de 80 bomberos voluntarios y de la brigada forestal de la polic\u00eda bonaerense, con el apoyo de helic\u00f3pteros helibaldes y aviones hidrantes, lograron este mediod\u00eda contener un incendio forestal en la zona serrana del parque provincial Ernesto Tornquist, luego de cuatro jornadas de intensa labor.<\/p>\n<p>Los trabajos se centraron hoy sobre un ca\u00f1ad\u00f3n ubicado frente al cerro Ventana, en la zona del parque provincial ubicado sobre la ruta provincial 76.<\/p>\n<p>Estos incendios comenzaron durante la tarde del domingo por la ca\u00edda de un rayo entre el cerro Ventana y el cerro Bah\u00eda Blanca, situaci\u00f3n por la cual comenzaron a actuar bomberos voluntarios de Tornquist, de Sierra y Villa de la Ventana.<\/p>\n<p>Con el correr de las horas y debido a la magnitud del mismo tambi\u00e9n acudieron dotaciones de bomberos de otras localidades cercanas de la regi\u00f3n, brigada forestal de la polic\u00eda bonaerense, aviones hidrantes del Plan Nacional de Manejo del Fuego a los que se sumaron los helic\u00f3pteros del Ministerio de Seguridad de la provincia de Buenos Aires.<\/p>\n<p>Adem\u00e1s, la comuna de Tornquist dispuso que en el lugar trabaje maquinaria vial con el fin de llevar a cabo distintos cortafuegos en el terreno.<\/p>\n<p>El secretario de Gobierno y Seguridad del municipio de Tornquist, Ezequiel Gabella, dijo este mediod\u00eda que \u00abel fuego se encuentra contenido, significa que no hay focos activos, no hay llamas, a partir de ahora habr\u00e1 un proceso que durar\u00e1 hasta la noche en el cual se controla, que actividad hay, si se reinician algunos de los focos\u00bb.<\/p>\n<p>\u00abTambi\u00e9n trabajar\u00e1n dos aviones para tirar m\u00e1s agua para enfriar la zona y luego volver\u00e1n los helic\u00f3pteros con helibalde para repasar donde haya peque\u00f1as columnas de humo por cualquier tipo de reinicio o peligro\u00bb, agreg\u00f3 desde la base de operaciones ubicada en la estancia \u00abLas Vertientes\u00bb, pr\u00f3xima al parque provincial.<\/p>\n<p>Gabella expres\u00f3 que \u00abes una buena noticia, son muy optimista los pilotos por lo que estuvieron viendo de que el cuadro de situaci\u00f3n es bueno, se aplac\u00f3 el viento y no hay mucha temperatura\u00bb.<\/p>\n<p>Previamente esta ma\u00f1ana y en el marco de otro parte sobre la situaci\u00f3n el funcionario hab\u00eda se\u00f1alado sobre \u00abun \u00fanico foco activo en el ca\u00f1ad\u00f3n enfrente del cerro Ventana\u00bb.<\/p>\n<p>Sobre la situaci\u00f3n del tr\u00e1nsito sobre la ruta provincial 76, que comunica Tornquist con Villa y Sierra de la Ventana, el funcionario indic\u00f3 que \u00abest\u00e1 normalizado porque no est\u00e1n cargando agua los helic\u00f3pteros a la vera de la ruta sino en piletas de nataci\u00f3n de complejos tur\u00edsticos\u00bb.<\/p>\n<p>\u00abEl tr\u00e1nsito est\u00e1 con retenes pero se circula con normalidad\u00bb, agreg\u00f3 Gabella a T\u00e9lam.<\/p>\n<p>En la zona los helic\u00f3pteros trabajaban con helibaldes mientras que los aviones hidrantes hacen las respectivas cargas de agua en el aeroclub de Tornquist, cabecera del distrito.<\/p>\n<p>Seg\u00fan se indic\u00f3 personal de bomberos llevar\u00e1 a cabo una guardia de cenizas en la zona con el fin de monitorear que no se reactive el fuego mientras continuar\u00e1n las labores de los aviones hidrantes.<\/p>\n","protected":false},"excerpt":{"rendered":"<p>En una ma\u00f1ana intensa de trabajos, los helic\u00f3pteros y aviones hidrantes reforzaron el cuerpo a cuerpo de los bomberos y lograron contener el fuego. Ya no hay llamas. Hasta las 21 se controlar\u00e1n todos los sectores.<\/p>\n","protected":false},"author":3,"featured_media":0,"comment_status":"closed","ping_status":"closed","sticky":false,"template":"","format":"standard","meta":{"footnotes":""},"categories":[28],"tags":[48],"class_list":["post-84169","post","type-post","status-publish","format-standard","hentry","category-municipales","tag-destacada"],"yoast_head":"<!-- This site is optimized with the Yoast SEO plugin v25.9 - https:\/\/yoast.com\/wordpress\/plugins\/seo\/ -->\n<title>Buenas noticias: el cerro ya est\u00e1 libre de humo - Noticias Radio Reflejos<\/title>\n<meta name=\"robots\" content=\"index, follow, max-snippet:-1, max-image-preview:large, max-video-preview:-1\" \/>\n<link rel=\"canonical\" href=\"https:\/\/www.noticiasradioreflejos.com.ar\/2021\/buenas-noticias-el-cerro-ya-esta-libre-de-humo\/\" \/>\n<meta property=\"og:locale\" content=\"es_ES\" \/>\n<meta property=\"og:type\" content=\"article\" \/>\n<meta property=\"og:title\" content=\"Buenas noticias: el cerro ya est\u00e1 libre de humo - Noticias Radio Reflejos\" \/>\n<meta property=\"og:description\" content=\"En una ma\u00f1ana intensa de trabajos, los helic\u00f3pteros y aviones hidrantes reforzaron el cuerpo a cuerpo de los bomberos y lograron contener el fuego. Ya no hay llamas. Hasta las 21 se controlar\u00e1n todos los sectores.\" \/>\n<meta property=\"og:url\" content=\"https:\/\/www.noticiasradioreflejos.com.ar\/2021\/buenas-noticias-el-cerro-ya-esta-libre-de-humo\/\" \/>\n<meta property=\"og:site_name\" content=\"Noticias Radio Reflejos\" \/>\n<meta property=\"article:published_time\" content=\"2023-02-15T16:28:02+00:00\" \/>\n<meta property=\"article:modified_time\" content=\"2023-02-15T20:10:22+00:00\" \/>\n<meta property=\"og:image\" content=\"https:\/\/live.staticflickr.com\/65535\/52691172530_d0e997bd94_c.jpg\" \/>\n<meta name=\"author\" content=\"Arnaldo Botto\" \/>\n<meta name=\"twitter:card\" content=\"summary_large_image\" \/>\n<script type=\"application\/ld+json\" class=\"yoast-schema-graph\">{\"@context\":\"https:\/\/schema.org\",\"@graph\":[{\"@type\":\"WebPage\",\"@id\":\"https:\/\/www.noticiasradioreflejos.com.ar\/2021\/buenas-noticias-el-cerro-ya-esta-libre-de-humo\/\",\"url\":\"https:\/\/www.noticiasradioreflejos.com.ar\/2021\/buenas-noticias-el-cerro-ya-esta-libre-de-humo\/\",\"name\":\"Buenas noticias: el cerro ya est\u00e1 libre de humo - Noticias Radio Reflejos\",\"isPartOf\":{\"@id\":\"https:\/\/www.noticiasradioreflejos.com.ar\/2021\/#website\"},\"primaryImageOfPage\":{\"@id\":\"https:\/\/www.noticiasradioreflejos.com.ar\/2021\/buenas-noticias-el-cerro-ya-esta-libre-de-humo\/#primaryimage\"},\"image\":{\"@id\":\"https:\/\/www.noticiasradioreflejos.com.ar\/2021\/buenas-noticias-el-cerro-ya-esta-libre-de-humo\/#primaryimage\"},\"thumbnailUrl\":\"https:\/\/live.staticflickr.com\/65535\/52691172530_d0e997bd94_c.jpg\",\"datePublished\":\"2023-02-15T16:28:02+00:00\",\"dateModified\":\"2023-02-15T20:10:22+00:00\",\"author\":{\"@id\":\"https:\/\/www.noticiasradioreflejos.com.ar\/2021\/#\/schema\/person\/ad82545263dcc5ec0996818884fd5fb1\"},\"breadcrumb\":{\"@id\":\"https:\/\/www.noticiasradioreflejos.com.ar\/2021\/buenas-noticias-el-cerro-ya-esta-libre-de-humo\/#breadcrumb\"},\"inLanguage\":\"es\",\"potentialAction\":[{\"@type\":\"ReadAction\",\"target\":[\"https:\/\/www.noticiasradioreflejos.com.ar\/2021\/buenas-noticias-el-cerro-ya-esta-libre-de-humo\/\"]}]},{\"@type\":\"ImageObject\",\"inLanguage\":\"es\",\"@id\":\"https:\/\/www.noticiasradioreflejos.com.ar\/2021\/buenas-noticias-el-cerro-ya-esta-libre-de-humo\/#primaryimage\",\"url\":\"https:\/\/live.staticflickr.com\/65535\/52691172530_d0e997bd94_c.jpg\",\"contentUrl\":\"https:\/\/live.staticflickr.com\/65535\/52691172530_d0e997bd94_c.jpg\"},{\"@type\":\"BreadcrumbList\",\"@id\":\"https:\/\/www.noticiasradioreflejos.com.ar\/2021\/buenas-noticias-el-cerro-ya-esta-libre-de-humo\/#breadcrumb\",\"itemListElement\":[{\"@type\":\"ListItem\",\"position\":1,\"name\":\"Portada\",\"item\":\"https:\/\/www.noticiasradioreflejos.com.ar\/2021\/\"},{\"@type\":\"ListItem\",\"position\":2,\"name\":\"Buenas noticias: el cerro ya est\u00e1 libre de humo\"}]},{\"@type\":\"WebSite\",\"@id\":\"https:\/\/www.noticiasradioreflejos.com.ar\/2021\/#website\",\"url\":\"https:\/\/www.noticiasradioreflejos.com.ar\/2021\/\",\"name\":\"Noticias Radio Reflejos\",\"description\":\"Las noticias de mi comarca\",\"potentialAction\":[{\"@type\":\"SearchAction\",\"target\":{\"@type\":\"EntryPoint\",\"urlTemplate\":\"https:\/\/www.noticiasradioreflejos.com.ar\/2021\/?s={search_term_string}\"},\"query-input\":{\"@type\":\"PropertyValueSpecification\",\"valueRequired\":true,\"valueName\":\"search_term_string\"}}],\"inLanguage\":\"es\"},{\"@type\":\"Person\",\"@id\":\"https:\/\/www.noticiasradioreflejos.com.ar\/2021\/#\/schema\/person\/ad82545263dcc5ec0996818884fd5fb1\",\"name\":\"Arnaldo Botto\",\"image\":{\"@type\":\"ImageObject\",\"inLanguage\":\"es\",\"@id\":\"https:\/\/www.noticiasradioreflejos.com.ar\/2021\/#\/schema\/person\/image\/\",\"url\":\"https:\/\/secure.gravatar.com\/avatar\/55cb5e37c1efa326397366e6974cb338056df65cb50e7d64d1cf314e87504837?s=96&d=mm&r=g\",\"contentUrl\":\"https:\/\/secure.gravatar.com\/avatar\/55cb5e37c1efa326397366e6974cb338056df65cb50e7d64d1cf314e87504837?s=96&d=mm&r=g\",\"caption\":\"Arnaldo Botto\"},\"url\":\"https:\/\/www.noticiasradioreflejos.com.ar\/2021\/author\/arnaldo\/\"}]}<\/script>\n<!-- \/ Yoast SEO plugin. -->","yoast_head_json":{"title":"Buenas noticias: el cerro ya est\u00e1 libre de humo - Noticias Radio Reflejos","robots":{"index":"index","follow":"follow","max-snippet":"max-snippet:-1","max-image-preview":"max-image-preview:large","max-video-preview":"max-video-preview:-1"},"canonical":"https:\/\/www.noticiasradioreflejos.com.ar\/2021\/buenas-noticias-el-cerro-ya-esta-libre-de-humo\/","og_locale":"es_ES","og_type":"article","og_title":"Buenas noticias: el cerro ya est\u00e1 libre de humo - Noticias Radio Reflejos","og_description":"En una ma\u00f1ana intensa de trabajos, los helic\u00f3pteros y aviones hidrantes reforzaron el cuerpo a cuerpo de los bomberos y lograron contener el fuego. Ya no hay llamas. Hasta las 21 se controlar\u00e1n todos los sectores.","og_url":"https:\/\/www.noticiasradioreflejos.com.ar\/2021\/buenas-noticias-el-cerro-ya-esta-libre-de-humo\/","og_site_name":"Noticias Radio Reflejos","article_published_time":"2023-02-15T16:28:02+00:00","article_modified_time":"2023-02-15T20:10:22+00:00","og_image":[{"url":"https:\/\/live.staticflickr.com\/65535\/52691172530_d0e997bd94_c.jpg","type":"","width":"","height":""}],"author":"Arnaldo Botto","twitter_card":"summary_large_image","schema":{"@context":"https:\/\/schema.org","@graph":[{"@type":"WebPage","@id":"https:\/\/www.noticiasradioreflejos.com.ar\/2021\/buenas-noticias-el-cerro-ya-esta-libre-de-humo\/","url":"https:\/\/www.noticiasradioreflejos.com.ar\/2021\/buenas-noticias-el-cerro-ya-esta-libre-de-humo\/","name":"Buenas noticias: el cerro ya est\u00e1 libre de humo - Noticias Radio Reflejos","isPartOf":{"@id":"https:\/\/www.noticiasradioreflejos.com.ar\/2021\/#website"},"primaryImageOfPage":{"@id":"https:\/\/www.noticiasradioreflejos.com.ar\/2021\/buenas-noticias-el-cerro-ya-esta-libre-de-humo\/#primaryimage"},"image":{"@id":"https:\/\/www.noticiasradioreflejos.com.ar\/2021\/buenas-noticias-el-cerro-ya-esta-libre-de-humo\/#primaryimage"},"thumbnailUrl":"https:\/\/live.staticflickr.com\/65535\/52691172530_d0e997bd94_c.jpg","datePublished":"2023-02-15T16:28:02+00:00","dateModified":"2023-02-15T20:10:22+00:00","author":{"@id":"https:\/\/www.noticiasradioreflejos.com.ar\/2021\/#\/schema\/person\/ad82545263dcc5ec0996818884fd5fb1"},"breadcrumb":{"@id":"https:\/\/www.noticiasradioreflejos.com.ar\/2021\/buenas-noticias-el-cerro-ya-esta-libre-de-humo\/#breadcrumb"},"inLanguage":"es","potentialAction":[{"@type":"ReadAction","target":["https:\/\/www.noticiasradioreflejos.com.ar\/2021\/buenas-noticias-el-cerro-ya-esta-libre-de-humo\/"]}]},{"@type":"ImageObject","inLanguage":"es","@id":"https:\/\/www.noticiasradioreflejos.com.ar\/2021\/buenas-noticias-el-cerro-ya-esta-libre-de-humo\/#primaryimage","url":"https:\/\/live.staticflickr.com\/65535\/52691172530_d0e997bd94_c.jpg","contentUrl":"https:\/\/live.staticflickr.com\/65535\/52691172530_d0e997bd94_c.jpg"},{"@type":"BreadcrumbList","@id":"https:\/\/www.noticiasradioreflejos.com.ar\/2021\/buenas-noticias-el-cerro-ya-esta-libre-de-humo\/#breadcrumb","itemListElement":[{"@type":"ListItem","position":1,"name":"Portada","item":"https:\/\/www.noticiasradioreflejos.com.ar\/2021\/"},{"@type":"ListItem","position":2,"name":"Buenas noticias: el cerro ya est\u00e1 libre de humo"}]},{"@type":"WebSite","@id":"https:\/\/www.noticiasradioreflejos.com.ar\/2021\/#website","url":"https:\/\/www.noticiasradioreflejos.com.ar\/2021\/","name":"Noticias Radio Reflejos","description":"Las noticias de mi comarca","potentialAction":[{"@type":"SearchAction","target":{"@type":"EntryPoint","urlTemplate":"https:\/\/www.noticiasradioreflejos.com.ar\/2021\/?s={search_term_string}"},"query-input":{"@type":"PropertyValueSpecification","valueRequired":true,"valueName":"search_term_string"}}],"inLanguage":"es"},{"@type":"Person","@id":"https:\/\/www.noticiasradioreflejos.com.ar\/2021\/#\/schema\/person\/ad82545263dcc5ec0996818884fd5fb1","name":"Arnaldo Botto","image":{"@type":"ImageObject","inLanguage":"es","@id":"https:\/\/www.noticiasradioreflejos.com.ar\/2021\/#\/schema\/person\/image\/","url":"https:\/\/secure.gravatar.com\/avatar\/55cb5e37c1efa326397366e6974cb338056df65cb50e7d64d1cf314e87504837?s=96&d=mm&r=g","contentUrl":"https:\/\/secure.gravatar.com\/avatar\/55cb5e37c1efa326397366e6974cb338056df65cb50e7d64d1cf314e87504837?s=96&d=mm&r=g","caption":"Arnaldo Botto"},"url":"https:\/\/www.noticiasradioreflejos.com.ar\/2021\/author\/arnaldo\/"}]}},"_links":{"self":[{"href":"https:\/\/www.noticiasradioreflejos.com.ar\/2021\/wp-json\/wp\/v2\/posts\/84169","targetHints":{"allow":["GET"]}}],"collection":[{"href":"https:\/\/www.noticiasradioreflejos.com.ar\/2021\/wp-json\/wp\/v2\/posts"}],"about":[{"href":"https:\/\/www.noticiasradioreflejos.com.ar\/2021\/wp-json\/wp\/v2\/types\/post"}],"author":[{"embeddable":true,"href":"https:\/\/www.noticiasradioreflejos.com.ar\/2021\/wp-json\/wp\/v2\/users\/3"}],"replies":[{"embeddable":true,"href":"https:\/\/www.noticiasradioreflejos.com.ar\/2021\/wp-json\/wp\/v2\/comments?post=84169"}],"version-history":[{"count":3,"href":"https:\/\/www.noticiasradioreflejos.com.ar\/2021\/wp-json\/wp\/v2\/posts\/84169\/revisions"}],"predecessor-version":[{"id":84174,"href":"https:\/\/www.noticiasradioreflejos.com.ar\/2021\/wp-json\/wp\/v2\/posts\/84169\/revisions\/84174"}],"wp:attachment":[{"href":"https:\/\/www.noticiasradioreflejos.com.ar\/2021\/wp-json\/wp\/v2\/media?parent=84169"}],"wp:term":[{"taxonomy":"category","embeddable":true,"href":"https:\/\/www.noticiasradioreflejos.com.ar\/2021\/wp-json\/wp\/v2\/categories?post=84169"},{"taxonomy":"post_tag","embeddable":true,"href":"https:\/\/www.noticiasradioreflejos.com.ar\/2021\/wp-json\/wp\/v2\/tags?post=84169"}],"curies":[{"name":"wp","href":"https:\/\/api.w.org\/{rel}","templated":true}]}}