{"id":84160,"date":"2023-02-15T13:50:05","date_gmt":"2023-02-15T13:50:05","guid":{"rendered":"https:\/\/www.noticiasradioreflejos.com.ar\/2021\/?p=84160"},"modified":"2023-02-15T15:15:56","modified_gmt":"2023-02-15T15:15:56","slug":"sandra-kifer-participo-de-un-encuentro-provincial-de-educacion","status":"publish","type":"post","link":"https:\/\/www.noticiasradioreflejos.com.ar\/2021\/sandra-kifer-participo-de-un-encuentro-provincial-de-educacion\/","title":{"rendered":"Sandra Kifer particip\u00f3 de un encuentro provincial de educaci\u00f3n"},"content":{"rendered":"<p>El mismo se desarroll\u00f3 el lunes en Monte Grande, poniendo la discusi\u00f3n sobre tres pilares: inclusi\u00f3n, calidad e innovaci\u00f3n. Participaron dirigentes de todas las secciones electorales.<\/p>\n<p><!--more--><\/p>\n<p>Con los diputados nacionales Danya Tavella y Mart\u00edn Tetaz, m\u00e1s el legislador provincial Pablo Dominichini como m\u00e1ximos referentes del c\u00f3nclave, este pasado lunes se celebr\u00f3 en la localidad de Monte Grande un encuentro sobre educaci\u00f3n.<\/p>\n<p>En dicha reuni\u00f3n se dieron cita dirigentes y militantes de todas las secciones electorales de la provincia, siendo la edil Sandra Kifer quien plant\u00f3 bandera por el partido de Tornquist.<\/p>\n<p>Impulsado por el Centro de Estudios \u201cEvoluciona Buenos Aires\u201d y bajo la promoci\u00f3n de la Fundaci\u00f3n Argentina Porvenir, este trabajo de an\u00e1lisis entre equipos comenz\u00f3 sobre las 17 y gir\u00f3 en torno a tres principios rectores: inclusi\u00f3n, calidad e innovaci\u00f3n.<\/p>\n<p>Al respecto, y tras la finalizaci\u00f3n del evento, Kifer sostuvo que \u201cseguimos apostando a la educaci\u00f3n como herramienta movilizadora para poder darnos un futuro mejor\u201d.<\/p>\n<p><a data-flickr-embed=\"true\" href=\"https:\/\/www.flickr.com\/photos\/182279889@N02\/52689975052\/in\/dateposted-public\/\" title=\"WhatsApp Image 2023-02-15 at 10.00.08\"><img loading=\"lazy\" decoding=\"async\" src=\"https:\/\/live.staticflickr.com\/65535\/52689975052_50b6489801_z.jpg\" width=\"640\" height=\"451\" alt=\"WhatsApp Image 2023-02-15 at 10.00.08\"><\/a><script async src=\"\/\/embedr.flickr.com\/assets\/client-code.js\" charset=\"utf-8\"><\/script><\/p>\n","protected":false},"excerpt":{"rendered":"<p>El mismo se desarroll\u00f3 el lunes en Monte Grande, poniendo la discusi\u00f3n sobre tres pilares: inclusi\u00f3n, calidad e innovaci\u00f3n. Participaron dirigentes de todas las secciones electorales.<\/p>\n","protected":false},"author":3,"featured_media":0,"comment_status":"closed","ping_status":"closed","sticky":false,"template":"","format":"standard","meta":{"footnotes":""},"categories":[24],"tags":[],"class_list":["post-84160","post","type-post","status-publish","format-standard","hentry","category-politica"],"yoast_head":"<!-- This site is optimized with the Yoast SEO plugin v25.9 - https:\/\/yoast.com\/wordpress\/plugins\/seo\/ -->\n<title>Sandra Kifer particip\u00f3 de un encuentro provincial de educaci\u00f3n - Noticias Radio Reflejos<\/title>\n<meta name=\"robots\" content=\"index, follow, max-snippet:-1, max-image-preview:large, max-video-preview:-1\" \/>\n<link rel=\"canonical\" href=\"https:\/\/www.noticiasradioreflejos.com.ar\/2021\/sandra-kifer-participo-de-un-encuentro-provincial-de-educacion\/\" \/>\n<meta property=\"og:locale\" content=\"es_ES\" \/>\n<meta property=\"og:type\" content=\"article\" \/>\n<meta property=\"og:title\" content=\"Sandra Kifer particip\u00f3 de un encuentro provincial de educaci\u00f3n - Noticias Radio Reflejos\" \/>\n<meta property=\"og:description\" content=\"El mismo se desarroll\u00f3 el lunes en Monte Grande, poniendo la discusi\u00f3n sobre tres pilares: inclusi\u00f3n, calidad e innovaci\u00f3n. Participaron dirigentes de todas las secciones electorales.\" \/>\n<meta property=\"og:url\" content=\"https:\/\/www.noticiasradioreflejos.com.ar\/2021\/sandra-kifer-participo-de-un-encuentro-provincial-de-educacion\/\" \/>\n<meta property=\"og:site_name\" content=\"Noticias Radio Reflejos\" \/>\n<meta property=\"article:published_time\" content=\"2023-02-15T13:50:05+00:00\" \/>\n<meta property=\"article:modified_time\" content=\"2023-02-15T15:15:56+00:00\" \/>\n<meta property=\"og:image\" content=\"https:\/\/live.staticflickr.com\/65535\/52689975052_50b6489801_z.jpg\" \/>\n<meta name=\"author\" content=\"Arnaldo Botto\" \/>\n<meta name=\"twitter:card\" content=\"summary_large_image\" \/>\n<script type=\"application\/ld+json\" class=\"yoast-schema-graph\">{\"@context\":\"https:\/\/schema.org\",\"@graph\":[{\"@type\":\"WebPage\",\"@id\":\"https:\/\/www.noticiasradioreflejos.com.ar\/2021\/sandra-kifer-participo-de-un-encuentro-provincial-de-educacion\/\",\"url\":\"https:\/\/www.noticiasradioreflejos.com.ar\/2021\/sandra-kifer-participo-de-un-encuentro-provincial-de-educacion\/\",\"name\":\"Sandra Kifer particip\u00f3 de un encuentro provincial de educaci\u00f3n - Noticias Radio Reflejos\",\"isPartOf\":{\"@id\":\"https:\/\/www.noticiasradioreflejos.com.ar\/2021\/#website\"},\"primaryImageOfPage\":{\"@id\":\"https:\/\/www.noticiasradioreflejos.com.ar\/2021\/sandra-kifer-participo-de-un-encuentro-provincial-de-educacion\/#primaryimage\"},\"image\":{\"@id\":\"https:\/\/www.noticiasradioreflejos.com.ar\/2021\/sandra-kifer-participo-de-un-encuentro-provincial-de-educacion\/#primaryimage\"},\"thumbnailUrl\":\"https:\/\/live.staticflickr.com\/65535\/52689975052_50b6489801_z.jpg\",\"datePublished\":\"2023-02-15T13:50:05+00:00\",\"dateModified\":\"2023-02-15T15:15:56+00:00\",\"author\":{\"@id\":\"https:\/\/www.noticiasradioreflejos.com.ar\/2021\/#\/schema\/person\/ad82545263dcc5ec0996818884fd5fb1\"},\"breadcrumb\":{\"@id\":\"https:\/\/www.noticiasradioreflejos.com.ar\/2021\/sandra-kifer-participo-de-un-encuentro-provincial-de-educacion\/#breadcrumb\"},\"inLanguage\":\"es\",\"potentialAction\":[{\"@type\":\"ReadAction\",\"target\":[\"https:\/\/www.noticiasradioreflejos.com.ar\/2021\/sandra-kifer-participo-de-un-encuentro-provincial-de-educacion\/\"]}]},{\"@type\":\"ImageObject\",\"inLanguage\":\"es\",\"@id\":\"https:\/\/www.noticiasradioreflejos.com.ar\/2021\/sandra-kifer-participo-de-un-encuentro-provincial-de-educacion\/#primaryimage\",\"url\":\"https:\/\/live.staticflickr.com\/65535\/52689975052_50b6489801_z.jpg\",\"contentUrl\":\"https:\/\/live.staticflickr.com\/65535\/52689975052_50b6489801_z.jpg\"},{\"@type\":\"BreadcrumbList\",\"@id\":\"https:\/\/www.noticiasradioreflejos.com.ar\/2021\/sandra-kifer-participo-de-un-encuentro-provincial-de-educacion\/#breadcrumb\",\"itemListElement\":[{\"@type\":\"ListItem\",\"position\":1,\"name\":\"Portada\",\"item\":\"https:\/\/www.noticiasradioreflejos.com.ar\/2021\/\"},{\"@type\":\"ListItem\",\"position\":2,\"name\":\"Sandra Kifer particip\u00f3 de un encuentro provincial de educaci\u00f3n\"}]},{\"@type\":\"WebSite\",\"@id\":\"https:\/\/www.noticiasradioreflejos.com.ar\/2021\/#website\",\"url\":\"https:\/\/www.noticiasradioreflejos.com.ar\/2021\/\",\"name\":\"Noticias Radio Reflejos\",\"description\":\"Las noticias de mi comarca\",\"potentialAction\":[{\"@type\":\"SearchAction\",\"target\":{\"@type\":\"EntryPoint\",\"urlTemplate\":\"https:\/\/www.noticiasradioreflejos.com.ar\/2021\/?s={search_term_string}\"},\"query-input\":{\"@type\":\"PropertyValueSpecification\",\"valueRequired\":true,\"valueName\":\"search_term_string\"}}],\"inLanguage\":\"es\"},{\"@type\":\"Person\",\"@id\":\"https:\/\/www.noticiasradioreflejos.com.ar\/2021\/#\/schema\/person\/ad82545263dcc5ec0996818884fd5fb1\",\"name\":\"Arnaldo Botto\",\"image\":{\"@type\":\"ImageObject\",\"inLanguage\":\"es\",\"@id\":\"https:\/\/www.noticiasradioreflejos.com.ar\/2021\/#\/schema\/person\/image\/\",\"url\":\"https:\/\/secure.gravatar.com\/avatar\/55cb5e37c1efa326397366e6974cb338056df65cb50e7d64d1cf314e87504837?s=96&d=mm&r=g\",\"contentUrl\":\"https:\/\/secure.gravatar.com\/avatar\/55cb5e37c1efa326397366e6974cb338056df65cb50e7d64d1cf314e87504837?s=96&d=mm&r=g\",\"caption\":\"Arnaldo Botto\"},\"url\":\"https:\/\/www.noticiasradioreflejos.com.ar\/2021\/author\/arnaldo\/\"}]}<\/script>\n<!-- \/ Yoast SEO plugin. -->","yoast_head_json":{"title":"Sandra Kifer particip\u00f3 de un encuentro provincial de educaci\u00f3n - Noticias Radio Reflejos","robots":{"index":"index","follow":"follow","max-snippet":"max-snippet:-1","max-image-preview":"max-image-preview:large","max-video-preview":"max-video-preview:-1"},"canonical":"https:\/\/www.noticiasradioreflejos.com.ar\/2021\/sandra-kifer-participo-de-un-encuentro-provincial-de-educacion\/","og_locale":"es_ES","og_type":"article","og_title":"Sandra Kifer particip\u00f3 de un encuentro provincial de educaci\u00f3n - Noticias Radio Reflejos","og_description":"El mismo se desarroll\u00f3 el lunes en Monte Grande, poniendo la discusi\u00f3n sobre tres pilares: inclusi\u00f3n, calidad e innovaci\u00f3n. Participaron dirigentes de todas las secciones electorales.","og_url":"https:\/\/www.noticiasradioreflejos.com.ar\/2021\/sandra-kifer-participo-de-un-encuentro-provincial-de-educacion\/","og_site_name":"Noticias Radio Reflejos","article_published_time":"2023-02-15T13:50:05+00:00","article_modified_time":"2023-02-15T15:15:56+00:00","og_image":[{"url":"https:\/\/live.staticflickr.com\/65535\/52689975052_50b6489801_z.jpg","type":"","width":"","height":""}],"author":"Arnaldo Botto","twitter_card":"summary_large_image","schema":{"@context":"https:\/\/schema.org","@graph":[{"@type":"WebPage","@id":"https:\/\/www.noticiasradioreflejos.com.ar\/2021\/sandra-kifer-participo-de-un-encuentro-provincial-de-educacion\/","url":"https:\/\/www.noticiasradioreflejos.com.ar\/2021\/sandra-kifer-participo-de-un-encuentro-provincial-de-educacion\/","name":"Sandra Kifer particip\u00f3 de un encuentro provincial de educaci\u00f3n - Noticias Radio Reflejos","isPartOf":{"@id":"https:\/\/www.noticiasradioreflejos.com.ar\/2021\/#website"},"primaryImageOfPage":{"@id":"https:\/\/www.noticiasradioreflejos.com.ar\/2021\/sandra-kifer-participo-de-un-encuentro-provincial-de-educacion\/#primaryimage"},"image":{"@id":"https:\/\/www.noticiasradioreflejos.com.ar\/2021\/sandra-kifer-participo-de-un-encuentro-provincial-de-educacion\/#primaryimage"},"thumbnailUrl":"https:\/\/live.staticflickr.com\/65535\/52689975052_50b6489801_z.jpg","datePublished":"2023-02-15T13:50:05+00:00","dateModified":"2023-02-15T15:15:56+00:00","author":{"@id":"https:\/\/www.noticiasradioreflejos.com.ar\/2021\/#\/schema\/person\/ad82545263dcc5ec0996818884fd5fb1"},"breadcrumb":{"@id":"https:\/\/www.noticiasradioreflejos.com.ar\/2021\/sandra-kifer-participo-de-un-encuentro-provincial-de-educacion\/#breadcrumb"},"inLanguage":"es","potentialAction":[{"@type":"ReadAction","target":["https:\/\/www.noticiasradioreflejos.com.ar\/2021\/sandra-kifer-participo-de-un-encuentro-provincial-de-educacion\/"]}]},{"@type":"ImageObject","inLanguage":"es","@id":"https:\/\/www.noticiasradioreflejos.com.ar\/2021\/sandra-kifer-participo-de-un-encuentro-provincial-de-educacion\/#primaryimage","url":"https:\/\/live.staticflickr.com\/65535\/52689975052_50b6489801_z.jpg","contentUrl":"https:\/\/live.staticflickr.com\/65535\/52689975052_50b6489801_z.jpg"},{"@type":"BreadcrumbList","@id":"https:\/\/www.noticiasradioreflejos.com.ar\/2021\/sandra-kifer-participo-de-un-encuentro-provincial-de-educacion\/#breadcrumb","itemListElement":[{"@type":"ListItem","position":1,"name":"Portada","item":"https:\/\/www.noticiasradioreflejos.com.ar\/2021\/"},{"@type":"ListItem","position":2,"name":"Sandra Kifer particip\u00f3 de un encuentro provincial de educaci\u00f3n"}]},{"@type":"WebSite","@id":"https:\/\/www.noticiasradioreflejos.com.ar\/2021\/#website","url":"https:\/\/www.noticiasradioreflejos.com.ar\/2021\/","name":"Noticias Radio Reflejos","description":"Las noticias de mi comarca","potentialAction":[{"@type":"SearchAction","target":{"@type":"EntryPoint","urlTemplate":"https:\/\/www.noticiasradioreflejos.com.ar\/2021\/?s={search_term_string}"},"query-input":{"@type":"PropertyValueSpecification","valueRequired":true,"valueName":"search_term_string"}}],"inLanguage":"es"},{"@type":"Person","@id":"https:\/\/www.noticiasradioreflejos.com.ar\/2021\/#\/schema\/person\/ad82545263dcc5ec0996818884fd5fb1","name":"Arnaldo Botto","image":{"@type":"ImageObject","inLanguage":"es","@id":"https:\/\/www.noticiasradioreflejos.com.ar\/2021\/#\/schema\/person\/image\/","url":"https:\/\/secure.gravatar.com\/avatar\/55cb5e37c1efa326397366e6974cb338056df65cb50e7d64d1cf314e87504837?s=96&d=mm&r=g","contentUrl":"https:\/\/secure.gravatar.com\/avatar\/55cb5e37c1efa326397366e6974cb338056df65cb50e7d64d1cf314e87504837?s=96&d=mm&r=g","caption":"Arnaldo Botto"},"url":"https:\/\/www.noticiasradioreflejos.com.ar\/2021\/author\/arnaldo\/"}]}},"_links":{"self":[{"href":"https:\/\/www.noticiasradioreflejos.com.ar\/2021\/wp-json\/wp\/v2\/posts\/84160","targetHints":{"allow":["GET"]}}],"collection":[{"href":"https:\/\/www.noticiasradioreflejos.com.ar\/2021\/wp-json\/wp\/v2\/posts"}],"about":[{"href":"https:\/\/www.noticiasradioreflejos.com.ar\/2021\/wp-json\/wp\/v2\/types\/post"}],"author":[{"embeddable":true,"href":"https:\/\/www.noticiasradioreflejos.com.ar\/2021\/wp-json\/wp\/v2\/users\/3"}],"replies":[{"embeddable":true,"href":"https:\/\/www.noticiasradioreflejos.com.ar\/2021\/wp-json\/wp\/v2\/comments?post=84160"}],"version-history":[{"count":2,"href":"https:\/\/www.noticiasradioreflejos.com.ar\/2021\/wp-json\/wp\/v2\/posts\/84160\/revisions"}],"predecessor-version":[{"id":84163,"href":"https:\/\/www.noticiasradioreflejos.com.ar\/2021\/wp-json\/wp\/v2\/posts\/84160\/revisions\/84163"}],"wp:attachment":[{"href":"https:\/\/www.noticiasradioreflejos.com.ar\/2021\/wp-json\/wp\/v2\/media?parent=84160"}],"wp:term":[{"taxonomy":"category","embeddable":true,"href":"https:\/\/www.noticiasradioreflejos.com.ar\/2021\/wp-json\/wp\/v2\/categories?post=84160"},{"taxonomy":"post_tag","embeddable":true,"href":"https:\/\/www.noticiasradioreflejos.com.ar\/2021\/wp-json\/wp\/v2\/tags?post=84160"}],"curies":[{"name":"wp","href":"https:\/\/api.w.org\/{rel}","templated":true}]}}