{"id":84025,"date":"2023-02-13T14:55:21","date_gmt":"2023-02-13T14:55:21","guid":{"rendered":"https:\/\/www.noticiasradioreflejos.com.ar\/2021\/?p=84025"},"modified":"2023-02-13T14:55:21","modified_gmt":"2023-02-13T14:55:21","slug":"el-incendio-en-un-portal-de-los-esteros-del-ibera-lleva-mas-de-50-dias-y-arraso-con-5-mil-hectareas","status":"publish","type":"post","link":"https:\/\/www.noticiasradioreflejos.com.ar\/2021\/el-incendio-en-un-portal-de-los-esteros-del-ibera-lleva-mas-de-50-dias-y-arraso-con-5-mil-hectareas\/","title":{"rendered":"El incendio en un portal de los Esteros del Iber\u00e1 lleva m\u00e1s de 50 d\u00edas y arras\u00f3 con 5 mil hect\u00e1reas"},"content":{"rendered":"<p>El incendio en el Portal Carambola de los Esteros del Iber\u00e1 en la provincia de Corrientes contin\u00faa activo desde hace 55 d\u00edas y arras\u00f3 con cinco mil hect\u00e1reas, panorama que se agrava por la extensa sequ\u00eda y altas temperaturas, detallaron fuentes de la Direcci\u00f3n de Defensa Civil.<!--more--><\/p>\n<p>El subdirector de Defensa Civil de Corrientes, Bruno Lovinson, dijo hoy a T\u00e9lam que es el \u00fanico foco \u00edgneo activo, tras su inicio a mediados de diciembre en cercan\u00edas de la localidad de Concepci\u00f3n del Yaguaret\u00e9 Cor\u00e1, y que resulta \u00abmuy dif\u00edcil de sofocar porque est\u00e1 en medio de esteros y ba\u00f1ados\u00bb.<\/p>\n<p>En este sentido, sobre las llamas que se extienden en la zona de reserva, explic\u00f3 que \u00abresulta muy dif\u00edcil, imposible el ingreso de maquinarias y hombres en esa zona para extinguir el fuego\u00bb.<\/p>\n<p>\u00abNecesitamos una lluvia, precipitaciones de por lo menos 200 mil\u00edmetros para apagar ese incendio\u00bb, consider\u00f3 Lovinson.<\/p>\n<p>En tanto, agreg\u00f3 que la situaci\u00f3n se agrava \u00abpor la sequ\u00eda y porque estamos atravesados por esta ola de calor\u00bb, en referencia a las altas temperaturas que se registran en Corrientes y que superan diariamente los 35 grados cent\u00edgrados.<\/p>\n<p>Sin embargo, el funcionario provincial remarc\u00f3 que \u00ablo importante es que la situaci\u00f3n est\u00e1 controlada\u00bb y que el pron\u00f3stico anuncia algunas lluvias para ma\u00f1ana.<\/p>\n<p>Al respecto, el Servicio Meteorol\u00f3gico Nacional pronostica tormentas fuertes para el martes a la tarde y alerta amarilla para la provincia de Corrientes.<\/p>\n<p>Por otra parte, la Direcci\u00f3n de Recursos Forestales de la provincia inform\u00f3 son ocho los departamentos en emergencia extrema por fuego: Paso de los Libres, Corrientes, Monte Caseros, Mercedes, Gobernador Virasoro, Esquina, Bella Vista, mientras que en La Cruz y San Miguel y Chavarr\u00eda el peligro \u00abes muy alto\u00bb.<\/p>\n<p>Finalmente, el subdirector de Defensa Civil se\u00f1al\u00f3 se cuenta con \u00abrecursos humanos y equipamiento suficientes\u00bb para enfrentar los incendios rurales que se registran en la provincia y reiter\u00f3 que \u00abla situaci\u00f3n est\u00e1 controlada\u00bb.<\/p>\n","protected":false},"excerpt":{"rendered":"<p>El incendio en el Portal Carambola de los Esteros del Iber\u00e1 en la provincia de Corrientes contin\u00faa activo desde hace 55 d\u00edas y arras\u00f3 con cinco mil hect\u00e1reas, panorama que se agrava por la extensa sequ\u00eda y altas temperaturas, detallaron fuentes de la Direcci\u00f3n de Defensa Civil.<\/p>\n","protected":false},"author":3,"featured_media":84026,"comment_status":"closed","ping_status":"closed","sticky":false,"template":"","format":"standard","meta":{"footnotes":""},"categories":[46,26],"tags":[],"class_list":["post-84025","post","type-post","status-publish","format-standard","has-post-thumbnail","hentry","category-ciencia-y-tecnologia","category-sociedad"],"yoast_head":"<!-- This site is optimized with the Yoast SEO plugin v25.9 - https:\/\/yoast.com\/wordpress\/plugins\/seo\/ -->\n<title>El incendio en un portal de los Esteros del Iber\u00e1 lleva m\u00e1s de 50 d\u00edas y arras\u00f3 con 5 mil hect\u00e1reas - Noticias Radio Reflejos<\/title>\n<meta name=\"robots\" content=\"index, follow, max-snippet:-1, max-image-preview:large, max-video-preview:-1\" \/>\n<link rel=\"canonical\" href=\"https:\/\/www.noticiasradioreflejos.com.ar\/2021\/el-incendio-en-un-portal-de-los-esteros-del-ibera-lleva-mas-de-50-dias-y-arraso-con-5-mil-hectareas\/\" \/>\n<meta property=\"og:locale\" content=\"es_ES\" \/>\n<meta property=\"og:type\" content=\"article\" \/>\n<meta property=\"og:title\" content=\"El incendio en un portal de los Esteros del Iber\u00e1 lleva m\u00e1s de 50 d\u00edas y arras\u00f3 con 5 mil hect\u00e1reas - Noticias Radio Reflejos\" \/>\n<meta property=\"og:description\" content=\"El incendio en el Portal Carambola de los Esteros del Iber\u00e1 en la provincia de Corrientes contin\u00faa activo desde hace 55 d\u00edas y arras\u00f3 con cinco mil hect\u00e1reas, panorama que se agrava por la extensa sequ\u00eda y altas temperaturas, detallaron fuentes de la Direcci\u00f3n de Defensa Civil.\" \/>\n<meta property=\"og:url\" content=\"https:\/\/www.noticiasradioreflejos.com.ar\/2021\/el-incendio-en-un-portal-de-los-esteros-del-ibera-lleva-mas-de-50-dias-y-arraso-con-5-mil-hectareas\/\" \/>\n<meta property=\"og:site_name\" content=\"Noticias Radio Reflejos\" \/>\n<meta property=\"article:published_time\" content=\"2023-02-13T14:55:21+00:00\" \/>\n<meta property=\"og:image\" content=\"https:\/\/www.noticiasradioreflejos.com.ar\/2021\/wp-content\/uploads\/2023\/02\/esteros.jpg\" \/>\n\t<meta property=\"og:image:width\" content=\"1200\" \/>\n\t<meta property=\"og:image:height\" content=\"675\" \/>\n\t<meta property=\"og:image:type\" content=\"image\/jpeg\" \/>\n<meta name=\"author\" content=\"Arnaldo Botto\" \/>\n<meta name=\"twitter:card\" content=\"summary_large_image\" \/>\n<script type=\"application\/ld+json\" class=\"yoast-schema-graph\">{\"@context\":\"https:\/\/schema.org\",\"@graph\":[{\"@type\":\"WebPage\",\"@id\":\"https:\/\/www.noticiasradioreflejos.com.ar\/2021\/el-incendio-en-un-portal-de-los-esteros-del-ibera-lleva-mas-de-50-dias-y-arraso-con-5-mil-hectareas\/\",\"url\":\"https:\/\/www.noticiasradioreflejos.com.ar\/2021\/el-incendio-en-un-portal-de-los-esteros-del-ibera-lleva-mas-de-50-dias-y-arraso-con-5-mil-hectareas\/\",\"name\":\"El incendio en un portal de los Esteros del Iber\u00e1 lleva m\u00e1s de 50 d\u00edas y arras\u00f3 con 5 mil hect\u00e1reas - Noticias Radio Reflejos\",\"isPartOf\":{\"@id\":\"https:\/\/www.noticiasradioreflejos.com.ar\/2021\/#website\"},\"primaryImageOfPage\":{\"@id\":\"https:\/\/www.noticiasradioreflejos.com.ar\/2021\/el-incendio-en-un-portal-de-los-esteros-del-ibera-lleva-mas-de-50-dias-y-arraso-con-5-mil-hectareas\/#primaryimage\"},\"image\":{\"@id\":\"https:\/\/www.noticiasradioreflejos.com.ar\/2021\/el-incendio-en-un-portal-de-los-esteros-del-ibera-lleva-mas-de-50-dias-y-arraso-con-5-mil-hectareas\/#primaryimage\"},\"thumbnailUrl\":\"https:\/\/www.noticiasradioreflejos.com.ar\/2021\/wp-content\/uploads\/2023\/02\/esteros.jpg\",\"datePublished\":\"2023-02-13T14:55:21+00:00\",\"author\":{\"@id\":\"https:\/\/www.noticiasradioreflejos.com.ar\/2021\/#\/schema\/person\/ad82545263dcc5ec0996818884fd5fb1\"},\"breadcrumb\":{\"@id\":\"https:\/\/www.noticiasradioreflejos.com.ar\/2021\/el-incendio-en-un-portal-de-los-esteros-del-ibera-lleva-mas-de-50-dias-y-arraso-con-5-mil-hectareas\/#breadcrumb\"},\"inLanguage\":\"es\",\"potentialAction\":[{\"@type\":\"ReadAction\",\"target\":[\"https:\/\/www.noticiasradioreflejos.com.ar\/2021\/el-incendio-en-un-portal-de-los-esteros-del-ibera-lleva-mas-de-50-dias-y-arraso-con-5-mil-hectareas\/\"]}]},{\"@type\":\"ImageObject\",\"inLanguage\":\"es\",\"@id\":\"https:\/\/www.noticiasradioreflejos.com.ar\/2021\/el-incendio-en-un-portal-de-los-esteros-del-ibera-lleva-mas-de-50-dias-y-arraso-con-5-mil-hectareas\/#primaryimage\",\"url\":\"https:\/\/www.noticiasradioreflejos.com.ar\/2021\/wp-content\/uploads\/2023\/02\/esteros.jpg\",\"contentUrl\":\"https:\/\/www.noticiasradioreflejos.com.ar\/2021\/wp-content\/uploads\/2023\/02\/esteros.jpg\",\"width\":1200,\"height\":675},{\"@type\":\"BreadcrumbList\",\"@id\":\"https:\/\/www.noticiasradioreflejos.com.ar\/2021\/el-incendio-en-un-portal-de-los-esteros-del-ibera-lleva-mas-de-50-dias-y-arraso-con-5-mil-hectareas\/#breadcrumb\",\"itemListElement\":[{\"@type\":\"ListItem\",\"position\":1,\"name\":\"Portada\",\"item\":\"https:\/\/www.noticiasradioreflejos.com.ar\/2021\/\"},{\"@type\":\"ListItem\",\"position\":2,\"name\":\"El incendio en un portal de los Esteros del Iber\u00e1 lleva m\u00e1s de 50 d\u00edas y arras\u00f3 con 5 mil hect\u00e1reas\"}]},{\"@type\":\"WebSite\",\"@id\":\"https:\/\/www.noticiasradioreflejos.com.ar\/2021\/#website\",\"url\":\"https:\/\/www.noticiasradioreflejos.com.ar\/2021\/\",\"name\":\"Noticias Radio Reflejos\",\"description\":\"Las noticias de mi comarca\",\"potentialAction\":[{\"@type\":\"SearchAction\",\"target\":{\"@type\":\"EntryPoint\",\"urlTemplate\":\"https:\/\/www.noticiasradioreflejos.com.ar\/2021\/?s={search_term_string}\"},\"query-input\":{\"@type\":\"PropertyValueSpecification\",\"valueRequired\":true,\"valueName\":\"search_term_string\"}}],\"inLanguage\":\"es\"},{\"@type\":\"Person\",\"@id\":\"https:\/\/www.noticiasradioreflejos.com.ar\/2021\/#\/schema\/person\/ad82545263dcc5ec0996818884fd5fb1\",\"name\":\"Arnaldo Botto\",\"image\":{\"@type\":\"ImageObject\",\"inLanguage\":\"es\",\"@id\":\"https:\/\/www.noticiasradioreflejos.com.ar\/2021\/#\/schema\/person\/image\/\",\"url\":\"https:\/\/secure.gravatar.com\/avatar\/55cb5e37c1efa326397366e6974cb338056df65cb50e7d64d1cf314e87504837?s=96&d=mm&r=g\",\"contentUrl\":\"https:\/\/secure.gravatar.com\/avatar\/55cb5e37c1efa326397366e6974cb338056df65cb50e7d64d1cf314e87504837?s=96&d=mm&r=g\",\"caption\":\"Arnaldo Botto\"},\"url\":\"https:\/\/www.noticiasradioreflejos.com.ar\/2021\/author\/arnaldo\/\"}]}<\/script>\n<!-- \/ Yoast SEO plugin. -->","yoast_head_json":{"title":"El incendio en un portal de los Esteros del Iber\u00e1 lleva m\u00e1s de 50 d\u00edas y arras\u00f3 con 5 mil hect\u00e1reas - Noticias Radio Reflejos","robots":{"index":"index","follow":"follow","max-snippet":"max-snippet:-1","max-image-preview":"max-image-preview:large","max-video-preview":"max-video-preview:-1"},"canonical":"https:\/\/www.noticiasradioreflejos.com.ar\/2021\/el-incendio-en-un-portal-de-los-esteros-del-ibera-lleva-mas-de-50-dias-y-arraso-con-5-mil-hectareas\/","og_locale":"es_ES","og_type":"article","og_title":"El incendio en un portal de los Esteros del Iber\u00e1 lleva m\u00e1s de 50 d\u00edas y arras\u00f3 con 5 mil hect\u00e1reas - Noticias Radio Reflejos","og_description":"El incendio en el Portal Carambola de los Esteros del Iber\u00e1 en la provincia de Corrientes contin\u00faa activo desde hace 55 d\u00edas y arras\u00f3 con cinco mil hect\u00e1reas, panorama que se agrava por la extensa sequ\u00eda y altas temperaturas, detallaron fuentes de la Direcci\u00f3n de Defensa Civil.","og_url":"https:\/\/www.noticiasradioreflejos.com.ar\/2021\/el-incendio-en-un-portal-de-los-esteros-del-ibera-lleva-mas-de-50-dias-y-arraso-con-5-mil-hectareas\/","og_site_name":"Noticias Radio Reflejos","article_published_time":"2023-02-13T14:55:21+00:00","og_image":[{"width":1200,"height":675,"url":"https:\/\/www.noticiasradioreflejos.com.ar\/2021\/wp-content\/uploads\/2023\/02\/esteros.jpg","type":"image\/jpeg"}],"author":"Arnaldo Botto","twitter_card":"summary_large_image","schema":{"@context":"https:\/\/schema.org","@graph":[{"@type":"WebPage","@id":"https:\/\/www.noticiasradioreflejos.com.ar\/2021\/el-incendio-en-un-portal-de-los-esteros-del-ibera-lleva-mas-de-50-dias-y-arraso-con-5-mil-hectareas\/","url":"https:\/\/www.noticiasradioreflejos.com.ar\/2021\/el-incendio-en-un-portal-de-los-esteros-del-ibera-lleva-mas-de-50-dias-y-arraso-con-5-mil-hectareas\/","name":"El incendio en un portal de los Esteros del Iber\u00e1 lleva m\u00e1s de 50 d\u00edas y arras\u00f3 con 5 mil hect\u00e1reas - Noticias Radio Reflejos","isPartOf":{"@id":"https:\/\/www.noticiasradioreflejos.com.ar\/2021\/#website"},"primaryImageOfPage":{"@id":"https:\/\/www.noticiasradioreflejos.com.ar\/2021\/el-incendio-en-un-portal-de-los-esteros-del-ibera-lleva-mas-de-50-dias-y-arraso-con-5-mil-hectareas\/#primaryimage"},"image":{"@id":"https:\/\/www.noticiasradioreflejos.com.ar\/2021\/el-incendio-en-un-portal-de-los-esteros-del-ibera-lleva-mas-de-50-dias-y-arraso-con-5-mil-hectareas\/#primaryimage"},"thumbnailUrl":"https:\/\/www.noticiasradioreflejos.com.ar\/2021\/wp-content\/uploads\/2023\/02\/esteros.jpg","datePublished":"2023-02-13T14:55:21+00:00","author":{"@id":"https:\/\/www.noticiasradioreflejos.com.ar\/2021\/#\/schema\/person\/ad82545263dcc5ec0996818884fd5fb1"},"breadcrumb":{"@id":"https:\/\/www.noticiasradioreflejos.com.ar\/2021\/el-incendio-en-un-portal-de-los-esteros-del-ibera-lleva-mas-de-50-dias-y-arraso-con-5-mil-hectareas\/#breadcrumb"},"inLanguage":"es","potentialAction":[{"@type":"ReadAction","target":["https:\/\/www.noticiasradioreflejos.com.ar\/2021\/el-incendio-en-un-portal-de-los-esteros-del-ibera-lleva-mas-de-50-dias-y-arraso-con-5-mil-hectareas\/"]}]},{"@type":"ImageObject","inLanguage":"es","@id":"https:\/\/www.noticiasradioreflejos.com.ar\/2021\/el-incendio-en-un-portal-de-los-esteros-del-ibera-lleva-mas-de-50-dias-y-arraso-con-5-mil-hectareas\/#primaryimage","url":"https:\/\/www.noticiasradioreflejos.com.ar\/2021\/wp-content\/uploads\/2023\/02\/esteros.jpg","contentUrl":"https:\/\/www.noticiasradioreflejos.com.ar\/2021\/wp-content\/uploads\/2023\/02\/esteros.jpg","width":1200,"height":675},{"@type":"BreadcrumbList","@id":"https:\/\/www.noticiasradioreflejos.com.ar\/2021\/el-incendio-en-un-portal-de-los-esteros-del-ibera-lleva-mas-de-50-dias-y-arraso-con-5-mil-hectareas\/#breadcrumb","itemListElement":[{"@type":"ListItem","position":1,"name":"Portada","item":"https:\/\/www.noticiasradioreflejos.com.ar\/2021\/"},{"@type":"ListItem","position":2,"name":"El incendio en un portal de los Esteros del Iber\u00e1 lleva m\u00e1s de 50 d\u00edas y arras\u00f3 con 5 mil hect\u00e1reas"}]},{"@type":"WebSite","@id":"https:\/\/www.noticiasradioreflejos.com.ar\/2021\/#website","url":"https:\/\/www.noticiasradioreflejos.com.ar\/2021\/","name":"Noticias Radio Reflejos","description":"Las noticias de mi comarca","potentialAction":[{"@type":"SearchAction","target":{"@type":"EntryPoint","urlTemplate":"https:\/\/www.noticiasradioreflejos.com.ar\/2021\/?s={search_term_string}"},"query-input":{"@type":"PropertyValueSpecification","valueRequired":true,"valueName":"search_term_string"}}],"inLanguage":"es"},{"@type":"Person","@id":"https:\/\/www.noticiasradioreflejos.com.ar\/2021\/#\/schema\/person\/ad82545263dcc5ec0996818884fd5fb1","name":"Arnaldo Botto","image":{"@type":"ImageObject","inLanguage":"es","@id":"https:\/\/www.noticiasradioreflejos.com.ar\/2021\/#\/schema\/person\/image\/","url":"https:\/\/secure.gravatar.com\/avatar\/55cb5e37c1efa326397366e6974cb338056df65cb50e7d64d1cf314e87504837?s=96&d=mm&r=g","contentUrl":"https:\/\/secure.gravatar.com\/avatar\/55cb5e37c1efa326397366e6974cb338056df65cb50e7d64d1cf314e87504837?s=96&d=mm&r=g","caption":"Arnaldo Botto"},"url":"https:\/\/www.noticiasradioreflejos.com.ar\/2021\/author\/arnaldo\/"}]}},"_links":{"self":[{"href":"https:\/\/www.noticiasradioreflejos.com.ar\/2021\/wp-json\/wp\/v2\/posts\/84025","targetHints":{"allow":["GET"]}}],"collection":[{"href":"https:\/\/www.noticiasradioreflejos.com.ar\/2021\/wp-json\/wp\/v2\/posts"}],"about":[{"href":"https:\/\/www.noticiasradioreflejos.com.ar\/2021\/wp-json\/wp\/v2\/types\/post"}],"author":[{"embeddable":true,"href":"https:\/\/www.noticiasradioreflejos.com.ar\/2021\/wp-json\/wp\/v2\/users\/3"}],"replies":[{"embeddable":true,"href":"https:\/\/www.noticiasradioreflejos.com.ar\/2021\/wp-json\/wp\/v2\/comments?post=84025"}],"version-history":[{"count":1,"href":"https:\/\/www.noticiasradioreflejos.com.ar\/2021\/wp-json\/wp\/v2\/posts\/84025\/revisions"}],"predecessor-version":[{"id":84027,"href":"https:\/\/www.noticiasradioreflejos.com.ar\/2021\/wp-json\/wp\/v2\/posts\/84025\/revisions\/84027"}],"wp:featuredmedia":[{"embeddable":true,"href":"https:\/\/www.noticiasradioreflejos.com.ar\/2021\/wp-json\/wp\/v2\/media\/84026"}],"wp:attachment":[{"href":"https:\/\/www.noticiasradioreflejos.com.ar\/2021\/wp-json\/wp\/v2\/media?parent=84025"}],"wp:term":[{"taxonomy":"category","embeddable":true,"href":"https:\/\/www.noticiasradioreflejos.com.ar\/2021\/wp-json\/wp\/v2\/categories?post=84025"},{"taxonomy":"post_tag","embeddable":true,"href":"https:\/\/www.noticiasradioreflejos.com.ar\/2021\/wp-json\/wp\/v2\/tags?post=84025"}],"curies":[{"name":"wp","href":"https:\/\/api.w.org\/{rel}","templated":true}]}}