{"id":84016,"date":"2023-02-13T12:19:55","date_gmt":"2023-02-13T12:19:55","guid":{"rendered":"https:\/\/www.noticiasradioreflejos.com.ar\/2021\/?p=84016"},"modified":"2023-02-13T12:19:55","modified_gmt":"2023-02-13T12:19:55","slug":"revelan-que-miembros-de-la-iglesia-catolica-de-portugal-abusaron-sexualmente-de-casi-5-000-menores","status":"publish","type":"post","link":"https:\/\/www.noticiasradioreflejos.com.ar\/2021\/revelan-que-miembros-de-la-iglesia-catolica-de-portugal-abusaron-sexualmente-de-casi-5-000-menores\/","title":{"rendered":"Revelan que miembros de la iglesia cat\u00f3lica de Portugal abusaron sexualmente de casi 5.000 menores"},"content":{"rendered":"<p>Sacerdotes y otros miembros del clero cat\u00f3lico de Portugal abusaron sexualmente de al menos 4.815 menores desde 1950, seg\u00fan una comisi\u00f3n de investigaci\u00f3n que anunci\u00f3 hoy sus conclusiones tras escuchar a cientos de v\u00edctimas.<!--more--><\/p>\n<p>\u00abEstos testimonios nos permiten establecer una red de v\u00edctimas mucho m\u00e1s amplia, de al menos 4.815\u00bb, declar\u00f3 el psiquiatra infantil Pedro Strecht en una rueda de prensa en Lisboa, report\u00f3 la agencia de noticias AFP.<\/p>\n<p>El papa Francisco tiene previsto viajar a la capital portuguesa en agosto para las jornadas mundiales de la juventud y podr\u00eda reunirse con las v\u00edctimas, indic\u00f3 recientemente el arzobispo auxiliar de Lisboa, Am\u00e9rico Aguiar.<\/p>\n<p>La investigaci\u00f3n sobre el clero de Portugal fue encargada en 2021 por la iglesia de este pa\u00eds de arraigada tradici\u00f3n cat\u00f3lica.<\/p>\n<p>En octubre, un equipo de seis expertos, encabezado por Strecht, anunci\u00f3 que hab\u00eda registrado 424 testimonios leg\u00edtimos de presuntas v\u00edctimas pero advirti\u00f3 que el n\u00famero total era \u00abmucho mayor\u00bb.<\/p>\n<p>Los hechos denunciados revelan \u00absituaciones graves que persistieron durante d\u00e9cadas, que se hacen m\u00e1s evidentes cuanto m\u00e1s se retrocede en el tiempo y que, en algunos lugares, adquirieron proporciones verdaderamente end\u00e9micas\u00bb, concluy\u00f3 el equipo en octubre, durante un primer balance.<\/p>\n<p>La mayor\u00eda de los cr\u00edmenes denunciados prescribieron, pero 25 acusaciones fueron transmitidas a las autoridades judiciales, que abrieron investigaciones.<\/p>\n<p>Uno de esos casos es el de Alexandra, el segundo nombre de una mujer de 43 a\u00f1os que prefiere permanecer en el anonimato y fue violada por un sacerdote cuando se preparaba para la vida de monja a los 17 a\u00f1os.<\/p>\n<p>\u00abEs muy dif\u00edcil hablar del tema en Portugal\u00bb, un pa\u00eds en el que el 80% de la poblaci\u00f3n se define como cat\u00f3lica, explica Alexandra, que ahora es madre, se form\u00f3 en inform\u00e1tica y trabaja como ayudante de cocina.<\/p>\n<p>\u00abLlevaba muchos a\u00f1os guardando este secreto, pero sent\u00eda que era cada vez m\u00e1s dif\u00edcil gestionar eso sola\u00bb, cuenta durante una entrevista telef\u00f3nica con la agencia AFP.<\/p>\n<p>Lleg\u00f3 a denunciar a su agresor ante las autoridades eclesi\u00e1sticas, pero se sinti\u00f3 \u00abignorada\u00bb.<\/p>\n<p>Tres a\u00f1os m\u00e1s tarde, los expertos de la comisi\u00f3n independiente ofrecieron escucharla y proporcionarle un apoyo psicol\u00f3gico.<\/p>\n<p>En abril, el cardenal-patriarca de Lisboa y m\u00e1ximo prelado de la iglesia portuguesa, Manuel Clemente, se declar\u00f3 dispuesto a \u00abreconocer los errores del pasado\u00bb y a \u00abpedir perd\u00f3n\u00bb a las v\u00edctimas.<\/p>\n<p>\u00abQue los obispos pidan perd\u00f3n no significa nada para m\u00ed. No sabemos si lo dicen en serio\u00bb, replic\u00f3 Alexandra, que dijo sentirse \u00abasqueada\u00bb por la iglesia y su encubrimiento de los abusos sexuales.<\/p>\n<p>El papa Francisco, que viajar\u00e1 a la capital portuguesa en agosto, podr\u00eda reunirse con las v\u00edctimas.<\/p>\n<p>Ante los miles de casos que han salido a la luz en todo el mundo y las acusaciones de encubrimiento, el Pont\u00edfice prometi\u00f3 en 2019 erradicar los abusos sexuales a menores del clero en el seno de la iglesia.<\/p>\n<p>Varios pa\u00edses publicaron informes sobre estos delitos, entre ellos Francia, Irlanda, Alemania, Australia o Pa\u00edses Bajos.<\/p>\n<p>Los obispos portugueses se reunir\u00e1n a principios de marzo para sacar conclusiones del informe y \u00aberradicar en la medida de lo posible esta lacra de la vida de la Iglesia\u00bb, declar\u00f3 en enero el secretario de la conferencia episcopal, el padre Manuel Barbosa.<\/p>\n","protected":false},"excerpt":{"rendered":"<p>Sacerdotes y otros miembros del clero cat\u00f3lico de Portugal abusaron sexualmente de al menos 4.815 menores desde 1950, seg\u00fan una comisi\u00f3n de investigaci\u00f3n que anunci\u00f3 hoy sus conclusiones tras escuchar a cientos de v\u00edctimas.<\/p>\n","protected":false},"author":3,"featured_media":0,"comment_status":"closed","ping_status":"closed","sticky":false,"template":"","format":"standard","meta":{"footnotes":""},"categories":[24,26],"tags":[],"class_list":["post-84016","post","type-post","status-publish","format-standard","hentry","category-politica","category-sociedad"],"yoast_head":"<!-- This site is optimized with the Yoast SEO plugin v25.9 - https:\/\/yoast.com\/wordpress\/plugins\/seo\/ -->\n<title>Revelan que miembros de la iglesia cat\u00f3lica de Portugal abusaron sexualmente de casi 5.000 menores - Noticias Radio Reflejos<\/title>\n<meta name=\"robots\" content=\"index, follow, max-snippet:-1, max-image-preview:large, max-video-preview:-1\" \/>\n<link rel=\"canonical\" href=\"https:\/\/www.noticiasradioreflejos.com.ar\/2021\/revelan-que-miembros-de-la-iglesia-catolica-de-portugal-abusaron-sexualmente-de-casi-5-000-menores\/\" \/>\n<meta property=\"og:locale\" content=\"es_ES\" \/>\n<meta property=\"og:type\" content=\"article\" \/>\n<meta property=\"og:title\" content=\"Revelan que miembros de la iglesia cat\u00f3lica de Portugal abusaron sexualmente de casi 5.000 menores - Noticias Radio Reflejos\" \/>\n<meta property=\"og:description\" content=\"Sacerdotes y otros miembros del clero cat\u00f3lico de Portugal abusaron sexualmente de al menos 4.815 menores desde 1950, seg\u00fan una comisi\u00f3n de investigaci\u00f3n que anunci\u00f3 hoy sus conclusiones tras escuchar a cientos de v\u00edctimas.\" \/>\n<meta property=\"og:url\" content=\"https:\/\/www.noticiasradioreflejos.com.ar\/2021\/revelan-que-miembros-de-la-iglesia-catolica-de-portugal-abusaron-sexualmente-de-casi-5-000-menores\/\" \/>\n<meta property=\"og:site_name\" content=\"Noticias Radio Reflejos\" \/>\n<meta property=\"article:published_time\" content=\"2023-02-13T12:19:55+00:00\" \/>\n<meta property=\"og:image\" content=\"https:\/\/www.noticiasradioreflejos.com.ar\/2021\/wp-content\/uploads\/2021\/07\/logosol300x200.png\" \/>\n\t<meta property=\"og:image:width\" content=\"300\" \/>\n\t<meta property=\"og:image:height\" content=\"200\" \/>\n\t<meta property=\"og:image:type\" content=\"image\/png\" \/>\n<meta name=\"author\" content=\"Arnaldo Botto\" \/>\n<meta name=\"twitter:card\" content=\"summary_large_image\" \/>\n<script type=\"application\/ld+json\" class=\"yoast-schema-graph\">{\"@context\":\"https:\/\/schema.org\",\"@graph\":[{\"@type\":\"WebPage\",\"@id\":\"https:\/\/www.noticiasradioreflejos.com.ar\/2021\/revelan-que-miembros-de-la-iglesia-catolica-de-portugal-abusaron-sexualmente-de-casi-5-000-menores\/\",\"url\":\"https:\/\/www.noticiasradioreflejos.com.ar\/2021\/revelan-que-miembros-de-la-iglesia-catolica-de-portugal-abusaron-sexualmente-de-casi-5-000-menores\/\",\"name\":\"Revelan que miembros de la iglesia cat\u00f3lica de Portugal abusaron sexualmente de casi 5.000 menores - Noticias Radio Reflejos\",\"isPartOf\":{\"@id\":\"https:\/\/www.noticiasradioreflejos.com.ar\/2021\/#website\"},\"datePublished\":\"2023-02-13T12:19:55+00:00\",\"author\":{\"@id\":\"https:\/\/www.noticiasradioreflejos.com.ar\/2021\/#\/schema\/person\/ad82545263dcc5ec0996818884fd5fb1\"},\"breadcrumb\":{\"@id\":\"https:\/\/www.noticiasradioreflejos.com.ar\/2021\/revelan-que-miembros-de-la-iglesia-catolica-de-portugal-abusaron-sexualmente-de-casi-5-000-menores\/#breadcrumb\"},\"inLanguage\":\"es\",\"potentialAction\":[{\"@type\":\"ReadAction\",\"target\":[\"https:\/\/www.noticiasradioreflejos.com.ar\/2021\/revelan-que-miembros-de-la-iglesia-catolica-de-portugal-abusaron-sexualmente-de-casi-5-000-menores\/\"]}]},{\"@type\":\"BreadcrumbList\",\"@id\":\"https:\/\/www.noticiasradioreflejos.com.ar\/2021\/revelan-que-miembros-de-la-iglesia-catolica-de-portugal-abusaron-sexualmente-de-casi-5-000-menores\/#breadcrumb\",\"itemListElement\":[{\"@type\":\"ListItem\",\"position\":1,\"name\":\"Portada\",\"item\":\"https:\/\/www.noticiasradioreflejos.com.ar\/2021\/\"},{\"@type\":\"ListItem\",\"position\":2,\"name\":\"Revelan que miembros de la iglesia cat\u00f3lica de Portugal abusaron sexualmente de casi 5.000 menores\"}]},{\"@type\":\"WebSite\",\"@id\":\"https:\/\/www.noticiasradioreflejos.com.ar\/2021\/#website\",\"url\":\"https:\/\/www.noticiasradioreflejos.com.ar\/2021\/\",\"name\":\"Noticias Radio Reflejos\",\"description\":\"Las noticias de mi comarca\",\"potentialAction\":[{\"@type\":\"SearchAction\",\"target\":{\"@type\":\"EntryPoint\",\"urlTemplate\":\"https:\/\/www.noticiasradioreflejos.com.ar\/2021\/?s={search_term_string}\"},\"query-input\":{\"@type\":\"PropertyValueSpecification\",\"valueRequired\":true,\"valueName\":\"search_term_string\"}}],\"inLanguage\":\"es\"},{\"@type\":\"Person\",\"@id\":\"https:\/\/www.noticiasradioreflejos.com.ar\/2021\/#\/schema\/person\/ad82545263dcc5ec0996818884fd5fb1\",\"name\":\"Arnaldo Botto\",\"image\":{\"@type\":\"ImageObject\",\"inLanguage\":\"es\",\"@id\":\"https:\/\/www.noticiasradioreflejos.com.ar\/2021\/#\/schema\/person\/image\/\",\"url\":\"https:\/\/secure.gravatar.com\/avatar\/55cb5e37c1efa326397366e6974cb338056df65cb50e7d64d1cf314e87504837?s=96&d=mm&r=g\",\"contentUrl\":\"https:\/\/secure.gravatar.com\/avatar\/55cb5e37c1efa326397366e6974cb338056df65cb50e7d64d1cf314e87504837?s=96&d=mm&r=g\",\"caption\":\"Arnaldo Botto\"},\"url\":\"https:\/\/www.noticiasradioreflejos.com.ar\/2021\/author\/arnaldo\/\"}]}<\/script>\n<!-- \/ Yoast SEO plugin. -->","yoast_head_json":{"title":"Revelan que miembros de la iglesia cat\u00f3lica de Portugal abusaron sexualmente de casi 5.000 menores - Noticias Radio Reflejos","robots":{"index":"index","follow":"follow","max-snippet":"max-snippet:-1","max-image-preview":"max-image-preview:large","max-video-preview":"max-video-preview:-1"},"canonical":"https:\/\/www.noticiasradioreflejos.com.ar\/2021\/revelan-que-miembros-de-la-iglesia-catolica-de-portugal-abusaron-sexualmente-de-casi-5-000-menores\/","og_locale":"es_ES","og_type":"article","og_title":"Revelan que miembros de la iglesia cat\u00f3lica de Portugal abusaron sexualmente de casi 5.000 menores - Noticias Radio Reflejos","og_description":"Sacerdotes y otros miembros del clero cat\u00f3lico de Portugal abusaron sexualmente de al menos 4.815 menores desde 1950, seg\u00fan una comisi\u00f3n de investigaci\u00f3n que anunci\u00f3 hoy sus conclusiones tras escuchar a cientos de v\u00edctimas.","og_url":"https:\/\/www.noticiasradioreflejos.com.ar\/2021\/revelan-que-miembros-de-la-iglesia-catolica-de-portugal-abusaron-sexualmente-de-casi-5-000-menores\/","og_site_name":"Noticias Radio Reflejos","article_published_time":"2023-02-13T12:19:55+00:00","og_image":[{"width":300,"height":200,"url":"https:\/\/www.noticiasradioreflejos.com.ar\/2021\/wp-content\/uploads\/2021\/07\/logosol300x200.png","type":"image\/png"}],"author":"Arnaldo Botto","twitter_card":"summary_large_image","schema":{"@context":"https:\/\/schema.org","@graph":[{"@type":"WebPage","@id":"https:\/\/www.noticiasradioreflejos.com.ar\/2021\/revelan-que-miembros-de-la-iglesia-catolica-de-portugal-abusaron-sexualmente-de-casi-5-000-menores\/","url":"https:\/\/www.noticiasradioreflejos.com.ar\/2021\/revelan-que-miembros-de-la-iglesia-catolica-de-portugal-abusaron-sexualmente-de-casi-5-000-menores\/","name":"Revelan que miembros de la iglesia cat\u00f3lica de Portugal abusaron sexualmente de casi 5.000 menores - Noticias Radio Reflejos","isPartOf":{"@id":"https:\/\/www.noticiasradioreflejos.com.ar\/2021\/#website"},"datePublished":"2023-02-13T12:19:55+00:00","author":{"@id":"https:\/\/www.noticiasradioreflejos.com.ar\/2021\/#\/schema\/person\/ad82545263dcc5ec0996818884fd5fb1"},"breadcrumb":{"@id":"https:\/\/www.noticiasradioreflejos.com.ar\/2021\/revelan-que-miembros-de-la-iglesia-catolica-de-portugal-abusaron-sexualmente-de-casi-5-000-menores\/#breadcrumb"},"inLanguage":"es","potentialAction":[{"@type":"ReadAction","target":["https:\/\/www.noticiasradioreflejos.com.ar\/2021\/revelan-que-miembros-de-la-iglesia-catolica-de-portugal-abusaron-sexualmente-de-casi-5-000-menores\/"]}]},{"@type":"BreadcrumbList","@id":"https:\/\/www.noticiasradioreflejos.com.ar\/2021\/revelan-que-miembros-de-la-iglesia-catolica-de-portugal-abusaron-sexualmente-de-casi-5-000-menores\/#breadcrumb","itemListElement":[{"@type":"ListItem","position":1,"name":"Portada","item":"https:\/\/www.noticiasradioreflejos.com.ar\/2021\/"},{"@type":"ListItem","position":2,"name":"Revelan que miembros de la iglesia cat\u00f3lica de Portugal abusaron sexualmente de casi 5.000 menores"}]},{"@type":"WebSite","@id":"https:\/\/www.noticiasradioreflejos.com.ar\/2021\/#website","url":"https:\/\/www.noticiasradioreflejos.com.ar\/2021\/","name":"Noticias Radio Reflejos","description":"Las noticias de mi comarca","potentialAction":[{"@type":"SearchAction","target":{"@type":"EntryPoint","urlTemplate":"https:\/\/www.noticiasradioreflejos.com.ar\/2021\/?s={search_term_string}"},"query-input":{"@type":"PropertyValueSpecification","valueRequired":true,"valueName":"search_term_string"}}],"inLanguage":"es"},{"@type":"Person","@id":"https:\/\/www.noticiasradioreflejos.com.ar\/2021\/#\/schema\/person\/ad82545263dcc5ec0996818884fd5fb1","name":"Arnaldo Botto","image":{"@type":"ImageObject","inLanguage":"es","@id":"https:\/\/www.noticiasradioreflejos.com.ar\/2021\/#\/schema\/person\/image\/","url":"https:\/\/secure.gravatar.com\/avatar\/55cb5e37c1efa326397366e6974cb338056df65cb50e7d64d1cf314e87504837?s=96&d=mm&r=g","contentUrl":"https:\/\/secure.gravatar.com\/avatar\/55cb5e37c1efa326397366e6974cb338056df65cb50e7d64d1cf314e87504837?s=96&d=mm&r=g","caption":"Arnaldo Botto"},"url":"https:\/\/www.noticiasradioreflejos.com.ar\/2021\/author\/arnaldo\/"}]}},"_links":{"self":[{"href":"https:\/\/www.noticiasradioreflejos.com.ar\/2021\/wp-json\/wp\/v2\/posts\/84016","targetHints":{"allow":["GET"]}}],"collection":[{"href":"https:\/\/www.noticiasradioreflejos.com.ar\/2021\/wp-json\/wp\/v2\/posts"}],"about":[{"href":"https:\/\/www.noticiasradioreflejos.com.ar\/2021\/wp-json\/wp\/v2\/types\/post"}],"author":[{"embeddable":true,"href":"https:\/\/www.noticiasradioreflejos.com.ar\/2021\/wp-json\/wp\/v2\/users\/3"}],"replies":[{"embeddable":true,"href":"https:\/\/www.noticiasradioreflejos.com.ar\/2021\/wp-json\/wp\/v2\/comments?post=84016"}],"version-history":[{"count":1,"href":"https:\/\/www.noticiasradioreflejos.com.ar\/2021\/wp-json\/wp\/v2\/posts\/84016\/revisions"}],"predecessor-version":[{"id":84018,"href":"https:\/\/www.noticiasradioreflejos.com.ar\/2021\/wp-json\/wp\/v2\/posts\/84016\/revisions\/84018"}],"wp:attachment":[{"href":"https:\/\/www.noticiasradioreflejos.com.ar\/2021\/wp-json\/wp\/v2\/media?parent=84016"}],"wp:term":[{"taxonomy":"category","embeddable":true,"href":"https:\/\/www.noticiasradioreflejos.com.ar\/2021\/wp-json\/wp\/v2\/categories?post=84016"},{"taxonomy":"post_tag","embeddable":true,"href":"https:\/\/www.noticiasradioreflejos.com.ar\/2021\/wp-json\/wp\/v2\/tags?post=84016"}],"curies":[{"name":"wp","href":"https:\/\/api.w.org\/{rel}","templated":true}]}}