{"id":84011,"date":"2023-02-13T11:36:58","date_gmt":"2023-02-13T11:36:58","guid":{"rendered":"https:\/\/www.noticiasradioreflejos.com.ar\/2021\/?p=84011"},"modified":"2023-02-13T11:36:58","modified_gmt":"2023-02-13T11:36:58","slug":"desaparecio-uno-de-los-lugares-de-pesca-mas-visitados-de-la-provincia-de-buenos-aires","status":"publish","type":"post","link":"https:\/\/www.noticiasradioreflejos.com.ar\/2021\/desaparecio-uno-de-los-lugares-de-pesca-mas-visitados-de-la-provincia-de-buenos-aires\/","title":{"rendered":"Desapareci\u00f3 uno de los lugares de pesca m\u00e1s visitados de la Provincia de Buenos Aires"},"content":{"rendered":"<p>La fuerte sequ\u00eda\u00a0que afecta a toda la\u00a0Provincia de Buenos Aires\u00a0sigue\u00a0haciendo estragos,\u00a0generando no solamente un impacto productivo sino tambi\u00e9n ambiental.<br \/>\n<!--more--><\/p>\n<div class=\"zox-post-main-grid\">\n<div class=\"zox-post-width\">\n<div class=\"zox-post-main-wrap zoxrel left zox100\">\n<div class=\"zox-post-main\">\n<div class=\"zox-post-body-wrap left zoxrel\">\n<div class=\"zox-post-body left zoxrel zox100\">\n<div class=\"wp-block-image\">\n<figure class=\"aligncenter size-full\"><img loading=\"lazy\" decoding=\"async\" class=\"wp-image-269331 entered lazyloaded\" src=\"https:\/\/www.infozona.com.ar\/wp-content\/uploads\/2023\/02\/sequia-provincia-buenos-aires.jpg\" sizes=\"auto, (max-width: 1200px) 100vw, 1200px\" srcset=\"https:\/\/www.infozona.com.ar\/wp-content\/uploads\/2023\/02\/sequia-provincia-buenos-aires.jpg 1200w, https:\/\/www.infozona.com.ar\/wp-content\/uploads\/2023\/02\/sequia-provincia-buenos-aires-300x213.jpg 300w, https:\/\/www.infozona.com.ar\/wp-content\/uploads\/2023\/02\/sequia-provincia-buenos-aires-768x544.jpg 768w\" alt=\"\" width=\"1200\" height=\"850\" data-lazy-srcset=\"https:\/\/www.infozona.com.ar\/wp-content\/uploads\/2023\/02\/sequia-provincia-buenos-aires.jpg 1200w, https:\/\/www.infozona.com.ar\/wp-content\/uploads\/2023\/02\/sequia-provincia-buenos-aires-300x213.jpg 300w, https:\/\/www.infozona.com.ar\/wp-content\/uploads\/2023\/02\/sequia-provincia-buenos-aires-768x544.jpg 768w\" data-lazy-sizes=\"(max-width: 1200px) 100vw, 1200px\" data-lazy-src=\"https:\/\/www.infozona.com.ar\/wp-content\/uploads\/2023\/02\/sequia-provincia-buenos-aires.jpg\" data-ll-status=\"loaded\" \/><\/figure>\n<\/div>\n<p>En las \u00faltimas horas, se conocieron nuevas im\u00e1genes que se viralizaron a trav\u00e9s de las redes sociales del estado del<strong>\u00a0Canal 5, ubicado muy cerca de la\u00a0<a title=\"Ruta 2\" href=\"https:\/\/www.infozona.com.ar\/noticias\/ruta-2\/\" target=\"_blank\" rel=\"noopener\" data-internallinksmanager029f6b8e52c=\"31\">Ruta 2<\/a>,\u00a0<\/strong>a la altura de Coronel Vidal, en el partido de Mar Chiquita<strong>.<\/strong><\/p>\n<p>Las fotos del desastre fueron publicadas por\u00a0<em>Gerardo Escudero<\/em>\u00a0en sus redes sociales, donde mostr\u00f3 im\u00e1genes de c\u00f3mo\u00a0<strong>el citado canal est\u00e1 completamente seco<\/strong>, el cual era muy concurrido por pescadores de toda la regi\u00f3n.<\/p>\n<p>&nbsp;<\/p>\n<p><strong><mark class=\"has-inline-color\">Nota relacionada<\/mark><\/strong>:\u00a0<a href=\"https:\/\/www.infozona.com.ar\/lagunas-en-peligro-de-extincion-provincia-de-buenos-aires\/\" target=\"_blank\" rel=\"noreferrer noopener\">Lagunas en peligro de extinci\u00f3n por la sequ\u00eda en la Provincia de Buenos Aires<\/a><\/p>\n<p>&nbsp;<\/p>\n<p>Los expertos afirman que\u00a0<strong>se trata de una sequ\u00eda hist\u00f3rica que no se ve desde hace d\u00e9cadas<\/strong>. La misma situaci\u00f3n de canal se replica en otros espejos de agua bonaerenses tales como la\u00a0<a href=\"https:\/\/www.infozona.com.ar\/por-la-sequia-extrema-se-seco-la-laguna-de-navarro\/\" target=\"_blank\" rel=\"noreferrer noopener\">laguna de Navarro<\/a>, San Vicente,\u00a0<a title=\"Chascom\u00fas\" href=\"https:\/\/www.infozona.com.ar\/diario\/ciudad\/chascomus-noticias\/\" target=\"_blank\" rel=\"noopener\" data-internallinksmanager029f6b8e52c=\"1\">Chascom\u00fas<\/a>\u00a0y Lobos por mencionar solamente algunas de m\u00e1s reconocidas.<\/p>\n<div class=\"wp-block-image\">\n<figure class=\"aligncenter size-full\"><img loading=\"lazy\" decoding=\"async\" class=\"wp-image-269235 entered lazyloaded\" src=\"https:\/\/www.infozona.com.ar\/wp-content\/uploads\/2023\/02\/laguna-provincia.jpg\" sizes=\"auto, (max-width: 1250px) 100vw, 1250px\" srcset=\"https:\/\/www.infozona.com.ar\/wp-content\/uploads\/2023\/02\/laguna-provincia.jpg 1250w, https:\/\/www.infozona.com.ar\/wp-content\/uploads\/2023\/02\/laguna-provincia-300x207.jpg 300w, https:\/\/www.infozona.com.ar\/wp-content\/uploads\/2023\/02\/laguna-provincia-768x531.jpg 768w\" alt=\"\" width=\"1250\" height=\"864\" data-lazy-srcset=\"https:\/\/www.infozona.com.ar\/wp-content\/uploads\/2023\/02\/laguna-provincia.jpg 1250w, https:\/\/www.infozona.com.ar\/wp-content\/uploads\/2023\/02\/laguna-provincia-300x207.jpg 300w, https:\/\/www.infozona.com.ar\/wp-content\/uploads\/2023\/02\/laguna-provincia-768x531.jpg 768w\" data-lazy-sizes=\"(max-width: 1250px) 100vw, 1250px\" data-lazy-src=\"https:\/\/www.infozona.com.ar\/wp-content\/uploads\/2023\/02\/laguna-provincia.jpg\" data-ll-status=\"loaded\" \/><\/figure>\n<\/div>\n<p>En un informe realizado por el\u00a0<strong>Sistema de Informaci\u00f3n sobre Sequ\u00edas para el Sur de Sudam\u00e9rica (<a href=\"https:\/\/sissa.crc-sas.org\/\" target=\"_blank\" rel=\"noreferrer noopener nofollow\">SISSA<\/a>)<\/strong>, se destaca lo siguiente:\u00a0<em>\u00abUno de los estados m\u00e1s preocupantes lo tiene la Provincia de Buenos Aires, con casi 40% del territorio en una situaci\u00f3n de\u00a0<strong>sequ\u00eda extrema<\/strong>. Solamente un 6% de la Provincia no est\u00e1 seca, el resto s\u00ed lo est\u00e1\u00bb.<\/em><\/p>\n<div class=\"wp-block-image\">\n<figure class=\"aligncenter size-large\"><img loading=\"lazy\" decoding=\"async\" class=\"wp-image-203532 entered lazyloaded\" src=\"https:\/\/www.infozona.com.ar\/wp-content\/uploads\/2022\/01\/sequia-1024x497.jpg\" sizes=\"auto, (max-width: 1024px) 100vw, 1024px\" srcset=\"https:\/\/www.infozona.com.ar\/wp-content\/uploads\/2022\/01\/sequia-1024x497.jpg 1024w, https:\/\/www.infozona.com.ar\/wp-content\/uploads\/2022\/01\/sequia-300x146.jpg 300w, https:\/\/www.infozona.com.ar\/wp-content\/uploads\/2022\/01\/sequia-768x372.jpg 768w, https:\/\/www.infozona.com.ar\/wp-content\/uploads\/2022\/01\/sequia-1536x745.jpg 1536w, https:\/\/www.infozona.com.ar\/wp-content\/uploads\/2022\/01\/sequia.jpg 1600w\" alt=\"\" width=\"1024\" height=\"497\" data-lazy-srcset=\"https:\/\/www.infozona.com.ar\/wp-content\/uploads\/2022\/01\/sequia-1024x497.jpg 1024w, https:\/\/www.infozona.com.ar\/wp-content\/uploads\/2022\/01\/sequia-300x146.jpg 300w, https:\/\/www.infozona.com.ar\/wp-content\/uploads\/2022\/01\/sequia-768x372.jpg 768w, https:\/\/www.infozona.com.ar\/wp-content\/uploads\/2022\/01\/sequia-1536x745.jpg 1536w, https:\/\/www.infozona.com.ar\/wp-content\/uploads\/2022\/01\/sequia.jpg 1600w\" data-lazy-sizes=\"(max-width: 1024px) 100vw, 1024px\" data-lazy-src=\"https:\/\/www.infozona.com.ar\/wp-content\/uploads\/2022\/01\/sequia-1024x497.jpg\" data-ll-status=\"loaded\" \/><\/figure>\n<\/div>\n<p>No obstante, los especialistas indican que afortunadamente el fen\u00f3meno de La Ni\u00f1a se va a empezar a desplazar y va a dar entrada a<strong>\u00a0El Ni\u00f1o<\/strong>, que consiste en la llegada de m\u00e1s precipitaciones en la regi\u00f3n.<\/p>\n<\/div>\n<\/div>\n<\/div>\n<\/div>\n<\/div>\n<\/div>\n<p>&nbsp;<\/p>\n<p>Por <a title=\"Entradas de Francisco D\u00edaz\" href=\"https:\/\/www.infozona.com.ar\/author\/francisco\/\" rel=\"author\">Francisco D\u00edaz<\/a> &#8211; Infozona<\/p>\n","protected":false},"excerpt":{"rendered":"<p>La fuerte sequ\u00eda\u00a0que afecta a toda la\u00a0Provincia de Buenos Aires\u00a0sigue\u00a0haciendo estragos,\u00a0generando no solamente un impacto productivo sino tambi\u00e9n ambiental.<\/p>\n","protected":false},"author":3,"featured_media":0,"comment_status":"closed","ping_status":"closed","sticky":false,"template":"","format":"standard","meta":{"footnotes":""},"categories":[46],"tags":[],"class_list":["post-84011","post","type-post","status-publish","format-standard","hentry","category-ciencia-y-tecnologia"],"yoast_head":"<!-- This site is optimized with the Yoast SEO plugin v25.9 - https:\/\/yoast.com\/wordpress\/plugins\/seo\/ -->\n<title>Desapareci\u00f3 uno de los lugares de pesca m\u00e1s visitados de la Provincia de Buenos Aires - Noticias Radio Reflejos<\/title>\n<meta name=\"robots\" content=\"index, follow, max-snippet:-1, max-image-preview:large, max-video-preview:-1\" \/>\n<link rel=\"canonical\" href=\"https:\/\/www.noticiasradioreflejos.com.ar\/2021\/desaparecio-uno-de-los-lugares-de-pesca-mas-visitados-de-la-provincia-de-buenos-aires\/\" \/>\n<meta property=\"og:locale\" content=\"es_ES\" \/>\n<meta property=\"og:type\" content=\"article\" \/>\n<meta property=\"og:title\" content=\"Desapareci\u00f3 uno de los lugares de pesca m\u00e1s visitados de la Provincia de Buenos Aires - Noticias Radio Reflejos\" \/>\n<meta property=\"og:description\" content=\"La fuerte sequ\u00eda\u00a0que afecta a toda la\u00a0Provincia de Buenos Aires\u00a0sigue\u00a0haciendo estragos,\u00a0generando no solamente un impacto productivo sino tambi\u00e9n ambiental.\" \/>\n<meta property=\"og:url\" content=\"https:\/\/www.noticiasradioreflejos.com.ar\/2021\/desaparecio-uno-de-los-lugares-de-pesca-mas-visitados-de-la-provincia-de-buenos-aires\/\" \/>\n<meta property=\"og:site_name\" content=\"Noticias Radio Reflejos\" \/>\n<meta property=\"article:published_time\" content=\"2023-02-13T11:36:58+00:00\" \/>\n<meta property=\"og:image\" content=\"https:\/\/www.infozona.com.ar\/wp-content\/uploads\/2023\/02\/sequia-provincia-buenos-aires.jpg\" \/>\n<meta name=\"author\" content=\"Arnaldo Botto\" \/>\n<meta name=\"twitter:card\" content=\"summary_large_image\" \/>\n<script type=\"application\/ld+json\" class=\"yoast-schema-graph\">{\"@context\":\"https:\/\/schema.org\",\"@graph\":[{\"@type\":\"WebPage\",\"@id\":\"https:\/\/www.noticiasradioreflejos.com.ar\/2021\/desaparecio-uno-de-los-lugares-de-pesca-mas-visitados-de-la-provincia-de-buenos-aires\/\",\"url\":\"https:\/\/www.noticiasradioreflejos.com.ar\/2021\/desaparecio-uno-de-los-lugares-de-pesca-mas-visitados-de-la-provincia-de-buenos-aires\/\",\"name\":\"Desapareci\u00f3 uno de los lugares de pesca m\u00e1s visitados de la Provincia de Buenos Aires - Noticias Radio Reflejos\",\"isPartOf\":{\"@id\":\"https:\/\/www.noticiasradioreflejos.com.ar\/2021\/#website\"},\"primaryImageOfPage\":{\"@id\":\"https:\/\/www.noticiasradioreflejos.com.ar\/2021\/desaparecio-uno-de-los-lugares-de-pesca-mas-visitados-de-la-provincia-de-buenos-aires\/#primaryimage\"},\"image\":{\"@id\":\"https:\/\/www.noticiasradioreflejos.com.ar\/2021\/desaparecio-uno-de-los-lugares-de-pesca-mas-visitados-de-la-provincia-de-buenos-aires\/#primaryimage\"},\"thumbnailUrl\":\"https:\/\/www.infozona.com.ar\/wp-content\/uploads\/2023\/02\/sequia-provincia-buenos-aires.jpg\",\"datePublished\":\"2023-02-13T11:36:58+00:00\",\"author\":{\"@id\":\"https:\/\/www.noticiasradioreflejos.com.ar\/2021\/#\/schema\/person\/ad82545263dcc5ec0996818884fd5fb1\"},\"breadcrumb\":{\"@id\":\"https:\/\/www.noticiasradioreflejos.com.ar\/2021\/desaparecio-uno-de-los-lugares-de-pesca-mas-visitados-de-la-provincia-de-buenos-aires\/#breadcrumb\"},\"inLanguage\":\"es\",\"potentialAction\":[{\"@type\":\"ReadAction\",\"target\":[\"https:\/\/www.noticiasradioreflejos.com.ar\/2021\/desaparecio-uno-de-los-lugares-de-pesca-mas-visitados-de-la-provincia-de-buenos-aires\/\"]}]},{\"@type\":\"ImageObject\",\"inLanguage\":\"es\",\"@id\":\"https:\/\/www.noticiasradioreflejos.com.ar\/2021\/desaparecio-uno-de-los-lugares-de-pesca-mas-visitados-de-la-provincia-de-buenos-aires\/#primaryimage\",\"url\":\"https:\/\/www.infozona.com.ar\/wp-content\/uploads\/2023\/02\/sequia-provincia-buenos-aires.jpg\",\"contentUrl\":\"https:\/\/www.infozona.com.ar\/wp-content\/uploads\/2023\/02\/sequia-provincia-buenos-aires.jpg\"},{\"@type\":\"BreadcrumbList\",\"@id\":\"https:\/\/www.noticiasradioreflejos.com.ar\/2021\/desaparecio-uno-de-los-lugares-de-pesca-mas-visitados-de-la-provincia-de-buenos-aires\/#breadcrumb\",\"itemListElement\":[{\"@type\":\"ListItem\",\"position\":1,\"name\":\"Portada\",\"item\":\"https:\/\/www.noticiasradioreflejos.com.ar\/2021\/\"},{\"@type\":\"ListItem\",\"position\":2,\"name\":\"Desapareci\u00f3 uno de los lugares de pesca m\u00e1s visitados de la Provincia de Buenos Aires\"}]},{\"@type\":\"WebSite\",\"@id\":\"https:\/\/www.noticiasradioreflejos.com.ar\/2021\/#website\",\"url\":\"https:\/\/www.noticiasradioreflejos.com.ar\/2021\/\",\"name\":\"Noticias Radio Reflejos\",\"description\":\"Las noticias de mi comarca\",\"potentialAction\":[{\"@type\":\"SearchAction\",\"target\":{\"@type\":\"EntryPoint\",\"urlTemplate\":\"https:\/\/www.noticiasradioreflejos.com.ar\/2021\/?s={search_term_string}\"},\"query-input\":{\"@type\":\"PropertyValueSpecification\",\"valueRequired\":true,\"valueName\":\"search_term_string\"}}],\"inLanguage\":\"es\"},{\"@type\":\"Person\",\"@id\":\"https:\/\/www.noticiasradioreflejos.com.ar\/2021\/#\/schema\/person\/ad82545263dcc5ec0996818884fd5fb1\",\"name\":\"Arnaldo Botto\",\"image\":{\"@type\":\"ImageObject\",\"inLanguage\":\"es\",\"@id\":\"https:\/\/www.noticiasradioreflejos.com.ar\/2021\/#\/schema\/person\/image\/\",\"url\":\"https:\/\/secure.gravatar.com\/avatar\/55cb5e37c1efa326397366e6974cb338056df65cb50e7d64d1cf314e87504837?s=96&d=mm&r=g\",\"contentUrl\":\"https:\/\/secure.gravatar.com\/avatar\/55cb5e37c1efa326397366e6974cb338056df65cb50e7d64d1cf314e87504837?s=96&d=mm&r=g\",\"caption\":\"Arnaldo Botto\"},\"url\":\"https:\/\/www.noticiasradioreflejos.com.ar\/2021\/author\/arnaldo\/\"}]}<\/script>\n<!-- \/ Yoast SEO plugin. -->","yoast_head_json":{"title":"Desapareci\u00f3 uno de los lugares de pesca m\u00e1s visitados de la Provincia de Buenos Aires - Noticias Radio Reflejos","robots":{"index":"index","follow":"follow","max-snippet":"max-snippet:-1","max-image-preview":"max-image-preview:large","max-video-preview":"max-video-preview:-1"},"canonical":"https:\/\/www.noticiasradioreflejos.com.ar\/2021\/desaparecio-uno-de-los-lugares-de-pesca-mas-visitados-de-la-provincia-de-buenos-aires\/","og_locale":"es_ES","og_type":"article","og_title":"Desapareci\u00f3 uno de los lugares de pesca m\u00e1s visitados de la Provincia de Buenos Aires - Noticias Radio Reflejos","og_description":"La fuerte sequ\u00eda\u00a0que afecta a toda la\u00a0Provincia de Buenos Aires\u00a0sigue\u00a0haciendo estragos,\u00a0generando no solamente un impacto productivo sino tambi\u00e9n ambiental.","og_url":"https:\/\/www.noticiasradioreflejos.com.ar\/2021\/desaparecio-uno-de-los-lugares-de-pesca-mas-visitados-de-la-provincia-de-buenos-aires\/","og_site_name":"Noticias Radio Reflejos","article_published_time":"2023-02-13T11:36:58+00:00","og_image":[{"url":"https:\/\/www.infozona.com.ar\/wp-content\/uploads\/2023\/02\/sequia-provincia-buenos-aires.jpg","type":"","width":"","height":""}],"author":"Arnaldo Botto","twitter_card":"summary_large_image","schema":{"@context":"https:\/\/schema.org","@graph":[{"@type":"WebPage","@id":"https:\/\/www.noticiasradioreflejos.com.ar\/2021\/desaparecio-uno-de-los-lugares-de-pesca-mas-visitados-de-la-provincia-de-buenos-aires\/","url":"https:\/\/www.noticiasradioreflejos.com.ar\/2021\/desaparecio-uno-de-los-lugares-de-pesca-mas-visitados-de-la-provincia-de-buenos-aires\/","name":"Desapareci\u00f3 uno de los lugares de pesca m\u00e1s visitados de la Provincia de Buenos Aires - Noticias Radio Reflejos","isPartOf":{"@id":"https:\/\/www.noticiasradioreflejos.com.ar\/2021\/#website"},"primaryImageOfPage":{"@id":"https:\/\/www.noticiasradioreflejos.com.ar\/2021\/desaparecio-uno-de-los-lugares-de-pesca-mas-visitados-de-la-provincia-de-buenos-aires\/#primaryimage"},"image":{"@id":"https:\/\/www.noticiasradioreflejos.com.ar\/2021\/desaparecio-uno-de-los-lugares-de-pesca-mas-visitados-de-la-provincia-de-buenos-aires\/#primaryimage"},"thumbnailUrl":"https:\/\/www.infozona.com.ar\/wp-content\/uploads\/2023\/02\/sequia-provincia-buenos-aires.jpg","datePublished":"2023-02-13T11:36:58+00:00","author":{"@id":"https:\/\/www.noticiasradioreflejos.com.ar\/2021\/#\/schema\/person\/ad82545263dcc5ec0996818884fd5fb1"},"breadcrumb":{"@id":"https:\/\/www.noticiasradioreflejos.com.ar\/2021\/desaparecio-uno-de-los-lugares-de-pesca-mas-visitados-de-la-provincia-de-buenos-aires\/#breadcrumb"},"inLanguage":"es","potentialAction":[{"@type":"ReadAction","target":["https:\/\/www.noticiasradioreflejos.com.ar\/2021\/desaparecio-uno-de-los-lugares-de-pesca-mas-visitados-de-la-provincia-de-buenos-aires\/"]}]},{"@type":"ImageObject","inLanguage":"es","@id":"https:\/\/www.noticiasradioreflejos.com.ar\/2021\/desaparecio-uno-de-los-lugares-de-pesca-mas-visitados-de-la-provincia-de-buenos-aires\/#primaryimage","url":"https:\/\/www.infozona.com.ar\/wp-content\/uploads\/2023\/02\/sequia-provincia-buenos-aires.jpg","contentUrl":"https:\/\/www.infozona.com.ar\/wp-content\/uploads\/2023\/02\/sequia-provincia-buenos-aires.jpg"},{"@type":"BreadcrumbList","@id":"https:\/\/www.noticiasradioreflejos.com.ar\/2021\/desaparecio-uno-de-los-lugares-de-pesca-mas-visitados-de-la-provincia-de-buenos-aires\/#breadcrumb","itemListElement":[{"@type":"ListItem","position":1,"name":"Portada","item":"https:\/\/www.noticiasradioreflejos.com.ar\/2021\/"},{"@type":"ListItem","position":2,"name":"Desapareci\u00f3 uno de los lugares de pesca m\u00e1s visitados de la Provincia de Buenos Aires"}]},{"@type":"WebSite","@id":"https:\/\/www.noticiasradioreflejos.com.ar\/2021\/#website","url":"https:\/\/www.noticiasradioreflejos.com.ar\/2021\/","name":"Noticias Radio Reflejos","description":"Las noticias de mi comarca","potentialAction":[{"@type":"SearchAction","target":{"@type":"EntryPoint","urlTemplate":"https:\/\/www.noticiasradioreflejos.com.ar\/2021\/?s={search_term_string}"},"query-input":{"@type":"PropertyValueSpecification","valueRequired":true,"valueName":"search_term_string"}}],"inLanguage":"es"},{"@type":"Person","@id":"https:\/\/www.noticiasradioreflejos.com.ar\/2021\/#\/schema\/person\/ad82545263dcc5ec0996818884fd5fb1","name":"Arnaldo Botto","image":{"@type":"ImageObject","inLanguage":"es","@id":"https:\/\/www.noticiasradioreflejos.com.ar\/2021\/#\/schema\/person\/image\/","url":"https:\/\/secure.gravatar.com\/avatar\/55cb5e37c1efa326397366e6974cb338056df65cb50e7d64d1cf314e87504837?s=96&d=mm&r=g","contentUrl":"https:\/\/secure.gravatar.com\/avatar\/55cb5e37c1efa326397366e6974cb338056df65cb50e7d64d1cf314e87504837?s=96&d=mm&r=g","caption":"Arnaldo Botto"},"url":"https:\/\/www.noticiasradioreflejos.com.ar\/2021\/author\/arnaldo\/"}]}},"_links":{"self":[{"href":"https:\/\/www.noticiasradioreflejos.com.ar\/2021\/wp-json\/wp\/v2\/posts\/84011","targetHints":{"allow":["GET"]}}],"collection":[{"href":"https:\/\/www.noticiasradioreflejos.com.ar\/2021\/wp-json\/wp\/v2\/posts"}],"about":[{"href":"https:\/\/www.noticiasradioreflejos.com.ar\/2021\/wp-json\/wp\/v2\/types\/post"}],"author":[{"embeddable":true,"href":"https:\/\/www.noticiasradioreflejos.com.ar\/2021\/wp-json\/wp\/v2\/users\/3"}],"replies":[{"embeddable":true,"href":"https:\/\/www.noticiasradioreflejos.com.ar\/2021\/wp-json\/wp\/v2\/comments?post=84011"}],"version-history":[{"count":1,"href":"https:\/\/www.noticiasradioreflejos.com.ar\/2021\/wp-json\/wp\/v2\/posts\/84011\/revisions"}],"predecessor-version":[{"id":84013,"href":"https:\/\/www.noticiasradioreflejos.com.ar\/2021\/wp-json\/wp\/v2\/posts\/84011\/revisions\/84013"}],"wp:attachment":[{"href":"https:\/\/www.noticiasradioreflejos.com.ar\/2021\/wp-json\/wp\/v2\/media?parent=84011"}],"wp:term":[{"taxonomy":"category","embeddable":true,"href":"https:\/\/www.noticiasradioreflejos.com.ar\/2021\/wp-json\/wp\/v2\/categories?post=84011"},{"taxonomy":"post_tag","embeddable":true,"href":"https:\/\/www.noticiasradioreflejos.com.ar\/2021\/wp-json\/wp\/v2\/tags?post=84011"}],"curies":[{"name":"wp","href":"https:\/\/api.w.org\/{rel}","templated":true}]}}