{"id":83790,"date":"2023-02-08T17:30:42","date_gmt":"2023-02-08T17:30:42","guid":{"rendered":"https:\/\/www.noticiasradioreflejos.com.ar\/2021\/?p=83790"},"modified":"2023-02-08T17:30:42","modified_gmt":"2023-02-08T17:30:42","slug":"allanan-frigorificos-de-berazategui-por-las-muertes-por-consumo-de-carne-contaminada","status":"publish","type":"post","link":"https:\/\/www.noticiasradioreflejos.com.ar\/2021\/allanan-frigorificos-de-berazategui-por-las-muertes-por-consumo-de-carne-contaminada\/","title":{"rendered":"Allanan frigor\u00edficos de Berazategui por las muertes por consumo de carne contaminada"},"content":{"rendered":"<p>La Justicia allan\u00f3 hoy el frigor\u00edfico SUBGPA, de Berazategui, en el marco de la causa que investiga los casos de intoxicaci\u00f3n por Shigella, Salmonella y Leptospirosis que dejaron dos muertos y varias personas afectadas.<!--more--><\/p>\n<p>El allanamiento con m\u00e1s de 100 personas, realizado por la Polic\u00eda Federal, y en el que tambi\u00e9n intervienen la ANMAT y la Fiscal\u00eda 7 de Berazategui, llega luego de que el Ministerio de Salud de Provincia de Buenos Aires actualiz\u00f3 los resultados sobre los casos de intoxicaci\u00f3n ocurridos en Berazategui en enero pasado y confirm\u00f3 que dos de los infectados dieron positivo por<\/p>\n<p>Leptospirosis.<\/p>\n<p>Fuentes oficiales de la cartera de Salud bonaerense indicaron, a trav\u00e9s de un comunicado, que \u201clos casos de los 4 adultos internados por diarrea aguda en Berazategui, ocurridos en las primeras tres semanas de enero de 2023, dieron lugar a un estudio por sospecha de brote de origen alimentario, debido al antecedente com\u00fan de ingesta de carne y derivados\u201d, y se confirman leptospirosis y salmonelosis seg\u00fan lo informado.<\/p>\n<p>Los an\u00e1lisis de las muestras correspondientes permitieron confirmar que dos de los casos comunicados presentaron como antecedente com\u00fan el consumo de carne y derivados provenientes de una misma carnicer\u00eda (un var\u00f3n de 48 a\u00f1os, fallecido, y otro de 40 a\u00f1os). En tanto, en los otros dos casos no se identific\u00f3 una fuente com\u00fan alimentaria.<\/p>\n<p>En la carnicer\u00eda identificada se realiz\u00f3 el decomiso de alimentos (carne picada y preparaci\u00f3n para milanesas), as\u00ed como en el transporte distribuidor (achuras).<\/p>\n<p>El Instituto Nacional de Alimentos (INAL) de la Administraci\u00f3n Nacional de Medicamentos, Alimentos y Tecnolog\u00eda M\u00e9dica (ANMAT) realiz\u00f3 el an\u00e1lisis de las muestras, informando la ausencia de Salmonella y Escherichia Coli, explicaron desde la cartera sanitaria.<\/p>\n<p>Fuente Telam<\/p>\n","protected":false},"excerpt":{"rendered":"<p>La Justicia allan\u00f3 hoy el frigor\u00edfico SUBGPA, de Berazategui, en el marco de la causa que investiga los casos de intoxicaci\u00f3n por Shigella, Salmonella y Leptospirosis que dejaron dos muertos y varias personas afectadas.<\/p>\n","protected":false},"author":3,"featured_media":83791,"comment_status":"closed","ping_status":"closed","sticky":false,"template":"","format":"standard","meta":{"footnotes":""},"categories":[29,24,30],"tags":[],"class_list":["post-83790","post","type-post","status-publish","format-standard","has-post-thumbnail","hentry","category-policiales","category-politica","category-salud"],"yoast_head":"<!-- This site is optimized with the Yoast SEO plugin v25.9 - https:\/\/yoast.com\/wordpress\/plugins\/seo\/ -->\n<title>Allanan frigor\u00edficos de Berazategui por las muertes por consumo de carne contaminada - Noticias Radio Reflejos<\/title>\n<meta name=\"robots\" content=\"index, follow, max-snippet:-1, max-image-preview:large, max-video-preview:-1\" \/>\n<link rel=\"canonical\" href=\"https:\/\/www.noticiasradioreflejos.com.ar\/2021\/allanan-frigorificos-de-berazategui-por-las-muertes-por-consumo-de-carne-contaminada\/\" \/>\n<meta property=\"og:locale\" content=\"es_ES\" \/>\n<meta property=\"og:type\" content=\"article\" \/>\n<meta property=\"og:title\" content=\"Allanan frigor\u00edficos de Berazategui por las muertes por consumo de carne contaminada - Noticias Radio Reflejos\" \/>\n<meta property=\"og:description\" content=\"La Justicia allan\u00f3 hoy el frigor\u00edfico SUBGPA, de Berazategui, en el marco de la causa que investiga los casos de intoxicaci\u00f3n por Shigella, Salmonella y Leptospirosis que dejaron dos muertos y varias personas afectadas.\" \/>\n<meta property=\"og:url\" content=\"https:\/\/www.noticiasradioreflejos.com.ar\/2021\/allanan-frigorificos-de-berazategui-por-las-muertes-por-consumo-de-carne-contaminada\/\" \/>\n<meta property=\"og:site_name\" content=\"Noticias Radio Reflejos\" \/>\n<meta property=\"article:published_time\" content=\"2023-02-08T17:30:42+00:00\" \/>\n<meta property=\"og:image\" content=\"https:\/\/www.noticiasradioreflejos.com.ar\/2021\/wp-content\/uploads\/2023\/02\/frigorifico.jpg\" \/>\n\t<meta property=\"og:image:width\" content=\"1200\" \/>\n\t<meta property=\"og:image:height\" content=\"800\" \/>\n\t<meta property=\"og:image:type\" content=\"image\/jpeg\" \/>\n<meta name=\"author\" content=\"Arnaldo Botto\" \/>\n<meta name=\"twitter:card\" content=\"summary_large_image\" \/>\n<script type=\"application\/ld+json\" class=\"yoast-schema-graph\">{\"@context\":\"https:\/\/schema.org\",\"@graph\":[{\"@type\":\"WebPage\",\"@id\":\"https:\/\/www.noticiasradioreflejos.com.ar\/2021\/allanan-frigorificos-de-berazategui-por-las-muertes-por-consumo-de-carne-contaminada\/\",\"url\":\"https:\/\/www.noticiasradioreflejos.com.ar\/2021\/allanan-frigorificos-de-berazategui-por-las-muertes-por-consumo-de-carne-contaminada\/\",\"name\":\"Allanan frigor\u00edficos de Berazategui por las muertes por consumo de carne contaminada - Noticias Radio Reflejos\",\"isPartOf\":{\"@id\":\"https:\/\/www.noticiasradioreflejos.com.ar\/2021\/#website\"},\"primaryImageOfPage\":{\"@id\":\"https:\/\/www.noticiasradioreflejos.com.ar\/2021\/allanan-frigorificos-de-berazategui-por-las-muertes-por-consumo-de-carne-contaminada\/#primaryimage\"},\"image\":{\"@id\":\"https:\/\/www.noticiasradioreflejos.com.ar\/2021\/allanan-frigorificos-de-berazategui-por-las-muertes-por-consumo-de-carne-contaminada\/#primaryimage\"},\"thumbnailUrl\":\"https:\/\/www.noticiasradioreflejos.com.ar\/2021\/wp-content\/uploads\/2023\/02\/frigorifico.jpg\",\"datePublished\":\"2023-02-08T17:30:42+00:00\",\"author\":{\"@id\":\"https:\/\/www.noticiasradioreflejos.com.ar\/2021\/#\/schema\/person\/ad82545263dcc5ec0996818884fd5fb1\"},\"breadcrumb\":{\"@id\":\"https:\/\/www.noticiasradioreflejos.com.ar\/2021\/allanan-frigorificos-de-berazategui-por-las-muertes-por-consumo-de-carne-contaminada\/#breadcrumb\"},\"inLanguage\":\"es\",\"potentialAction\":[{\"@type\":\"ReadAction\",\"target\":[\"https:\/\/www.noticiasradioreflejos.com.ar\/2021\/allanan-frigorificos-de-berazategui-por-las-muertes-por-consumo-de-carne-contaminada\/\"]}]},{\"@type\":\"ImageObject\",\"inLanguage\":\"es\",\"@id\":\"https:\/\/www.noticiasradioreflejos.com.ar\/2021\/allanan-frigorificos-de-berazategui-por-las-muertes-por-consumo-de-carne-contaminada\/#primaryimage\",\"url\":\"https:\/\/www.noticiasradioreflejos.com.ar\/2021\/wp-content\/uploads\/2023\/02\/frigorifico.jpg\",\"contentUrl\":\"https:\/\/www.noticiasradioreflejos.com.ar\/2021\/wp-content\/uploads\/2023\/02\/frigorifico.jpg\",\"width\":1200,\"height\":800},{\"@type\":\"BreadcrumbList\",\"@id\":\"https:\/\/www.noticiasradioreflejos.com.ar\/2021\/allanan-frigorificos-de-berazategui-por-las-muertes-por-consumo-de-carne-contaminada\/#breadcrumb\",\"itemListElement\":[{\"@type\":\"ListItem\",\"position\":1,\"name\":\"Portada\",\"item\":\"https:\/\/www.noticiasradioreflejos.com.ar\/2021\/\"},{\"@type\":\"ListItem\",\"position\":2,\"name\":\"Allanan frigor\u00edficos de Berazategui por las muertes por consumo de carne contaminada\"}]},{\"@type\":\"WebSite\",\"@id\":\"https:\/\/www.noticiasradioreflejos.com.ar\/2021\/#website\",\"url\":\"https:\/\/www.noticiasradioreflejos.com.ar\/2021\/\",\"name\":\"Noticias Radio Reflejos\",\"description\":\"Las noticias de mi comarca\",\"potentialAction\":[{\"@type\":\"SearchAction\",\"target\":{\"@type\":\"EntryPoint\",\"urlTemplate\":\"https:\/\/www.noticiasradioreflejos.com.ar\/2021\/?s={search_term_string}\"},\"query-input\":{\"@type\":\"PropertyValueSpecification\",\"valueRequired\":true,\"valueName\":\"search_term_string\"}}],\"inLanguage\":\"es\"},{\"@type\":\"Person\",\"@id\":\"https:\/\/www.noticiasradioreflejos.com.ar\/2021\/#\/schema\/person\/ad82545263dcc5ec0996818884fd5fb1\",\"name\":\"Arnaldo Botto\",\"image\":{\"@type\":\"ImageObject\",\"inLanguage\":\"es\",\"@id\":\"https:\/\/www.noticiasradioreflejos.com.ar\/2021\/#\/schema\/person\/image\/\",\"url\":\"https:\/\/secure.gravatar.com\/avatar\/55cb5e37c1efa326397366e6974cb338056df65cb50e7d64d1cf314e87504837?s=96&d=mm&r=g\",\"contentUrl\":\"https:\/\/secure.gravatar.com\/avatar\/55cb5e37c1efa326397366e6974cb338056df65cb50e7d64d1cf314e87504837?s=96&d=mm&r=g\",\"caption\":\"Arnaldo Botto\"},\"url\":\"https:\/\/www.noticiasradioreflejos.com.ar\/2021\/author\/arnaldo\/\"}]}<\/script>\n<!-- \/ Yoast SEO plugin. -->","yoast_head_json":{"title":"Allanan frigor\u00edficos de Berazategui por las muertes por consumo de carne contaminada - Noticias Radio Reflejos","robots":{"index":"index","follow":"follow","max-snippet":"max-snippet:-1","max-image-preview":"max-image-preview:large","max-video-preview":"max-video-preview:-1"},"canonical":"https:\/\/www.noticiasradioreflejos.com.ar\/2021\/allanan-frigorificos-de-berazategui-por-las-muertes-por-consumo-de-carne-contaminada\/","og_locale":"es_ES","og_type":"article","og_title":"Allanan frigor\u00edficos de Berazategui por las muertes por consumo de carne contaminada - Noticias Radio Reflejos","og_description":"La Justicia allan\u00f3 hoy el frigor\u00edfico SUBGPA, de Berazategui, en el marco de la causa que investiga los casos de intoxicaci\u00f3n por Shigella, Salmonella y Leptospirosis que dejaron dos muertos y varias personas afectadas.","og_url":"https:\/\/www.noticiasradioreflejos.com.ar\/2021\/allanan-frigorificos-de-berazategui-por-las-muertes-por-consumo-de-carne-contaminada\/","og_site_name":"Noticias Radio Reflejos","article_published_time":"2023-02-08T17:30:42+00:00","og_image":[{"width":1200,"height":800,"url":"https:\/\/www.noticiasradioreflejos.com.ar\/2021\/wp-content\/uploads\/2023\/02\/frigorifico.jpg","type":"image\/jpeg"}],"author":"Arnaldo Botto","twitter_card":"summary_large_image","schema":{"@context":"https:\/\/schema.org","@graph":[{"@type":"WebPage","@id":"https:\/\/www.noticiasradioreflejos.com.ar\/2021\/allanan-frigorificos-de-berazategui-por-las-muertes-por-consumo-de-carne-contaminada\/","url":"https:\/\/www.noticiasradioreflejos.com.ar\/2021\/allanan-frigorificos-de-berazategui-por-las-muertes-por-consumo-de-carne-contaminada\/","name":"Allanan frigor\u00edficos de Berazategui por las muertes por consumo de carne contaminada - Noticias Radio Reflejos","isPartOf":{"@id":"https:\/\/www.noticiasradioreflejos.com.ar\/2021\/#website"},"primaryImageOfPage":{"@id":"https:\/\/www.noticiasradioreflejos.com.ar\/2021\/allanan-frigorificos-de-berazategui-por-las-muertes-por-consumo-de-carne-contaminada\/#primaryimage"},"image":{"@id":"https:\/\/www.noticiasradioreflejos.com.ar\/2021\/allanan-frigorificos-de-berazategui-por-las-muertes-por-consumo-de-carne-contaminada\/#primaryimage"},"thumbnailUrl":"https:\/\/www.noticiasradioreflejos.com.ar\/2021\/wp-content\/uploads\/2023\/02\/frigorifico.jpg","datePublished":"2023-02-08T17:30:42+00:00","author":{"@id":"https:\/\/www.noticiasradioreflejos.com.ar\/2021\/#\/schema\/person\/ad82545263dcc5ec0996818884fd5fb1"},"breadcrumb":{"@id":"https:\/\/www.noticiasradioreflejos.com.ar\/2021\/allanan-frigorificos-de-berazategui-por-las-muertes-por-consumo-de-carne-contaminada\/#breadcrumb"},"inLanguage":"es","potentialAction":[{"@type":"ReadAction","target":["https:\/\/www.noticiasradioreflejos.com.ar\/2021\/allanan-frigorificos-de-berazategui-por-las-muertes-por-consumo-de-carne-contaminada\/"]}]},{"@type":"ImageObject","inLanguage":"es","@id":"https:\/\/www.noticiasradioreflejos.com.ar\/2021\/allanan-frigorificos-de-berazategui-por-las-muertes-por-consumo-de-carne-contaminada\/#primaryimage","url":"https:\/\/www.noticiasradioreflejos.com.ar\/2021\/wp-content\/uploads\/2023\/02\/frigorifico.jpg","contentUrl":"https:\/\/www.noticiasradioreflejos.com.ar\/2021\/wp-content\/uploads\/2023\/02\/frigorifico.jpg","width":1200,"height":800},{"@type":"BreadcrumbList","@id":"https:\/\/www.noticiasradioreflejos.com.ar\/2021\/allanan-frigorificos-de-berazategui-por-las-muertes-por-consumo-de-carne-contaminada\/#breadcrumb","itemListElement":[{"@type":"ListItem","position":1,"name":"Portada","item":"https:\/\/www.noticiasradioreflejos.com.ar\/2021\/"},{"@type":"ListItem","position":2,"name":"Allanan frigor\u00edficos de Berazategui por las muertes por consumo de carne contaminada"}]},{"@type":"WebSite","@id":"https:\/\/www.noticiasradioreflejos.com.ar\/2021\/#website","url":"https:\/\/www.noticiasradioreflejos.com.ar\/2021\/","name":"Noticias Radio Reflejos","description":"Las noticias de mi comarca","potentialAction":[{"@type":"SearchAction","target":{"@type":"EntryPoint","urlTemplate":"https:\/\/www.noticiasradioreflejos.com.ar\/2021\/?s={search_term_string}"},"query-input":{"@type":"PropertyValueSpecification","valueRequired":true,"valueName":"search_term_string"}}],"inLanguage":"es"},{"@type":"Person","@id":"https:\/\/www.noticiasradioreflejos.com.ar\/2021\/#\/schema\/person\/ad82545263dcc5ec0996818884fd5fb1","name":"Arnaldo Botto","image":{"@type":"ImageObject","inLanguage":"es","@id":"https:\/\/www.noticiasradioreflejos.com.ar\/2021\/#\/schema\/person\/image\/","url":"https:\/\/secure.gravatar.com\/avatar\/55cb5e37c1efa326397366e6974cb338056df65cb50e7d64d1cf314e87504837?s=96&d=mm&r=g","contentUrl":"https:\/\/secure.gravatar.com\/avatar\/55cb5e37c1efa326397366e6974cb338056df65cb50e7d64d1cf314e87504837?s=96&d=mm&r=g","caption":"Arnaldo Botto"},"url":"https:\/\/www.noticiasradioreflejos.com.ar\/2021\/author\/arnaldo\/"}]}},"_links":{"self":[{"href":"https:\/\/www.noticiasradioreflejos.com.ar\/2021\/wp-json\/wp\/v2\/posts\/83790","targetHints":{"allow":["GET"]}}],"collection":[{"href":"https:\/\/www.noticiasradioreflejos.com.ar\/2021\/wp-json\/wp\/v2\/posts"}],"about":[{"href":"https:\/\/www.noticiasradioreflejos.com.ar\/2021\/wp-json\/wp\/v2\/types\/post"}],"author":[{"embeddable":true,"href":"https:\/\/www.noticiasradioreflejos.com.ar\/2021\/wp-json\/wp\/v2\/users\/3"}],"replies":[{"embeddable":true,"href":"https:\/\/www.noticiasradioreflejos.com.ar\/2021\/wp-json\/wp\/v2\/comments?post=83790"}],"version-history":[{"count":1,"href":"https:\/\/www.noticiasradioreflejos.com.ar\/2021\/wp-json\/wp\/v2\/posts\/83790\/revisions"}],"predecessor-version":[{"id":83792,"href":"https:\/\/www.noticiasradioreflejos.com.ar\/2021\/wp-json\/wp\/v2\/posts\/83790\/revisions\/83792"}],"wp:featuredmedia":[{"embeddable":true,"href":"https:\/\/www.noticiasradioreflejos.com.ar\/2021\/wp-json\/wp\/v2\/media\/83791"}],"wp:attachment":[{"href":"https:\/\/www.noticiasradioreflejos.com.ar\/2021\/wp-json\/wp\/v2\/media?parent=83790"}],"wp:term":[{"taxonomy":"category","embeddable":true,"href":"https:\/\/www.noticiasradioreflejos.com.ar\/2021\/wp-json\/wp\/v2\/categories?post=83790"},{"taxonomy":"post_tag","embeddable":true,"href":"https:\/\/www.noticiasradioreflejos.com.ar\/2021\/wp-json\/wp\/v2\/tags?post=83790"}],"curies":[{"name":"wp","href":"https:\/\/api.w.org\/{rel}","templated":true}]}}