{"id":83775,"date":"2023-02-08T12:13:18","date_gmt":"2023-02-08T12:13:18","guid":{"rendered":"https:\/\/www.noticiasradioreflejos.com.ar\/2021\/?p=83775"},"modified":"2023-02-08T12:13:18","modified_gmt":"2023-02-08T12:13:18","slug":"mas-de-la-mitad-del-pais-bajo-alerta-por-calor-y-rige-nivel-naranja-en-mendoza-y-neuquen","status":"publish","type":"post","link":"https:\/\/www.noticiasradioreflejos.com.ar\/2021\/mas-de-la-mitad-del-pais-bajo-alerta-por-calor-y-rige-nivel-naranja-en-mendoza-y-neuquen\/","title":{"rendered":"M\u00e1s de la mitad del pa\u00eds bajo alerta por calor y rige nivel naranja en Mendoza y Neuqu\u00e9n"},"content":{"rendered":"<p>Gran parte del pa\u00eds continuaba hoy con otra jornada de calor agobiante con m\u00e1ximas pronosticadas que pueden llegar a los 39 grados en algunos casos, por lo que el Servicio Meteorol\u00f3gico Nacional (SMN) mantiene la alerta amarilla por altas temperaturas para localidades de 16 provincias y la ciudad de Buenos Aires y emiti\u00f3 otra advertencia de nivel naranja para sectores de Mendoza y Neuqu\u00e9n.<!--more--><\/p>\n<p>Tambi\u00e9n, el organismo lanz\u00f3 una alerta amarilla por tormentas que pueden ser localmente fuertes para el oeste de Jujuy y de Salta, el sur de La Rioja, el norte y centro de San Luis y un sector del oeste de C\u00f3rdoba.<\/p>\n<p>A su vez, emiti\u00f3 una advertencia por lluvias de variada intensidad para el centro y sur de la cordillera de Santa Cruz, y otra por vientos con r\u00e1fagas que pueden superar los 90 kil\u00f3metros por hora para las mesetas de Lago Buenos Aires y de R\u00edo Chico, tambi\u00e9n en Santa Cruz.<\/p>\n<p>La alerta naranja por temperaturas extremas rige para la mayor parte de la provincia de Mendoza, con excepci\u00f3n de la zona noroeste, y para el centro y noroeste de Neuqu\u00e9n, donde se prev\u00e9n temperaturas cercanas a los 36 grados.<\/p>\n<p>Este tipo de alerta implica un \u00abefecto moderado a alto en la salud\u00bb y las temperaturas pueden ser \u00abmuy peligrosas, especialmente para los grupos de riesgo\u00bb, precis\u00f3 el SMN.<\/p>\n<p>Por su parte, la alerta amarilla abarca la totalidad de las provincias de Tucum\u00e1n, La Rioja, San Juan y Santa Fe.<\/p>\n<p>En Buenos Aires, esta alerta se extiende a gran parte de la provincia, incluida el \u00e1rea metropolitana, que comprende el conurbano bonaerense y tambi\u00e9n a la Ciudad Aut\u00f3noma de Buenos Aires, que puede alcanzar los 35 grados.<\/p>\n<p>El nivel amarillo, que puede tener un \u00abefecto leve a moderado en la salud\u00bb, tambi\u00e9n comprende a gran parte de la zona oeste de Entre R\u00edos y Corrientes.<\/p>\n<p>En Misiones, la advertencia se extiende a la zona centro y sur de la provincia con temperaturas m\u00e1ximas para esta tarde en torno a los 37 grados.<\/p>\n<p>Hacia el centro del pa\u00eds, la alerta amarilla incluye al hacia el centro y sureste de Santiago del Estero, con marcas t\u00e9rmicas que podr\u00edan alcanzar los 39 grados en algunas localidades como Salavina.<\/p>\n<p>En C\u00f3rdoba la misma advertencia rige para gran parte del centro y norte de la provincia, que puede alcanzar los 36 grados, mientras que en San Luis se ve afectada la zona norte y sur.<\/p>\n<p>En tanto, en La Pampa la alerta comprende al norte y oeste de la provincia, al tiempo que en Mendoza afecta al noroeste de la provincia con temperaturas cercanas a los 36 grados.<\/p>\n<p>La alerta amarilla tambi\u00e9n se extiende hacia la Patagonia, en la zona noreste de Neuqu\u00e9n; el noroeste de R\u00edo Negro; y las zonas cordilleranas y mesetas ubicadas al oeste de Santa Cruz<\/p>\n<p>Para estas zonas afectadas por el calor intenso, el organismo meteorol\u00f3gico recomend\u00f3 a la poblaci\u00f3n mantenerse hidratada, no exponerse a las altas temperaturas, evitar realizar actividad f\u00edsica, y usar ropa liviana y de colores claros.<\/p>\n<p>Tambi\u00e9n pidi\u00f3 evitar las bebidas con cafe\u00edna, con alcohol o muy azucaradas, ingerir verduras y frutas, evitar comidas muy abundantes y prestar atenci\u00f3n a los beb\u00e9s, ni\u00f1os, ni\u00f1as y a las personas mayores.<\/p>\n","protected":false},"excerpt":{"rendered":"<p>Gran parte del pa\u00eds continuaba hoy con otra jornada de calor agobiante con m\u00e1ximas pronosticadas que pueden llegar a los 39 grados en algunos casos, por lo que el Servicio Meteorol\u00f3gico Nacional (SMN) mantiene la alerta amarilla por altas temperaturas para localidades de 16 provincias y la ciudad de Buenos Aires y emiti\u00f3 otra advertencia [&hellip;]<\/p>\n","protected":false},"author":3,"featured_media":0,"comment_status":"closed","ping_status":"closed","sticky":false,"template":"","format":"standard","meta":{"footnotes":""},"categories":[46],"tags":[],"class_list":["post-83775","post","type-post","status-publish","format-standard","hentry","category-ciencia-y-tecnologia"],"yoast_head":"<!-- This site is optimized with the Yoast SEO plugin v25.9 - https:\/\/yoast.com\/wordpress\/plugins\/seo\/ -->\n<title>M\u00e1s de la mitad del pa\u00eds bajo alerta por calor y rige nivel naranja en Mendoza y Neuqu\u00e9n - Noticias Radio Reflejos<\/title>\n<meta name=\"robots\" content=\"index, follow, max-snippet:-1, max-image-preview:large, max-video-preview:-1\" \/>\n<link rel=\"canonical\" href=\"https:\/\/www.noticiasradioreflejos.com.ar\/2021\/mas-de-la-mitad-del-pais-bajo-alerta-por-calor-y-rige-nivel-naranja-en-mendoza-y-neuquen\/\" \/>\n<meta property=\"og:locale\" content=\"es_ES\" \/>\n<meta property=\"og:type\" content=\"article\" \/>\n<meta property=\"og:title\" content=\"M\u00e1s de la mitad del pa\u00eds bajo alerta por calor y rige nivel naranja en Mendoza y Neuqu\u00e9n - Noticias Radio Reflejos\" \/>\n<meta property=\"og:description\" content=\"Gran parte del pa\u00eds continuaba hoy con otra jornada de calor agobiante con m\u00e1ximas pronosticadas que pueden llegar a los 39 grados en algunos casos, por lo que el Servicio Meteorol\u00f3gico Nacional (SMN) mantiene la alerta amarilla por altas temperaturas para localidades de 16 provincias y la ciudad de Buenos Aires y emiti\u00f3 otra advertencia [&hellip;]\" \/>\n<meta property=\"og:url\" content=\"https:\/\/www.noticiasradioreflejos.com.ar\/2021\/mas-de-la-mitad-del-pais-bajo-alerta-por-calor-y-rige-nivel-naranja-en-mendoza-y-neuquen\/\" \/>\n<meta property=\"og:site_name\" content=\"Noticias Radio Reflejos\" \/>\n<meta property=\"article:published_time\" content=\"2023-02-08T12:13:18+00:00\" \/>\n<meta property=\"og:image\" content=\"https:\/\/www.noticiasradioreflejos.com.ar\/2021\/wp-content\/uploads\/2022\/12\/Olas-de-calor-en-Argentina.jpg\" \/>\n\t<meta property=\"og:image:width\" content=\"1600\" \/>\n\t<meta property=\"og:image:height\" content=\"1200\" \/>\n\t<meta property=\"og:image:type\" content=\"image\/jpeg\" \/>\n<meta name=\"author\" content=\"Arnaldo Botto\" \/>\n<meta name=\"twitter:card\" content=\"summary_large_image\" \/>\n<script type=\"application\/ld+json\" class=\"yoast-schema-graph\">{\"@context\":\"https:\/\/schema.org\",\"@graph\":[{\"@type\":\"WebPage\",\"@id\":\"https:\/\/www.noticiasradioreflejos.com.ar\/2021\/mas-de-la-mitad-del-pais-bajo-alerta-por-calor-y-rige-nivel-naranja-en-mendoza-y-neuquen\/\",\"url\":\"https:\/\/www.noticiasradioreflejos.com.ar\/2021\/mas-de-la-mitad-del-pais-bajo-alerta-por-calor-y-rige-nivel-naranja-en-mendoza-y-neuquen\/\",\"name\":\"M\u00e1s de la mitad del pa\u00eds bajo alerta por calor y rige nivel naranja en Mendoza y Neuqu\u00e9n - Noticias Radio Reflejos\",\"isPartOf\":{\"@id\":\"https:\/\/www.noticiasradioreflejos.com.ar\/2021\/#website\"},\"datePublished\":\"2023-02-08T12:13:18+00:00\",\"author\":{\"@id\":\"https:\/\/www.noticiasradioreflejos.com.ar\/2021\/#\/schema\/person\/ad82545263dcc5ec0996818884fd5fb1\"},\"breadcrumb\":{\"@id\":\"https:\/\/www.noticiasradioreflejos.com.ar\/2021\/mas-de-la-mitad-del-pais-bajo-alerta-por-calor-y-rige-nivel-naranja-en-mendoza-y-neuquen\/#breadcrumb\"},\"inLanguage\":\"es\",\"potentialAction\":[{\"@type\":\"ReadAction\",\"target\":[\"https:\/\/www.noticiasradioreflejos.com.ar\/2021\/mas-de-la-mitad-del-pais-bajo-alerta-por-calor-y-rige-nivel-naranja-en-mendoza-y-neuquen\/\"]}]},{\"@type\":\"BreadcrumbList\",\"@id\":\"https:\/\/www.noticiasradioreflejos.com.ar\/2021\/mas-de-la-mitad-del-pais-bajo-alerta-por-calor-y-rige-nivel-naranja-en-mendoza-y-neuquen\/#breadcrumb\",\"itemListElement\":[{\"@type\":\"ListItem\",\"position\":1,\"name\":\"Portada\",\"item\":\"https:\/\/www.noticiasradioreflejos.com.ar\/2021\/\"},{\"@type\":\"ListItem\",\"position\":2,\"name\":\"M\u00e1s de la mitad del pa\u00eds bajo alerta por calor y rige nivel naranja en Mendoza y Neuqu\u00e9n\"}]},{\"@type\":\"WebSite\",\"@id\":\"https:\/\/www.noticiasradioreflejos.com.ar\/2021\/#website\",\"url\":\"https:\/\/www.noticiasradioreflejos.com.ar\/2021\/\",\"name\":\"Noticias Radio Reflejos\",\"description\":\"Las noticias de mi comarca\",\"potentialAction\":[{\"@type\":\"SearchAction\",\"target\":{\"@type\":\"EntryPoint\",\"urlTemplate\":\"https:\/\/www.noticiasradioreflejos.com.ar\/2021\/?s={search_term_string}\"},\"query-input\":{\"@type\":\"PropertyValueSpecification\",\"valueRequired\":true,\"valueName\":\"search_term_string\"}}],\"inLanguage\":\"es\"},{\"@type\":\"Person\",\"@id\":\"https:\/\/www.noticiasradioreflejos.com.ar\/2021\/#\/schema\/person\/ad82545263dcc5ec0996818884fd5fb1\",\"name\":\"Arnaldo Botto\",\"image\":{\"@type\":\"ImageObject\",\"inLanguage\":\"es\",\"@id\":\"https:\/\/www.noticiasradioreflejos.com.ar\/2021\/#\/schema\/person\/image\/\",\"url\":\"https:\/\/secure.gravatar.com\/avatar\/55cb5e37c1efa326397366e6974cb338056df65cb50e7d64d1cf314e87504837?s=96&d=mm&r=g\",\"contentUrl\":\"https:\/\/secure.gravatar.com\/avatar\/55cb5e37c1efa326397366e6974cb338056df65cb50e7d64d1cf314e87504837?s=96&d=mm&r=g\",\"caption\":\"Arnaldo Botto\"},\"url\":\"https:\/\/www.noticiasradioreflejos.com.ar\/2021\/author\/arnaldo\/\"}]}<\/script>\n<!-- \/ Yoast SEO plugin. -->","yoast_head_json":{"title":"M\u00e1s de la mitad del pa\u00eds bajo alerta por calor y rige nivel naranja en Mendoza y Neuqu\u00e9n - Noticias Radio Reflejos","robots":{"index":"index","follow":"follow","max-snippet":"max-snippet:-1","max-image-preview":"max-image-preview:large","max-video-preview":"max-video-preview:-1"},"canonical":"https:\/\/www.noticiasradioreflejos.com.ar\/2021\/mas-de-la-mitad-del-pais-bajo-alerta-por-calor-y-rige-nivel-naranja-en-mendoza-y-neuquen\/","og_locale":"es_ES","og_type":"article","og_title":"M\u00e1s de la mitad del pa\u00eds bajo alerta por calor y rige nivel naranja en Mendoza y Neuqu\u00e9n - Noticias Radio Reflejos","og_description":"Gran parte del pa\u00eds continuaba hoy con otra jornada de calor agobiante con m\u00e1ximas pronosticadas que pueden llegar a los 39 grados en algunos casos, por lo que el Servicio Meteorol\u00f3gico Nacional (SMN) mantiene la alerta amarilla por altas temperaturas para localidades de 16 provincias y la ciudad de Buenos Aires y emiti\u00f3 otra advertencia [&hellip;]","og_url":"https:\/\/www.noticiasradioreflejos.com.ar\/2021\/mas-de-la-mitad-del-pais-bajo-alerta-por-calor-y-rige-nivel-naranja-en-mendoza-y-neuquen\/","og_site_name":"Noticias Radio Reflejos","article_published_time":"2023-02-08T12:13:18+00:00","og_image":[{"width":1600,"height":1200,"url":"https:\/\/www.noticiasradioreflejos.com.ar\/2021\/wp-content\/uploads\/2022\/12\/Olas-de-calor-en-Argentina.jpg","type":"image\/jpeg"}],"author":"Arnaldo Botto","twitter_card":"summary_large_image","schema":{"@context":"https:\/\/schema.org","@graph":[{"@type":"WebPage","@id":"https:\/\/www.noticiasradioreflejos.com.ar\/2021\/mas-de-la-mitad-del-pais-bajo-alerta-por-calor-y-rige-nivel-naranja-en-mendoza-y-neuquen\/","url":"https:\/\/www.noticiasradioreflejos.com.ar\/2021\/mas-de-la-mitad-del-pais-bajo-alerta-por-calor-y-rige-nivel-naranja-en-mendoza-y-neuquen\/","name":"M\u00e1s de la mitad del pa\u00eds bajo alerta por calor y rige nivel naranja en Mendoza y Neuqu\u00e9n - Noticias Radio Reflejos","isPartOf":{"@id":"https:\/\/www.noticiasradioreflejos.com.ar\/2021\/#website"},"datePublished":"2023-02-08T12:13:18+00:00","author":{"@id":"https:\/\/www.noticiasradioreflejos.com.ar\/2021\/#\/schema\/person\/ad82545263dcc5ec0996818884fd5fb1"},"breadcrumb":{"@id":"https:\/\/www.noticiasradioreflejos.com.ar\/2021\/mas-de-la-mitad-del-pais-bajo-alerta-por-calor-y-rige-nivel-naranja-en-mendoza-y-neuquen\/#breadcrumb"},"inLanguage":"es","potentialAction":[{"@type":"ReadAction","target":["https:\/\/www.noticiasradioreflejos.com.ar\/2021\/mas-de-la-mitad-del-pais-bajo-alerta-por-calor-y-rige-nivel-naranja-en-mendoza-y-neuquen\/"]}]},{"@type":"BreadcrumbList","@id":"https:\/\/www.noticiasradioreflejos.com.ar\/2021\/mas-de-la-mitad-del-pais-bajo-alerta-por-calor-y-rige-nivel-naranja-en-mendoza-y-neuquen\/#breadcrumb","itemListElement":[{"@type":"ListItem","position":1,"name":"Portada","item":"https:\/\/www.noticiasradioreflejos.com.ar\/2021\/"},{"@type":"ListItem","position":2,"name":"M\u00e1s de la mitad del pa\u00eds bajo alerta por calor y rige nivel naranja en Mendoza y Neuqu\u00e9n"}]},{"@type":"WebSite","@id":"https:\/\/www.noticiasradioreflejos.com.ar\/2021\/#website","url":"https:\/\/www.noticiasradioreflejos.com.ar\/2021\/","name":"Noticias Radio Reflejos","description":"Las noticias de mi comarca","potentialAction":[{"@type":"SearchAction","target":{"@type":"EntryPoint","urlTemplate":"https:\/\/www.noticiasradioreflejos.com.ar\/2021\/?s={search_term_string}"},"query-input":{"@type":"PropertyValueSpecification","valueRequired":true,"valueName":"search_term_string"}}],"inLanguage":"es"},{"@type":"Person","@id":"https:\/\/www.noticiasradioreflejos.com.ar\/2021\/#\/schema\/person\/ad82545263dcc5ec0996818884fd5fb1","name":"Arnaldo Botto","image":{"@type":"ImageObject","inLanguage":"es","@id":"https:\/\/www.noticiasradioreflejos.com.ar\/2021\/#\/schema\/person\/image\/","url":"https:\/\/secure.gravatar.com\/avatar\/55cb5e37c1efa326397366e6974cb338056df65cb50e7d64d1cf314e87504837?s=96&d=mm&r=g","contentUrl":"https:\/\/secure.gravatar.com\/avatar\/55cb5e37c1efa326397366e6974cb338056df65cb50e7d64d1cf314e87504837?s=96&d=mm&r=g","caption":"Arnaldo Botto"},"url":"https:\/\/www.noticiasradioreflejos.com.ar\/2021\/author\/arnaldo\/"}]}},"_links":{"self":[{"href":"https:\/\/www.noticiasradioreflejos.com.ar\/2021\/wp-json\/wp\/v2\/posts\/83775","targetHints":{"allow":["GET"]}}],"collection":[{"href":"https:\/\/www.noticiasradioreflejos.com.ar\/2021\/wp-json\/wp\/v2\/posts"}],"about":[{"href":"https:\/\/www.noticiasradioreflejos.com.ar\/2021\/wp-json\/wp\/v2\/types\/post"}],"author":[{"embeddable":true,"href":"https:\/\/www.noticiasradioreflejos.com.ar\/2021\/wp-json\/wp\/v2\/users\/3"}],"replies":[{"embeddable":true,"href":"https:\/\/www.noticiasradioreflejos.com.ar\/2021\/wp-json\/wp\/v2\/comments?post=83775"}],"version-history":[{"count":1,"href":"https:\/\/www.noticiasradioreflejos.com.ar\/2021\/wp-json\/wp\/v2\/posts\/83775\/revisions"}],"predecessor-version":[{"id":83776,"href":"https:\/\/www.noticiasradioreflejos.com.ar\/2021\/wp-json\/wp\/v2\/posts\/83775\/revisions\/83776"}],"wp:attachment":[{"href":"https:\/\/www.noticiasradioreflejos.com.ar\/2021\/wp-json\/wp\/v2\/media?parent=83775"}],"wp:term":[{"taxonomy":"category","embeddable":true,"href":"https:\/\/www.noticiasradioreflejos.com.ar\/2021\/wp-json\/wp\/v2\/categories?post=83775"},{"taxonomy":"post_tag","embeddable":true,"href":"https:\/\/www.noticiasradioreflejos.com.ar\/2021\/wp-json\/wp\/v2\/tags?post=83775"}],"curies":[{"name":"wp","href":"https:\/\/api.w.org\/{rel}","templated":true}]}}