{"id":83756,"date":"2023-02-08T11:17:43","date_gmt":"2023-02-08T11:17:43","guid":{"rendered":"https:\/\/www.noticiasradioreflejos.com.ar\/2021\/?p=83756"},"modified":"2023-02-08T11:17:43","modified_gmt":"2023-02-08T11:17:43","slug":"se-aprobo-la-licencia-del-intendente-sergio-bordoni-que-sera-reemplazado-por-belen-ladigan","status":"publish","type":"post","link":"https:\/\/www.noticiasradioreflejos.com.ar\/2021\/se-aprobo-la-licencia-del-intendente-sergio-bordoni-que-sera-reemplazado-por-belen-ladigan\/","title":{"rendered":"Se aprob\u00f3 la licencia del Intendente Sergio Bordoni que ser\u00e1 reemplazado por Bel\u00e9n Ladigan"},"content":{"rendered":"<div class=\"hnoti\">El Concejo deliberante lo trat\u00f3 este martes. El Jefe comunal se tomar\u00e1 10 d\u00edas de vacaciones desde el 10 de febrero. Corresponden a 2018.<\/div>\n<p><!--more--><\/p>\n<div class=\"text\">\n<p>Este martes por la noche en sesi\u00f3n extraordinaria, el honorable concejo deliberante aprob\u00f3 por unanimidad la solicitud de licencia que corresponde al a\u00f1o 2018 del Intendente Municipal Sergio Bordoni que estar\u00e1 ausente entre el 10 y el 20 de febrero.<\/p>\n<p>Los concejales que aprobaron el pedido fueron del Bloque Acci\u00f3n por Tornquist, Viviana Montibeller(Sierra de la Ventana), por el Frente de Todos Claudio iribarren(Sierra de la Ventana), Rocio Vazquez(Saldungaray), Sof\u00eda Ugarte(Saldungaray) reemplaz\u00f3 a Marcela Gimenez y Leandro Guerrero(Tornquist).<\/p>\n<p>Por el Bloque juntos, Sandra Kifer(Sierra de la Ventana), Luis Castro(Sierra de la Ventana), Juan Cruz Marzialetti(Saldungaray), por Juntos por el Cambio Sebasti\u00e1n Bassi(Sierra de la Ventana),Elisabeth Nori(Tornquist), Belen Ladigan(Tornquist) reemplaz\u00f3 a Beatriz Diaz(Saldungaray).<\/p>\n<div class=\"text\">\n<p>Precisamente\u00a0<b>Bel\u00e9n Ladigan actual Directora de Desarrollo Social\u00a0<\/b>que jur\u00f3 en esta sesi\u00f3n, reemplazar\u00e1 a Sergio Bordoni en el sill\u00f3n de La\u00ednez como Intendenta Interina del 10 al 20 de febrero.<\/p>\n<h4>Juramento Bel\u00e9n Ladigan<br \/>\n<iframe loading=\"lazy\" src=\"https:\/\/w.soundcloud.com\/player\/?url=https%3A\/\/api.soundcloud.com\/tracks\/1442364289&amp;color=%23ff5500&amp;auto_play=false&amp;hide_related=false&amp;show_comments=true&amp;show_user=true&amp;show_reposts=false&amp;show_teaser=true\" width=\"100%\" height=\"166\" frameborder=\"no\" scrolling=\"no\"><\/iframe><\/h4>\n<div style=\"font-size: 10px; color: #cccccc; line-break: anywhere; word-break: normal; overflow: hidden; white-space: nowrap; text-overflow: ellipsis; font-family: Interstate,Lucida Grande,Lucida Sans Unicode,Lucida Sans,Garuda,Verdana,Tahoma,sans-serif; font-weight: 100;\"><a style=\"color: #cccccc; text-decoration: none;\" title=\"fmreflejos 103.7\" href=\"https:\/\/soundcloud.com\/fmreflejos-103-7\" target=\"_blank\" rel=\"noopener\">fmreflejos 103.7<\/a> \u00b7 <a style=\"color: #cccccc; text-decoration: none;\" title=\"Belen - Asume.mp3 Original\" href=\"https:\/\/soundcloud.com\/fmreflejos-103-7\/belen-asumemp3-original\" target=\"_blank\" rel=\"noopener\">Belen &#8211; Asume.mp3 Original<\/a><\/div>\n<p><img decoding=\"async\" src=\"https:\/\/www.noticiastornquist.com.ar\/imagen.php?imagen=2023-02\/dsc0026-1280x768.jpg\" \/><\/p>\n<div><\/div>\n<hr \/>\n<p><img decoding=\"async\" src=\"https:\/\/www.noticiastornquist.com.ar\/imagen.php?imagen=2023-02\/dsc0024-1280x768.jpg\" \/><\/p>\n<div><\/div>\n<hr \/>\n<p><img decoding=\"async\" src=\"https:\/\/www.noticiastornquist.com.ar\/imagen.php?imagen=2023-02\/dsc0030-1280x768.jpg\" \/><\/p>\n<div><\/div>\n<hr \/>\n<p>&nbsp;<\/p>\n<\/div>\n<p><strong><em>Fuente Noticas Tornquist<\/em><\/strong><\/p>\n<\/div>\n","protected":false},"excerpt":{"rendered":"<p>El Concejo deliberante lo trat\u00f3 este martes. El Jefe comunal se tomar\u00e1 10 d\u00edas de vacaciones desde el 10 de febrero. Corresponden a 2018.<\/p>\n","protected":false},"author":3,"featured_media":83757,"comment_status":"closed","ping_status":"closed","sticky":false,"template":"","format":"standard","meta":{"footnotes":""},"categories":[58,24],"tags":[48],"class_list":["post-83756","post","type-post","status-publish","format-standard","has-post-thumbnail","hentry","category-gobierno","category-politica","tag-destacada"],"yoast_head":"<!-- This site is optimized with the Yoast SEO plugin v25.9 - https:\/\/yoast.com\/wordpress\/plugins\/seo\/ -->\n<title>Se aprob\u00f3 la licencia del Intendente Sergio Bordoni que ser\u00e1 reemplazado por Bel\u00e9n Ladigan - Noticias Radio Reflejos<\/title>\n<meta name=\"robots\" content=\"index, follow, max-snippet:-1, max-image-preview:large, max-video-preview:-1\" \/>\n<link rel=\"canonical\" href=\"https:\/\/www.noticiasradioreflejos.com.ar\/2021\/se-aprobo-la-licencia-del-intendente-sergio-bordoni-que-sera-reemplazado-por-belen-ladigan\/\" \/>\n<meta property=\"og:locale\" content=\"es_ES\" \/>\n<meta property=\"og:type\" content=\"article\" \/>\n<meta property=\"og:title\" content=\"Se aprob\u00f3 la licencia del Intendente Sergio Bordoni que ser\u00e1 reemplazado por Bel\u00e9n Ladigan - Noticias Radio Reflejos\" \/>\n<meta property=\"og:description\" content=\"El Concejo deliberante lo trat\u00f3 este martes. El Jefe comunal se tomar\u00e1 10 d\u00edas de vacaciones desde el 10 de febrero. Corresponden a 2018.\" \/>\n<meta property=\"og:url\" content=\"https:\/\/www.noticiasradioreflejos.com.ar\/2021\/se-aprobo-la-licencia-del-intendente-sergio-bordoni-que-sera-reemplazado-por-belen-ladigan\/\" \/>\n<meta property=\"og:site_name\" content=\"Noticias Radio Reflejos\" \/>\n<meta property=\"article:published_time\" content=\"2023-02-08T11:17:43+00:00\" \/>\n<meta property=\"og:image\" content=\"https:\/\/www.noticiasradioreflejos.com.ar\/2021\/wp-content\/uploads\/2023\/02\/dsc0012-1280x768.jpg_1152.jpg\" \/>\n\t<meta property=\"og:image:width\" content=\"1152\" \/>\n\t<meta property=\"og:image:height\" content=\"768\" \/>\n\t<meta property=\"og:image:type\" content=\"image\/jpeg\" \/>\n<meta name=\"author\" content=\"Arnaldo Botto\" \/>\n<meta name=\"twitter:card\" content=\"summary_large_image\" \/>\n<script type=\"application\/ld+json\" class=\"yoast-schema-graph\">{\"@context\":\"https:\/\/schema.org\",\"@graph\":[{\"@type\":\"WebPage\",\"@id\":\"https:\/\/www.noticiasradioreflejos.com.ar\/2021\/se-aprobo-la-licencia-del-intendente-sergio-bordoni-que-sera-reemplazado-por-belen-ladigan\/\",\"url\":\"https:\/\/www.noticiasradioreflejos.com.ar\/2021\/se-aprobo-la-licencia-del-intendente-sergio-bordoni-que-sera-reemplazado-por-belen-ladigan\/\",\"name\":\"Se aprob\u00f3 la licencia del Intendente Sergio Bordoni que ser\u00e1 reemplazado por Bel\u00e9n Ladigan - Noticias Radio Reflejos\",\"isPartOf\":{\"@id\":\"https:\/\/www.noticiasradioreflejos.com.ar\/2021\/#website\"},\"primaryImageOfPage\":{\"@id\":\"https:\/\/www.noticiasradioreflejos.com.ar\/2021\/se-aprobo-la-licencia-del-intendente-sergio-bordoni-que-sera-reemplazado-por-belen-ladigan\/#primaryimage\"},\"image\":{\"@id\":\"https:\/\/www.noticiasradioreflejos.com.ar\/2021\/se-aprobo-la-licencia-del-intendente-sergio-bordoni-que-sera-reemplazado-por-belen-ladigan\/#primaryimage\"},\"thumbnailUrl\":\"https:\/\/www.noticiasradioreflejos.com.ar\/2021\/wp-content\/uploads\/2023\/02\/dsc0012-1280x768.jpg_1152.jpg\",\"datePublished\":\"2023-02-08T11:17:43+00:00\",\"author\":{\"@id\":\"https:\/\/www.noticiasradioreflejos.com.ar\/2021\/#\/schema\/person\/ad82545263dcc5ec0996818884fd5fb1\"},\"breadcrumb\":{\"@id\":\"https:\/\/www.noticiasradioreflejos.com.ar\/2021\/se-aprobo-la-licencia-del-intendente-sergio-bordoni-que-sera-reemplazado-por-belen-ladigan\/#breadcrumb\"},\"inLanguage\":\"es\",\"potentialAction\":[{\"@type\":\"ReadAction\",\"target\":[\"https:\/\/www.noticiasradioreflejos.com.ar\/2021\/se-aprobo-la-licencia-del-intendente-sergio-bordoni-que-sera-reemplazado-por-belen-ladigan\/\"]}]},{\"@type\":\"ImageObject\",\"inLanguage\":\"es\",\"@id\":\"https:\/\/www.noticiasradioreflejos.com.ar\/2021\/se-aprobo-la-licencia-del-intendente-sergio-bordoni-que-sera-reemplazado-por-belen-ladigan\/#primaryimage\",\"url\":\"https:\/\/www.noticiasradioreflejos.com.ar\/2021\/wp-content\/uploads\/2023\/02\/dsc0012-1280x768.jpg_1152.jpg\",\"contentUrl\":\"https:\/\/www.noticiasradioreflejos.com.ar\/2021\/wp-content\/uploads\/2023\/02\/dsc0012-1280x768.jpg_1152.jpg\",\"width\":1152,\"height\":768},{\"@type\":\"BreadcrumbList\",\"@id\":\"https:\/\/www.noticiasradioreflejos.com.ar\/2021\/se-aprobo-la-licencia-del-intendente-sergio-bordoni-que-sera-reemplazado-por-belen-ladigan\/#breadcrumb\",\"itemListElement\":[{\"@type\":\"ListItem\",\"position\":1,\"name\":\"Portada\",\"item\":\"https:\/\/www.noticiasradioreflejos.com.ar\/2021\/\"},{\"@type\":\"ListItem\",\"position\":2,\"name\":\"Se aprob\u00f3 la licencia del Intendente Sergio Bordoni que ser\u00e1 reemplazado por Bel\u00e9n Ladigan\"}]},{\"@type\":\"WebSite\",\"@id\":\"https:\/\/www.noticiasradioreflejos.com.ar\/2021\/#website\",\"url\":\"https:\/\/www.noticiasradioreflejos.com.ar\/2021\/\",\"name\":\"Noticias Radio Reflejos\",\"description\":\"Las noticias de mi comarca\",\"potentialAction\":[{\"@type\":\"SearchAction\",\"target\":{\"@type\":\"EntryPoint\",\"urlTemplate\":\"https:\/\/www.noticiasradioreflejos.com.ar\/2021\/?s={search_term_string}\"},\"query-input\":{\"@type\":\"PropertyValueSpecification\",\"valueRequired\":true,\"valueName\":\"search_term_string\"}}],\"inLanguage\":\"es\"},{\"@type\":\"Person\",\"@id\":\"https:\/\/www.noticiasradioreflejos.com.ar\/2021\/#\/schema\/person\/ad82545263dcc5ec0996818884fd5fb1\",\"name\":\"Arnaldo Botto\",\"image\":{\"@type\":\"ImageObject\",\"inLanguage\":\"es\",\"@id\":\"https:\/\/www.noticiasradioreflejos.com.ar\/2021\/#\/schema\/person\/image\/\",\"url\":\"https:\/\/secure.gravatar.com\/avatar\/55cb5e37c1efa326397366e6974cb338056df65cb50e7d64d1cf314e87504837?s=96&d=mm&r=g\",\"contentUrl\":\"https:\/\/secure.gravatar.com\/avatar\/55cb5e37c1efa326397366e6974cb338056df65cb50e7d64d1cf314e87504837?s=96&d=mm&r=g\",\"caption\":\"Arnaldo Botto\"},\"url\":\"https:\/\/www.noticiasradioreflejos.com.ar\/2021\/author\/arnaldo\/\"}]}<\/script>\n<!-- \/ Yoast SEO plugin. -->","yoast_head_json":{"title":"Se aprob\u00f3 la licencia del Intendente Sergio Bordoni que ser\u00e1 reemplazado por Bel\u00e9n Ladigan - Noticias Radio Reflejos","robots":{"index":"index","follow":"follow","max-snippet":"max-snippet:-1","max-image-preview":"max-image-preview:large","max-video-preview":"max-video-preview:-1"},"canonical":"https:\/\/www.noticiasradioreflejos.com.ar\/2021\/se-aprobo-la-licencia-del-intendente-sergio-bordoni-que-sera-reemplazado-por-belen-ladigan\/","og_locale":"es_ES","og_type":"article","og_title":"Se aprob\u00f3 la licencia del Intendente Sergio Bordoni que ser\u00e1 reemplazado por Bel\u00e9n Ladigan - Noticias Radio Reflejos","og_description":"El Concejo deliberante lo trat\u00f3 este martes. El Jefe comunal se tomar\u00e1 10 d\u00edas de vacaciones desde el 10 de febrero. Corresponden a 2018.","og_url":"https:\/\/www.noticiasradioreflejos.com.ar\/2021\/se-aprobo-la-licencia-del-intendente-sergio-bordoni-que-sera-reemplazado-por-belen-ladigan\/","og_site_name":"Noticias Radio Reflejos","article_published_time":"2023-02-08T11:17:43+00:00","og_image":[{"width":1152,"height":768,"url":"https:\/\/www.noticiasradioreflejos.com.ar\/2021\/wp-content\/uploads\/2023\/02\/dsc0012-1280x768.jpg_1152.jpg","type":"image\/jpeg"}],"author":"Arnaldo Botto","twitter_card":"summary_large_image","schema":{"@context":"https:\/\/schema.org","@graph":[{"@type":"WebPage","@id":"https:\/\/www.noticiasradioreflejos.com.ar\/2021\/se-aprobo-la-licencia-del-intendente-sergio-bordoni-que-sera-reemplazado-por-belen-ladigan\/","url":"https:\/\/www.noticiasradioreflejos.com.ar\/2021\/se-aprobo-la-licencia-del-intendente-sergio-bordoni-que-sera-reemplazado-por-belen-ladigan\/","name":"Se aprob\u00f3 la licencia del Intendente Sergio Bordoni que ser\u00e1 reemplazado por Bel\u00e9n Ladigan - Noticias Radio Reflejos","isPartOf":{"@id":"https:\/\/www.noticiasradioreflejos.com.ar\/2021\/#website"},"primaryImageOfPage":{"@id":"https:\/\/www.noticiasradioreflejos.com.ar\/2021\/se-aprobo-la-licencia-del-intendente-sergio-bordoni-que-sera-reemplazado-por-belen-ladigan\/#primaryimage"},"image":{"@id":"https:\/\/www.noticiasradioreflejos.com.ar\/2021\/se-aprobo-la-licencia-del-intendente-sergio-bordoni-que-sera-reemplazado-por-belen-ladigan\/#primaryimage"},"thumbnailUrl":"https:\/\/www.noticiasradioreflejos.com.ar\/2021\/wp-content\/uploads\/2023\/02\/dsc0012-1280x768.jpg_1152.jpg","datePublished":"2023-02-08T11:17:43+00:00","author":{"@id":"https:\/\/www.noticiasradioreflejos.com.ar\/2021\/#\/schema\/person\/ad82545263dcc5ec0996818884fd5fb1"},"breadcrumb":{"@id":"https:\/\/www.noticiasradioreflejos.com.ar\/2021\/se-aprobo-la-licencia-del-intendente-sergio-bordoni-que-sera-reemplazado-por-belen-ladigan\/#breadcrumb"},"inLanguage":"es","potentialAction":[{"@type":"ReadAction","target":["https:\/\/www.noticiasradioreflejos.com.ar\/2021\/se-aprobo-la-licencia-del-intendente-sergio-bordoni-que-sera-reemplazado-por-belen-ladigan\/"]}]},{"@type":"ImageObject","inLanguage":"es","@id":"https:\/\/www.noticiasradioreflejos.com.ar\/2021\/se-aprobo-la-licencia-del-intendente-sergio-bordoni-que-sera-reemplazado-por-belen-ladigan\/#primaryimage","url":"https:\/\/www.noticiasradioreflejos.com.ar\/2021\/wp-content\/uploads\/2023\/02\/dsc0012-1280x768.jpg_1152.jpg","contentUrl":"https:\/\/www.noticiasradioreflejos.com.ar\/2021\/wp-content\/uploads\/2023\/02\/dsc0012-1280x768.jpg_1152.jpg","width":1152,"height":768},{"@type":"BreadcrumbList","@id":"https:\/\/www.noticiasradioreflejos.com.ar\/2021\/se-aprobo-la-licencia-del-intendente-sergio-bordoni-que-sera-reemplazado-por-belen-ladigan\/#breadcrumb","itemListElement":[{"@type":"ListItem","position":1,"name":"Portada","item":"https:\/\/www.noticiasradioreflejos.com.ar\/2021\/"},{"@type":"ListItem","position":2,"name":"Se aprob\u00f3 la licencia del Intendente Sergio Bordoni que ser\u00e1 reemplazado por Bel\u00e9n Ladigan"}]},{"@type":"WebSite","@id":"https:\/\/www.noticiasradioreflejos.com.ar\/2021\/#website","url":"https:\/\/www.noticiasradioreflejos.com.ar\/2021\/","name":"Noticias Radio Reflejos","description":"Las noticias de mi comarca","potentialAction":[{"@type":"SearchAction","target":{"@type":"EntryPoint","urlTemplate":"https:\/\/www.noticiasradioreflejos.com.ar\/2021\/?s={search_term_string}"},"query-input":{"@type":"PropertyValueSpecification","valueRequired":true,"valueName":"search_term_string"}}],"inLanguage":"es"},{"@type":"Person","@id":"https:\/\/www.noticiasradioreflejos.com.ar\/2021\/#\/schema\/person\/ad82545263dcc5ec0996818884fd5fb1","name":"Arnaldo Botto","image":{"@type":"ImageObject","inLanguage":"es","@id":"https:\/\/www.noticiasradioreflejos.com.ar\/2021\/#\/schema\/person\/image\/","url":"https:\/\/secure.gravatar.com\/avatar\/55cb5e37c1efa326397366e6974cb338056df65cb50e7d64d1cf314e87504837?s=96&d=mm&r=g","contentUrl":"https:\/\/secure.gravatar.com\/avatar\/55cb5e37c1efa326397366e6974cb338056df65cb50e7d64d1cf314e87504837?s=96&d=mm&r=g","caption":"Arnaldo Botto"},"url":"https:\/\/www.noticiasradioreflejos.com.ar\/2021\/author\/arnaldo\/"}]}},"_links":{"self":[{"href":"https:\/\/www.noticiasradioreflejos.com.ar\/2021\/wp-json\/wp\/v2\/posts\/83756","targetHints":{"allow":["GET"]}}],"collection":[{"href":"https:\/\/www.noticiasradioreflejos.com.ar\/2021\/wp-json\/wp\/v2\/posts"}],"about":[{"href":"https:\/\/www.noticiasradioreflejos.com.ar\/2021\/wp-json\/wp\/v2\/types\/post"}],"author":[{"embeddable":true,"href":"https:\/\/www.noticiasradioreflejos.com.ar\/2021\/wp-json\/wp\/v2\/users\/3"}],"replies":[{"embeddable":true,"href":"https:\/\/www.noticiasradioreflejos.com.ar\/2021\/wp-json\/wp\/v2\/comments?post=83756"}],"version-history":[{"count":1,"href":"https:\/\/www.noticiasradioreflejos.com.ar\/2021\/wp-json\/wp\/v2\/posts\/83756\/revisions"}],"predecessor-version":[{"id":83758,"href":"https:\/\/www.noticiasradioreflejos.com.ar\/2021\/wp-json\/wp\/v2\/posts\/83756\/revisions\/83758"}],"wp:featuredmedia":[{"embeddable":true,"href":"https:\/\/www.noticiasradioreflejos.com.ar\/2021\/wp-json\/wp\/v2\/media\/83757"}],"wp:attachment":[{"href":"https:\/\/www.noticiasradioreflejos.com.ar\/2021\/wp-json\/wp\/v2\/media?parent=83756"}],"wp:term":[{"taxonomy":"category","embeddable":true,"href":"https:\/\/www.noticiasradioreflejos.com.ar\/2021\/wp-json\/wp\/v2\/categories?post=83756"},{"taxonomy":"post_tag","embeddable":true,"href":"https:\/\/www.noticiasradioreflejos.com.ar\/2021\/wp-json\/wp\/v2\/tags?post=83756"}],"curies":[{"name":"wp","href":"https:\/\/api.w.org\/{rel}","templated":true}]}}