{"id":83714,"date":"2023-02-07T10:10:03","date_gmt":"2023-02-07T10:10:03","guid":{"rendered":"https:\/\/www.noticiasradioreflejos.com.ar\/2021\/?p=83714"},"modified":"2023-02-07T10:10:03","modified_gmt":"2023-02-07T10:10:03","slug":"al-menos-seis-muertos-y-dos-desaparecidos-al-hundirse-un-barco-turistico-en-rio-de-janeiro","status":"publish","type":"post","link":"https:\/\/www.noticiasradioreflejos.com.ar\/2021\/al-menos-seis-muertos-y-dos-desaparecidos-al-hundirse-un-barco-turistico-en-rio-de-janeiro\/","title":{"rendered":"Al menos seis muertos y dos desaparecidos al hundirse un barco tur\u00edstico en R\u00edo de Janeiro"},"content":{"rendered":"<p>Al menos seis personas murieron y dos se encuentran desaparecidas, como consecuencia del naufragio de un barco de turismo en la Bah\u00eda de Guanabara, ocurrido anoche frente a las costas de R\u00edo de Janeiro, se inform\u00f3 hoy.<!--more--><\/p>\n<p>La embarcaci\u00f3n dio una vuelta de campana cuando al atardecer del domingo se registr\u00f3 un fuerte temporal en el Atl\u00e1ntico, frente a las costas de R\u00edo de Janeiro.<\/p>\n<p>Despu\u00e9s de dos d\u00edas de b\u00fasqueda, la \u00faltima de las v\u00edctimas mortales -la sexta- fue identificada: se trata de un ni\u00f1o de tres a\u00f1os, seg\u00fan la cadena brasile\u00f1a G1, citada por la agencia de noticias Europa Press.<\/p>\n<p>Los sobrevivientes, seis de las 14 personas que estaban a bordo, fueron rescatados por un barco que pasaba cerca de la zona cuando se produjo el siniestro, causado por un fuerte vendaval que sorprendi\u00f3 a la embarcaci\u00f3n cuando regresaba a tierra firme.<\/p>\n<p>Las 14 personas que viajaban en el barco \u00abCai\u00e7ara\u00bb, todas brasile\u00f1as, hab\u00edan alquilado la embarcaci\u00f3n para pasar el domingo a la tarde en inmediaciones de la Isla de Paquet\u00e1, uno de los atractivos de la Bah\u00eda de Guanabara, que ba\u00f1a las costas de gran parte de la ciudad de R\u00edo.<\/p>\n<p>La Polic\u00eda abri\u00f3 una investigaci\u00f3n sobre la muerte de los tripulantes de la embarcaci\u00f3n.<\/p>\n<p>Por el momento, se est\u00e1n investigando los hechos como homicidio involuntario. Asimismo, la Armada abri\u00f3 un procedimiento interno para determinar las circunstancias y responsabilidades del accidente, agreg\u00f3 Europa Press.<\/p>\n","protected":false},"excerpt":{"rendered":"<p>Al menos seis personas murieron y dos se encuentran desaparecidas, como consecuencia del naufragio de un barco de turismo en la Bah\u00eda de Guanabara, ocurrido anoche frente a las costas de R\u00edo de Janeiro, se inform\u00f3 hoy.<\/p>\n","protected":false},"author":3,"featured_media":83715,"comment_status":"closed","ping_status":"closed","sticky":false,"template":"","format":"standard","meta":{"footnotes":""},"categories":[29],"tags":[],"class_list":["post-83714","post","type-post","status-publish","format-standard","has-post-thumbnail","hentry","category-policiales"],"yoast_head":"<!-- This site is optimized with the Yoast SEO plugin v25.9 - https:\/\/yoast.com\/wordpress\/plugins\/seo\/ -->\n<title>Al menos seis muertos y dos desaparecidos al hundirse un barco tur\u00edstico en R\u00edo de Janeiro - Noticias Radio Reflejos<\/title>\n<meta name=\"robots\" content=\"index, follow, max-snippet:-1, max-image-preview:large, max-video-preview:-1\" \/>\n<link rel=\"canonical\" href=\"https:\/\/www.noticiasradioreflejos.com.ar\/2021\/al-menos-seis-muertos-y-dos-desaparecidos-al-hundirse-un-barco-turistico-en-rio-de-janeiro\/\" \/>\n<meta property=\"og:locale\" content=\"es_ES\" \/>\n<meta property=\"og:type\" content=\"article\" \/>\n<meta property=\"og:title\" content=\"Al menos seis muertos y dos desaparecidos al hundirse un barco tur\u00edstico en R\u00edo de Janeiro - Noticias Radio Reflejos\" \/>\n<meta property=\"og:description\" content=\"Al menos seis personas murieron y dos se encuentran desaparecidas, como consecuencia del naufragio de un barco de turismo en la Bah\u00eda de Guanabara, ocurrido anoche frente a las costas de R\u00edo de Janeiro, se inform\u00f3 hoy.\" \/>\n<meta property=\"og:url\" content=\"https:\/\/www.noticiasradioreflejos.com.ar\/2021\/al-menos-seis-muertos-y-dos-desaparecidos-al-hundirse-un-barco-turistico-en-rio-de-janeiro\/\" \/>\n<meta property=\"og:site_name\" content=\"Noticias Radio Reflejos\" \/>\n<meta property=\"article:published_time\" content=\"2023-02-07T10:10:03+00:00\" \/>\n<meta property=\"og:image\" content=\"https:\/\/www.noticiasradioreflejos.com.ar\/2021\/wp-content\/uploads\/2023\/02\/naufragio.jpg\" \/>\n\t<meta property=\"og:image:width\" content=\"929\" \/>\n\t<meta property=\"og:image:height\" content=\"523\" \/>\n\t<meta property=\"og:image:type\" content=\"image\/jpeg\" \/>\n<meta name=\"author\" content=\"Arnaldo Botto\" \/>\n<meta name=\"twitter:card\" content=\"summary_large_image\" \/>\n<script type=\"application\/ld+json\" class=\"yoast-schema-graph\">{\"@context\":\"https:\/\/schema.org\",\"@graph\":[{\"@type\":\"WebPage\",\"@id\":\"https:\/\/www.noticiasradioreflejos.com.ar\/2021\/al-menos-seis-muertos-y-dos-desaparecidos-al-hundirse-un-barco-turistico-en-rio-de-janeiro\/\",\"url\":\"https:\/\/www.noticiasradioreflejos.com.ar\/2021\/al-menos-seis-muertos-y-dos-desaparecidos-al-hundirse-un-barco-turistico-en-rio-de-janeiro\/\",\"name\":\"Al menos seis muertos y dos desaparecidos al hundirse un barco tur\u00edstico en R\u00edo de Janeiro - Noticias Radio Reflejos\",\"isPartOf\":{\"@id\":\"https:\/\/www.noticiasradioreflejos.com.ar\/2021\/#website\"},\"primaryImageOfPage\":{\"@id\":\"https:\/\/www.noticiasradioreflejos.com.ar\/2021\/al-menos-seis-muertos-y-dos-desaparecidos-al-hundirse-un-barco-turistico-en-rio-de-janeiro\/#primaryimage\"},\"image\":{\"@id\":\"https:\/\/www.noticiasradioreflejos.com.ar\/2021\/al-menos-seis-muertos-y-dos-desaparecidos-al-hundirse-un-barco-turistico-en-rio-de-janeiro\/#primaryimage\"},\"thumbnailUrl\":\"https:\/\/www.noticiasradioreflejos.com.ar\/2021\/wp-content\/uploads\/2023\/02\/naufragio.jpg\",\"datePublished\":\"2023-02-07T10:10:03+00:00\",\"author\":{\"@id\":\"https:\/\/www.noticiasradioreflejos.com.ar\/2021\/#\/schema\/person\/ad82545263dcc5ec0996818884fd5fb1\"},\"breadcrumb\":{\"@id\":\"https:\/\/www.noticiasradioreflejos.com.ar\/2021\/al-menos-seis-muertos-y-dos-desaparecidos-al-hundirse-un-barco-turistico-en-rio-de-janeiro\/#breadcrumb\"},\"inLanguage\":\"es\",\"potentialAction\":[{\"@type\":\"ReadAction\",\"target\":[\"https:\/\/www.noticiasradioreflejos.com.ar\/2021\/al-menos-seis-muertos-y-dos-desaparecidos-al-hundirse-un-barco-turistico-en-rio-de-janeiro\/\"]}]},{\"@type\":\"ImageObject\",\"inLanguage\":\"es\",\"@id\":\"https:\/\/www.noticiasradioreflejos.com.ar\/2021\/al-menos-seis-muertos-y-dos-desaparecidos-al-hundirse-un-barco-turistico-en-rio-de-janeiro\/#primaryimage\",\"url\":\"https:\/\/www.noticiasradioreflejos.com.ar\/2021\/wp-content\/uploads\/2023\/02\/naufragio.jpg\",\"contentUrl\":\"https:\/\/www.noticiasradioreflejos.com.ar\/2021\/wp-content\/uploads\/2023\/02\/naufragio.jpg\",\"width\":929,\"height\":523},{\"@type\":\"BreadcrumbList\",\"@id\":\"https:\/\/www.noticiasradioreflejos.com.ar\/2021\/al-menos-seis-muertos-y-dos-desaparecidos-al-hundirse-un-barco-turistico-en-rio-de-janeiro\/#breadcrumb\",\"itemListElement\":[{\"@type\":\"ListItem\",\"position\":1,\"name\":\"Portada\",\"item\":\"https:\/\/www.noticiasradioreflejos.com.ar\/2021\/\"},{\"@type\":\"ListItem\",\"position\":2,\"name\":\"Al menos seis muertos y dos desaparecidos al hundirse un barco tur\u00edstico en R\u00edo de Janeiro\"}]},{\"@type\":\"WebSite\",\"@id\":\"https:\/\/www.noticiasradioreflejos.com.ar\/2021\/#website\",\"url\":\"https:\/\/www.noticiasradioreflejos.com.ar\/2021\/\",\"name\":\"Noticias Radio Reflejos\",\"description\":\"Las noticias de mi comarca\",\"potentialAction\":[{\"@type\":\"SearchAction\",\"target\":{\"@type\":\"EntryPoint\",\"urlTemplate\":\"https:\/\/www.noticiasradioreflejos.com.ar\/2021\/?s={search_term_string}\"},\"query-input\":{\"@type\":\"PropertyValueSpecification\",\"valueRequired\":true,\"valueName\":\"search_term_string\"}}],\"inLanguage\":\"es\"},{\"@type\":\"Person\",\"@id\":\"https:\/\/www.noticiasradioreflejos.com.ar\/2021\/#\/schema\/person\/ad82545263dcc5ec0996818884fd5fb1\",\"name\":\"Arnaldo Botto\",\"image\":{\"@type\":\"ImageObject\",\"inLanguage\":\"es\",\"@id\":\"https:\/\/www.noticiasradioreflejos.com.ar\/2021\/#\/schema\/person\/image\/\",\"url\":\"https:\/\/secure.gravatar.com\/avatar\/55cb5e37c1efa326397366e6974cb338056df65cb50e7d64d1cf314e87504837?s=96&d=mm&r=g\",\"contentUrl\":\"https:\/\/secure.gravatar.com\/avatar\/55cb5e37c1efa326397366e6974cb338056df65cb50e7d64d1cf314e87504837?s=96&d=mm&r=g\",\"caption\":\"Arnaldo Botto\"},\"url\":\"https:\/\/www.noticiasradioreflejos.com.ar\/2021\/author\/arnaldo\/\"}]}<\/script>\n<!-- \/ Yoast SEO plugin. -->","yoast_head_json":{"title":"Al menos seis muertos y dos desaparecidos al hundirse un barco tur\u00edstico en R\u00edo de Janeiro - Noticias Radio Reflejos","robots":{"index":"index","follow":"follow","max-snippet":"max-snippet:-1","max-image-preview":"max-image-preview:large","max-video-preview":"max-video-preview:-1"},"canonical":"https:\/\/www.noticiasradioreflejos.com.ar\/2021\/al-menos-seis-muertos-y-dos-desaparecidos-al-hundirse-un-barco-turistico-en-rio-de-janeiro\/","og_locale":"es_ES","og_type":"article","og_title":"Al menos seis muertos y dos desaparecidos al hundirse un barco tur\u00edstico en R\u00edo de Janeiro - Noticias Radio Reflejos","og_description":"Al menos seis personas murieron y dos se encuentran desaparecidas, como consecuencia del naufragio de un barco de turismo en la Bah\u00eda de Guanabara, ocurrido anoche frente a las costas de R\u00edo de Janeiro, se inform\u00f3 hoy.","og_url":"https:\/\/www.noticiasradioreflejos.com.ar\/2021\/al-menos-seis-muertos-y-dos-desaparecidos-al-hundirse-un-barco-turistico-en-rio-de-janeiro\/","og_site_name":"Noticias Radio Reflejos","article_published_time":"2023-02-07T10:10:03+00:00","og_image":[{"width":929,"height":523,"url":"https:\/\/www.noticiasradioreflejos.com.ar\/2021\/wp-content\/uploads\/2023\/02\/naufragio.jpg","type":"image\/jpeg"}],"author":"Arnaldo Botto","twitter_card":"summary_large_image","schema":{"@context":"https:\/\/schema.org","@graph":[{"@type":"WebPage","@id":"https:\/\/www.noticiasradioreflejos.com.ar\/2021\/al-menos-seis-muertos-y-dos-desaparecidos-al-hundirse-un-barco-turistico-en-rio-de-janeiro\/","url":"https:\/\/www.noticiasradioreflejos.com.ar\/2021\/al-menos-seis-muertos-y-dos-desaparecidos-al-hundirse-un-barco-turistico-en-rio-de-janeiro\/","name":"Al menos seis muertos y dos desaparecidos al hundirse un barco tur\u00edstico en R\u00edo de Janeiro - Noticias Radio Reflejos","isPartOf":{"@id":"https:\/\/www.noticiasradioreflejos.com.ar\/2021\/#website"},"primaryImageOfPage":{"@id":"https:\/\/www.noticiasradioreflejos.com.ar\/2021\/al-menos-seis-muertos-y-dos-desaparecidos-al-hundirse-un-barco-turistico-en-rio-de-janeiro\/#primaryimage"},"image":{"@id":"https:\/\/www.noticiasradioreflejos.com.ar\/2021\/al-menos-seis-muertos-y-dos-desaparecidos-al-hundirse-un-barco-turistico-en-rio-de-janeiro\/#primaryimage"},"thumbnailUrl":"https:\/\/www.noticiasradioreflejos.com.ar\/2021\/wp-content\/uploads\/2023\/02\/naufragio.jpg","datePublished":"2023-02-07T10:10:03+00:00","author":{"@id":"https:\/\/www.noticiasradioreflejos.com.ar\/2021\/#\/schema\/person\/ad82545263dcc5ec0996818884fd5fb1"},"breadcrumb":{"@id":"https:\/\/www.noticiasradioreflejos.com.ar\/2021\/al-menos-seis-muertos-y-dos-desaparecidos-al-hundirse-un-barco-turistico-en-rio-de-janeiro\/#breadcrumb"},"inLanguage":"es","potentialAction":[{"@type":"ReadAction","target":["https:\/\/www.noticiasradioreflejos.com.ar\/2021\/al-menos-seis-muertos-y-dos-desaparecidos-al-hundirse-un-barco-turistico-en-rio-de-janeiro\/"]}]},{"@type":"ImageObject","inLanguage":"es","@id":"https:\/\/www.noticiasradioreflejos.com.ar\/2021\/al-menos-seis-muertos-y-dos-desaparecidos-al-hundirse-un-barco-turistico-en-rio-de-janeiro\/#primaryimage","url":"https:\/\/www.noticiasradioreflejos.com.ar\/2021\/wp-content\/uploads\/2023\/02\/naufragio.jpg","contentUrl":"https:\/\/www.noticiasradioreflejos.com.ar\/2021\/wp-content\/uploads\/2023\/02\/naufragio.jpg","width":929,"height":523},{"@type":"BreadcrumbList","@id":"https:\/\/www.noticiasradioreflejos.com.ar\/2021\/al-menos-seis-muertos-y-dos-desaparecidos-al-hundirse-un-barco-turistico-en-rio-de-janeiro\/#breadcrumb","itemListElement":[{"@type":"ListItem","position":1,"name":"Portada","item":"https:\/\/www.noticiasradioreflejos.com.ar\/2021\/"},{"@type":"ListItem","position":2,"name":"Al menos seis muertos y dos desaparecidos al hundirse un barco tur\u00edstico en R\u00edo de Janeiro"}]},{"@type":"WebSite","@id":"https:\/\/www.noticiasradioreflejos.com.ar\/2021\/#website","url":"https:\/\/www.noticiasradioreflejos.com.ar\/2021\/","name":"Noticias Radio Reflejos","description":"Las noticias de mi comarca","potentialAction":[{"@type":"SearchAction","target":{"@type":"EntryPoint","urlTemplate":"https:\/\/www.noticiasradioreflejos.com.ar\/2021\/?s={search_term_string}"},"query-input":{"@type":"PropertyValueSpecification","valueRequired":true,"valueName":"search_term_string"}}],"inLanguage":"es"},{"@type":"Person","@id":"https:\/\/www.noticiasradioreflejos.com.ar\/2021\/#\/schema\/person\/ad82545263dcc5ec0996818884fd5fb1","name":"Arnaldo Botto","image":{"@type":"ImageObject","inLanguage":"es","@id":"https:\/\/www.noticiasradioreflejos.com.ar\/2021\/#\/schema\/person\/image\/","url":"https:\/\/secure.gravatar.com\/avatar\/55cb5e37c1efa326397366e6974cb338056df65cb50e7d64d1cf314e87504837?s=96&d=mm&r=g","contentUrl":"https:\/\/secure.gravatar.com\/avatar\/55cb5e37c1efa326397366e6974cb338056df65cb50e7d64d1cf314e87504837?s=96&d=mm&r=g","caption":"Arnaldo Botto"},"url":"https:\/\/www.noticiasradioreflejos.com.ar\/2021\/author\/arnaldo\/"}]}},"_links":{"self":[{"href":"https:\/\/www.noticiasradioreflejos.com.ar\/2021\/wp-json\/wp\/v2\/posts\/83714","targetHints":{"allow":["GET"]}}],"collection":[{"href":"https:\/\/www.noticiasradioreflejos.com.ar\/2021\/wp-json\/wp\/v2\/posts"}],"about":[{"href":"https:\/\/www.noticiasradioreflejos.com.ar\/2021\/wp-json\/wp\/v2\/types\/post"}],"author":[{"embeddable":true,"href":"https:\/\/www.noticiasradioreflejos.com.ar\/2021\/wp-json\/wp\/v2\/users\/3"}],"replies":[{"embeddable":true,"href":"https:\/\/www.noticiasradioreflejos.com.ar\/2021\/wp-json\/wp\/v2\/comments?post=83714"}],"version-history":[{"count":1,"href":"https:\/\/www.noticiasradioreflejos.com.ar\/2021\/wp-json\/wp\/v2\/posts\/83714\/revisions"}],"predecessor-version":[{"id":83716,"href":"https:\/\/www.noticiasradioreflejos.com.ar\/2021\/wp-json\/wp\/v2\/posts\/83714\/revisions\/83716"}],"wp:featuredmedia":[{"embeddable":true,"href":"https:\/\/www.noticiasradioreflejos.com.ar\/2021\/wp-json\/wp\/v2\/media\/83715"}],"wp:attachment":[{"href":"https:\/\/www.noticiasradioreflejos.com.ar\/2021\/wp-json\/wp\/v2\/media?parent=83714"}],"wp:term":[{"taxonomy":"category","embeddable":true,"href":"https:\/\/www.noticiasradioreflejos.com.ar\/2021\/wp-json\/wp\/v2\/categories?post=83714"},{"taxonomy":"post_tag","embeddable":true,"href":"https:\/\/www.noticiasradioreflejos.com.ar\/2021\/wp-json\/wp\/v2\/tags?post=83714"}],"curies":[{"name":"wp","href":"https:\/\/api.w.org\/{rel}","templated":true}]}}