{"id":83698,"date":"2023-02-06T17:46:11","date_gmt":"2023-02-06T17:46:11","guid":{"rendered":"https:\/\/www.noticiasradioreflejos.com.ar\/2021\/?p=83698"},"modified":"2023-02-06T17:46:11","modified_gmt":"2023-02-06T17:46:11","slug":"recomiendan-pautar-el-tiempo-de-pantallas-para-evitar-usos-excesivos-de-tecnologia-en-las-infancias","status":"publish","type":"post","link":"https:\/\/www.noticiasradioreflejos.com.ar\/2021\/recomiendan-pautar-el-tiempo-de-pantallas-para-evitar-usos-excesivos-de-tecnologia-en-las-infancias\/","title":{"rendered":"Recomiendan pautar el tiempo de pantallas para evitar usos excesivos de tecnolog\u00eda en las infancias"},"content":{"rendered":"<p>Pautar el tiempo de pantallas sin prohibir, no asumir que los ni\u00f1os, ni\u00f1as y adolescentes saben lo que est\u00e1n haciendo porque son \u00abnativos digitales\u00bb, y diferenciar entre actividades que estimulan la creatividad y otras que s\u00f3lo proveen un consumo pasivo son algunas de las recomendaciones que la organizaci\u00f3n Chicos.net difundi\u00f3 hoy para evitar usos excesivos de tecnolog\u00eda en las infancias, en el marco del D\u00eda de la Internet Segura que se conmemora ma\u00f1ana.<\/p>\n<p>(T\u00e9lam) &#8211; Se trata de un informe publicado por la organizaci\u00f3n civil sin fines de lucro Chicos.net que brinda algunas recomendaciones para las familias y busca reflexionar sobre el uso que le dan las diferentes generaciones al concepto de adicci\u00f3n a las pantallas.<\/p>\n<p>Entre los principales consejos, la asociaci\u00f3n sugiri\u00f3 pautar el tiempo de pantallas sin prohibir y sin confiar 100% en filtros o controles externos; no asumir que saben lo que est\u00e1n haciendo porque son \u00abnativos digitales\u00bb; y conversar y pactar reglas a fin de fortalecer la autogesti\u00f3n del tiempo y consensuar momentos de desconexi\u00f3n de las tecnolog\u00edas: en la mesa, antes de dormir, en las salidas al aire libre, cuando estamos con amigos y amigas.<\/p>\n<p>Tambi\u00e9n remarcaron la importancia recordar que Internet constituye un espacio de socializaci\u00f3n de los y las j\u00f3venes, y recomendaron discernir entre actividades que son beneficiosas para estimular la creatividad, la imaginaci\u00f3n, la expresi\u00f3n, la socializaci\u00f3n, la resoluci\u00f3n de problemas y otras que s\u00f3lo proveen un consumo pasivo.<\/p>\n<p>\u00abPoder comprender y conversar en familia sobre el funcionamiento de plataformas, redes sociales y videojuegos permitir\u00e1 desarrollar estrategias que ayuden a decidir cu\u00e1ndo conectarse y cu\u00e1ndo desconectarse en lugar de que la tecnolog\u00eda decida por nosotros\u00bb, se indic\u00f3 en el texto.<\/p>\n<p>Asimismo, en el informe pidieron evitar utilizar el t\u00e9rmino \u00abadicci\u00f3n\u00bb para no encasillar la conducta de los ni\u00f1os, ni\u00f1as y adolescentes y \u00abpermitirles ir moderando su tiempo de conexi\u00f3n\u00bb.<\/p>\n<p>Sobre este punto, el observatorio de Chicos.net profundiz\u00f3 en las percepciones de las distintas generaciones sobre el concepto de adicci\u00f3n a partir de focus groups, entrevistas y encuestas realizadas a nivel nacional entre 2020 y 2022.<\/p>\n<p>Los resultados permitieron observar que hay una brecha en las percepciones de adultos y adolescentes sobre el uso de dispositivos, ya que la mayor\u00eda de los adultos consideran que sus hijos e hijas tienen un v\u00ednculo adictivo con la tecnolog\u00eda, mientras que los chicos y chicas perciben que es algo que ellos y ellas s\u00ed pueden controlar.<\/p>\n<p>\u00abLos adultos utilizan la palabra adicci\u00f3n para describir este v\u00ednculo porque es un t\u00e9rmino muy instalado en nuestra sociedad. Solemos decir &#8216;tengo una adicci\u00f3n a la comida&#8217;, &#8216;no puedo dejar de ver la tele, estoy adicto'\u00bb, indic\u00f3 a trav\u00e9s de un comunicado Marcela Czarny, directora de Chicos.net.<\/p>\n<p>\u00abCuando hablamos de c\u00f3mo los chicos y chicas utilizan los dispositivos, es mejor hablar de uso excesivo, uso indiscriminado, pero no hablar de adicci\u00f3n. No cualquiera es un adicto\u00bb, reflexion\u00f3 la especialista.<\/p>\n<p>Y destac\u00f3: \u00abEs un peligro al que sin dudas hay que estar atentos como adultos, pero sin generalizar desde el prejuicio. Esto solo conlleva una estigmatizaci\u00f3n en vez de ayudarlos a desarrollar criterios y estrategias de protecci\u00f3n frente al uso de los dispositivos\u00bb.<\/p>\n","protected":false},"excerpt":{"rendered":"<p>Pautar el tiempo de pantallas sin prohibir, no asumir que los ni\u00f1os, ni\u00f1as y adolescentes saben lo que est\u00e1n haciendo porque son \u00abnativos digitales\u00bb, y diferenciar entre actividades que estimulan la creatividad y otras que s\u00f3lo proveen un consumo pasivo son algunas de las recomendaciones que la organizaci\u00f3n Chicos.net difundi\u00f3 hoy para evitar usos excesivos [&hellip;]<\/p>\n","protected":false},"author":3,"featured_media":83699,"comment_status":"closed","ping_status":"closed","sticky":false,"template":"","format":"standard","meta":{"footnotes":""},"categories":[30],"tags":[],"class_list":["post-83698","post","type-post","status-publish","format-standard","has-post-thumbnail","hentry","category-salud"],"yoast_head":"<!-- This site is optimized with the Yoast SEO plugin v25.9 - https:\/\/yoast.com\/wordpress\/plugins\/seo\/ -->\n<title>Recomiendan pautar el tiempo de pantallas para evitar usos excesivos de tecnolog\u00eda en las infancias - Noticias Radio Reflejos<\/title>\n<meta name=\"robots\" content=\"index, follow, max-snippet:-1, max-image-preview:large, max-video-preview:-1\" \/>\n<link rel=\"canonical\" href=\"https:\/\/www.noticiasradioreflejos.com.ar\/2021\/recomiendan-pautar-el-tiempo-de-pantallas-para-evitar-usos-excesivos-de-tecnologia-en-las-infancias\/\" \/>\n<meta property=\"og:locale\" content=\"es_ES\" \/>\n<meta property=\"og:type\" content=\"article\" \/>\n<meta property=\"og:title\" content=\"Recomiendan pautar el tiempo de pantallas para evitar usos excesivos de tecnolog\u00eda en las infancias - Noticias Radio Reflejos\" \/>\n<meta property=\"og:description\" content=\"Pautar el tiempo de pantallas sin prohibir, no asumir que los ni\u00f1os, ni\u00f1as y adolescentes saben lo que est\u00e1n haciendo porque son \u00abnativos digitales\u00bb, y diferenciar entre actividades que estimulan la creatividad y otras que s\u00f3lo proveen un consumo pasivo son algunas de las recomendaciones que la organizaci\u00f3n Chicos.net difundi\u00f3 hoy para evitar usos excesivos [&hellip;]\" \/>\n<meta property=\"og:url\" content=\"https:\/\/www.noticiasradioreflejos.com.ar\/2021\/recomiendan-pautar-el-tiempo-de-pantallas-para-evitar-usos-excesivos-de-tecnologia-en-las-infancias\/\" \/>\n<meta property=\"og:site_name\" content=\"Noticias Radio Reflejos\" \/>\n<meta property=\"article:published_time\" content=\"2023-02-06T17:46:11+00:00\" \/>\n<meta property=\"og:image\" content=\"https:\/\/www.noticiasradioreflejos.com.ar\/2021\/wp-content\/uploads\/2023\/02\/Cermed_uso-de-la-tecnologia-por-los-ninos.jpg\" \/>\n\t<meta property=\"og:image:width\" content=\"512\" \/>\n\t<meta property=\"og:image:height\" content=\"342\" \/>\n\t<meta property=\"og:image:type\" content=\"image\/jpeg\" \/>\n<meta name=\"author\" content=\"Arnaldo Botto\" \/>\n<meta name=\"twitter:card\" content=\"summary_large_image\" \/>\n<script type=\"application\/ld+json\" class=\"yoast-schema-graph\">{\"@context\":\"https:\/\/schema.org\",\"@graph\":[{\"@type\":\"WebPage\",\"@id\":\"https:\/\/www.noticiasradioreflejos.com.ar\/2021\/recomiendan-pautar-el-tiempo-de-pantallas-para-evitar-usos-excesivos-de-tecnologia-en-las-infancias\/\",\"url\":\"https:\/\/www.noticiasradioreflejos.com.ar\/2021\/recomiendan-pautar-el-tiempo-de-pantallas-para-evitar-usos-excesivos-de-tecnologia-en-las-infancias\/\",\"name\":\"Recomiendan pautar el tiempo de pantallas para evitar usos excesivos de tecnolog\u00eda en las infancias - Noticias Radio Reflejos\",\"isPartOf\":{\"@id\":\"https:\/\/www.noticiasradioreflejos.com.ar\/2021\/#website\"},\"primaryImageOfPage\":{\"@id\":\"https:\/\/www.noticiasradioreflejos.com.ar\/2021\/recomiendan-pautar-el-tiempo-de-pantallas-para-evitar-usos-excesivos-de-tecnologia-en-las-infancias\/#primaryimage\"},\"image\":{\"@id\":\"https:\/\/www.noticiasradioreflejos.com.ar\/2021\/recomiendan-pautar-el-tiempo-de-pantallas-para-evitar-usos-excesivos-de-tecnologia-en-las-infancias\/#primaryimage\"},\"thumbnailUrl\":\"https:\/\/www.noticiasradioreflejos.com.ar\/2021\/wp-content\/uploads\/2023\/02\/Cermed_uso-de-la-tecnologia-por-los-ninos.jpg\",\"datePublished\":\"2023-02-06T17:46:11+00:00\",\"author\":{\"@id\":\"https:\/\/www.noticiasradioreflejos.com.ar\/2021\/#\/schema\/person\/ad82545263dcc5ec0996818884fd5fb1\"},\"breadcrumb\":{\"@id\":\"https:\/\/www.noticiasradioreflejos.com.ar\/2021\/recomiendan-pautar-el-tiempo-de-pantallas-para-evitar-usos-excesivos-de-tecnologia-en-las-infancias\/#breadcrumb\"},\"inLanguage\":\"es\",\"potentialAction\":[{\"@type\":\"ReadAction\",\"target\":[\"https:\/\/www.noticiasradioreflejos.com.ar\/2021\/recomiendan-pautar-el-tiempo-de-pantallas-para-evitar-usos-excesivos-de-tecnologia-en-las-infancias\/\"]}]},{\"@type\":\"ImageObject\",\"inLanguage\":\"es\",\"@id\":\"https:\/\/www.noticiasradioreflejos.com.ar\/2021\/recomiendan-pautar-el-tiempo-de-pantallas-para-evitar-usos-excesivos-de-tecnologia-en-las-infancias\/#primaryimage\",\"url\":\"https:\/\/www.noticiasradioreflejos.com.ar\/2021\/wp-content\/uploads\/2023\/02\/Cermed_uso-de-la-tecnologia-por-los-ninos.jpg\",\"contentUrl\":\"https:\/\/www.noticiasradioreflejos.com.ar\/2021\/wp-content\/uploads\/2023\/02\/Cermed_uso-de-la-tecnologia-por-los-ninos.jpg\",\"width\":512,\"height\":342},{\"@type\":\"BreadcrumbList\",\"@id\":\"https:\/\/www.noticiasradioreflejos.com.ar\/2021\/recomiendan-pautar-el-tiempo-de-pantallas-para-evitar-usos-excesivos-de-tecnologia-en-las-infancias\/#breadcrumb\",\"itemListElement\":[{\"@type\":\"ListItem\",\"position\":1,\"name\":\"Portada\",\"item\":\"https:\/\/www.noticiasradioreflejos.com.ar\/2021\/\"},{\"@type\":\"ListItem\",\"position\":2,\"name\":\"Recomiendan pautar el tiempo de pantallas para evitar usos excesivos de tecnolog\u00eda en las infancias\"}]},{\"@type\":\"WebSite\",\"@id\":\"https:\/\/www.noticiasradioreflejos.com.ar\/2021\/#website\",\"url\":\"https:\/\/www.noticiasradioreflejos.com.ar\/2021\/\",\"name\":\"Noticias Radio Reflejos\",\"description\":\"Las noticias de mi comarca\",\"potentialAction\":[{\"@type\":\"SearchAction\",\"target\":{\"@type\":\"EntryPoint\",\"urlTemplate\":\"https:\/\/www.noticiasradioreflejos.com.ar\/2021\/?s={search_term_string}\"},\"query-input\":{\"@type\":\"PropertyValueSpecification\",\"valueRequired\":true,\"valueName\":\"search_term_string\"}}],\"inLanguage\":\"es\"},{\"@type\":\"Person\",\"@id\":\"https:\/\/www.noticiasradioreflejos.com.ar\/2021\/#\/schema\/person\/ad82545263dcc5ec0996818884fd5fb1\",\"name\":\"Arnaldo Botto\",\"image\":{\"@type\":\"ImageObject\",\"inLanguage\":\"es\",\"@id\":\"https:\/\/www.noticiasradioreflejos.com.ar\/2021\/#\/schema\/person\/image\/\",\"url\":\"https:\/\/secure.gravatar.com\/avatar\/55cb5e37c1efa326397366e6974cb338056df65cb50e7d64d1cf314e87504837?s=96&d=mm&r=g\",\"contentUrl\":\"https:\/\/secure.gravatar.com\/avatar\/55cb5e37c1efa326397366e6974cb338056df65cb50e7d64d1cf314e87504837?s=96&d=mm&r=g\",\"caption\":\"Arnaldo Botto\"},\"url\":\"https:\/\/www.noticiasradioreflejos.com.ar\/2021\/author\/arnaldo\/\"}]}<\/script>\n<!-- \/ Yoast SEO plugin. -->","yoast_head_json":{"title":"Recomiendan pautar el tiempo de pantallas para evitar usos excesivos de tecnolog\u00eda en las infancias - Noticias Radio Reflejos","robots":{"index":"index","follow":"follow","max-snippet":"max-snippet:-1","max-image-preview":"max-image-preview:large","max-video-preview":"max-video-preview:-1"},"canonical":"https:\/\/www.noticiasradioreflejos.com.ar\/2021\/recomiendan-pautar-el-tiempo-de-pantallas-para-evitar-usos-excesivos-de-tecnologia-en-las-infancias\/","og_locale":"es_ES","og_type":"article","og_title":"Recomiendan pautar el tiempo de pantallas para evitar usos excesivos de tecnolog\u00eda en las infancias - Noticias Radio Reflejos","og_description":"Pautar el tiempo de pantallas sin prohibir, no asumir que los ni\u00f1os, ni\u00f1as y adolescentes saben lo que est\u00e1n haciendo porque son \u00abnativos digitales\u00bb, y diferenciar entre actividades que estimulan la creatividad y otras que s\u00f3lo proveen un consumo pasivo son algunas de las recomendaciones que la organizaci\u00f3n Chicos.net difundi\u00f3 hoy para evitar usos excesivos [&hellip;]","og_url":"https:\/\/www.noticiasradioreflejos.com.ar\/2021\/recomiendan-pautar-el-tiempo-de-pantallas-para-evitar-usos-excesivos-de-tecnologia-en-las-infancias\/","og_site_name":"Noticias Radio Reflejos","article_published_time":"2023-02-06T17:46:11+00:00","og_image":[{"width":512,"height":342,"url":"https:\/\/www.noticiasradioreflejos.com.ar\/2021\/wp-content\/uploads\/2023\/02\/Cermed_uso-de-la-tecnologia-por-los-ninos.jpg","type":"image\/jpeg"}],"author":"Arnaldo Botto","twitter_card":"summary_large_image","schema":{"@context":"https:\/\/schema.org","@graph":[{"@type":"WebPage","@id":"https:\/\/www.noticiasradioreflejos.com.ar\/2021\/recomiendan-pautar-el-tiempo-de-pantallas-para-evitar-usos-excesivos-de-tecnologia-en-las-infancias\/","url":"https:\/\/www.noticiasradioreflejos.com.ar\/2021\/recomiendan-pautar-el-tiempo-de-pantallas-para-evitar-usos-excesivos-de-tecnologia-en-las-infancias\/","name":"Recomiendan pautar el tiempo de pantallas para evitar usos excesivos de tecnolog\u00eda en las infancias - Noticias Radio Reflejos","isPartOf":{"@id":"https:\/\/www.noticiasradioreflejos.com.ar\/2021\/#website"},"primaryImageOfPage":{"@id":"https:\/\/www.noticiasradioreflejos.com.ar\/2021\/recomiendan-pautar-el-tiempo-de-pantallas-para-evitar-usos-excesivos-de-tecnologia-en-las-infancias\/#primaryimage"},"image":{"@id":"https:\/\/www.noticiasradioreflejos.com.ar\/2021\/recomiendan-pautar-el-tiempo-de-pantallas-para-evitar-usos-excesivos-de-tecnologia-en-las-infancias\/#primaryimage"},"thumbnailUrl":"https:\/\/www.noticiasradioreflejos.com.ar\/2021\/wp-content\/uploads\/2023\/02\/Cermed_uso-de-la-tecnologia-por-los-ninos.jpg","datePublished":"2023-02-06T17:46:11+00:00","author":{"@id":"https:\/\/www.noticiasradioreflejos.com.ar\/2021\/#\/schema\/person\/ad82545263dcc5ec0996818884fd5fb1"},"breadcrumb":{"@id":"https:\/\/www.noticiasradioreflejos.com.ar\/2021\/recomiendan-pautar-el-tiempo-de-pantallas-para-evitar-usos-excesivos-de-tecnologia-en-las-infancias\/#breadcrumb"},"inLanguage":"es","potentialAction":[{"@type":"ReadAction","target":["https:\/\/www.noticiasradioreflejos.com.ar\/2021\/recomiendan-pautar-el-tiempo-de-pantallas-para-evitar-usos-excesivos-de-tecnologia-en-las-infancias\/"]}]},{"@type":"ImageObject","inLanguage":"es","@id":"https:\/\/www.noticiasradioreflejos.com.ar\/2021\/recomiendan-pautar-el-tiempo-de-pantallas-para-evitar-usos-excesivos-de-tecnologia-en-las-infancias\/#primaryimage","url":"https:\/\/www.noticiasradioreflejos.com.ar\/2021\/wp-content\/uploads\/2023\/02\/Cermed_uso-de-la-tecnologia-por-los-ninos.jpg","contentUrl":"https:\/\/www.noticiasradioreflejos.com.ar\/2021\/wp-content\/uploads\/2023\/02\/Cermed_uso-de-la-tecnologia-por-los-ninos.jpg","width":512,"height":342},{"@type":"BreadcrumbList","@id":"https:\/\/www.noticiasradioreflejos.com.ar\/2021\/recomiendan-pautar-el-tiempo-de-pantallas-para-evitar-usos-excesivos-de-tecnologia-en-las-infancias\/#breadcrumb","itemListElement":[{"@type":"ListItem","position":1,"name":"Portada","item":"https:\/\/www.noticiasradioreflejos.com.ar\/2021\/"},{"@type":"ListItem","position":2,"name":"Recomiendan pautar el tiempo de pantallas para evitar usos excesivos de tecnolog\u00eda en las infancias"}]},{"@type":"WebSite","@id":"https:\/\/www.noticiasradioreflejos.com.ar\/2021\/#website","url":"https:\/\/www.noticiasradioreflejos.com.ar\/2021\/","name":"Noticias Radio Reflejos","description":"Las noticias de mi comarca","potentialAction":[{"@type":"SearchAction","target":{"@type":"EntryPoint","urlTemplate":"https:\/\/www.noticiasradioreflejos.com.ar\/2021\/?s={search_term_string}"},"query-input":{"@type":"PropertyValueSpecification","valueRequired":true,"valueName":"search_term_string"}}],"inLanguage":"es"},{"@type":"Person","@id":"https:\/\/www.noticiasradioreflejos.com.ar\/2021\/#\/schema\/person\/ad82545263dcc5ec0996818884fd5fb1","name":"Arnaldo Botto","image":{"@type":"ImageObject","inLanguage":"es","@id":"https:\/\/www.noticiasradioreflejos.com.ar\/2021\/#\/schema\/person\/image\/","url":"https:\/\/secure.gravatar.com\/avatar\/55cb5e37c1efa326397366e6974cb338056df65cb50e7d64d1cf314e87504837?s=96&d=mm&r=g","contentUrl":"https:\/\/secure.gravatar.com\/avatar\/55cb5e37c1efa326397366e6974cb338056df65cb50e7d64d1cf314e87504837?s=96&d=mm&r=g","caption":"Arnaldo Botto"},"url":"https:\/\/www.noticiasradioreflejos.com.ar\/2021\/author\/arnaldo\/"}]}},"_links":{"self":[{"href":"https:\/\/www.noticiasradioreflejos.com.ar\/2021\/wp-json\/wp\/v2\/posts\/83698","targetHints":{"allow":["GET"]}}],"collection":[{"href":"https:\/\/www.noticiasradioreflejos.com.ar\/2021\/wp-json\/wp\/v2\/posts"}],"about":[{"href":"https:\/\/www.noticiasradioreflejos.com.ar\/2021\/wp-json\/wp\/v2\/types\/post"}],"author":[{"embeddable":true,"href":"https:\/\/www.noticiasradioreflejos.com.ar\/2021\/wp-json\/wp\/v2\/users\/3"}],"replies":[{"embeddable":true,"href":"https:\/\/www.noticiasradioreflejos.com.ar\/2021\/wp-json\/wp\/v2\/comments?post=83698"}],"version-history":[{"count":1,"href":"https:\/\/www.noticiasradioreflejos.com.ar\/2021\/wp-json\/wp\/v2\/posts\/83698\/revisions"}],"predecessor-version":[{"id":83700,"href":"https:\/\/www.noticiasradioreflejos.com.ar\/2021\/wp-json\/wp\/v2\/posts\/83698\/revisions\/83700"}],"wp:featuredmedia":[{"embeddable":true,"href":"https:\/\/www.noticiasradioreflejos.com.ar\/2021\/wp-json\/wp\/v2\/media\/83699"}],"wp:attachment":[{"href":"https:\/\/www.noticiasradioreflejos.com.ar\/2021\/wp-json\/wp\/v2\/media?parent=83698"}],"wp:term":[{"taxonomy":"category","embeddable":true,"href":"https:\/\/www.noticiasradioreflejos.com.ar\/2021\/wp-json\/wp\/v2\/categories?post=83698"},{"taxonomy":"post_tag","embeddable":true,"href":"https:\/\/www.noticiasradioreflejos.com.ar\/2021\/wp-json\/wp\/v2\/tags?post=83698"}],"curies":[{"name":"wp","href":"https:\/\/api.w.org\/{rel}","templated":true}]}}