{"id":83667,"date":"2023-02-06T15:28:24","date_gmt":"2023-02-06T15:28:24","guid":{"rendered":"https:\/\/www.noticiasradioreflejos.com.ar\/2021\/?p=83667"},"modified":"2023-02-06T15:28:24","modified_gmt":"2023-02-06T15:28:24","slug":"el-cometa-verde-podra-verse-con-binoculares","status":"publish","type":"post","link":"https:\/\/www.noticiasradioreflejos.com.ar\/2021\/el-cometa-verde-podra-verse-con-binoculares\/","title":{"rendered":"\u201cEl cometa verde podr\u00e1 verse con binoculares\u201d"},"content":{"rendered":"<p>As\u00ed lo confirm\u00f3 el astr\u00f3nomo aficionado Alejandro Krieger. \u201cSer\u00e1 una macha borrosa\u201d agreg\u00f3. De igual forma explic\u00f3 que con un telescopio se tendr\u00e1 una mejor visual del astro.<!--more--><br \/>\n<a title=\"carta del cometa\" href=\"https:\/\/www.flickr.com\/photos\/182279889@N02\/52672978919\/in\/dateposted-public\/\" data-flickr-embed=\"true\"><img loading=\"lazy\" decoding=\"async\" class=\"aligncenter\" src=\"https:\/\/live.staticflickr.com\/65535\/52672978919_bf5f7f4edf_c.jpg\" alt=\"carta del cometa\" width=\"600\" height=\"800\" \/><\/a><br \/>\nPor estos d\u00edas un peculiar cometa se aleja de la tierra, y su camino por las noches puede verse desde nuestro pa\u00eds. Denomina \u201ccometa verde\u201d por la estela que deja impactada en las fotograf\u00edas, fue ganando relevancia.<\/p>\n<p>Al respecto Alejandro Krieger coment\u00f3 que \u201ca simple vista no se va a poder ver, s\u00ed con unos buenos binoculares y en cielos oscuros. Tenemos como una competencia entre el cometa, que est\u00e1 cerca del horizonte, y la luna que todos los d\u00edas saldr\u00e1 un poquito m\u00e1s tarde\u201d.<\/p>\n<p>Y trayendo un manto de objetividad, aclar\u00f3 que \u201ceste cometa no se ver\u00e1 como el Halley. Solo se ver\u00e1 con binoculares como una mancha borrosa. A trav\u00e9s de un telescopio s\u00ed podr\u00e1 apreciar mejor la cola del cometa\u201d.<\/p>\n<p>Dando indicaciones de c\u00f3mo buscarlo, Alejandro mencion\u00f3 que \u201chay que mirar hacia el norte. El punto m\u00e1s brillante que veremos, de tono rojizo, es marte. Se van a dar cuenta porque es una luz estable rojiza. Arriba de marte se ver\u00e1 otra luz brillante que es una estrella; Aldebar\u00e1n de Tauro. Y sobre el horizonte, ver\u00e1n otra estrella brillante que se llama Capella. Esa diagonal que forman es la l\u00ednea que sigue el cometa\u201d.<\/p>\n<p>Seg\u00fan lo que se sabe, \u201ca medida que pasan los d\u00edas el cometa se va alejando, pero como la luna cada vez sale m\u00e1s tarde, nos permite seguir vi\u00e9ndolo. A partir de las 21:30 ya es un buen horario para buscarlo. Y desde el 10 de febrero estar\u00e1 muy cerca de marte, as\u00ed que ser\u00e1 m\u00e1s f\u00e1cil de ubicarlo\u201d.<\/p>\n<p>En otro pasaje de la charla Krieger confirm\u00f3 que \u201cuso una aplicaci\u00f3n que se llama estelarium. Otras hacen una realidad aumentada. Te dibuja las constelaciones seg\u00fan donde apuntas con el celular. Te ayudan para guiarte mejor. De igual forma a m\u00ed me gusta imprimir los mapas y planificar la salida\u201d.<\/p>\n<p>&nbsp;<\/p>\n<p>&nbsp;<\/p>\n<p><iframe loading=\"lazy\" src=\"https:\/\/w.soundcloud.com\/player\/?url=https%3A\/\/api.soundcloud.com\/tracks\/1440897595&amp;color=%23ff5500&amp;auto_play=false&amp;hide_related=false&amp;show_comments=true&amp;show_user=true&amp;show_reposts=false&amp;show_teaser=true\" width=\"100%\" height=\"166\" frameborder=\"no\" scrolling=\"no\"><\/iframe><\/p>\n<div style=\"font-size: 10px; color: #cccccc; line-break: anywhere; word-break: normal; overflow: hidden; white-space: nowrap; text-overflow: ellipsis; font-family: Interstate,Lucida Grande,Lucida Sans Unicode,Lucida Sans,Garuda,Verdana,Tahoma,sans-serif; font-weight: 100;\"><a style=\"color: #cccccc; text-decoration: none;\" title=\"fmreflejos 103.7\" href=\"https:\/\/soundcloud.com\/fmreflejos-103-7\" target=\"_blank\" rel=\"noopener\">fmreflejos 103.7<\/a> \u00b7 <a style=\"color: #cccccc; text-decoration: none;\" title=\"Alejandro Krieger\" href=\"https:\/\/soundcloud.com\/fmreflejos-103-7\/alejandro-krieger-2\" target=\"_blank\" rel=\"noopener\">Alejandro Krieger<\/a><\/div>\n","protected":false},"excerpt":{"rendered":"<p>As\u00ed lo confirm\u00f3 el astr\u00f3nomo aficionado Alejandro Krieger. \u201cSer\u00e1 una macha borrosa\u201d agreg\u00f3. De igual forma explic\u00f3 que con un telescopio se tendr\u00e1 una mejor visual del astro.<\/p>\n","protected":false},"author":3,"featured_media":83673,"comment_status":"closed","ping_status":"closed","sticky":false,"template":"","format":"standard","meta":{"footnotes":""},"categories":[46,26,33],"tags":[48],"class_list":["post-83667","post","type-post","status-publish","format-standard","has-post-thumbnail","hentry","category-ciencia-y-tecnologia","category-sociedad","category-turismo","tag-destacada"],"yoast_head":"<!-- This site is optimized with the Yoast SEO plugin v25.9 - https:\/\/yoast.com\/wordpress\/plugins\/seo\/ -->\n<title>\u201cEl cometa verde podr\u00e1 verse con binoculares\u201d - Noticias Radio Reflejos<\/title>\n<meta name=\"robots\" content=\"index, follow, max-snippet:-1, max-image-preview:large, max-video-preview:-1\" \/>\n<link rel=\"canonical\" href=\"https:\/\/www.noticiasradioreflejos.com.ar\/2021\/el-cometa-verde-podra-verse-con-binoculares\/\" \/>\n<meta property=\"og:locale\" content=\"es_ES\" \/>\n<meta property=\"og:type\" content=\"article\" \/>\n<meta property=\"og:title\" content=\"\u201cEl cometa verde podr\u00e1 verse con binoculares\u201d - Noticias Radio Reflejos\" \/>\n<meta property=\"og:description\" content=\"As\u00ed lo confirm\u00f3 el astr\u00f3nomo aficionado Alejandro Krieger. \u201cSer\u00e1 una macha borrosa\u201d agreg\u00f3. De igual forma explic\u00f3 que con un telescopio se tendr\u00e1 una mejor visual del astro.\" \/>\n<meta property=\"og:url\" content=\"https:\/\/www.noticiasradioreflejos.com.ar\/2021\/el-cometa-verde-podra-verse-con-binoculares\/\" \/>\n<meta property=\"og:site_name\" content=\"Noticias Radio Reflejos\" \/>\n<meta property=\"article:published_time\" content=\"2023-02-06T15:28:24+00:00\" \/>\n<meta property=\"og:image\" content=\"https:\/\/www.noticiasradioreflejos.com.ar\/2021\/wp-content\/uploads\/2023\/02\/cometa.jpg\" \/>\n\t<meta property=\"og:image:width\" content=\"1024\" \/>\n\t<meta property=\"og:image:height\" content=\"683\" \/>\n\t<meta property=\"og:image:type\" content=\"image\/jpeg\" \/>\n<meta name=\"author\" content=\"Arnaldo Botto\" \/>\n<meta name=\"twitter:card\" content=\"summary_large_image\" \/>\n<script type=\"application\/ld+json\" class=\"yoast-schema-graph\">{\"@context\":\"https:\/\/schema.org\",\"@graph\":[{\"@type\":\"WebPage\",\"@id\":\"https:\/\/www.noticiasradioreflejos.com.ar\/2021\/el-cometa-verde-podra-verse-con-binoculares\/\",\"url\":\"https:\/\/www.noticiasradioreflejos.com.ar\/2021\/el-cometa-verde-podra-verse-con-binoculares\/\",\"name\":\"\u201cEl cometa verde podr\u00e1 verse con binoculares\u201d - Noticias Radio Reflejos\",\"isPartOf\":{\"@id\":\"https:\/\/www.noticiasradioreflejos.com.ar\/2021\/#website\"},\"primaryImageOfPage\":{\"@id\":\"https:\/\/www.noticiasradioreflejos.com.ar\/2021\/el-cometa-verde-podra-verse-con-binoculares\/#primaryimage\"},\"image\":{\"@id\":\"https:\/\/www.noticiasradioreflejos.com.ar\/2021\/el-cometa-verde-podra-verse-con-binoculares\/#primaryimage\"},\"thumbnailUrl\":\"https:\/\/www.noticiasradioreflejos.com.ar\/2021\/wp-content\/uploads\/2023\/02\/cometa.jpg\",\"datePublished\":\"2023-02-06T15:28:24+00:00\",\"author\":{\"@id\":\"https:\/\/www.noticiasradioreflejos.com.ar\/2021\/#\/schema\/person\/ad82545263dcc5ec0996818884fd5fb1\"},\"breadcrumb\":{\"@id\":\"https:\/\/www.noticiasradioreflejos.com.ar\/2021\/el-cometa-verde-podra-verse-con-binoculares\/#breadcrumb\"},\"inLanguage\":\"es\",\"potentialAction\":[{\"@type\":\"ReadAction\",\"target\":[\"https:\/\/www.noticiasradioreflejos.com.ar\/2021\/el-cometa-verde-podra-verse-con-binoculares\/\"]}]},{\"@type\":\"ImageObject\",\"inLanguage\":\"es\",\"@id\":\"https:\/\/www.noticiasradioreflejos.com.ar\/2021\/el-cometa-verde-podra-verse-con-binoculares\/#primaryimage\",\"url\":\"https:\/\/www.noticiasradioreflejos.com.ar\/2021\/wp-content\/uploads\/2023\/02\/cometa.jpg\",\"contentUrl\":\"https:\/\/www.noticiasradioreflejos.com.ar\/2021\/wp-content\/uploads\/2023\/02\/cometa.jpg\",\"width\":1024,\"height\":683},{\"@type\":\"BreadcrumbList\",\"@id\":\"https:\/\/www.noticiasradioreflejos.com.ar\/2021\/el-cometa-verde-podra-verse-con-binoculares\/#breadcrumb\",\"itemListElement\":[{\"@type\":\"ListItem\",\"position\":1,\"name\":\"Portada\",\"item\":\"https:\/\/www.noticiasradioreflejos.com.ar\/2021\/\"},{\"@type\":\"ListItem\",\"position\":2,\"name\":\"\u201cEl cometa verde podr\u00e1 verse con binoculares\u201d\"}]},{\"@type\":\"WebSite\",\"@id\":\"https:\/\/www.noticiasradioreflejos.com.ar\/2021\/#website\",\"url\":\"https:\/\/www.noticiasradioreflejos.com.ar\/2021\/\",\"name\":\"Noticias Radio Reflejos\",\"description\":\"Las noticias de mi comarca\",\"potentialAction\":[{\"@type\":\"SearchAction\",\"target\":{\"@type\":\"EntryPoint\",\"urlTemplate\":\"https:\/\/www.noticiasradioreflejos.com.ar\/2021\/?s={search_term_string}\"},\"query-input\":{\"@type\":\"PropertyValueSpecification\",\"valueRequired\":true,\"valueName\":\"search_term_string\"}}],\"inLanguage\":\"es\"},{\"@type\":\"Person\",\"@id\":\"https:\/\/www.noticiasradioreflejos.com.ar\/2021\/#\/schema\/person\/ad82545263dcc5ec0996818884fd5fb1\",\"name\":\"Arnaldo Botto\",\"image\":{\"@type\":\"ImageObject\",\"inLanguage\":\"es\",\"@id\":\"https:\/\/www.noticiasradioreflejos.com.ar\/2021\/#\/schema\/person\/image\/\",\"url\":\"https:\/\/secure.gravatar.com\/avatar\/55cb5e37c1efa326397366e6974cb338056df65cb50e7d64d1cf314e87504837?s=96&d=mm&r=g\",\"contentUrl\":\"https:\/\/secure.gravatar.com\/avatar\/55cb5e37c1efa326397366e6974cb338056df65cb50e7d64d1cf314e87504837?s=96&d=mm&r=g\",\"caption\":\"Arnaldo Botto\"},\"url\":\"https:\/\/www.noticiasradioreflejos.com.ar\/2021\/author\/arnaldo\/\"}]}<\/script>\n<!-- \/ Yoast SEO plugin. -->","yoast_head_json":{"title":"\u201cEl cometa verde podr\u00e1 verse con binoculares\u201d - Noticias Radio Reflejos","robots":{"index":"index","follow":"follow","max-snippet":"max-snippet:-1","max-image-preview":"max-image-preview:large","max-video-preview":"max-video-preview:-1"},"canonical":"https:\/\/www.noticiasradioreflejos.com.ar\/2021\/el-cometa-verde-podra-verse-con-binoculares\/","og_locale":"es_ES","og_type":"article","og_title":"\u201cEl cometa verde podr\u00e1 verse con binoculares\u201d - Noticias Radio Reflejos","og_description":"As\u00ed lo confirm\u00f3 el astr\u00f3nomo aficionado Alejandro Krieger. \u201cSer\u00e1 una macha borrosa\u201d agreg\u00f3. De igual forma explic\u00f3 que con un telescopio se tendr\u00e1 una mejor visual del astro.","og_url":"https:\/\/www.noticiasradioreflejos.com.ar\/2021\/el-cometa-verde-podra-verse-con-binoculares\/","og_site_name":"Noticias Radio Reflejos","article_published_time":"2023-02-06T15:28:24+00:00","og_image":[{"width":1024,"height":683,"url":"https:\/\/www.noticiasradioreflejos.com.ar\/2021\/wp-content\/uploads\/2023\/02\/cometa.jpg","type":"image\/jpeg"}],"author":"Arnaldo Botto","twitter_card":"summary_large_image","schema":{"@context":"https:\/\/schema.org","@graph":[{"@type":"WebPage","@id":"https:\/\/www.noticiasradioreflejos.com.ar\/2021\/el-cometa-verde-podra-verse-con-binoculares\/","url":"https:\/\/www.noticiasradioreflejos.com.ar\/2021\/el-cometa-verde-podra-verse-con-binoculares\/","name":"\u201cEl cometa verde podr\u00e1 verse con binoculares\u201d - Noticias Radio Reflejos","isPartOf":{"@id":"https:\/\/www.noticiasradioreflejos.com.ar\/2021\/#website"},"primaryImageOfPage":{"@id":"https:\/\/www.noticiasradioreflejos.com.ar\/2021\/el-cometa-verde-podra-verse-con-binoculares\/#primaryimage"},"image":{"@id":"https:\/\/www.noticiasradioreflejos.com.ar\/2021\/el-cometa-verde-podra-verse-con-binoculares\/#primaryimage"},"thumbnailUrl":"https:\/\/www.noticiasradioreflejos.com.ar\/2021\/wp-content\/uploads\/2023\/02\/cometa.jpg","datePublished":"2023-02-06T15:28:24+00:00","author":{"@id":"https:\/\/www.noticiasradioreflejos.com.ar\/2021\/#\/schema\/person\/ad82545263dcc5ec0996818884fd5fb1"},"breadcrumb":{"@id":"https:\/\/www.noticiasradioreflejos.com.ar\/2021\/el-cometa-verde-podra-verse-con-binoculares\/#breadcrumb"},"inLanguage":"es","potentialAction":[{"@type":"ReadAction","target":["https:\/\/www.noticiasradioreflejos.com.ar\/2021\/el-cometa-verde-podra-verse-con-binoculares\/"]}]},{"@type":"ImageObject","inLanguage":"es","@id":"https:\/\/www.noticiasradioreflejos.com.ar\/2021\/el-cometa-verde-podra-verse-con-binoculares\/#primaryimage","url":"https:\/\/www.noticiasradioreflejos.com.ar\/2021\/wp-content\/uploads\/2023\/02\/cometa.jpg","contentUrl":"https:\/\/www.noticiasradioreflejos.com.ar\/2021\/wp-content\/uploads\/2023\/02\/cometa.jpg","width":1024,"height":683},{"@type":"BreadcrumbList","@id":"https:\/\/www.noticiasradioreflejos.com.ar\/2021\/el-cometa-verde-podra-verse-con-binoculares\/#breadcrumb","itemListElement":[{"@type":"ListItem","position":1,"name":"Portada","item":"https:\/\/www.noticiasradioreflejos.com.ar\/2021\/"},{"@type":"ListItem","position":2,"name":"\u201cEl cometa verde podr\u00e1 verse con binoculares\u201d"}]},{"@type":"WebSite","@id":"https:\/\/www.noticiasradioreflejos.com.ar\/2021\/#website","url":"https:\/\/www.noticiasradioreflejos.com.ar\/2021\/","name":"Noticias Radio Reflejos","description":"Las noticias de mi comarca","potentialAction":[{"@type":"SearchAction","target":{"@type":"EntryPoint","urlTemplate":"https:\/\/www.noticiasradioreflejos.com.ar\/2021\/?s={search_term_string}"},"query-input":{"@type":"PropertyValueSpecification","valueRequired":true,"valueName":"search_term_string"}}],"inLanguage":"es"},{"@type":"Person","@id":"https:\/\/www.noticiasradioreflejos.com.ar\/2021\/#\/schema\/person\/ad82545263dcc5ec0996818884fd5fb1","name":"Arnaldo Botto","image":{"@type":"ImageObject","inLanguage":"es","@id":"https:\/\/www.noticiasradioreflejos.com.ar\/2021\/#\/schema\/person\/image\/","url":"https:\/\/secure.gravatar.com\/avatar\/55cb5e37c1efa326397366e6974cb338056df65cb50e7d64d1cf314e87504837?s=96&d=mm&r=g","contentUrl":"https:\/\/secure.gravatar.com\/avatar\/55cb5e37c1efa326397366e6974cb338056df65cb50e7d64d1cf314e87504837?s=96&d=mm&r=g","caption":"Arnaldo Botto"},"url":"https:\/\/www.noticiasradioreflejos.com.ar\/2021\/author\/arnaldo\/"}]}},"_links":{"self":[{"href":"https:\/\/www.noticiasradioreflejos.com.ar\/2021\/wp-json\/wp\/v2\/posts\/83667","targetHints":{"allow":["GET"]}}],"collection":[{"href":"https:\/\/www.noticiasradioreflejos.com.ar\/2021\/wp-json\/wp\/v2\/posts"}],"about":[{"href":"https:\/\/www.noticiasradioreflejos.com.ar\/2021\/wp-json\/wp\/v2\/types\/post"}],"author":[{"embeddable":true,"href":"https:\/\/www.noticiasradioreflejos.com.ar\/2021\/wp-json\/wp\/v2\/users\/3"}],"replies":[{"embeddable":true,"href":"https:\/\/www.noticiasradioreflejos.com.ar\/2021\/wp-json\/wp\/v2\/comments?post=83667"}],"version-history":[{"count":3,"href":"https:\/\/www.noticiasradioreflejos.com.ar\/2021\/wp-json\/wp\/v2\/posts\/83667\/revisions"}],"predecessor-version":[{"id":83675,"href":"https:\/\/www.noticiasradioreflejos.com.ar\/2021\/wp-json\/wp\/v2\/posts\/83667\/revisions\/83675"}],"wp:featuredmedia":[{"embeddable":true,"href":"https:\/\/www.noticiasradioreflejos.com.ar\/2021\/wp-json\/wp\/v2\/media\/83673"}],"wp:attachment":[{"href":"https:\/\/www.noticiasradioreflejos.com.ar\/2021\/wp-json\/wp\/v2\/media?parent=83667"}],"wp:term":[{"taxonomy":"category","embeddable":true,"href":"https:\/\/www.noticiasradioreflejos.com.ar\/2021\/wp-json\/wp\/v2\/categories?post=83667"},{"taxonomy":"post_tag","embeddable":true,"href":"https:\/\/www.noticiasradioreflejos.com.ar\/2021\/wp-json\/wp\/v2\/tags?post=83667"}],"curies":[{"name":"wp","href":"https:\/\/api.w.org\/{rel}","templated":true}]}}