{"id":83664,"date":"2023-02-06T14:28:32","date_gmt":"2023-02-06T14:28:32","guid":{"rendered":"https:\/\/www.noticiasradioreflejos.com.ar\/2021\/?p=83664"},"modified":"2023-02-06T14:28:32","modified_gmt":"2023-02-06T14:28:32","slug":"un-incendio-de-bosques-se-extiende-en-el-parque-nacional-los-alerces","status":"publish","type":"post","link":"https:\/\/www.noticiasradioreflejos.com.ar\/2021\/un-incendio-de-bosques-se-extiende-en-el-parque-nacional-los-alerces\/","title":{"rendered":"Un incendio de bosques se extiende en el Parque Nacional Los Alerces"},"content":{"rendered":"<p>El Secretario de Bosques del Chubut, Rodrigo Roveta, confirm\u00f3 hoy que \u00abel s\u00e1bado en horas de la noche se declar\u00f3 un incendio en el Parque Nacional Los Alerces que est\u00e1 fuera de control\u00bb sobre el extremo noroeste de este distrito.<!--more--><\/p>\n<p><a data-flickr-embed=\"true\" href=\"https:\/\/www.flickr.com\/photos\/182279889@N02\/52673085003\/in\/dateposted-public\/\" title=\"06-02-2023_el_secretario_de_bosques_del (1)\"><img loading=\"lazy\" decoding=\"async\" src=\"https:\/\/live.staticflickr.com\/65535\/52673085003_8a9616e33c_c.jpg\" width=\"800\" height=\"439\" alt=\"06-02-2023_el_secretario_de_bosques_del (1)\"><\/a><script async src=\"\/\/embedr.flickr.com\/assets\/client-code.js\" charset=\"utf-8\"><\/script><\/p>\n<p>El funcionario, en di\u00e1logo con T\u00e9lam, describi\u00f3 que \u00abel incendio se propag\u00f3 r\u00e1pidamente y ya se consumieron m\u00e1s de 300 hect\u00e1reas\u00bb de bosques nativos.<\/p>\n<p>Roveta reconoci\u00f3 que \u00ablas llamas tienen un importante avance, favorecidas por situaciones de sequ\u00eda y jornadas de calor intenso lo que hace que ya se traspasaran los l\u00edmites del Parque Nacional y se haya ingresado en nuestra jurisdicci\u00f3n, por lo que estamos trabajando de manera coordinada\u00bb.<\/p>\n<p>El secretario de Bosques admiti\u00f3 adem\u00e1s que \u00abno se reportaron da\u00f1os personales pero si se afectaron algunas viviendas rurales e infraestructura\u00bb.<\/p>\n<p>Por su parte, el jefe del servicio el\u00e9ctrico de esa comarca, Mauro Palma, confirm\u00f3 a T\u00e9lam que \u00ablamentablemente las llamas dejaron fuera de servicio el tendido el\u00e9ctrico\u00bb sobre la cabecera sur del Lago Futalaufquen, desperfecto que \u00abtardaremos unos cuantos d\u00edas en reparar\u00bb.<\/p>\n<p>A su vez, desde la intendencia del Parque Nacional Los Alerces (PNLA) pidieron a los turistas, que eviten transitar por la zona.<\/p>\n<p>Tambi\u00e9n se suspendieron las actividades n\u00e1uticas en algunos espejos desde donde operar\u00e1n los aviones hidrantes y los helic\u00f3pteros con helibaldes.<\/p>\n<p>En la zona se desplegaron 117 operarios para combatir las llamas, entre ellos bomberos que se desplegaron como fuerza de prevenci\u00f3n en complejos tur\u00edsticos y viviendas amenazadas por las llamas.<\/p>\n<p>\u00abVamos a pedir refuerzos extra regionales\u00bb, dijo Roveta, en referencia a brigadistas de otras comarcas de la Patagonia, teniendo en cuenta que no es el \u00fanico foco.<\/p>\n<p>Desde el \u00e1rea de defensa civil del Chubut se inform\u00f3 que \u00abse coordinan acciones con el PNLA, los municipios de Trevelin y Esquel, Bomberos Voluntarios de la comarca, Gendarmer\u00eda Nacional Argentina, polic\u00eda de la Provincia y Servicio Nacional de Manejo del Fuego, entre otros\u00bb.<\/p>\n<p>Fuentes oficiales indicaron que a primera hora de hoy se realiz\u00f3 una reuni\u00f3n ampliada que cont\u00f3 con la presencia del secretario de Bosques, Rodrigo Roveta, el intendente del PNLA, Hern\u00e1n Colomb, el jefe del Servicio Provincial de Manejo del Fuego, Abel Nievas y el director Nacional de Lucha Contra Incendios Forestales de Parques Nacionales, Ariel Amatehur.<\/p>\n<p>Adem\u00e1s, la Administraci\u00f3n de Vialidad Provincial (AVP) desplaz\u00f3 para la zona maquinaria pesada para la construcci\u00f3n de l\u00edneas cortafuegos, estrategia que forma parte del plan de combate.<\/p>\n","protected":false},"excerpt":{"rendered":"<p>El Secretario de Bosques del Chubut, Rodrigo Roveta, confirm\u00f3 hoy que \u00abel s\u00e1bado en horas de la noche se declar\u00f3 un incendio en el Parque Nacional Los Alerces que est\u00e1 fuera de control\u00bb sobre el extremo noroeste de este distrito.<\/p>\n","protected":false},"author":3,"featured_media":83665,"comment_status":"closed","ping_status":"closed","sticky":false,"template":"","format":"standard","meta":{"footnotes":""},"categories":[46,26,33],"tags":[],"class_list":["post-83664","post","type-post","status-publish","format-standard","has-post-thumbnail","hentry","category-ciencia-y-tecnologia","category-sociedad","category-turismo"],"yoast_head":"<!-- This site is optimized with the Yoast SEO plugin v25.9 - https:\/\/yoast.com\/wordpress\/plugins\/seo\/ -->\n<title>Un incendio de bosques se extiende en el Parque Nacional Los Alerces - Noticias Radio Reflejos<\/title>\n<meta name=\"robots\" content=\"index, follow, max-snippet:-1, max-image-preview:large, max-video-preview:-1\" \/>\n<link rel=\"canonical\" href=\"https:\/\/www.noticiasradioreflejos.com.ar\/2021\/un-incendio-de-bosques-se-extiende-en-el-parque-nacional-los-alerces\/\" \/>\n<meta property=\"og:locale\" content=\"es_ES\" \/>\n<meta property=\"og:type\" content=\"article\" \/>\n<meta property=\"og:title\" content=\"Un incendio de bosques se extiende en el Parque Nacional Los Alerces - Noticias Radio Reflejos\" \/>\n<meta property=\"og:description\" content=\"El Secretario de Bosques del Chubut, Rodrigo Roveta, confirm\u00f3 hoy que \u00abel s\u00e1bado en horas de la noche se declar\u00f3 un incendio en el Parque Nacional Los Alerces que est\u00e1 fuera de control\u00bb sobre el extremo noroeste de este distrito.\" \/>\n<meta property=\"og:url\" content=\"https:\/\/www.noticiasradioreflejos.com.ar\/2021\/un-incendio-de-bosques-se-extiende-en-el-parque-nacional-los-alerces\/\" \/>\n<meta property=\"og:site_name\" content=\"Noticias Radio Reflejos\" \/>\n<meta property=\"article:published_time\" content=\"2023-02-06T14:28:32+00:00\" \/>\n<meta property=\"og:image\" content=\"https:\/\/www.noticiasradioreflejos.com.ar\/2021\/wp-content\/uploads\/2023\/02\/06-02-2023_el_secretario_de_bosques_del-1.jpg\" \/>\n\t<meta property=\"og:image:width\" content=\"1901\" \/>\n\t<meta property=\"og:image:height\" content=\"1042\" \/>\n\t<meta property=\"og:image:type\" content=\"image\/jpeg\" \/>\n<meta name=\"author\" content=\"Arnaldo Botto\" \/>\n<meta name=\"twitter:card\" content=\"summary_large_image\" \/>\n<script type=\"application\/ld+json\" class=\"yoast-schema-graph\">{\"@context\":\"https:\/\/schema.org\",\"@graph\":[{\"@type\":\"WebPage\",\"@id\":\"https:\/\/www.noticiasradioreflejos.com.ar\/2021\/un-incendio-de-bosques-se-extiende-en-el-parque-nacional-los-alerces\/\",\"url\":\"https:\/\/www.noticiasradioreflejos.com.ar\/2021\/un-incendio-de-bosques-se-extiende-en-el-parque-nacional-los-alerces\/\",\"name\":\"Un incendio de bosques se extiende en el Parque Nacional Los Alerces - Noticias Radio Reflejos\",\"isPartOf\":{\"@id\":\"https:\/\/www.noticiasradioreflejos.com.ar\/2021\/#website\"},\"primaryImageOfPage\":{\"@id\":\"https:\/\/www.noticiasradioreflejos.com.ar\/2021\/un-incendio-de-bosques-se-extiende-en-el-parque-nacional-los-alerces\/#primaryimage\"},\"image\":{\"@id\":\"https:\/\/www.noticiasradioreflejos.com.ar\/2021\/un-incendio-de-bosques-se-extiende-en-el-parque-nacional-los-alerces\/#primaryimage\"},\"thumbnailUrl\":\"https:\/\/www.noticiasradioreflejos.com.ar\/2021\/wp-content\/uploads\/2023\/02\/06-02-2023_el_secretario_de_bosques_del-1.jpg\",\"datePublished\":\"2023-02-06T14:28:32+00:00\",\"author\":{\"@id\":\"https:\/\/www.noticiasradioreflejos.com.ar\/2021\/#\/schema\/person\/ad82545263dcc5ec0996818884fd5fb1\"},\"breadcrumb\":{\"@id\":\"https:\/\/www.noticiasradioreflejos.com.ar\/2021\/un-incendio-de-bosques-se-extiende-en-el-parque-nacional-los-alerces\/#breadcrumb\"},\"inLanguage\":\"es\",\"potentialAction\":[{\"@type\":\"ReadAction\",\"target\":[\"https:\/\/www.noticiasradioreflejos.com.ar\/2021\/un-incendio-de-bosques-se-extiende-en-el-parque-nacional-los-alerces\/\"]}]},{\"@type\":\"ImageObject\",\"inLanguage\":\"es\",\"@id\":\"https:\/\/www.noticiasradioreflejos.com.ar\/2021\/un-incendio-de-bosques-se-extiende-en-el-parque-nacional-los-alerces\/#primaryimage\",\"url\":\"https:\/\/www.noticiasradioreflejos.com.ar\/2021\/wp-content\/uploads\/2023\/02\/06-02-2023_el_secretario_de_bosques_del-1.jpg\",\"contentUrl\":\"https:\/\/www.noticiasradioreflejos.com.ar\/2021\/wp-content\/uploads\/2023\/02\/06-02-2023_el_secretario_de_bosques_del-1.jpg\",\"width\":1901,\"height\":1042},{\"@type\":\"BreadcrumbList\",\"@id\":\"https:\/\/www.noticiasradioreflejos.com.ar\/2021\/un-incendio-de-bosques-se-extiende-en-el-parque-nacional-los-alerces\/#breadcrumb\",\"itemListElement\":[{\"@type\":\"ListItem\",\"position\":1,\"name\":\"Portada\",\"item\":\"https:\/\/www.noticiasradioreflejos.com.ar\/2021\/\"},{\"@type\":\"ListItem\",\"position\":2,\"name\":\"Un incendio de bosques se extiende en el Parque Nacional Los Alerces\"}]},{\"@type\":\"WebSite\",\"@id\":\"https:\/\/www.noticiasradioreflejos.com.ar\/2021\/#website\",\"url\":\"https:\/\/www.noticiasradioreflejos.com.ar\/2021\/\",\"name\":\"Noticias Radio Reflejos\",\"description\":\"Las noticias de mi comarca\",\"potentialAction\":[{\"@type\":\"SearchAction\",\"target\":{\"@type\":\"EntryPoint\",\"urlTemplate\":\"https:\/\/www.noticiasradioreflejos.com.ar\/2021\/?s={search_term_string}\"},\"query-input\":{\"@type\":\"PropertyValueSpecification\",\"valueRequired\":true,\"valueName\":\"search_term_string\"}}],\"inLanguage\":\"es\"},{\"@type\":\"Person\",\"@id\":\"https:\/\/www.noticiasradioreflejos.com.ar\/2021\/#\/schema\/person\/ad82545263dcc5ec0996818884fd5fb1\",\"name\":\"Arnaldo Botto\",\"image\":{\"@type\":\"ImageObject\",\"inLanguage\":\"es\",\"@id\":\"https:\/\/www.noticiasradioreflejos.com.ar\/2021\/#\/schema\/person\/image\/\",\"url\":\"https:\/\/secure.gravatar.com\/avatar\/55cb5e37c1efa326397366e6974cb338056df65cb50e7d64d1cf314e87504837?s=96&d=mm&r=g\",\"contentUrl\":\"https:\/\/secure.gravatar.com\/avatar\/55cb5e37c1efa326397366e6974cb338056df65cb50e7d64d1cf314e87504837?s=96&d=mm&r=g\",\"caption\":\"Arnaldo Botto\"},\"url\":\"https:\/\/www.noticiasradioreflejos.com.ar\/2021\/author\/arnaldo\/\"}]}<\/script>\n<!-- \/ Yoast SEO plugin. -->","yoast_head_json":{"title":"Un incendio de bosques se extiende en el Parque Nacional Los Alerces - Noticias Radio Reflejos","robots":{"index":"index","follow":"follow","max-snippet":"max-snippet:-1","max-image-preview":"max-image-preview:large","max-video-preview":"max-video-preview:-1"},"canonical":"https:\/\/www.noticiasradioreflejos.com.ar\/2021\/un-incendio-de-bosques-se-extiende-en-el-parque-nacional-los-alerces\/","og_locale":"es_ES","og_type":"article","og_title":"Un incendio de bosques se extiende en el Parque Nacional Los Alerces - Noticias Radio Reflejos","og_description":"El Secretario de Bosques del Chubut, Rodrigo Roveta, confirm\u00f3 hoy que \u00abel s\u00e1bado en horas de la noche se declar\u00f3 un incendio en el Parque Nacional Los Alerces que est\u00e1 fuera de control\u00bb sobre el extremo noroeste de este distrito.","og_url":"https:\/\/www.noticiasradioreflejos.com.ar\/2021\/un-incendio-de-bosques-se-extiende-en-el-parque-nacional-los-alerces\/","og_site_name":"Noticias Radio Reflejos","article_published_time":"2023-02-06T14:28:32+00:00","og_image":[{"width":1901,"height":1042,"url":"https:\/\/www.noticiasradioreflejos.com.ar\/2021\/wp-content\/uploads\/2023\/02\/06-02-2023_el_secretario_de_bosques_del-1.jpg","type":"image\/jpeg"}],"author":"Arnaldo Botto","twitter_card":"summary_large_image","schema":{"@context":"https:\/\/schema.org","@graph":[{"@type":"WebPage","@id":"https:\/\/www.noticiasradioreflejos.com.ar\/2021\/un-incendio-de-bosques-se-extiende-en-el-parque-nacional-los-alerces\/","url":"https:\/\/www.noticiasradioreflejos.com.ar\/2021\/un-incendio-de-bosques-se-extiende-en-el-parque-nacional-los-alerces\/","name":"Un incendio de bosques se extiende en el Parque Nacional Los Alerces - Noticias Radio Reflejos","isPartOf":{"@id":"https:\/\/www.noticiasradioreflejos.com.ar\/2021\/#website"},"primaryImageOfPage":{"@id":"https:\/\/www.noticiasradioreflejos.com.ar\/2021\/un-incendio-de-bosques-se-extiende-en-el-parque-nacional-los-alerces\/#primaryimage"},"image":{"@id":"https:\/\/www.noticiasradioreflejos.com.ar\/2021\/un-incendio-de-bosques-se-extiende-en-el-parque-nacional-los-alerces\/#primaryimage"},"thumbnailUrl":"https:\/\/www.noticiasradioreflejos.com.ar\/2021\/wp-content\/uploads\/2023\/02\/06-02-2023_el_secretario_de_bosques_del-1.jpg","datePublished":"2023-02-06T14:28:32+00:00","author":{"@id":"https:\/\/www.noticiasradioreflejos.com.ar\/2021\/#\/schema\/person\/ad82545263dcc5ec0996818884fd5fb1"},"breadcrumb":{"@id":"https:\/\/www.noticiasradioreflejos.com.ar\/2021\/un-incendio-de-bosques-se-extiende-en-el-parque-nacional-los-alerces\/#breadcrumb"},"inLanguage":"es","potentialAction":[{"@type":"ReadAction","target":["https:\/\/www.noticiasradioreflejos.com.ar\/2021\/un-incendio-de-bosques-se-extiende-en-el-parque-nacional-los-alerces\/"]}]},{"@type":"ImageObject","inLanguage":"es","@id":"https:\/\/www.noticiasradioreflejos.com.ar\/2021\/un-incendio-de-bosques-se-extiende-en-el-parque-nacional-los-alerces\/#primaryimage","url":"https:\/\/www.noticiasradioreflejos.com.ar\/2021\/wp-content\/uploads\/2023\/02\/06-02-2023_el_secretario_de_bosques_del-1.jpg","contentUrl":"https:\/\/www.noticiasradioreflejos.com.ar\/2021\/wp-content\/uploads\/2023\/02\/06-02-2023_el_secretario_de_bosques_del-1.jpg","width":1901,"height":1042},{"@type":"BreadcrumbList","@id":"https:\/\/www.noticiasradioreflejos.com.ar\/2021\/un-incendio-de-bosques-se-extiende-en-el-parque-nacional-los-alerces\/#breadcrumb","itemListElement":[{"@type":"ListItem","position":1,"name":"Portada","item":"https:\/\/www.noticiasradioreflejos.com.ar\/2021\/"},{"@type":"ListItem","position":2,"name":"Un incendio de bosques se extiende en el Parque Nacional Los Alerces"}]},{"@type":"WebSite","@id":"https:\/\/www.noticiasradioreflejos.com.ar\/2021\/#website","url":"https:\/\/www.noticiasradioreflejos.com.ar\/2021\/","name":"Noticias Radio Reflejos","description":"Las noticias de mi comarca","potentialAction":[{"@type":"SearchAction","target":{"@type":"EntryPoint","urlTemplate":"https:\/\/www.noticiasradioreflejos.com.ar\/2021\/?s={search_term_string}"},"query-input":{"@type":"PropertyValueSpecification","valueRequired":true,"valueName":"search_term_string"}}],"inLanguage":"es"},{"@type":"Person","@id":"https:\/\/www.noticiasradioreflejos.com.ar\/2021\/#\/schema\/person\/ad82545263dcc5ec0996818884fd5fb1","name":"Arnaldo Botto","image":{"@type":"ImageObject","inLanguage":"es","@id":"https:\/\/www.noticiasradioreflejos.com.ar\/2021\/#\/schema\/person\/image\/","url":"https:\/\/secure.gravatar.com\/avatar\/55cb5e37c1efa326397366e6974cb338056df65cb50e7d64d1cf314e87504837?s=96&d=mm&r=g","contentUrl":"https:\/\/secure.gravatar.com\/avatar\/55cb5e37c1efa326397366e6974cb338056df65cb50e7d64d1cf314e87504837?s=96&d=mm&r=g","caption":"Arnaldo Botto"},"url":"https:\/\/www.noticiasradioreflejos.com.ar\/2021\/author\/arnaldo\/"}]}},"_links":{"self":[{"href":"https:\/\/www.noticiasradioreflejos.com.ar\/2021\/wp-json\/wp\/v2\/posts\/83664","targetHints":{"allow":["GET"]}}],"collection":[{"href":"https:\/\/www.noticiasradioreflejos.com.ar\/2021\/wp-json\/wp\/v2\/posts"}],"about":[{"href":"https:\/\/www.noticiasradioreflejos.com.ar\/2021\/wp-json\/wp\/v2\/types\/post"}],"author":[{"embeddable":true,"href":"https:\/\/www.noticiasradioreflejos.com.ar\/2021\/wp-json\/wp\/v2\/users\/3"}],"replies":[{"embeddable":true,"href":"https:\/\/www.noticiasradioreflejos.com.ar\/2021\/wp-json\/wp\/v2\/comments?post=83664"}],"version-history":[{"count":1,"href":"https:\/\/www.noticiasradioreflejos.com.ar\/2021\/wp-json\/wp\/v2\/posts\/83664\/revisions"}],"predecessor-version":[{"id":83666,"href":"https:\/\/www.noticiasradioreflejos.com.ar\/2021\/wp-json\/wp\/v2\/posts\/83664\/revisions\/83666"}],"wp:featuredmedia":[{"embeddable":true,"href":"https:\/\/www.noticiasradioreflejos.com.ar\/2021\/wp-json\/wp\/v2\/media\/83665"}],"wp:attachment":[{"href":"https:\/\/www.noticiasradioreflejos.com.ar\/2021\/wp-json\/wp\/v2\/media?parent=83664"}],"wp:term":[{"taxonomy":"category","embeddable":true,"href":"https:\/\/www.noticiasradioreflejos.com.ar\/2021\/wp-json\/wp\/v2\/categories?post=83664"},{"taxonomy":"post_tag","embeddable":true,"href":"https:\/\/www.noticiasradioreflejos.com.ar\/2021\/wp-json\/wp\/v2\/tags?post=83664"}],"curies":[{"name":"wp","href":"https:\/\/api.w.org\/{rel}","templated":true}]}}