{"id":83659,"date":"2023-02-06T15:17:24","date_gmt":"2023-02-06T15:17:24","guid":{"rendered":"https:\/\/www.noticiasradioreflejos.com.ar\/2021\/?p=83659"},"modified":"2023-02-06T15:17:24","modified_gmt":"2023-02-06T15:17:24","slug":"se-viene-la-quinta-edicion-de-la-playa-de-luna-y-blanco-en-el-club-de-pesca-de-tornquist","status":"publish","type":"post","link":"https:\/\/www.noticiasradioreflejos.com.ar\/2021\/se-viene-la-quinta-edicion-de-la-playa-de-luna-y-blanco-en-el-club-de-pesca-de-tornquist\/","title":{"rendered":"Se viene la quinta edici\u00f3n de la playa de Luna y Blanco en el Club de Pesca de Tornquist"},"content":{"rendered":"<p>Habr\u00e1 muchas actividades, patios de comida, shows en vivo y cerrar\u00e1 la jornada Grupo Universitario. \u201cLa fiesta de reyes tuvo mucha convocatoria y esperamos que pase lo mismo con esta\u201d afirm\u00f3 Guillermina Mutti.<!--more--><\/p>\n<p><a title=\"luna y blanco\" href=\"https:\/\/www.flickr.com\/photos\/182279889@N02\/52672672211\/in\/dateposted-public\/\" data-flickr-embed=\"true\"><img loading=\"lazy\" decoding=\"async\" src=\"https:\/\/live.staticflickr.com\/65535\/52672672211_6bf537257f_c.jpg\" alt=\"luna y blanco\" width=\"800\" height=\"179\" \/><\/a><\/p>\n<p>&nbsp;<\/p>\n<p>El Club de Pesca de Tornquist contin\u00faa trabajando, en un verano que se ha mostrado m\u00e1s que satisfactorio para todos los integrantes de su comisi\u00f3n directiva.<\/p>\n<p>Seg\u00fan mencion\u00f3 Guillermina Mutti, una de sus representantes, \u201cestamos pensando en esta quinta edici\u00f3n de la playa de Luna y Blanco. La del 2020 la pudimos realizar pero no as\u00ed la del 2021 porque algunas actividades no estaban permitidas. Siempre le buscamos alternativas. La fiesta de reyes tuvo mucha convocatoria y esperamos que pase lo mismo con esta\u201d.<\/p>\n<p>Seg\u00fan reconoci\u00f3, \u201cha sido una temporada muy buena. Acompa\u00f1\u00f3 el clima. Tuvimos un enero de verano. Ven\u00edamos con eneros m\u00e1s primaverales. La laguna ha sido muy buena opci\u00f3n. Agregamos los toboganes y los chicos los disfrutaron mucho. La laguna est\u00e1 muy linda, se presenta muy prolija\u201d.<\/p>\n<p>En detalle, expres\u00f3 que \u201clos fines de semana, desde el viernes al lunes, se nota el incremento de la afluencia, sobre todo los s\u00e1bados y los domingos. En los dem\u00e1s d\u00edas queda un poco m\u00e1s tranquila, pero todos los fines de semana vienen siendo muy buenos\u201d.<\/p>\n<p>Volviendo a lo que acontecer\u00e1 este fin de semana, Mutti coment\u00f3 que dentro de las actividades \u201clos nadadores que hicieron el desaf\u00edo en diciembre, dejaron la puerta abierta para hacer otro evento con una invitaci\u00f3n m\u00e1s amplia, donde vendr\u00e1 gente de Bah\u00eda, La Pampa, de Pig\u00fc\u00e9\u2026 m\u00e1s all\u00e1 de los locales. Van hasta el club de pesca de Saavedra y vuelven. Y habr\u00e1 gente acompa\u00f1\u00e1ndolos en kayak\u201d.<\/p>\n<p>En otro apartado, asegur\u00f3 que \u201cel camino est\u00e1 transitable. Desde Colonia San Mart\u00edn, en la ruta 33, hasta la laguna, son 20 kil\u00f3metros. Siempre depende de la \u00e9poca, el tr\u00e1nsito de los camiones que van a la cantera, si llueve mucho\u2026 de todas maneras hoy est\u00e1 transitable\u201d.<\/p>\n<p>Por \u00faltimo, y remarcando todo lo que se ver\u00e1 en la fiesta, Guillermina coment\u00f3 que \u201cel fin de semana tendremos m\u00fasica desde temprano. Habr\u00e1 DJ, tambi\u00e9n aquagym. A eso de las 18 est\u00e1 previsto el desaf\u00edo de los nadadores. Y despu\u00e9s habr\u00e1 patio de comidas, tragos, todo lo que ofrece la cantina, la comisi\u00f3n directiva ofrece otro patio de comidas y habr\u00e1 shows en vivo, cerrando el Grupo Universitario\u201d.<\/p>\n<p>Sobre costos, \u201cen esta edici\u00f3n los socios no pagan. Si no son socios, pagan $500 pesos la entrada los mayores de 13 a\u00f1os. En tanto que las casillas, por d\u00eda para los no socios, est\u00e1 $500. Los fogones tambi\u00e9n tienen un alquiler de $500 para los no socios\u201d.<\/p>\n<p>&nbsp;<\/p>\n<p><iframe loading=\"lazy\" src=\"https:\/\/w.soundcloud.com\/player\/?url=https%3A\/\/api.soundcloud.com\/tracks\/1440881221&amp;color=%23ff5500&amp;auto_play=false&amp;hide_related=false&amp;show_comments=true&amp;show_user=true&amp;show_reposts=false&amp;show_teaser=true\" width=\"100%\" height=\"166\" frameborder=\"no\" scrolling=\"no\"><\/iframe><\/p>\n<div style=\"font-size: 10px; color: #cccccc; line-break: anywhere; word-break: normal; overflow: hidden; white-space: nowrap; text-overflow: ellipsis; font-family: Interstate,Lucida Grande,Lucida Sans Unicode,Lucida Sans,Garuda,Verdana,Tahoma,sans-serif; font-weight: 100;\"><a style=\"color: #cccccc; text-decoration: none;\" title=\"fmreflejos 103.7\" href=\"https:\/\/soundcloud.com\/fmreflejos-103-7\" target=\"_blank\" rel=\"noopener\">fmreflejos 103.7<\/a> \u00b7 <a style=\"color: #cccccc; text-decoration: none;\" title=\"Guillermina Mutti\" href=\"https:\/\/soundcloud.com\/fmreflejos-103-7\/guillermina-mutti-3\" target=\"_blank\" rel=\"noopener\">Guillermina Mutti<\/a><\/div>\n","protected":false},"excerpt":{"rendered":"<p>Habr\u00e1 muchas actividades, patios de comida, shows en vivo y cerrar\u00e1 la jornada Grupo Universitario. \u201cLa fiesta de reyes tuvo mucha convocatoria y esperamos que pase lo mismo con esta\u201d afirm\u00f3 Guillermina Mutti.<\/p>\n","protected":false},"author":3,"featured_media":0,"comment_status":"closed","ping_status":"closed","sticky":false,"template":"","format":"standard","meta":{"footnotes":""},"categories":[26,33],"tags":[48],"class_list":["post-83659","post","type-post","status-publish","format-standard","hentry","category-sociedad","category-turismo","tag-destacada"],"yoast_head":"<!-- This site is optimized with the Yoast SEO plugin v25.9 - https:\/\/yoast.com\/wordpress\/plugins\/seo\/ -->\n<title>Se viene la quinta edici\u00f3n de la playa de Luna y Blanco en el Club de Pesca de Tornquist - Noticias Radio Reflejos<\/title>\n<meta name=\"robots\" content=\"index, follow, max-snippet:-1, max-image-preview:large, max-video-preview:-1\" \/>\n<link rel=\"canonical\" href=\"https:\/\/www.noticiasradioreflejos.com.ar\/2021\/se-viene-la-quinta-edicion-de-la-playa-de-luna-y-blanco-en-el-club-de-pesca-de-tornquist\/\" \/>\n<meta property=\"og:locale\" content=\"es_ES\" \/>\n<meta property=\"og:type\" content=\"article\" \/>\n<meta property=\"og:title\" content=\"Se viene la quinta edici\u00f3n de la playa de Luna y Blanco en el Club de Pesca de Tornquist - Noticias Radio Reflejos\" \/>\n<meta property=\"og:description\" content=\"Habr\u00e1 muchas actividades, patios de comida, shows en vivo y cerrar\u00e1 la jornada Grupo Universitario. \u201cLa fiesta de reyes tuvo mucha convocatoria y esperamos que pase lo mismo con esta\u201d afirm\u00f3 Guillermina Mutti.\" \/>\n<meta property=\"og:url\" content=\"https:\/\/www.noticiasradioreflejos.com.ar\/2021\/se-viene-la-quinta-edicion-de-la-playa-de-luna-y-blanco-en-el-club-de-pesca-de-tornquist\/\" \/>\n<meta property=\"og:site_name\" content=\"Noticias Radio Reflejos\" \/>\n<meta property=\"article:published_time\" content=\"2023-02-06T15:17:24+00:00\" \/>\n<meta property=\"og:image\" content=\"https:\/\/live.staticflickr.com\/65535\/52672672211_6bf537257f_c.jpg\" \/>\n<meta name=\"author\" content=\"Arnaldo Botto\" \/>\n<meta name=\"twitter:card\" content=\"summary_large_image\" \/>\n<script type=\"application\/ld+json\" class=\"yoast-schema-graph\">{\"@context\":\"https:\/\/schema.org\",\"@graph\":[{\"@type\":\"WebPage\",\"@id\":\"https:\/\/www.noticiasradioreflejos.com.ar\/2021\/se-viene-la-quinta-edicion-de-la-playa-de-luna-y-blanco-en-el-club-de-pesca-de-tornquist\/\",\"url\":\"https:\/\/www.noticiasradioreflejos.com.ar\/2021\/se-viene-la-quinta-edicion-de-la-playa-de-luna-y-blanco-en-el-club-de-pesca-de-tornquist\/\",\"name\":\"Se viene la quinta edici\u00f3n de la playa de Luna y Blanco en el Club de Pesca de Tornquist - Noticias Radio Reflejos\",\"isPartOf\":{\"@id\":\"https:\/\/www.noticiasradioreflejos.com.ar\/2021\/#website\"},\"primaryImageOfPage\":{\"@id\":\"https:\/\/www.noticiasradioreflejos.com.ar\/2021\/se-viene-la-quinta-edicion-de-la-playa-de-luna-y-blanco-en-el-club-de-pesca-de-tornquist\/#primaryimage\"},\"image\":{\"@id\":\"https:\/\/www.noticiasradioreflejos.com.ar\/2021\/se-viene-la-quinta-edicion-de-la-playa-de-luna-y-blanco-en-el-club-de-pesca-de-tornquist\/#primaryimage\"},\"thumbnailUrl\":\"https:\/\/live.staticflickr.com\/65535\/52672672211_6bf537257f_c.jpg\",\"datePublished\":\"2023-02-06T15:17:24+00:00\",\"author\":{\"@id\":\"https:\/\/www.noticiasradioreflejos.com.ar\/2021\/#\/schema\/person\/ad82545263dcc5ec0996818884fd5fb1\"},\"breadcrumb\":{\"@id\":\"https:\/\/www.noticiasradioreflejos.com.ar\/2021\/se-viene-la-quinta-edicion-de-la-playa-de-luna-y-blanco-en-el-club-de-pesca-de-tornquist\/#breadcrumb\"},\"inLanguage\":\"es\",\"potentialAction\":[{\"@type\":\"ReadAction\",\"target\":[\"https:\/\/www.noticiasradioreflejos.com.ar\/2021\/se-viene-la-quinta-edicion-de-la-playa-de-luna-y-blanco-en-el-club-de-pesca-de-tornquist\/\"]}]},{\"@type\":\"ImageObject\",\"inLanguage\":\"es\",\"@id\":\"https:\/\/www.noticiasradioreflejos.com.ar\/2021\/se-viene-la-quinta-edicion-de-la-playa-de-luna-y-blanco-en-el-club-de-pesca-de-tornquist\/#primaryimage\",\"url\":\"https:\/\/live.staticflickr.com\/65535\/52672672211_6bf537257f_c.jpg\",\"contentUrl\":\"https:\/\/live.staticflickr.com\/65535\/52672672211_6bf537257f_c.jpg\"},{\"@type\":\"BreadcrumbList\",\"@id\":\"https:\/\/www.noticiasradioreflejos.com.ar\/2021\/se-viene-la-quinta-edicion-de-la-playa-de-luna-y-blanco-en-el-club-de-pesca-de-tornquist\/#breadcrumb\",\"itemListElement\":[{\"@type\":\"ListItem\",\"position\":1,\"name\":\"Portada\",\"item\":\"https:\/\/www.noticiasradioreflejos.com.ar\/2021\/\"},{\"@type\":\"ListItem\",\"position\":2,\"name\":\"Se viene la quinta edici\u00f3n de la playa de Luna y Blanco en el Club de Pesca de Tornquist\"}]},{\"@type\":\"WebSite\",\"@id\":\"https:\/\/www.noticiasradioreflejos.com.ar\/2021\/#website\",\"url\":\"https:\/\/www.noticiasradioreflejos.com.ar\/2021\/\",\"name\":\"Noticias Radio Reflejos\",\"description\":\"Las noticias de mi comarca\",\"potentialAction\":[{\"@type\":\"SearchAction\",\"target\":{\"@type\":\"EntryPoint\",\"urlTemplate\":\"https:\/\/www.noticiasradioreflejos.com.ar\/2021\/?s={search_term_string}\"},\"query-input\":{\"@type\":\"PropertyValueSpecification\",\"valueRequired\":true,\"valueName\":\"search_term_string\"}}],\"inLanguage\":\"es\"},{\"@type\":\"Person\",\"@id\":\"https:\/\/www.noticiasradioreflejos.com.ar\/2021\/#\/schema\/person\/ad82545263dcc5ec0996818884fd5fb1\",\"name\":\"Arnaldo Botto\",\"image\":{\"@type\":\"ImageObject\",\"inLanguage\":\"es\",\"@id\":\"https:\/\/www.noticiasradioreflejos.com.ar\/2021\/#\/schema\/person\/image\/\",\"url\":\"https:\/\/secure.gravatar.com\/avatar\/55cb5e37c1efa326397366e6974cb338056df65cb50e7d64d1cf314e87504837?s=96&d=mm&r=g\",\"contentUrl\":\"https:\/\/secure.gravatar.com\/avatar\/55cb5e37c1efa326397366e6974cb338056df65cb50e7d64d1cf314e87504837?s=96&d=mm&r=g\",\"caption\":\"Arnaldo Botto\"},\"url\":\"https:\/\/www.noticiasradioreflejos.com.ar\/2021\/author\/arnaldo\/\"}]}<\/script>\n<!-- \/ Yoast SEO plugin. -->","yoast_head_json":{"title":"Se viene la quinta edici\u00f3n de la playa de Luna y Blanco en el Club de Pesca de Tornquist - Noticias Radio Reflejos","robots":{"index":"index","follow":"follow","max-snippet":"max-snippet:-1","max-image-preview":"max-image-preview:large","max-video-preview":"max-video-preview:-1"},"canonical":"https:\/\/www.noticiasradioreflejos.com.ar\/2021\/se-viene-la-quinta-edicion-de-la-playa-de-luna-y-blanco-en-el-club-de-pesca-de-tornquist\/","og_locale":"es_ES","og_type":"article","og_title":"Se viene la quinta edici\u00f3n de la playa de Luna y Blanco en el Club de Pesca de Tornquist - Noticias Radio Reflejos","og_description":"Habr\u00e1 muchas actividades, patios de comida, shows en vivo y cerrar\u00e1 la jornada Grupo Universitario. \u201cLa fiesta de reyes tuvo mucha convocatoria y esperamos que pase lo mismo con esta\u201d afirm\u00f3 Guillermina Mutti.","og_url":"https:\/\/www.noticiasradioreflejos.com.ar\/2021\/se-viene-la-quinta-edicion-de-la-playa-de-luna-y-blanco-en-el-club-de-pesca-de-tornquist\/","og_site_name":"Noticias Radio Reflejos","article_published_time":"2023-02-06T15:17:24+00:00","og_image":[{"url":"https:\/\/live.staticflickr.com\/65535\/52672672211_6bf537257f_c.jpg","type":"","width":"","height":""}],"author":"Arnaldo Botto","twitter_card":"summary_large_image","schema":{"@context":"https:\/\/schema.org","@graph":[{"@type":"WebPage","@id":"https:\/\/www.noticiasradioreflejos.com.ar\/2021\/se-viene-la-quinta-edicion-de-la-playa-de-luna-y-blanco-en-el-club-de-pesca-de-tornquist\/","url":"https:\/\/www.noticiasradioreflejos.com.ar\/2021\/se-viene-la-quinta-edicion-de-la-playa-de-luna-y-blanco-en-el-club-de-pesca-de-tornquist\/","name":"Se viene la quinta edici\u00f3n de la playa de Luna y Blanco en el Club de Pesca de Tornquist - Noticias Radio Reflejos","isPartOf":{"@id":"https:\/\/www.noticiasradioreflejos.com.ar\/2021\/#website"},"primaryImageOfPage":{"@id":"https:\/\/www.noticiasradioreflejos.com.ar\/2021\/se-viene-la-quinta-edicion-de-la-playa-de-luna-y-blanco-en-el-club-de-pesca-de-tornquist\/#primaryimage"},"image":{"@id":"https:\/\/www.noticiasradioreflejos.com.ar\/2021\/se-viene-la-quinta-edicion-de-la-playa-de-luna-y-blanco-en-el-club-de-pesca-de-tornquist\/#primaryimage"},"thumbnailUrl":"https:\/\/live.staticflickr.com\/65535\/52672672211_6bf537257f_c.jpg","datePublished":"2023-02-06T15:17:24+00:00","author":{"@id":"https:\/\/www.noticiasradioreflejos.com.ar\/2021\/#\/schema\/person\/ad82545263dcc5ec0996818884fd5fb1"},"breadcrumb":{"@id":"https:\/\/www.noticiasradioreflejos.com.ar\/2021\/se-viene-la-quinta-edicion-de-la-playa-de-luna-y-blanco-en-el-club-de-pesca-de-tornquist\/#breadcrumb"},"inLanguage":"es","potentialAction":[{"@type":"ReadAction","target":["https:\/\/www.noticiasradioreflejos.com.ar\/2021\/se-viene-la-quinta-edicion-de-la-playa-de-luna-y-blanco-en-el-club-de-pesca-de-tornquist\/"]}]},{"@type":"ImageObject","inLanguage":"es","@id":"https:\/\/www.noticiasradioreflejos.com.ar\/2021\/se-viene-la-quinta-edicion-de-la-playa-de-luna-y-blanco-en-el-club-de-pesca-de-tornquist\/#primaryimage","url":"https:\/\/live.staticflickr.com\/65535\/52672672211_6bf537257f_c.jpg","contentUrl":"https:\/\/live.staticflickr.com\/65535\/52672672211_6bf537257f_c.jpg"},{"@type":"BreadcrumbList","@id":"https:\/\/www.noticiasradioreflejos.com.ar\/2021\/se-viene-la-quinta-edicion-de-la-playa-de-luna-y-blanco-en-el-club-de-pesca-de-tornquist\/#breadcrumb","itemListElement":[{"@type":"ListItem","position":1,"name":"Portada","item":"https:\/\/www.noticiasradioreflejos.com.ar\/2021\/"},{"@type":"ListItem","position":2,"name":"Se viene la quinta edici\u00f3n de la playa de Luna y Blanco en el Club de Pesca de Tornquist"}]},{"@type":"WebSite","@id":"https:\/\/www.noticiasradioreflejos.com.ar\/2021\/#website","url":"https:\/\/www.noticiasradioreflejos.com.ar\/2021\/","name":"Noticias Radio Reflejos","description":"Las noticias de mi comarca","potentialAction":[{"@type":"SearchAction","target":{"@type":"EntryPoint","urlTemplate":"https:\/\/www.noticiasradioreflejos.com.ar\/2021\/?s={search_term_string}"},"query-input":{"@type":"PropertyValueSpecification","valueRequired":true,"valueName":"search_term_string"}}],"inLanguage":"es"},{"@type":"Person","@id":"https:\/\/www.noticiasradioreflejos.com.ar\/2021\/#\/schema\/person\/ad82545263dcc5ec0996818884fd5fb1","name":"Arnaldo Botto","image":{"@type":"ImageObject","inLanguage":"es","@id":"https:\/\/www.noticiasradioreflejos.com.ar\/2021\/#\/schema\/person\/image\/","url":"https:\/\/secure.gravatar.com\/avatar\/55cb5e37c1efa326397366e6974cb338056df65cb50e7d64d1cf314e87504837?s=96&d=mm&r=g","contentUrl":"https:\/\/secure.gravatar.com\/avatar\/55cb5e37c1efa326397366e6974cb338056df65cb50e7d64d1cf314e87504837?s=96&d=mm&r=g","caption":"Arnaldo Botto"},"url":"https:\/\/www.noticiasradioreflejos.com.ar\/2021\/author\/arnaldo\/"}]}},"_links":{"self":[{"href":"https:\/\/www.noticiasradioreflejos.com.ar\/2021\/wp-json\/wp\/v2\/posts\/83659","targetHints":{"allow":["GET"]}}],"collection":[{"href":"https:\/\/www.noticiasradioreflejos.com.ar\/2021\/wp-json\/wp\/v2\/posts"}],"about":[{"href":"https:\/\/www.noticiasradioreflejos.com.ar\/2021\/wp-json\/wp\/v2\/types\/post"}],"author":[{"embeddable":true,"href":"https:\/\/www.noticiasradioreflejos.com.ar\/2021\/wp-json\/wp\/v2\/users\/3"}],"replies":[{"embeddable":true,"href":"https:\/\/www.noticiasradioreflejos.com.ar\/2021\/wp-json\/wp\/v2\/comments?post=83659"}],"version-history":[{"count":2,"href":"https:\/\/www.noticiasradioreflejos.com.ar\/2021\/wp-json\/wp\/v2\/posts\/83659\/revisions"}],"predecessor-version":[{"id":83672,"href":"https:\/\/www.noticiasradioreflejos.com.ar\/2021\/wp-json\/wp\/v2\/posts\/83659\/revisions\/83672"}],"wp:attachment":[{"href":"https:\/\/www.noticiasradioreflejos.com.ar\/2021\/wp-json\/wp\/v2\/media?parent=83659"}],"wp:term":[{"taxonomy":"category","embeddable":true,"href":"https:\/\/www.noticiasradioreflejos.com.ar\/2021\/wp-json\/wp\/v2\/categories?post=83659"},{"taxonomy":"post_tag","embeddable":true,"href":"https:\/\/www.noticiasradioreflejos.com.ar\/2021\/wp-json\/wp\/v2\/tags?post=83659"}],"curies":[{"name":"wp","href":"https:\/\/api.w.org\/{rel}","templated":true}]}}