{"id":8364,"date":"2017-03-25T10:43:33","date_gmt":"2017-03-25T13:43:33","guid":{"rendered":"http:\/\/noticiasradioreflejos.com.ar\/noticias\/?p=8364"},"modified":"2017-03-25T10:43:33","modified_gmt":"2017-03-25T13:43:33","slug":"el-fpv-hablo-de-atropello-a-las-instituciones-en-el-tratamiento-del-expediente-de-compra-de-las-hectareas","status":"publish","type":"post","link":"https:\/\/www.noticiasradioreflejos.com.ar\/2021\/el-fpv-hablo-de-atropello-a-las-instituciones-en-el-tratamiento-del-expediente-de-compra-de-las-hectareas\/","title":{"rendered":"El FPV habl\u00f3 de \u201catropello a las instituciones\u201d en el tratamiento del expediente de compra de las hect\u00e1reas"},"content":{"rendered":"<p>Los concejales Ant\u00f3n, L\u00f6ffler, Skolak y Sagredo argumentaron su abstenci\u00f3n en la votaci\u00f3n en el HCD y aseguran que hay irregularidades y falta de documentaci\u00f3n en el expediente aprobado este mi\u00e9rcoles por mayor\u00eda.<!--more--><br \/>\nLos ediles del Frente para la Victoria explicaron por qu\u00e9 se abstuvieron este mi\u00e9rcoles en el HCD en la votaci\u00f3n del expediente de compra de las tierras para construcci\u00f3n de viviendas sociales, aprobado por una unanimidad.<br \/>\n\u201cDe ninguna manera nos oponemos a la adquisici\u00f3n\u201d, explic\u00f3 V\u00edctor Ant\u00f3n y agreg\u00f3: \u201ctuvimos acceso al expediente hoy a las 19.30 hs y a las 20 quer\u00edan aprobarlo, por lo cual, por una cuesti\u00f3n de responsabilidad ante la comunidad, quer\u00edamos estudiarlo antes\u201d.<br \/>\n\u201cAl no habernos dado la posibilidad de poder analizarlo como corresponde y en el ratito que lo tuvimos vimos cosas que en principio no nos convenc\u00edan, decidimos abstenerlos a la compra\u201d, sostuvo.<br \/>\nAnt\u00f3n manifest\u00f3 adem\u00e1s que \u201cestamos en desacuerdo en que se atropelle a las instituciones y no nos dejen estudiar un expediente que tiene 40 fojas, planos, una tasaci\u00f3n y cosas en las que uno no es experto y necesita el asesoramiento de profesionales\u201d.<br \/>\nPor su parte, Guillermo L\u00f6ffler habl\u00f3 de \u201csobreprecios\u201d en la adquisici\u00f3n. \u201cAveriguando con productores y hablando con inmobiliarias locales, nos dijeron que los valores de los campos linderos a ese andan alrededor de 2.700 d\u00f3lares la hect\u00e1rea, por lo que el valor de las hect\u00e1reas en cuesti\u00f3n, 35.000 d\u00f3lares, nos parec\u00eda abultado\u201d, manifest\u00f3.<br \/>\n\u201cSumado a ello \u2013continu\u00f3- los tiempos que no nos dieron y los faltantes de documentaci\u00f3n que ten\u00eda el expediente. Aprobarlo lo ve\u00edamos como una irresponsabilidad, ya que en este expediente la Ley Org\u00e1nica de las Municipalidades no se respet\u00f3\u201d.<br \/>\n\u201cEst\u00e1n desde el 23 de enero asegurando que se compraron las tierras y todav\u00eda no tenemos ninguna factibilidad. Aprobarlo era una falta de respeto y un atropello con el que se vienen manejando desde que son mayor\u00eda en el concejo\u201d, dijo.<br \/>\nA su turno, Mar\u00eda Ofelia Skolak consider\u00f3: \u201cseguimos avasallando la instituci\u00f3n y sin respetar ciertos c\u00f3digos que hay que tener dentro del cuerpo deliberativo. El presidente del HCD se acerc\u00f3 dos veces al bloque dici\u00e9ndonos que s\u00ed o s\u00ed se sesionaba a las 20 hs cuando a las 19 nos dieron un expediente de 40 fojas con un mont\u00f3n de cosas incompletas\u201d.<br \/>\n\u201cQue se queden tranquilos\u00a0 los vecinos que lo que m\u00e1s queremos es que se compren las tierras, pero como dice la Ley Org\u00e1nica, porque tenemos que ser responsables a la hora de legislar y de levantar la mano\u201d, a\u00f1adi\u00f3.<br \/>\nSkolak explic\u00f3 que \u201cno participamos de la reuni\u00f3n con el intendente Bordoni, el Secretario de Gobierno, Ezequiel Gabella, y la Secretaria de Obras, Gisela Lecinas, porque avisaron muy tarde de la misma y cada uno tiene organizada su agenda, e \u00edbamos a escuchar una reuni\u00f3n informativa en la que era todo suposiciones\u201d.<br \/>\nPor \u00faltimo, M\u00f3nica Sagredo argument\u00f3 que \u201cno puedo acompa\u00f1ar algo sobre lo que tenemos dudas respecto valores y falta de documentaci\u00f3n, porque lo que vale es lo que est\u00e1 escrito, las palabras se las lleva el viento\u201d.<br \/>\n\u201cNo me gustar\u00eda que, ante esta situaci\u00f3n, de parte de otra fracci\u00f3n pol\u00edtica o de alg\u00fan organismo haya una medida judicial que tenga que ver con los concejales que si aprobaron esto\u201d, se\u00f1al\u00f3.<br \/>\n\u201cDentro del contexto que estamos viviendo en el pa\u00eds, tengo la esperanza de que a nivel local las instituciones no sean tan atropelladas, estamos en una comunidad peque\u00f1a en la que podemos consensuar y cuando pasan estas cosas, me enoja\u201d, concluy\u00f3.<br \/>\n&nbsp;<br \/>\n&nbsp;<\/p>\n","protected":false},"excerpt":{"rendered":"<p>Los concejales Ant\u00f3n, L\u00f6ffler, Skolak y Sagredo argumentaron su abstenci\u00f3n en la votaci\u00f3n en el HCD y aseguran que hay irregularidades y falta de documentaci\u00f3n en el expediente aprobado este mi\u00e9rcoles por mayor\u00eda.<\/p>\n","protected":false},"author":3,"featured_media":0,"comment_status":"closed","ping_status":"open","sticky":false,"template":"","format":"standard","meta":{"footnotes":""},"categories":[24],"tags":[],"class_list":["post-8364","post","type-post","status-publish","format-standard","hentry","category-politica"],"yoast_head":"<!-- This site is optimized with the Yoast SEO plugin v25.9 - https:\/\/yoast.com\/wordpress\/plugins\/seo\/ -->\n<title>El FPV habl\u00f3 de \u201catropello a las instituciones\u201d en el tratamiento del expediente de compra de las hect\u00e1reas - Noticias Radio Reflejos<\/title>\n<meta name=\"robots\" content=\"index, follow, max-snippet:-1, max-image-preview:large, max-video-preview:-1\" \/>\n<link rel=\"canonical\" href=\"https:\/\/www.noticiasradioreflejos.com.ar\/2021\/el-fpv-hablo-de-atropello-a-las-instituciones-en-el-tratamiento-del-expediente-de-compra-de-las-hectareas\/\" \/>\n<meta property=\"og:locale\" content=\"es_ES\" \/>\n<meta property=\"og:type\" content=\"article\" \/>\n<meta property=\"og:title\" content=\"El FPV habl\u00f3 de \u201catropello a las instituciones\u201d en el tratamiento del expediente de compra de las hect\u00e1reas - Noticias Radio Reflejos\" \/>\n<meta property=\"og:description\" content=\"Los concejales Ant\u00f3n, L\u00f6ffler, Skolak y Sagredo argumentaron su abstenci\u00f3n en la votaci\u00f3n en el HCD y aseguran que hay irregularidades y falta de documentaci\u00f3n en el expediente aprobado este mi\u00e9rcoles por mayor\u00eda.\" \/>\n<meta property=\"og:url\" content=\"https:\/\/www.noticiasradioreflejos.com.ar\/2021\/el-fpv-hablo-de-atropello-a-las-instituciones-en-el-tratamiento-del-expediente-de-compra-de-las-hectareas\/\" \/>\n<meta property=\"og:site_name\" content=\"Noticias Radio Reflejos\" \/>\n<meta property=\"article:published_time\" content=\"2017-03-25T13:43:33+00:00\" \/>\n<meta property=\"og:image\" content=\"https:\/\/www.noticiasradioreflejos.com.ar\/2021\/wp-content\/uploads\/2021\/07\/logosol300x200.png\" \/>\n\t<meta property=\"og:image:width\" content=\"300\" \/>\n\t<meta property=\"og:image:height\" content=\"200\" \/>\n\t<meta property=\"og:image:type\" content=\"image\/png\" \/>\n<meta name=\"author\" content=\"Arnaldo Botto\" \/>\n<meta name=\"twitter:card\" content=\"summary_large_image\" \/>\n<script type=\"application\/ld+json\" class=\"yoast-schema-graph\">{\"@context\":\"https:\/\/schema.org\",\"@graph\":[{\"@type\":\"WebPage\",\"@id\":\"https:\/\/www.noticiasradioreflejos.com.ar\/2021\/el-fpv-hablo-de-atropello-a-las-instituciones-en-el-tratamiento-del-expediente-de-compra-de-las-hectareas\/\",\"url\":\"https:\/\/www.noticiasradioreflejos.com.ar\/2021\/el-fpv-hablo-de-atropello-a-las-instituciones-en-el-tratamiento-del-expediente-de-compra-de-las-hectareas\/\",\"name\":\"El FPV habl\u00f3 de \u201catropello a las instituciones\u201d en el tratamiento del expediente de compra de las hect\u00e1reas - Noticias Radio Reflejos\",\"isPartOf\":{\"@id\":\"https:\/\/www.noticiasradioreflejos.com.ar\/2021\/#website\"},\"datePublished\":\"2017-03-25T13:43:33+00:00\",\"author\":{\"@id\":\"https:\/\/www.noticiasradioreflejos.com.ar\/2021\/#\/schema\/person\/ad82545263dcc5ec0996818884fd5fb1\"},\"breadcrumb\":{\"@id\":\"https:\/\/www.noticiasradioreflejos.com.ar\/2021\/el-fpv-hablo-de-atropello-a-las-instituciones-en-el-tratamiento-del-expediente-de-compra-de-las-hectareas\/#breadcrumb\"},\"inLanguage\":\"es\",\"potentialAction\":[{\"@type\":\"ReadAction\",\"target\":[\"https:\/\/www.noticiasradioreflejos.com.ar\/2021\/el-fpv-hablo-de-atropello-a-las-instituciones-en-el-tratamiento-del-expediente-de-compra-de-las-hectareas\/\"]}]},{\"@type\":\"BreadcrumbList\",\"@id\":\"https:\/\/www.noticiasradioreflejos.com.ar\/2021\/el-fpv-hablo-de-atropello-a-las-instituciones-en-el-tratamiento-del-expediente-de-compra-de-las-hectareas\/#breadcrumb\",\"itemListElement\":[{\"@type\":\"ListItem\",\"position\":1,\"name\":\"Portada\",\"item\":\"https:\/\/www.noticiasradioreflejos.com.ar\/2021\/\"},{\"@type\":\"ListItem\",\"position\":2,\"name\":\"El FPV habl\u00f3 de \u201catropello a las instituciones\u201d en el tratamiento del expediente de compra de las hect\u00e1reas\"}]},{\"@type\":\"WebSite\",\"@id\":\"https:\/\/www.noticiasradioreflejos.com.ar\/2021\/#website\",\"url\":\"https:\/\/www.noticiasradioreflejos.com.ar\/2021\/\",\"name\":\"Noticias Radio Reflejos\",\"description\":\"Las noticias de mi comarca\",\"potentialAction\":[{\"@type\":\"SearchAction\",\"target\":{\"@type\":\"EntryPoint\",\"urlTemplate\":\"https:\/\/www.noticiasradioreflejos.com.ar\/2021\/?s={search_term_string}\"},\"query-input\":{\"@type\":\"PropertyValueSpecification\",\"valueRequired\":true,\"valueName\":\"search_term_string\"}}],\"inLanguage\":\"es\"},{\"@type\":\"Person\",\"@id\":\"https:\/\/www.noticiasradioreflejos.com.ar\/2021\/#\/schema\/person\/ad82545263dcc5ec0996818884fd5fb1\",\"name\":\"Arnaldo Botto\",\"image\":{\"@type\":\"ImageObject\",\"inLanguage\":\"es\",\"@id\":\"https:\/\/www.noticiasradioreflejos.com.ar\/2021\/#\/schema\/person\/image\/\",\"url\":\"https:\/\/secure.gravatar.com\/avatar\/55cb5e37c1efa326397366e6974cb338056df65cb50e7d64d1cf314e87504837?s=96&d=mm&r=g\",\"contentUrl\":\"https:\/\/secure.gravatar.com\/avatar\/55cb5e37c1efa326397366e6974cb338056df65cb50e7d64d1cf314e87504837?s=96&d=mm&r=g\",\"caption\":\"Arnaldo Botto\"},\"url\":\"https:\/\/www.noticiasradioreflejos.com.ar\/2021\/author\/arnaldo\/\"}]}<\/script>\n<!-- \/ Yoast SEO plugin. -->","yoast_head_json":{"title":"El FPV habl\u00f3 de \u201catropello a las instituciones\u201d en el tratamiento del expediente de compra de las hect\u00e1reas - Noticias Radio Reflejos","robots":{"index":"index","follow":"follow","max-snippet":"max-snippet:-1","max-image-preview":"max-image-preview:large","max-video-preview":"max-video-preview:-1"},"canonical":"https:\/\/www.noticiasradioreflejos.com.ar\/2021\/el-fpv-hablo-de-atropello-a-las-instituciones-en-el-tratamiento-del-expediente-de-compra-de-las-hectareas\/","og_locale":"es_ES","og_type":"article","og_title":"El FPV habl\u00f3 de \u201catropello a las instituciones\u201d en el tratamiento del expediente de compra de las hect\u00e1reas - Noticias Radio Reflejos","og_description":"Los concejales Ant\u00f3n, L\u00f6ffler, Skolak y Sagredo argumentaron su abstenci\u00f3n en la votaci\u00f3n en el HCD y aseguran que hay irregularidades y falta de documentaci\u00f3n en el expediente aprobado este mi\u00e9rcoles por mayor\u00eda.","og_url":"https:\/\/www.noticiasradioreflejos.com.ar\/2021\/el-fpv-hablo-de-atropello-a-las-instituciones-en-el-tratamiento-del-expediente-de-compra-de-las-hectareas\/","og_site_name":"Noticias Radio Reflejos","article_published_time":"2017-03-25T13:43:33+00:00","og_image":[{"width":300,"height":200,"url":"https:\/\/www.noticiasradioreflejos.com.ar\/2021\/wp-content\/uploads\/2021\/07\/logosol300x200.png","type":"image\/png"}],"author":"Arnaldo Botto","twitter_card":"summary_large_image","schema":{"@context":"https:\/\/schema.org","@graph":[{"@type":"WebPage","@id":"https:\/\/www.noticiasradioreflejos.com.ar\/2021\/el-fpv-hablo-de-atropello-a-las-instituciones-en-el-tratamiento-del-expediente-de-compra-de-las-hectareas\/","url":"https:\/\/www.noticiasradioreflejos.com.ar\/2021\/el-fpv-hablo-de-atropello-a-las-instituciones-en-el-tratamiento-del-expediente-de-compra-de-las-hectareas\/","name":"El FPV habl\u00f3 de \u201catropello a las instituciones\u201d en el tratamiento del expediente de compra de las hect\u00e1reas - Noticias Radio Reflejos","isPartOf":{"@id":"https:\/\/www.noticiasradioreflejos.com.ar\/2021\/#website"},"datePublished":"2017-03-25T13:43:33+00:00","author":{"@id":"https:\/\/www.noticiasradioreflejos.com.ar\/2021\/#\/schema\/person\/ad82545263dcc5ec0996818884fd5fb1"},"breadcrumb":{"@id":"https:\/\/www.noticiasradioreflejos.com.ar\/2021\/el-fpv-hablo-de-atropello-a-las-instituciones-en-el-tratamiento-del-expediente-de-compra-de-las-hectareas\/#breadcrumb"},"inLanguage":"es","potentialAction":[{"@type":"ReadAction","target":["https:\/\/www.noticiasradioreflejos.com.ar\/2021\/el-fpv-hablo-de-atropello-a-las-instituciones-en-el-tratamiento-del-expediente-de-compra-de-las-hectareas\/"]}]},{"@type":"BreadcrumbList","@id":"https:\/\/www.noticiasradioreflejos.com.ar\/2021\/el-fpv-hablo-de-atropello-a-las-instituciones-en-el-tratamiento-del-expediente-de-compra-de-las-hectareas\/#breadcrumb","itemListElement":[{"@type":"ListItem","position":1,"name":"Portada","item":"https:\/\/www.noticiasradioreflejos.com.ar\/2021\/"},{"@type":"ListItem","position":2,"name":"El FPV habl\u00f3 de \u201catropello a las instituciones\u201d en el tratamiento del expediente de compra de las hect\u00e1reas"}]},{"@type":"WebSite","@id":"https:\/\/www.noticiasradioreflejos.com.ar\/2021\/#website","url":"https:\/\/www.noticiasradioreflejos.com.ar\/2021\/","name":"Noticias Radio Reflejos","description":"Las noticias de mi comarca","potentialAction":[{"@type":"SearchAction","target":{"@type":"EntryPoint","urlTemplate":"https:\/\/www.noticiasradioreflejos.com.ar\/2021\/?s={search_term_string}"},"query-input":{"@type":"PropertyValueSpecification","valueRequired":true,"valueName":"search_term_string"}}],"inLanguage":"es"},{"@type":"Person","@id":"https:\/\/www.noticiasradioreflejos.com.ar\/2021\/#\/schema\/person\/ad82545263dcc5ec0996818884fd5fb1","name":"Arnaldo Botto","image":{"@type":"ImageObject","inLanguage":"es","@id":"https:\/\/www.noticiasradioreflejos.com.ar\/2021\/#\/schema\/person\/image\/","url":"https:\/\/secure.gravatar.com\/avatar\/55cb5e37c1efa326397366e6974cb338056df65cb50e7d64d1cf314e87504837?s=96&d=mm&r=g","contentUrl":"https:\/\/secure.gravatar.com\/avatar\/55cb5e37c1efa326397366e6974cb338056df65cb50e7d64d1cf314e87504837?s=96&d=mm&r=g","caption":"Arnaldo Botto"},"url":"https:\/\/www.noticiasradioreflejos.com.ar\/2021\/author\/arnaldo\/"}]}},"_links":{"self":[{"href":"https:\/\/www.noticiasradioreflejos.com.ar\/2021\/wp-json\/wp\/v2\/posts\/8364","targetHints":{"allow":["GET"]}}],"collection":[{"href":"https:\/\/www.noticiasradioreflejos.com.ar\/2021\/wp-json\/wp\/v2\/posts"}],"about":[{"href":"https:\/\/www.noticiasradioreflejos.com.ar\/2021\/wp-json\/wp\/v2\/types\/post"}],"author":[{"embeddable":true,"href":"https:\/\/www.noticiasradioreflejos.com.ar\/2021\/wp-json\/wp\/v2\/users\/3"}],"replies":[{"embeddable":true,"href":"https:\/\/www.noticiasradioreflejos.com.ar\/2021\/wp-json\/wp\/v2\/comments?post=8364"}],"version-history":[{"count":0,"href":"https:\/\/www.noticiasradioreflejos.com.ar\/2021\/wp-json\/wp\/v2\/posts\/8364\/revisions"}],"wp:attachment":[{"href":"https:\/\/www.noticiasradioreflejos.com.ar\/2021\/wp-json\/wp\/v2\/media?parent=8364"}],"wp:term":[{"taxonomy":"category","embeddable":true,"href":"https:\/\/www.noticiasradioreflejos.com.ar\/2021\/wp-json\/wp\/v2\/categories?post=8364"},{"taxonomy":"post_tag","embeddable":true,"href":"https:\/\/www.noticiasradioreflejos.com.ar\/2021\/wp-json\/wp\/v2\/tags?post=8364"}],"curies":[{"name":"wp","href":"https:\/\/api.w.org\/{rel}","templated":true}]}}