{"id":83585,"date":"2023-02-03T17:46:38","date_gmt":"2023-02-03T17:46:38","guid":{"rendered":"https:\/\/www.noticiasradioreflejos.com.ar\/2021\/?p=83585"},"modified":"2023-02-03T17:46:38","modified_gmt":"2023-02-03T17:46:38","slug":"tras-la-sentencia-presentan-dos-pedidos-de-jury-contra-la-jueza-que-intervino-en-el-caso-lucio","status":"publish","type":"post","link":"https:\/\/www.noticiasradioreflejos.com.ar\/2021\/tras-la-sentencia-presentan-dos-pedidos-de-jury-contra-la-jueza-que-intervino-en-el-caso-lucio\/","title":{"rendered":"Tras la sentencia, presentan dos pedidos de jury contra la jueza que intervino en el Caso Lucio"},"content":{"rendered":"<p>Diputados del oficialismo y de la oposici\u00f3n de la provincia de La Pampa presentaron hoy dos pedidos para que la jueza Ana Clara P\u00e9rez Ballester sea sometida a juicio pol\u00edtico por su intervenci\u00f3n en el proceso para otorgarle en 2020 la tenencia de Lucio Dupuy a su madre Magdalena Esp\u00f3sito Valenti, quien ayer fue condenada al igual que su pareja, Abigail P\u00e1ez, por haber asesinado a golpes y patadas al ni\u00f1o de 5 a\u00f1os.<!--more--><\/p>\n<p>(Por Juanjo Beascochea, especial para T\u00e9lam)<br \/>\nLa primera de las denuncias por mal desempe\u00f1o de las funciones de la magistrada fue presentada esta ma\u00f1ana por los diputados del PRO La Pampa, Mart\u00edn Ardohain y Mar\u00eda Laura Trapaglia, mientras que despu\u00e9s del mediod\u00eda hicieron lo mismo los diputados del bloque del Frente Justicialista Pampeano (FreJuPa), quienes entregaron el pedido de jury en las oficinas del Superior Tribunal de Justicia.<\/p>\n<p>\u00abHemos realizado la denuncia formal por mal desempe\u00f1o de sus funciones por incumplimiento reiterado de los deberes de funcionaria judicial y negligencia reiterada en el ejercicio del cargo\u00bb, explicaron los diputados Ardohain y Trapaglia en un comunicado.<\/p>\n<p>Para los diputados del PRO, la jueza de Familia y la Asesora de Menores de la ciudad de General Pico, P\u00e9rez Ballester, debe explicar por qu\u00e9 \u00abno se realiz\u00f3 un informe socio-ambiental del contexto familiar donde iba a vivir Lucio\u00bb; \u00abno se inform\u00f3, ni se cit\u00f3 a testigos\u00bb; \u00abno se escuch\u00f3 al menor\u00bb; \u00abno fue abordado desde el Juzgado por un equipo de profesionales\u00bb; \u00abno se notific\u00f3 al padre del menor, que ten\u00eda el cuidado personal compartido, y la responsabilidad parental\u00bb; ni explic\u00f3 el \u00abcambio de centro de vida de General Pico a Santa Rosa\u00bb.<\/p>\n<p>El pedido fue acompa\u00f1ado por los diputados Mat\u00edas Traba y Eduardo Peppa, integrantes del bloque Propuesta Federal que comparten con los diputados del PRO.<\/p>\n<p>Por su parte, Pablo Rodr\u00edguez Salto, uno de los abogados defensores de la magistrada, dijo hoy a T\u00e9lam que van a \u00abmostrar con claridad que la jueza no actu\u00f3 mal\u00bb.<\/p>\n<p>\u00abLeyendo los procesos, uno entiende que cuando ella tom\u00f3 la decisi\u00f3n, no hab\u00eda indicio alguno de violencia\u00bb, destac\u00f3 el letrado.<\/p>\n<p>El pedido de juicio pol\u00edtico busca establecer los motivos de \u00abla atribuci\u00f3n del cuidado personal del ni\u00f1o Lucio Abel Dupuy a su progenitora\u00bb que \u00abderiv\u00f3 en los malos tratos y consecuente muerte del ni\u00f1o\u00bb.<\/p>\n<p>\u00abLa magistrada hoy denunciada omiti\u00f3, en una sucesi\u00f3n de oportunidades procesales, el cumplimiento de deberes a su cargo, deberes que implicaban adoptar las medidas necesarias para la protecci\u00f3n del inter\u00e9s superior del ni\u00f1o, el cual debe estar presente en toda actuaci\u00f3n de este tipo\u00bb, afirmaron los denunciantes.<\/p>\n<p>Y agregaron que \u00abno se observa que en el expediente (de la tenencia) se haya ordenado la realizaci\u00f3n, por ejemplo, de un informe socioambiental, o se haya recabado la comparecencia de testigos, como medidas b\u00e1sicas para determinar las condiciones de vida a las que se enfrentaba Lucio Dupuy a partir del cambio de residencia y cuidadores\u00bb.<\/p>\n<p>\u00abTambi\u00e9n se observa, por ausencia de constancia procesal alguna al respecto, que el ni\u00f1o fue privado de su derecho a la escucha\u00bb, explicaron y a\u00f1adieron que \u00abno menos grave\u00bb es que \u00abno se notifica ni trae a juicio al progenitor del ni\u00f1o\u00bb.<\/p>\n<p>\u00abEn este aspecto es necesario tener en cuenta que el cuidado personal es una de las figuras legales derivadas de la responsabilidad parental y que \u00e9sta les compete a ambos progenitores por igual\u00bb, consideraron en la denuncia.<\/p>\n<p>Y por ello es que los diputados Ardohain y Trapaglia entendieron que \u00abdicha intervenci\u00f3n, debi\u00f3 materializarse entonces a trav\u00e9s de una citaci\u00f3n formal ordenada por el tribunal interviniente, la que al ser omitida implica que el cuidado personal fue dirimido sin intervenci\u00f3n de una de las partes necesarias en el mismo, pudiendo afirmarse que se tramit\u00f3 directamente a espaldas del padre del ni\u00f1o\u00bb.<\/p>\n<p>Luego, el justicialismo comunic\u00f3 que tambi\u00e9n realiz\u00f3 una presentaci\u00f3n formal de un pedido de jury \u00aben los t\u00e9rminos de la Ley 313, a efectos de que se inicie una investigaci\u00f3n respecto de la actuaci\u00f3n de la Jueza de Familia y la Asesora de Menores de la ciudad de General Pico con motivo de determinar sus responsabilidades producto de su desempe\u00f1o en el marco de denominado caso Lucio\u00bb.<\/p>\n<p>En un comunicado de prensa, los diputados oficialistas se\u00f1alaron que no realizar\u00e1n manifestaciones medi\u00e1ticas individuales, \u00abya que la gravedad y trascendencia de los hechos en cuesti\u00f3n ameritan que el tratamiento de los mismos sea exclusivamente por la v\u00eda institucional correspondiente, siempre procurando la b\u00fasqueda de la verdad sin revictimizar a la familia del menor\u00bb.<\/p>\n<p>Lucio Dupuy fue asesinado el 26 de noviembre de 2021 en Santa Rosa a causa de las lesiones que le provocaron su madre Esp\u00f3sito Valenti y su pareja P\u00e1ez, a quienes ayer el Tribunal de Audiencia, integrado por los jueces Alejandra Ongaro, Andr\u00e9s Oli\u00e9 y Daniel S\u00e1ez Zamora, declar\u00f3 culpables por \u00abhomicidio triple y doblemente agravado\u00bb.<\/p>\n<p>Adem\u00e1s, a la pareja de la madre la conden\u00f3 por abuso sexual, con acceso carnal, agravado por tratarse de la guardadora y por haberse cometido contra un menor de 18 a\u00f1os.<\/p>\n","protected":false},"excerpt":{"rendered":"<p>Diputados del oficialismo y de la oposici\u00f3n de la provincia de La Pampa presentaron hoy dos pedidos para que la jueza Ana Clara P\u00e9rez Ballester sea sometida a juicio pol\u00edtico por su intervenci\u00f3n en el proceso para otorgarle en 2020 la tenencia de Lucio Dupuy a su madre Magdalena Esp\u00f3sito Valenti, quien ayer fue condenada [&hellip;]<\/p>\n","protected":false},"author":3,"featured_media":0,"comment_status":"closed","ping_status":"closed","sticky":false,"template":"","format":"standard","meta":{"footnotes":""},"categories":[57],"tags":[],"class_list":["post-83585","post","type-post","status-publish","format-standard","hentry","category-judiciales"],"yoast_head":"<!-- This site is optimized with the Yoast SEO plugin v25.9 - https:\/\/yoast.com\/wordpress\/plugins\/seo\/ -->\n<title>Tras la sentencia, presentan dos pedidos de jury contra la jueza que intervino en el Caso Lucio - Noticias Radio Reflejos<\/title>\n<meta name=\"robots\" content=\"index, follow, max-snippet:-1, max-image-preview:large, max-video-preview:-1\" \/>\n<link rel=\"canonical\" href=\"https:\/\/www.noticiasradioreflejos.com.ar\/2021\/tras-la-sentencia-presentan-dos-pedidos-de-jury-contra-la-jueza-que-intervino-en-el-caso-lucio\/\" \/>\n<meta property=\"og:locale\" content=\"es_ES\" \/>\n<meta property=\"og:type\" content=\"article\" \/>\n<meta property=\"og:title\" content=\"Tras la sentencia, presentan dos pedidos de jury contra la jueza que intervino en el Caso Lucio - Noticias Radio Reflejos\" \/>\n<meta property=\"og:description\" content=\"Diputados del oficialismo y de la oposici\u00f3n de la provincia de La Pampa presentaron hoy dos pedidos para que la jueza Ana Clara P\u00e9rez Ballester sea sometida a juicio pol\u00edtico por su intervenci\u00f3n en el proceso para otorgarle en 2020 la tenencia de Lucio Dupuy a su madre Magdalena Esp\u00f3sito Valenti, quien ayer fue condenada [&hellip;]\" \/>\n<meta property=\"og:url\" content=\"https:\/\/www.noticiasradioreflejos.com.ar\/2021\/tras-la-sentencia-presentan-dos-pedidos-de-jury-contra-la-jueza-que-intervino-en-el-caso-lucio\/\" \/>\n<meta property=\"og:site_name\" content=\"Noticias Radio Reflejos\" \/>\n<meta property=\"article:published_time\" content=\"2023-02-03T17:46:38+00:00\" \/>\n<meta property=\"og:image\" content=\"https:\/\/www.noticiasradioreflejos.com.ar\/2021\/wp-content\/uploads\/2021\/07\/logosol300x200.png\" \/>\n\t<meta property=\"og:image:width\" content=\"300\" \/>\n\t<meta property=\"og:image:height\" content=\"200\" \/>\n\t<meta property=\"og:image:type\" content=\"image\/png\" \/>\n<meta name=\"author\" content=\"Arnaldo Botto\" \/>\n<meta name=\"twitter:card\" content=\"summary_large_image\" \/>\n<script type=\"application\/ld+json\" class=\"yoast-schema-graph\">{\"@context\":\"https:\/\/schema.org\",\"@graph\":[{\"@type\":\"WebPage\",\"@id\":\"https:\/\/www.noticiasradioreflejos.com.ar\/2021\/tras-la-sentencia-presentan-dos-pedidos-de-jury-contra-la-jueza-que-intervino-en-el-caso-lucio\/\",\"url\":\"https:\/\/www.noticiasradioreflejos.com.ar\/2021\/tras-la-sentencia-presentan-dos-pedidos-de-jury-contra-la-jueza-que-intervino-en-el-caso-lucio\/\",\"name\":\"Tras la sentencia, presentan dos pedidos de jury contra la jueza que intervino en el Caso Lucio - Noticias Radio Reflejos\",\"isPartOf\":{\"@id\":\"https:\/\/www.noticiasradioreflejos.com.ar\/2021\/#website\"},\"datePublished\":\"2023-02-03T17:46:38+00:00\",\"author\":{\"@id\":\"https:\/\/www.noticiasradioreflejos.com.ar\/2021\/#\/schema\/person\/ad82545263dcc5ec0996818884fd5fb1\"},\"breadcrumb\":{\"@id\":\"https:\/\/www.noticiasradioreflejos.com.ar\/2021\/tras-la-sentencia-presentan-dos-pedidos-de-jury-contra-la-jueza-que-intervino-en-el-caso-lucio\/#breadcrumb\"},\"inLanguage\":\"es\",\"potentialAction\":[{\"@type\":\"ReadAction\",\"target\":[\"https:\/\/www.noticiasradioreflejos.com.ar\/2021\/tras-la-sentencia-presentan-dos-pedidos-de-jury-contra-la-jueza-que-intervino-en-el-caso-lucio\/\"]}]},{\"@type\":\"BreadcrumbList\",\"@id\":\"https:\/\/www.noticiasradioreflejos.com.ar\/2021\/tras-la-sentencia-presentan-dos-pedidos-de-jury-contra-la-jueza-que-intervino-en-el-caso-lucio\/#breadcrumb\",\"itemListElement\":[{\"@type\":\"ListItem\",\"position\":1,\"name\":\"Portada\",\"item\":\"https:\/\/www.noticiasradioreflejos.com.ar\/2021\/\"},{\"@type\":\"ListItem\",\"position\":2,\"name\":\"Tras la sentencia, presentan dos pedidos de jury contra la jueza que intervino en el Caso Lucio\"}]},{\"@type\":\"WebSite\",\"@id\":\"https:\/\/www.noticiasradioreflejos.com.ar\/2021\/#website\",\"url\":\"https:\/\/www.noticiasradioreflejos.com.ar\/2021\/\",\"name\":\"Noticias Radio Reflejos\",\"description\":\"Las noticias de mi comarca\",\"potentialAction\":[{\"@type\":\"SearchAction\",\"target\":{\"@type\":\"EntryPoint\",\"urlTemplate\":\"https:\/\/www.noticiasradioreflejos.com.ar\/2021\/?s={search_term_string}\"},\"query-input\":{\"@type\":\"PropertyValueSpecification\",\"valueRequired\":true,\"valueName\":\"search_term_string\"}}],\"inLanguage\":\"es\"},{\"@type\":\"Person\",\"@id\":\"https:\/\/www.noticiasradioreflejos.com.ar\/2021\/#\/schema\/person\/ad82545263dcc5ec0996818884fd5fb1\",\"name\":\"Arnaldo Botto\",\"image\":{\"@type\":\"ImageObject\",\"inLanguage\":\"es\",\"@id\":\"https:\/\/www.noticiasradioreflejos.com.ar\/2021\/#\/schema\/person\/image\/\",\"url\":\"https:\/\/secure.gravatar.com\/avatar\/55cb5e37c1efa326397366e6974cb338056df65cb50e7d64d1cf314e87504837?s=96&d=mm&r=g\",\"contentUrl\":\"https:\/\/secure.gravatar.com\/avatar\/55cb5e37c1efa326397366e6974cb338056df65cb50e7d64d1cf314e87504837?s=96&d=mm&r=g\",\"caption\":\"Arnaldo Botto\"},\"url\":\"https:\/\/www.noticiasradioreflejos.com.ar\/2021\/author\/arnaldo\/\"}]}<\/script>\n<!-- \/ Yoast SEO plugin. -->","yoast_head_json":{"title":"Tras la sentencia, presentan dos pedidos de jury contra la jueza que intervino en el Caso Lucio - Noticias Radio Reflejos","robots":{"index":"index","follow":"follow","max-snippet":"max-snippet:-1","max-image-preview":"max-image-preview:large","max-video-preview":"max-video-preview:-1"},"canonical":"https:\/\/www.noticiasradioreflejos.com.ar\/2021\/tras-la-sentencia-presentan-dos-pedidos-de-jury-contra-la-jueza-que-intervino-en-el-caso-lucio\/","og_locale":"es_ES","og_type":"article","og_title":"Tras la sentencia, presentan dos pedidos de jury contra la jueza que intervino en el Caso Lucio - Noticias Radio Reflejos","og_description":"Diputados del oficialismo y de la oposici\u00f3n de la provincia de La Pampa presentaron hoy dos pedidos para que la jueza Ana Clara P\u00e9rez Ballester sea sometida a juicio pol\u00edtico por su intervenci\u00f3n en el proceso para otorgarle en 2020 la tenencia de Lucio Dupuy a su madre Magdalena Esp\u00f3sito Valenti, quien ayer fue condenada [&hellip;]","og_url":"https:\/\/www.noticiasradioreflejos.com.ar\/2021\/tras-la-sentencia-presentan-dos-pedidos-de-jury-contra-la-jueza-que-intervino-en-el-caso-lucio\/","og_site_name":"Noticias Radio Reflejos","article_published_time":"2023-02-03T17:46:38+00:00","og_image":[{"width":300,"height":200,"url":"https:\/\/www.noticiasradioreflejos.com.ar\/2021\/wp-content\/uploads\/2021\/07\/logosol300x200.png","type":"image\/png"}],"author":"Arnaldo Botto","twitter_card":"summary_large_image","schema":{"@context":"https:\/\/schema.org","@graph":[{"@type":"WebPage","@id":"https:\/\/www.noticiasradioreflejos.com.ar\/2021\/tras-la-sentencia-presentan-dos-pedidos-de-jury-contra-la-jueza-que-intervino-en-el-caso-lucio\/","url":"https:\/\/www.noticiasradioreflejos.com.ar\/2021\/tras-la-sentencia-presentan-dos-pedidos-de-jury-contra-la-jueza-que-intervino-en-el-caso-lucio\/","name":"Tras la sentencia, presentan dos pedidos de jury contra la jueza que intervino en el Caso Lucio - Noticias Radio Reflejos","isPartOf":{"@id":"https:\/\/www.noticiasradioreflejos.com.ar\/2021\/#website"},"datePublished":"2023-02-03T17:46:38+00:00","author":{"@id":"https:\/\/www.noticiasradioreflejos.com.ar\/2021\/#\/schema\/person\/ad82545263dcc5ec0996818884fd5fb1"},"breadcrumb":{"@id":"https:\/\/www.noticiasradioreflejos.com.ar\/2021\/tras-la-sentencia-presentan-dos-pedidos-de-jury-contra-la-jueza-que-intervino-en-el-caso-lucio\/#breadcrumb"},"inLanguage":"es","potentialAction":[{"@type":"ReadAction","target":["https:\/\/www.noticiasradioreflejos.com.ar\/2021\/tras-la-sentencia-presentan-dos-pedidos-de-jury-contra-la-jueza-que-intervino-en-el-caso-lucio\/"]}]},{"@type":"BreadcrumbList","@id":"https:\/\/www.noticiasradioreflejos.com.ar\/2021\/tras-la-sentencia-presentan-dos-pedidos-de-jury-contra-la-jueza-que-intervino-en-el-caso-lucio\/#breadcrumb","itemListElement":[{"@type":"ListItem","position":1,"name":"Portada","item":"https:\/\/www.noticiasradioreflejos.com.ar\/2021\/"},{"@type":"ListItem","position":2,"name":"Tras la sentencia, presentan dos pedidos de jury contra la jueza que intervino en el Caso Lucio"}]},{"@type":"WebSite","@id":"https:\/\/www.noticiasradioreflejos.com.ar\/2021\/#website","url":"https:\/\/www.noticiasradioreflejos.com.ar\/2021\/","name":"Noticias Radio Reflejos","description":"Las noticias de mi comarca","potentialAction":[{"@type":"SearchAction","target":{"@type":"EntryPoint","urlTemplate":"https:\/\/www.noticiasradioreflejos.com.ar\/2021\/?s={search_term_string}"},"query-input":{"@type":"PropertyValueSpecification","valueRequired":true,"valueName":"search_term_string"}}],"inLanguage":"es"},{"@type":"Person","@id":"https:\/\/www.noticiasradioreflejos.com.ar\/2021\/#\/schema\/person\/ad82545263dcc5ec0996818884fd5fb1","name":"Arnaldo Botto","image":{"@type":"ImageObject","inLanguage":"es","@id":"https:\/\/www.noticiasradioreflejos.com.ar\/2021\/#\/schema\/person\/image\/","url":"https:\/\/secure.gravatar.com\/avatar\/55cb5e37c1efa326397366e6974cb338056df65cb50e7d64d1cf314e87504837?s=96&d=mm&r=g","contentUrl":"https:\/\/secure.gravatar.com\/avatar\/55cb5e37c1efa326397366e6974cb338056df65cb50e7d64d1cf314e87504837?s=96&d=mm&r=g","caption":"Arnaldo Botto"},"url":"https:\/\/www.noticiasradioreflejos.com.ar\/2021\/author\/arnaldo\/"}]}},"_links":{"self":[{"href":"https:\/\/www.noticiasradioreflejos.com.ar\/2021\/wp-json\/wp\/v2\/posts\/83585","targetHints":{"allow":["GET"]}}],"collection":[{"href":"https:\/\/www.noticiasradioreflejos.com.ar\/2021\/wp-json\/wp\/v2\/posts"}],"about":[{"href":"https:\/\/www.noticiasradioreflejos.com.ar\/2021\/wp-json\/wp\/v2\/types\/post"}],"author":[{"embeddable":true,"href":"https:\/\/www.noticiasradioreflejos.com.ar\/2021\/wp-json\/wp\/v2\/users\/3"}],"replies":[{"embeddable":true,"href":"https:\/\/www.noticiasradioreflejos.com.ar\/2021\/wp-json\/wp\/v2\/comments?post=83585"}],"version-history":[{"count":1,"href":"https:\/\/www.noticiasradioreflejos.com.ar\/2021\/wp-json\/wp\/v2\/posts\/83585\/revisions"}],"predecessor-version":[{"id":83587,"href":"https:\/\/www.noticiasradioreflejos.com.ar\/2021\/wp-json\/wp\/v2\/posts\/83585\/revisions\/83587"}],"wp:attachment":[{"href":"https:\/\/www.noticiasradioreflejos.com.ar\/2021\/wp-json\/wp\/v2\/media?parent=83585"}],"wp:term":[{"taxonomy":"category","embeddable":true,"href":"https:\/\/www.noticiasradioreflejos.com.ar\/2021\/wp-json\/wp\/v2\/categories?post=83585"},{"taxonomy":"post_tag","embeddable":true,"href":"https:\/\/www.noticiasradioreflejos.com.ar\/2021\/wp-json\/wp\/v2\/tags?post=83585"}],"curies":[{"name":"wp","href":"https:\/\/api.w.org\/{rel}","templated":true}]}}