{"id":83563,"date":"2023-02-03T14:03:21","date_gmt":"2023-02-03T14:03:21","guid":{"rendered":"https:\/\/www.noticiasradioreflejos.com.ar\/2021\/?p=83563"},"modified":"2023-02-03T14:03:21","modified_gmt":"2023-02-03T14:03:21","slug":"incesantes-gestiones-para-evitar-hechos-de-violencia-en-lago-escondido","status":"publish","type":"post","link":"https:\/\/www.noticiasradioreflejos.com.ar\/2021\/incesantes-gestiones-para-evitar-hechos-de-violencia-en-lago-escondido\/","title":{"rendered":"Incesantes gestiones para evitar \u00abhechos de violencia\u00bb en Lago Escondido"},"content":{"rendered":"<p>(Por Marcelo Cena, enviado especial).- Los integrantes de la S\u00e9ptima Marcha por la Soberan\u00eda al Lago Escondido mantuvieron durante la madrugada incesantes gestiones con autoridades nacionales y de la provincia de R\u00edo Negro para evitar \u00abhechos de violencia que pongan en riesgo la vida\u00bb de los militantes que acampan desde ayer frente a la mansi\u00f3n del magnate ingl\u00e9s Joe Lewis.<!--more--><\/p>\n<p>\u00abSeguimos insistiendo en resguardar la vida de nuestros compa\u00f1eros y compa\u00f1eras que acampan en Lago Escondido, con dos compa\u00f1eros que contin\u00faan en huelga de hambre por tiempo indeterminado y seguimos insistiendo en el di\u00e1logo con los funcionarios de Naci\u00f3n y la provincia para garantizar su seguridad frente a los ataques de los guardias de Lewis\u00bb, dijo a T\u00e9lam Julio C\u00e9sar Urien, presidente de la Fundaci\u00f3n Interactiva para Promover la Cultura del Agua (Fipca).<\/p>\n<p>Ayer, una columna de manifestantes lleg\u00f3 a una de las playas de Lago Escondido situada frente a la estancia del magnate y algunos de los militantes anunciaron una huelga de hambre en reclamo de una salida por el camino p\u00fablico de Tacuif\u00ed, el mismo en el que peones rurales que trabajan en esa propiedad impidieron ayer el ingreso a otro grupo.<\/p>\n<p>Los huelguistas son el cura Francisco \u00abPaco\u00bb Olveira y el excombatiente de la Guerra de Malvinas Gustavo Bellido, quienes este mediod\u00eda cumplir\u00e1n las primeras 24 horas de la medida.<\/p>\n<p>Durante la madrugada continuaron las acciones judiciales que buscan preservar la seguridad de los manifestantes: a las 2 de ma\u00f1ana el grupo de abogados que acompa\u00f1a a los dirigentes de la Marcha por la Soberan\u00eda realizaron la presentaci\u00f3n de un nuevo habeas corpus en defensa de los acampantes en el Juzgado de Garant\u00edas de Bariloche.<\/p>\n<p>El padre Olveira y el excombatiente Bellido decidieron comenzar ayer una huelga de hambre hasta que las personas que responden a Lewis les permitan salir de las costas de Lago Escondido por el denominado camino p\u00fablico de Tacuif\u00ed.<\/p>\n<p>Seg\u00fan inform\u00f3 Urien, \u00abdurante toda la madrugada tambi\u00e9n continuaron las agresiones, las amenazas verbales a los acampantes, les pusieron m\u00fasica a todo volumen durante toda la noche\u00bb.<\/p>\n<p>A la madrugada tambi\u00e9n hubo una comunicaci\u00f3n con la ministra de seguridad local, Betiana Minor, a quien le insistieron en pedir garant\u00edas para la seguridad de los manifestantes.<\/p>\n<p>A partir del mediod\u00eda, algunos grupos que integran la marcha por la soberan\u00eda realizar\u00e1n una movilizaci\u00f3n a la intendencia de El Bols\u00f3n, donde pedir\u00e1n la \u00abintervenci\u00f3n\u00bb del jefe comunal Bruno Pogliano, para que \u00abno haya una matanza en la playa de Lago Escondido\u00bb.<\/p>\n<p>Asimismo realizar\u00e1n \u00abvolanteadas\u00bb entre los vecinos y turistas con folletos explicativos sobre la situaci\u00f3n en Lago Escondido, Joe Lewis y \u00abel enclave brit\u00e1nico en la Argentina\u00bb, seg\u00fan se inform\u00f3.<\/p>\n","protected":false},"excerpt":{"rendered":"<p>(Por Marcelo Cena, enviado especial).- Los integrantes de la S\u00e9ptima Marcha por la Soberan\u00eda al Lago Escondido mantuvieron durante la madrugada incesantes gestiones con autoridades nacionales y de la provincia de R\u00edo Negro para evitar \u00abhechos de violencia que pongan en riesgo la vida\u00bb de los militantes que acampan desde ayer frente a la mansi\u00f3n [&hellip;]<\/p>\n","protected":false},"author":3,"featured_media":0,"comment_status":"closed","ping_status":"closed","sticky":false,"template":"","format":"standard","meta":{"footnotes":""},"categories":[24,26],"tags":[],"class_list":["post-83563","post","type-post","status-publish","format-standard","hentry","category-politica","category-sociedad"],"yoast_head":"<!-- This site is optimized with the Yoast SEO plugin v25.9 - https:\/\/yoast.com\/wordpress\/plugins\/seo\/ -->\n<title>Incesantes gestiones para evitar &quot;hechos de violencia&quot; en Lago Escondido - Noticias Radio Reflejos<\/title>\n<meta name=\"robots\" content=\"index, follow, max-snippet:-1, max-image-preview:large, max-video-preview:-1\" \/>\n<link rel=\"canonical\" href=\"https:\/\/www.noticiasradioreflejos.com.ar\/2021\/incesantes-gestiones-para-evitar-hechos-de-violencia-en-lago-escondido\/\" \/>\n<meta property=\"og:locale\" content=\"es_ES\" \/>\n<meta property=\"og:type\" content=\"article\" \/>\n<meta property=\"og:title\" content=\"Incesantes gestiones para evitar &quot;hechos de violencia&quot; en Lago Escondido - Noticias Radio Reflejos\" \/>\n<meta property=\"og:description\" content=\"(Por Marcelo Cena, enviado especial).- Los integrantes de la S\u00e9ptima Marcha por la Soberan\u00eda al Lago Escondido mantuvieron durante la madrugada incesantes gestiones con autoridades nacionales y de la provincia de R\u00edo Negro para evitar \u00abhechos de violencia que pongan en riesgo la vida\u00bb de los militantes que acampan desde ayer frente a la mansi\u00f3n [&hellip;]\" \/>\n<meta property=\"og:url\" content=\"https:\/\/www.noticiasradioreflejos.com.ar\/2021\/incesantes-gestiones-para-evitar-hechos-de-violencia-en-lago-escondido\/\" \/>\n<meta property=\"og:site_name\" content=\"Noticias Radio Reflejos\" \/>\n<meta property=\"article:published_time\" content=\"2023-02-03T14:03:21+00:00\" \/>\n<meta property=\"og:image\" content=\"https:\/\/www.noticiasradioreflejos.com.ar\/2021\/wp-content\/uploads\/2021\/07\/logosol300x200.png\" \/>\n\t<meta property=\"og:image:width\" content=\"300\" \/>\n\t<meta property=\"og:image:height\" content=\"200\" \/>\n\t<meta property=\"og:image:type\" content=\"image\/png\" \/>\n<meta name=\"author\" content=\"Arnaldo Botto\" \/>\n<meta name=\"twitter:card\" content=\"summary_large_image\" \/>\n<script type=\"application\/ld+json\" class=\"yoast-schema-graph\">{\"@context\":\"https:\/\/schema.org\",\"@graph\":[{\"@type\":\"WebPage\",\"@id\":\"https:\/\/www.noticiasradioreflejos.com.ar\/2021\/incesantes-gestiones-para-evitar-hechos-de-violencia-en-lago-escondido\/\",\"url\":\"https:\/\/www.noticiasradioreflejos.com.ar\/2021\/incesantes-gestiones-para-evitar-hechos-de-violencia-en-lago-escondido\/\",\"name\":\"Incesantes gestiones para evitar \\\"hechos de violencia\\\" en Lago Escondido - Noticias Radio Reflejos\",\"isPartOf\":{\"@id\":\"https:\/\/www.noticiasradioreflejos.com.ar\/2021\/#website\"},\"datePublished\":\"2023-02-03T14:03:21+00:00\",\"author\":{\"@id\":\"https:\/\/www.noticiasradioreflejos.com.ar\/2021\/#\/schema\/person\/ad82545263dcc5ec0996818884fd5fb1\"},\"breadcrumb\":{\"@id\":\"https:\/\/www.noticiasradioreflejos.com.ar\/2021\/incesantes-gestiones-para-evitar-hechos-de-violencia-en-lago-escondido\/#breadcrumb\"},\"inLanguage\":\"es\",\"potentialAction\":[{\"@type\":\"ReadAction\",\"target\":[\"https:\/\/www.noticiasradioreflejos.com.ar\/2021\/incesantes-gestiones-para-evitar-hechos-de-violencia-en-lago-escondido\/\"]}]},{\"@type\":\"BreadcrumbList\",\"@id\":\"https:\/\/www.noticiasradioreflejos.com.ar\/2021\/incesantes-gestiones-para-evitar-hechos-de-violencia-en-lago-escondido\/#breadcrumb\",\"itemListElement\":[{\"@type\":\"ListItem\",\"position\":1,\"name\":\"Portada\",\"item\":\"https:\/\/www.noticiasradioreflejos.com.ar\/2021\/\"},{\"@type\":\"ListItem\",\"position\":2,\"name\":\"Incesantes gestiones para evitar \u00abhechos de violencia\u00bb en Lago Escondido\"}]},{\"@type\":\"WebSite\",\"@id\":\"https:\/\/www.noticiasradioreflejos.com.ar\/2021\/#website\",\"url\":\"https:\/\/www.noticiasradioreflejos.com.ar\/2021\/\",\"name\":\"Noticias Radio Reflejos\",\"description\":\"Las noticias de mi comarca\",\"potentialAction\":[{\"@type\":\"SearchAction\",\"target\":{\"@type\":\"EntryPoint\",\"urlTemplate\":\"https:\/\/www.noticiasradioreflejos.com.ar\/2021\/?s={search_term_string}\"},\"query-input\":{\"@type\":\"PropertyValueSpecification\",\"valueRequired\":true,\"valueName\":\"search_term_string\"}}],\"inLanguage\":\"es\"},{\"@type\":\"Person\",\"@id\":\"https:\/\/www.noticiasradioreflejos.com.ar\/2021\/#\/schema\/person\/ad82545263dcc5ec0996818884fd5fb1\",\"name\":\"Arnaldo Botto\",\"image\":{\"@type\":\"ImageObject\",\"inLanguage\":\"es\",\"@id\":\"https:\/\/www.noticiasradioreflejos.com.ar\/2021\/#\/schema\/person\/image\/\",\"url\":\"https:\/\/secure.gravatar.com\/avatar\/55cb5e37c1efa326397366e6974cb338056df65cb50e7d64d1cf314e87504837?s=96&d=mm&r=g\",\"contentUrl\":\"https:\/\/secure.gravatar.com\/avatar\/55cb5e37c1efa326397366e6974cb338056df65cb50e7d64d1cf314e87504837?s=96&d=mm&r=g\",\"caption\":\"Arnaldo Botto\"},\"url\":\"https:\/\/www.noticiasradioreflejos.com.ar\/2021\/author\/arnaldo\/\"}]}<\/script>\n<!-- \/ Yoast SEO plugin. -->","yoast_head_json":{"title":"Incesantes gestiones para evitar \"hechos de violencia\" en Lago Escondido - Noticias Radio Reflejos","robots":{"index":"index","follow":"follow","max-snippet":"max-snippet:-1","max-image-preview":"max-image-preview:large","max-video-preview":"max-video-preview:-1"},"canonical":"https:\/\/www.noticiasradioreflejos.com.ar\/2021\/incesantes-gestiones-para-evitar-hechos-de-violencia-en-lago-escondido\/","og_locale":"es_ES","og_type":"article","og_title":"Incesantes gestiones para evitar \"hechos de violencia\" en Lago Escondido - Noticias Radio Reflejos","og_description":"(Por Marcelo Cena, enviado especial).- Los integrantes de la S\u00e9ptima Marcha por la Soberan\u00eda al Lago Escondido mantuvieron durante la madrugada incesantes gestiones con autoridades nacionales y de la provincia de R\u00edo Negro para evitar \u00abhechos de violencia que pongan en riesgo la vida\u00bb de los militantes que acampan desde ayer frente a la mansi\u00f3n [&hellip;]","og_url":"https:\/\/www.noticiasradioreflejos.com.ar\/2021\/incesantes-gestiones-para-evitar-hechos-de-violencia-en-lago-escondido\/","og_site_name":"Noticias Radio Reflejos","article_published_time":"2023-02-03T14:03:21+00:00","og_image":[{"width":300,"height":200,"url":"https:\/\/www.noticiasradioreflejos.com.ar\/2021\/wp-content\/uploads\/2021\/07\/logosol300x200.png","type":"image\/png"}],"author":"Arnaldo Botto","twitter_card":"summary_large_image","schema":{"@context":"https:\/\/schema.org","@graph":[{"@type":"WebPage","@id":"https:\/\/www.noticiasradioreflejos.com.ar\/2021\/incesantes-gestiones-para-evitar-hechos-de-violencia-en-lago-escondido\/","url":"https:\/\/www.noticiasradioreflejos.com.ar\/2021\/incesantes-gestiones-para-evitar-hechos-de-violencia-en-lago-escondido\/","name":"Incesantes gestiones para evitar \"hechos de violencia\" en Lago Escondido - Noticias Radio Reflejos","isPartOf":{"@id":"https:\/\/www.noticiasradioreflejos.com.ar\/2021\/#website"},"datePublished":"2023-02-03T14:03:21+00:00","author":{"@id":"https:\/\/www.noticiasradioreflejos.com.ar\/2021\/#\/schema\/person\/ad82545263dcc5ec0996818884fd5fb1"},"breadcrumb":{"@id":"https:\/\/www.noticiasradioreflejos.com.ar\/2021\/incesantes-gestiones-para-evitar-hechos-de-violencia-en-lago-escondido\/#breadcrumb"},"inLanguage":"es","potentialAction":[{"@type":"ReadAction","target":["https:\/\/www.noticiasradioreflejos.com.ar\/2021\/incesantes-gestiones-para-evitar-hechos-de-violencia-en-lago-escondido\/"]}]},{"@type":"BreadcrumbList","@id":"https:\/\/www.noticiasradioreflejos.com.ar\/2021\/incesantes-gestiones-para-evitar-hechos-de-violencia-en-lago-escondido\/#breadcrumb","itemListElement":[{"@type":"ListItem","position":1,"name":"Portada","item":"https:\/\/www.noticiasradioreflejos.com.ar\/2021\/"},{"@type":"ListItem","position":2,"name":"Incesantes gestiones para evitar \u00abhechos de violencia\u00bb en Lago Escondido"}]},{"@type":"WebSite","@id":"https:\/\/www.noticiasradioreflejos.com.ar\/2021\/#website","url":"https:\/\/www.noticiasradioreflejos.com.ar\/2021\/","name":"Noticias Radio Reflejos","description":"Las noticias de mi comarca","potentialAction":[{"@type":"SearchAction","target":{"@type":"EntryPoint","urlTemplate":"https:\/\/www.noticiasradioreflejos.com.ar\/2021\/?s={search_term_string}"},"query-input":{"@type":"PropertyValueSpecification","valueRequired":true,"valueName":"search_term_string"}}],"inLanguage":"es"},{"@type":"Person","@id":"https:\/\/www.noticiasradioreflejos.com.ar\/2021\/#\/schema\/person\/ad82545263dcc5ec0996818884fd5fb1","name":"Arnaldo Botto","image":{"@type":"ImageObject","inLanguage":"es","@id":"https:\/\/www.noticiasradioreflejos.com.ar\/2021\/#\/schema\/person\/image\/","url":"https:\/\/secure.gravatar.com\/avatar\/55cb5e37c1efa326397366e6974cb338056df65cb50e7d64d1cf314e87504837?s=96&d=mm&r=g","contentUrl":"https:\/\/secure.gravatar.com\/avatar\/55cb5e37c1efa326397366e6974cb338056df65cb50e7d64d1cf314e87504837?s=96&d=mm&r=g","caption":"Arnaldo Botto"},"url":"https:\/\/www.noticiasradioreflejos.com.ar\/2021\/author\/arnaldo\/"}]}},"_links":{"self":[{"href":"https:\/\/www.noticiasradioreflejos.com.ar\/2021\/wp-json\/wp\/v2\/posts\/83563","targetHints":{"allow":["GET"]}}],"collection":[{"href":"https:\/\/www.noticiasradioreflejos.com.ar\/2021\/wp-json\/wp\/v2\/posts"}],"about":[{"href":"https:\/\/www.noticiasradioreflejos.com.ar\/2021\/wp-json\/wp\/v2\/types\/post"}],"author":[{"embeddable":true,"href":"https:\/\/www.noticiasradioreflejos.com.ar\/2021\/wp-json\/wp\/v2\/users\/3"}],"replies":[{"embeddable":true,"href":"https:\/\/www.noticiasradioreflejos.com.ar\/2021\/wp-json\/wp\/v2\/comments?post=83563"}],"version-history":[{"count":1,"href":"https:\/\/www.noticiasradioreflejos.com.ar\/2021\/wp-json\/wp\/v2\/posts\/83563\/revisions"}],"predecessor-version":[{"id":83565,"href":"https:\/\/www.noticiasradioreflejos.com.ar\/2021\/wp-json\/wp\/v2\/posts\/83563\/revisions\/83565"}],"wp:attachment":[{"href":"https:\/\/www.noticiasradioreflejos.com.ar\/2021\/wp-json\/wp\/v2\/media?parent=83563"}],"wp:term":[{"taxonomy":"category","embeddable":true,"href":"https:\/\/www.noticiasradioreflejos.com.ar\/2021\/wp-json\/wp\/v2\/categories?post=83563"},{"taxonomy":"post_tag","embeddable":true,"href":"https:\/\/www.noticiasradioreflejos.com.ar\/2021\/wp-json\/wp\/v2\/tags?post=83563"}],"curies":[{"name":"wp","href":"https:\/\/api.w.org\/{rel}","templated":true}]}}