{"id":83275,"date":"2023-01-27T16:23:03","date_gmt":"2023-01-27T16:23:03","guid":{"rendered":"https:\/\/www.noticiasradioreflejos.com.ar\/2021\/?p=83275"},"modified":"2023-01-27T16:23:03","modified_gmt":"2023-01-27T16:23:03","slug":"alerta-ante-casos-de-diarrea-aguda-en-adultos","status":"publish","type":"post","link":"https:\/\/www.noticiasradioreflejos.com.ar\/2021\/alerta-ante-casos-de-diarrea-aguda-en-adultos\/","title":{"rendered":"Alerta ante casos de diarrea aguda en adultos"},"content":{"rendered":"<p>En las primeras tres semanas de enero, se registraron cuatro casos de adultos internados por diarrea aguda en el municipio de Berazategui, de los cuales dos fallecieron (48 y 36 a\u00f1os), y que presentaban reciente ingesta de carne y derivados, posiblemente en mal estado.<!--more--><\/p>\n<p>Ante ello, el Ministerio de Salud provincial y la Secretar\u00eda de Salud de Tornquist Municipio, emiten una serie de recomendaciones a la poblaci\u00f3n:<br \/>\n-Utilizar agua segura. Si no es agua de red: agregar dos gotas de lavandina por litro de agua o hervirla de 2 a 3 minutos, o utilizar pastillas potabilizadoras.<br \/>\n-Practicar costumbres de higiene como lavado de manos con agua y jab\u00f3n despu\u00e9s de ir al ba\u00f1o, despu\u00e9s de cambiar los pa\u00f1ales y, las madres, antes de dar de mamar. Tambi\u00e9n antes y despu\u00e9s de preparar alimentos (en especial despu\u00e9s de tocar carne cruda) y consumirlos.<br \/>\n-Mantener la higiene en la preparaci\u00f3n de alimentos.<br \/>\n-Utilizar alimentos frescos, limpios, bien cocinados y recientemente preparados.<br \/>\n-Lavado de vegetales: Lavar y desinfectar cuidadosamente con agua segura frutas y verduras sobre todo si se consumen crudas y en lo posible, pelarlas.<br \/>\n-Cocinar bien los alimentos: los huevos hasta que tengan consistencia dura. Si los huevos tienen olor o sabor extra\u00f1o, no consumirlos.<br \/>\n-Las carnes deben estar bien cocidas por dentro y por fuera, hasta que pierdan totalmente el color rosado, teniendo especial cuidado con la carne picada, hamburguesas, alb\u00f3ndigas, empanadas, pastel de carne, achuras, etc. Cocci\u00f3n correcta: Cocinar completamente hasta que no queden partes rosadas en su interior y sus jugos sean claros (m\u00ednimo 71\u00b0C en el centro de la pieza).<br \/>\n-Si la carne tiene mal olor al momento de prepararla, o perdi\u00f3 la cadena de fr\u00edo, no consumirla. Las carnes no deben descongelarse m\u00e1s de una vez en caso de haber sido frizadas.<br \/>\n-No usar el mismo cuchillo, tabla o mesada donde se apoy\u00f3 carne cruda para cortar otros alimentos, sin antes lavarlos con agua y detergente.<br \/>\n-Evitar la contaminaci\u00f3n cruzada: En las \u00e1reas de preparaci\u00f3n de alimentos limpiar y desinfectar las superficies, las tablas de cortar y los utensilios despu\u00e9s de que hayan tomado contacto con carne cruda y\/o sus jugos.<br \/>\n-Separar las carnes crudas y\/o sus jugos de los alimentos listos para consumir principalmente durante la compra, el almacenamiento y la preparaci\u00f3n de los mismos.<br \/>\n-Consumir leche, derivados l\u00e1cteos y jugos que est\u00e9n pasteurizados.<br \/>\n-Conservar alimentos frescos y cocidos en la heladera.<br \/>\n-Evitar la ingesta de medicamentos sin indicaci\u00f3n m\u00e9dica e infusiones caseras.<\/p>\n","protected":false},"excerpt":{"rendered":"<p>En las primeras tres semanas de enero, se registraron cuatro casos de adultos internados por diarrea aguda en el municipio de Berazategui, de los cuales dos fallecieron (48 y 36 a\u00f1os), y que presentaban reciente ingesta de carne y derivados, posiblemente en mal estado.<\/p>\n","protected":false},"author":3,"featured_media":0,"comment_status":"closed","ping_status":"closed","sticky":false,"template":"","format":"standard","meta":{"footnotes":""},"categories":[30],"tags":[],"class_list":["post-83275","post","type-post","status-publish","format-standard","hentry","category-salud"],"yoast_head":"<!-- This site is optimized with the Yoast SEO plugin v25.9 - https:\/\/yoast.com\/wordpress\/plugins\/seo\/ -->\n<title>Alerta ante casos de diarrea aguda en adultos - Noticias Radio Reflejos<\/title>\n<meta name=\"robots\" content=\"index, follow, max-snippet:-1, max-image-preview:large, max-video-preview:-1\" \/>\n<link rel=\"canonical\" href=\"https:\/\/www.noticiasradioreflejos.com.ar\/2021\/alerta-ante-casos-de-diarrea-aguda-en-adultos\/\" \/>\n<meta property=\"og:locale\" content=\"es_ES\" \/>\n<meta property=\"og:type\" content=\"article\" \/>\n<meta property=\"og:title\" content=\"Alerta ante casos de diarrea aguda en adultos - Noticias Radio Reflejos\" \/>\n<meta property=\"og:description\" content=\"En las primeras tres semanas de enero, se registraron cuatro casos de adultos internados por diarrea aguda en el municipio de Berazategui, de los cuales dos fallecieron (48 y 36 a\u00f1os), y que presentaban reciente ingesta de carne y derivados, posiblemente en mal estado.\" \/>\n<meta property=\"og:url\" content=\"https:\/\/www.noticiasradioreflejos.com.ar\/2021\/alerta-ante-casos-de-diarrea-aguda-en-adultos\/\" \/>\n<meta property=\"og:site_name\" content=\"Noticias Radio Reflejos\" \/>\n<meta property=\"article:published_time\" content=\"2023-01-27T16:23:03+00:00\" \/>\n<meta property=\"og:image\" content=\"https:\/\/www.noticiasradioreflejos.com.ar\/2021\/wp-content\/uploads\/2021\/07\/logosol300x200.png\" \/>\n\t<meta property=\"og:image:width\" content=\"300\" \/>\n\t<meta property=\"og:image:height\" content=\"200\" \/>\n\t<meta property=\"og:image:type\" content=\"image\/png\" \/>\n<meta name=\"author\" content=\"Arnaldo Botto\" \/>\n<meta name=\"twitter:card\" content=\"summary_large_image\" \/>\n<script type=\"application\/ld+json\" class=\"yoast-schema-graph\">{\"@context\":\"https:\/\/schema.org\",\"@graph\":[{\"@type\":\"WebPage\",\"@id\":\"https:\/\/www.noticiasradioreflejos.com.ar\/2021\/alerta-ante-casos-de-diarrea-aguda-en-adultos\/\",\"url\":\"https:\/\/www.noticiasradioreflejos.com.ar\/2021\/alerta-ante-casos-de-diarrea-aguda-en-adultos\/\",\"name\":\"Alerta ante casos de diarrea aguda en adultos - Noticias Radio Reflejos\",\"isPartOf\":{\"@id\":\"https:\/\/www.noticiasradioreflejos.com.ar\/2021\/#website\"},\"datePublished\":\"2023-01-27T16:23:03+00:00\",\"author\":{\"@id\":\"https:\/\/www.noticiasradioreflejos.com.ar\/2021\/#\/schema\/person\/ad82545263dcc5ec0996818884fd5fb1\"},\"breadcrumb\":{\"@id\":\"https:\/\/www.noticiasradioreflejos.com.ar\/2021\/alerta-ante-casos-de-diarrea-aguda-en-adultos\/#breadcrumb\"},\"inLanguage\":\"es\",\"potentialAction\":[{\"@type\":\"ReadAction\",\"target\":[\"https:\/\/www.noticiasradioreflejos.com.ar\/2021\/alerta-ante-casos-de-diarrea-aguda-en-adultos\/\"]}]},{\"@type\":\"BreadcrumbList\",\"@id\":\"https:\/\/www.noticiasradioreflejos.com.ar\/2021\/alerta-ante-casos-de-diarrea-aguda-en-adultos\/#breadcrumb\",\"itemListElement\":[{\"@type\":\"ListItem\",\"position\":1,\"name\":\"Portada\",\"item\":\"https:\/\/www.noticiasradioreflejos.com.ar\/2021\/\"},{\"@type\":\"ListItem\",\"position\":2,\"name\":\"Alerta ante casos de diarrea aguda en adultos\"}]},{\"@type\":\"WebSite\",\"@id\":\"https:\/\/www.noticiasradioreflejos.com.ar\/2021\/#website\",\"url\":\"https:\/\/www.noticiasradioreflejos.com.ar\/2021\/\",\"name\":\"Noticias Radio Reflejos\",\"description\":\"Las noticias de mi comarca\",\"potentialAction\":[{\"@type\":\"SearchAction\",\"target\":{\"@type\":\"EntryPoint\",\"urlTemplate\":\"https:\/\/www.noticiasradioreflejos.com.ar\/2021\/?s={search_term_string}\"},\"query-input\":{\"@type\":\"PropertyValueSpecification\",\"valueRequired\":true,\"valueName\":\"search_term_string\"}}],\"inLanguage\":\"es\"},{\"@type\":\"Person\",\"@id\":\"https:\/\/www.noticiasradioreflejos.com.ar\/2021\/#\/schema\/person\/ad82545263dcc5ec0996818884fd5fb1\",\"name\":\"Arnaldo Botto\",\"image\":{\"@type\":\"ImageObject\",\"inLanguage\":\"es\",\"@id\":\"https:\/\/www.noticiasradioreflejos.com.ar\/2021\/#\/schema\/person\/image\/\",\"url\":\"https:\/\/secure.gravatar.com\/avatar\/55cb5e37c1efa326397366e6974cb338056df65cb50e7d64d1cf314e87504837?s=96&d=mm&r=g\",\"contentUrl\":\"https:\/\/secure.gravatar.com\/avatar\/55cb5e37c1efa326397366e6974cb338056df65cb50e7d64d1cf314e87504837?s=96&d=mm&r=g\",\"caption\":\"Arnaldo Botto\"},\"url\":\"https:\/\/www.noticiasradioreflejos.com.ar\/2021\/author\/arnaldo\/\"}]}<\/script>\n<!-- \/ Yoast SEO plugin. -->","yoast_head_json":{"title":"Alerta ante casos de diarrea aguda en adultos - Noticias Radio Reflejos","robots":{"index":"index","follow":"follow","max-snippet":"max-snippet:-1","max-image-preview":"max-image-preview:large","max-video-preview":"max-video-preview:-1"},"canonical":"https:\/\/www.noticiasradioreflejos.com.ar\/2021\/alerta-ante-casos-de-diarrea-aguda-en-adultos\/","og_locale":"es_ES","og_type":"article","og_title":"Alerta ante casos de diarrea aguda en adultos - Noticias Radio Reflejos","og_description":"En las primeras tres semanas de enero, se registraron cuatro casos de adultos internados por diarrea aguda en el municipio de Berazategui, de los cuales dos fallecieron (48 y 36 a\u00f1os), y que presentaban reciente ingesta de carne y derivados, posiblemente en mal estado.","og_url":"https:\/\/www.noticiasradioreflejos.com.ar\/2021\/alerta-ante-casos-de-diarrea-aguda-en-adultos\/","og_site_name":"Noticias Radio Reflejos","article_published_time":"2023-01-27T16:23:03+00:00","og_image":[{"width":300,"height":200,"url":"https:\/\/www.noticiasradioreflejos.com.ar\/2021\/wp-content\/uploads\/2021\/07\/logosol300x200.png","type":"image\/png"}],"author":"Arnaldo Botto","twitter_card":"summary_large_image","schema":{"@context":"https:\/\/schema.org","@graph":[{"@type":"WebPage","@id":"https:\/\/www.noticiasradioreflejos.com.ar\/2021\/alerta-ante-casos-de-diarrea-aguda-en-adultos\/","url":"https:\/\/www.noticiasradioreflejos.com.ar\/2021\/alerta-ante-casos-de-diarrea-aguda-en-adultos\/","name":"Alerta ante casos de diarrea aguda en adultos - Noticias Radio Reflejos","isPartOf":{"@id":"https:\/\/www.noticiasradioreflejos.com.ar\/2021\/#website"},"datePublished":"2023-01-27T16:23:03+00:00","author":{"@id":"https:\/\/www.noticiasradioreflejos.com.ar\/2021\/#\/schema\/person\/ad82545263dcc5ec0996818884fd5fb1"},"breadcrumb":{"@id":"https:\/\/www.noticiasradioreflejos.com.ar\/2021\/alerta-ante-casos-de-diarrea-aguda-en-adultos\/#breadcrumb"},"inLanguage":"es","potentialAction":[{"@type":"ReadAction","target":["https:\/\/www.noticiasradioreflejos.com.ar\/2021\/alerta-ante-casos-de-diarrea-aguda-en-adultos\/"]}]},{"@type":"BreadcrumbList","@id":"https:\/\/www.noticiasradioreflejos.com.ar\/2021\/alerta-ante-casos-de-diarrea-aguda-en-adultos\/#breadcrumb","itemListElement":[{"@type":"ListItem","position":1,"name":"Portada","item":"https:\/\/www.noticiasradioreflejos.com.ar\/2021\/"},{"@type":"ListItem","position":2,"name":"Alerta ante casos de diarrea aguda en adultos"}]},{"@type":"WebSite","@id":"https:\/\/www.noticiasradioreflejos.com.ar\/2021\/#website","url":"https:\/\/www.noticiasradioreflejos.com.ar\/2021\/","name":"Noticias Radio Reflejos","description":"Las noticias de mi comarca","potentialAction":[{"@type":"SearchAction","target":{"@type":"EntryPoint","urlTemplate":"https:\/\/www.noticiasradioreflejos.com.ar\/2021\/?s={search_term_string}"},"query-input":{"@type":"PropertyValueSpecification","valueRequired":true,"valueName":"search_term_string"}}],"inLanguage":"es"},{"@type":"Person","@id":"https:\/\/www.noticiasradioreflejos.com.ar\/2021\/#\/schema\/person\/ad82545263dcc5ec0996818884fd5fb1","name":"Arnaldo Botto","image":{"@type":"ImageObject","inLanguage":"es","@id":"https:\/\/www.noticiasradioreflejos.com.ar\/2021\/#\/schema\/person\/image\/","url":"https:\/\/secure.gravatar.com\/avatar\/55cb5e37c1efa326397366e6974cb338056df65cb50e7d64d1cf314e87504837?s=96&d=mm&r=g","contentUrl":"https:\/\/secure.gravatar.com\/avatar\/55cb5e37c1efa326397366e6974cb338056df65cb50e7d64d1cf314e87504837?s=96&d=mm&r=g","caption":"Arnaldo Botto"},"url":"https:\/\/www.noticiasradioreflejos.com.ar\/2021\/author\/arnaldo\/"}]}},"_links":{"self":[{"href":"https:\/\/www.noticiasradioreflejos.com.ar\/2021\/wp-json\/wp\/v2\/posts\/83275","targetHints":{"allow":["GET"]}}],"collection":[{"href":"https:\/\/www.noticiasradioreflejos.com.ar\/2021\/wp-json\/wp\/v2\/posts"}],"about":[{"href":"https:\/\/www.noticiasradioreflejos.com.ar\/2021\/wp-json\/wp\/v2\/types\/post"}],"author":[{"embeddable":true,"href":"https:\/\/www.noticiasradioreflejos.com.ar\/2021\/wp-json\/wp\/v2\/users\/3"}],"replies":[{"embeddable":true,"href":"https:\/\/www.noticiasradioreflejos.com.ar\/2021\/wp-json\/wp\/v2\/comments?post=83275"}],"version-history":[{"count":1,"href":"https:\/\/www.noticiasradioreflejos.com.ar\/2021\/wp-json\/wp\/v2\/posts\/83275\/revisions"}],"predecessor-version":[{"id":83277,"href":"https:\/\/www.noticiasradioreflejos.com.ar\/2021\/wp-json\/wp\/v2\/posts\/83275\/revisions\/83277"}],"wp:attachment":[{"href":"https:\/\/www.noticiasradioreflejos.com.ar\/2021\/wp-json\/wp\/v2\/media?parent=83275"}],"wp:term":[{"taxonomy":"category","embeddable":true,"href":"https:\/\/www.noticiasradioreflejos.com.ar\/2021\/wp-json\/wp\/v2\/categories?post=83275"},{"taxonomy":"post_tag","embeddable":true,"href":"https:\/\/www.noticiasradioreflejos.com.ar\/2021\/wp-json\/wp\/v2\/tags?post=83275"}],"curies":[{"name":"wp","href":"https:\/\/api.w.org\/{rel}","templated":true}]}}