{"id":83215,"date":"2023-01-26T17:07:52","date_gmt":"2023-01-26T17:07:52","guid":{"rendered":"https:\/\/www.noticiasradioreflejos.com.ar\/2021\/?p=83215"},"modified":"2023-01-26T17:07:52","modified_gmt":"2023-01-26T17:07:52","slug":"un-tridente-para-encausar-la-ilusion-del-futbol-de-primera-del-club-ventana","status":"publish","type":"post","link":"https:\/\/www.noticiasradioreflejos.com.ar\/2021\/un-tridente-para-encausar-la-ilusion-del-futbol-de-primera-del-club-ventana\/","title":{"rendered":"Un tridente para encausar la ilusi\u00f3n del f\u00fatbol de primera del Club Ventana"},"content":{"rendered":"<p><strong>Gabriel Wilt<\/strong>, junto con<strong> Carlos Dana y Maximiliano Brunengo<\/strong> se hacen cargo del primer equipo y la reserva. \u201cDecidimos tomar el riesgo y poner el pecho\u201d afirm\u00f3 Gabriel.<!--more--><\/p>\n<p>A\u00f1o nuevo y esperanzas renovadas para el f\u00fatbol del Club Ventana, el cual ya confirm\u00f3 qui\u00e9nes estar\u00e1n a cargo de los primeros dos equipos: primera y reserva. En una apuesta del ri\u00f1\u00f3n mismo del club, con trabajo ad honorem y la ilusi\u00f3n de sumar m\u00e1s competencia a la instituci\u00f3n el tridente <strong>Wilt-Dana-Brunengo<\/strong> toma la posta.<\/p>\n<p>Al respecto Gabriel Wilt, uno de los integrantes del flamante triunvirato, afirm\u00f3 que \u201ces una mochila pesada. A los chicos que estaban antes se les hizo complicado tambi\u00e9n. Con Carlos Dana y con Maxi Brunengo decidimos tomar el riesgo y poner el pecho para ver qu\u00e9 podemos hacer. Con la experiencia que tenemos ver qu\u00e9 podemos hacer por este club que queremos tanto\u201d.<\/p>\n<p>Detallando la situaci\u00f3n, mencion\u00f3 que \u201cnosotros vamos a hacernos cargo de reserva y primera. En escuelita sigue Eber Piedrabuena y el zorrito Arias; y en las dem\u00e1s categor\u00edas calculamos que seguir\u00e1n los mismos chicos del a\u00f1o pasado; el \u00abpelu\u00bb Luciano Rinaldi y Emi Vertucci\u201d.<\/p>\n<p>Y siguiendo en esa l\u00ednea cont\u00f3 que \u201cvamos a hacer toda la parte t\u00e9cnica y t\u00e1ctica, y de preparador f\u00edsico est\u00e1 Emi, que es el preparador f\u00edsico del club. Emilio Ar\u00e9valo har\u00e1 charlas motivacionales cada quince d\u00edas; y en Villa tenemos al picho Chiuca, el bombero, que nos dar\u00e1 una mano con la coordinaci\u00f3n de los que sean de ah\u00ed\u201d.<\/p>\n<p>Sobre los objetivos planteados, explic\u00f3 que \u201cla idea nuestra es darles prioridad a los chicos del Club y del pueblo que son un mont\u00f3n. Estamos llamando a los que dejaron. Se hace dif\u00edcil mantenerlos motivados. La liga es muy tranquila, el a\u00f1o pasado estuvieron casi dos meses sin jugar y eso juega en contra\u201d.<\/p>\n<p>Seg\u00fan confirm\u00f3, \u201cahora el 2 de febrero hay asamblea en Pringles y veremos si nos dejan libres y nos dan la posibilidad de anotarnos en otra liga, o seguiremos ah\u00ed y que se fusionen con la liga de Dorrego. Tratamos que se pueda cambiar, y si no se puede, apoyar para que se mejore y darle mejor calidad de f\u00fatbol a los chicos\u201d.<\/p>\n<p>Por \u00faltimo, y a modo de resumen con lo que iniciar\u00e1n, sostuvo que \u201cel a\u00f1o pasado terminaron con pocos chicos. Se desmotivan, no van a entrenar, dejan de jugar. Para arrancar necesitamos entre 25 y 30 chicos en cada categor\u00eda. Despu\u00e9s podes hablar con los profes de inferiores para ver a qui\u00e9n podes promocionar\u201d.<\/p>\n<p><iframe loading=\"lazy\" width=\"100%\" height=\"166\" scrolling=\"no\" frameborder=\"no\" allow=\"autoplay\" src=\"https:\/\/w.soundcloud.com\/player\/?url=https%3A\/\/api.soundcloud.com\/tracks\/1432884070&#038;color=%23ff5500&#038;auto_play=false&#038;hide_related=false&#038;show_comments=true&#038;show_user=true&#038;show_reposts=false&#038;show_teaser=true\"><\/iframe><\/p>\n<div style=\"font-size: 10px; color: #cccccc;line-break: anywhere;word-break: normal;overflow: hidden;white-space: nowrap;text-overflow: ellipsis; font-family: Interstate,Lucida Grande,Lucida Sans Unicode,Lucida Sans,Garuda,Verdana,Tahoma,sans-serif;font-weight: 100;\"><a href=\"https:\/\/soundcloud.com\/fmreflejos-103-7\" title=\"fmreflejos 103.7\" target=\"_blank\" style=\"color: #cccccc; text-decoration: none;\" rel=\"noopener\">fmreflejos 103.7<\/a> \u00b7 <a href=\"https:\/\/soundcloud.com\/fmreflejos-103-7\/gabriel-will\" title=\"Gabriel Wilt\" target=\"_blank\" style=\"color: #cccccc; text-decoration: none;\" rel=\"noopener\">Gabriel Wilt<\/a><\/div>\n","protected":false},"excerpt":{"rendered":"<p>Gabriel Wilt, junto con Carlos Dana y Maximiliano Brunengo se hacen cargo del primer equipo y la reserva. \u201cDecidimos tomar el riesgo y poner el pecho\u201d afirm\u00f3 Gabriel.<\/p>\n","protected":false},"author":3,"featured_media":0,"comment_status":"closed","ping_status":"closed","sticky":false,"template":"","format":"standard","meta":{"footnotes":""},"categories":[27,26],"tags":[48],"class_list":["post-83215","post","type-post","status-publish","format-standard","hentry","category-deportes","category-sociedad","tag-destacada"],"yoast_head":"<!-- This site is optimized with the Yoast SEO plugin v25.9 - https:\/\/yoast.com\/wordpress\/plugins\/seo\/ -->\n<title>Un tridente para encausar la ilusi\u00f3n del f\u00fatbol de primera del Club Ventana - Noticias Radio Reflejos<\/title>\n<meta name=\"robots\" content=\"index, follow, max-snippet:-1, max-image-preview:large, max-video-preview:-1\" \/>\n<link rel=\"canonical\" href=\"https:\/\/www.noticiasradioreflejos.com.ar\/2021\/un-tridente-para-encausar-la-ilusion-del-futbol-de-primera-del-club-ventana\/\" \/>\n<meta property=\"og:locale\" content=\"es_ES\" \/>\n<meta property=\"og:type\" content=\"article\" \/>\n<meta property=\"og:title\" content=\"Un tridente para encausar la ilusi\u00f3n del f\u00fatbol de primera del Club Ventana - Noticias Radio Reflejos\" \/>\n<meta property=\"og:description\" content=\"Gabriel Wilt, junto con Carlos Dana y Maximiliano Brunengo se hacen cargo del primer equipo y la reserva. \u201cDecidimos tomar el riesgo y poner el pecho\u201d afirm\u00f3 Gabriel.\" \/>\n<meta property=\"og:url\" content=\"https:\/\/www.noticiasradioreflejos.com.ar\/2021\/un-tridente-para-encausar-la-ilusion-del-futbol-de-primera-del-club-ventana\/\" \/>\n<meta property=\"og:site_name\" content=\"Noticias Radio Reflejos\" \/>\n<meta property=\"article:published_time\" content=\"2023-01-26T17:07:52+00:00\" \/>\n<meta property=\"og:image\" content=\"https:\/\/www.noticiasradioreflejos.com.ar\/2021\/wp-content\/uploads\/2021\/07\/logosol300x200.png\" \/>\n\t<meta property=\"og:image:width\" content=\"300\" \/>\n\t<meta property=\"og:image:height\" content=\"200\" \/>\n\t<meta property=\"og:image:type\" content=\"image\/png\" \/>\n<meta name=\"author\" content=\"Arnaldo Botto\" \/>\n<meta name=\"twitter:card\" content=\"summary_large_image\" \/>\n<script type=\"application\/ld+json\" class=\"yoast-schema-graph\">{\"@context\":\"https:\/\/schema.org\",\"@graph\":[{\"@type\":\"WebPage\",\"@id\":\"https:\/\/www.noticiasradioreflejos.com.ar\/2021\/un-tridente-para-encausar-la-ilusion-del-futbol-de-primera-del-club-ventana\/\",\"url\":\"https:\/\/www.noticiasradioreflejos.com.ar\/2021\/un-tridente-para-encausar-la-ilusion-del-futbol-de-primera-del-club-ventana\/\",\"name\":\"Un tridente para encausar la ilusi\u00f3n del f\u00fatbol de primera del Club Ventana - Noticias Radio Reflejos\",\"isPartOf\":{\"@id\":\"https:\/\/www.noticiasradioreflejos.com.ar\/2021\/#website\"},\"datePublished\":\"2023-01-26T17:07:52+00:00\",\"author\":{\"@id\":\"https:\/\/www.noticiasradioreflejos.com.ar\/2021\/#\/schema\/person\/ad82545263dcc5ec0996818884fd5fb1\"},\"breadcrumb\":{\"@id\":\"https:\/\/www.noticiasradioreflejos.com.ar\/2021\/un-tridente-para-encausar-la-ilusion-del-futbol-de-primera-del-club-ventana\/#breadcrumb\"},\"inLanguage\":\"es\",\"potentialAction\":[{\"@type\":\"ReadAction\",\"target\":[\"https:\/\/www.noticiasradioreflejos.com.ar\/2021\/un-tridente-para-encausar-la-ilusion-del-futbol-de-primera-del-club-ventana\/\"]}]},{\"@type\":\"BreadcrumbList\",\"@id\":\"https:\/\/www.noticiasradioreflejos.com.ar\/2021\/un-tridente-para-encausar-la-ilusion-del-futbol-de-primera-del-club-ventana\/#breadcrumb\",\"itemListElement\":[{\"@type\":\"ListItem\",\"position\":1,\"name\":\"Portada\",\"item\":\"https:\/\/www.noticiasradioreflejos.com.ar\/2021\/\"},{\"@type\":\"ListItem\",\"position\":2,\"name\":\"Un tridente para encausar la ilusi\u00f3n del f\u00fatbol de primera del Club Ventana\"}]},{\"@type\":\"WebSite\",\"@id\":\"https:\/\/www.noticiasradioreflejos.com.ar\/2021\/#website\",\"url\":\"https:\/\/www.noticiasradioreflejos.com.ar\/2021\/\",\"name\":\"Noticias Radio Reflejos\",\"description\":\"Las noticias de mi comarca\",\"potentialAction\":[{\"@type\":\"SearchAction\",\"target\":{\"@type\":\"EntryPoint\",\"urlTemplate\":\"https:\/\/www.noticiasradioreflejos.com.ar\/2021\/?s={search_term_string}\"},\"query-input\":{\"@type\":\"PropertyValueSpecification\",\"valueRequired\":true,\"valueName\":\"search_term_string\"}}],\"inLanguage\":\"es\"},{\"@type\":\"Person\",\"@id\":\"https:\/\/www.noticiasradioreflejos.com.ar\/2021\/#\/schema\/person\/ad82545263dcc5ec0996818884fd5fb1\",\"name\":\"Arnaldo Botto\",\"image\":{\"@type\":\"ImageObject\",\"inLanguage\":\"es\",\"@id\":\"https:\/\/www.noticiasradioreflejos.com.ar\/2021\/#\/schema\/person\/image\/\",\"url\":\"https:\/\/secure.gravatar.com\/avatar\/55cb5e37c1efa326397366e6974cb338056df65cb50e7d64d1cf314e87504837?s=96&d=mm&r=g\",\"contentUrl\":\"https:\/\/secure.gravatar.com\/avatar\/55cb5e37c1efa326397366e6974cb338056df65cb50e7d64d1cf314e87504837?s=96&d=mm&r=g\",\"caption\":\"Arnaldo Botto\"},\"url\":\"https:\/\/www.noticiasradioreflejos.com.ar\/2021\/author\/arnaldo\/\"}]}<\/script>\n<!-- \/ Yoast SEO plugin. -->","yoast_head_json":{"title":"Un tridente para encausar la ilusi\u00f3n del f\u00fatbol de primera del Club Ventana - Noticias Radio Reflejos","robots":{"index":"index","follow":"follow","max-snippet":"max-snippet:-1","max-image-preview":"max-image-preview:large","max-video-preview":"max-video-preview:-1"},"canonical":"https:\/\/www.noticiasradioreflejos.com.ar\/2021\/un-tridente-para-encausar-la-ilusion-del-futbol-de-primera-del-club-ventana\/","og_locale":"es_ES","og_type":"article","og_title":"Un tridente para encausar la ilusi\u00f3n del f\u00fatbol de primera del Club Ventana - Noticias Radio Reflejos","og_description":"Gabriel Wilt, junto con Carlos Dana y Maximiliano Brunengo se hacen cargo del primer equipo y la reserva. \u201cDecidimos tomar el riesgo y poner el pecho\u201d afirm\u00f3 Gabriel.","og_url":"https:\/\/www.noticiasradioreflejos.com.ar\/2021\/un-tridente-para-encausar-la-ilusion-del-futbol-de-primera-del-club-ventana\/","og_site_name":"Noticias Radio Reflejos","article_published_time":"2023-01-26T17:07:52+00:00","og_image":[{"width":300,"height":200,"url":"https:\/\/www.noticiasradioreflejos.com.ar\/2021\/wp-content\/uploads\/2021\/07\/logosol300x200.png","type":"image\/png"}],"author":"Arnaldo Botto","twitter_card":"summary_large_image","schema":{"@context":"https:\/\/schema.org","@graph":[{"@type":"WebPage","@id":"https:\/\/www.noticiasradioreflejos.com.ar\/2021\/un-tridente-para-encausar-la-ilusion-del-futbol-de-primera-del-club-ventana\/","url":"https:\/\/www.noticiasradioreflejos.com.ar\/2021\/un-tridente-para-encausar-la-ilusion-del-futbol-de-primera-del-club-ventana\/","name":"Un tridente para encausar la ilusi\u00f3n del f\u00fatbol de primera del Club Ventana - Noticias Radio Reflejos","isPartOf":{"@id":"https:\/\/www.noticiasradioreflejos.com.ar\/2021\/#website"},"datePublished":"2023-01-26T17:07:52+00:00","author":{"@id":"https:\/\/www.noticiasradioreflejos.com.ar\/2021\/#\/schema\/person\/ad82545263dcc5ec0996818884fd5fb1"},"breadcrumb":{"@id":"https:\/\/www.noticiasradioreflejos.com.ar\/2021\/un-tridente-para-encausar-la-ilusion-del-futbol-de-primera-del-club-ventana\/#breadcrumb"},"inLanguage":"es","potentialAction":[{"@type":"ReadAction","target":["https:\/\/www.noticiasradioreflejos.com.ar\/2021\/un-tridente-para-encausar-la-ilusion-del-futbol-de-primera-del-club-ventana\/"]}]},{"@type":"BreadcrumbList","@id":"https:\/\/www.noticiasradioreflejos.com.ar\/2021\/un-tridente-para-encausar-la-ilusion-del-futbol-de-primera-del-club-ventana\/#breadcrumb","itemListElement":[{"@type":"ListItem","position":1,"name":"Portada","item":"https:\/\/www.noticiasradioreflejos.com.ar\/2021\/"},{"@type":"ListItem","position":2,"name":"Un tridente para encausar la ilusi\u00f3n del f\u00fatbol de primera del Club Ventana"}]},{"@type":"WebSite","@id":"https:\/\/www.noticiasradioreflejos.com.ar\/2021\/#website","url":"https:\/\/www.noticiasradioreflejos.com.ar\/2021\/","name":"Noticias Radio Reflejos","description":"Las noticias de mi comarca","potentialAction":[{"@type":"SearchAction","target":{"@type":"EntryPoint","urlTemplate":"https:\/\/www.noticiasradioreflejos.com.ar\/2021\/?s={search_term_string}"},"query-input":{"@type":"PropertyValueSpecification","valueRequired":true,"valueName":"search_term_string"}}],"inLanguage":"es"},{"@type":"Person","@id":"https:\/\/www.noticiasradioreflejos.com.ar\/2021\/#\/schema\/person\/ad82545263dcc5ec0996818884fd5fb1","name":"Arnaldo Botto","image":{"@type":"ImageObject","inLanguage":"es","@id":"https:\/\/www.noticiasradioreflejos.com.ar\/2021\/#\/schema\/person\/image\/","url":"https:\/\/secure.gravatar.com\/avatar\/55cb5e37c1efa326397366e6974cb338056df65cb50e7d64d1cf314e87504837?s=96&d=mm&r=g","contentUrl":"https:\/\/secure.gravatar.com\/avatar\/55cb5e37c1efa326397366e6974cb338056df65cb50e7d64d1cf314e87504837?s=96&d=mm&r=g","caption":"Arnaldo Botto"},"url":"https:\/\/www.noticiasradioreflejos.com.ar\/2021\/author\/arnaldo\/"}]}},"_links":{"self":[{"href":"https:\/\/www.noticiasradioreflejos.com.ar\/2021\/wp-json\/wp\/v2\/posts\/83215","targetHints":{"allow":["GET"]}}],"collection":[{"href":"https:\/\/www.noticiasradioreflejos.com.ar\/2021\/wp-json\/wp\/v2\/posts"}],"about":[{"href":"https:\/\/www.noticiasradioreflejos.com.ar\/2021\/wp-json\/wp\/v2\/types\/post"}],"author":[{"embeddable":true,"href":"https:\/\/www.noticiasradioreflejos.com.ar\/2021\/wp-json\/wp\/v2\/users\/3"}],"replies":[{"embeddable":true,"href":"https:\/\/www.noticiasradioreflejos.com.ar\/2021\/wp-json\/wp\/v2\/comments?post=83215"}],"version-history":[{"count":2,"href":"https:\/\/www.noticiasradioreflejos.com.ar\/2021\/wp-json\/wp\/v2\/posts\/83215\/revisions"}],"predecessor-version":[{"id":83224,"href":"https:\/\/www.noticiasradioreflejos.com.ar\/2021\/wp-json\/wp\/v2\/posts\/83215\/revisions\/83224"}],"wp:attachment":[{"href":"https:\/\/www.noticiasradioreflejos.com.ar\/2021\/wp-json\/wp\/v2\/media?parent=83215"}],"wp:term":[{"taxonomy":"category","embeddable":true,"href":"https:\/\/www.noticiasradioreflejos.com.ar\/2021\/wp-json\/wp\/v2\/categories?post=83215"},{"taxonomy":"post_tag","embeddable":true,"href":"https:\/\/www.noticiasradioreflejos.com.ar\/2021\/wp-json\/wp\/v2\/tags?post=83215"}],"curies":[{"name":"wp","href":"https:\/\/api.w.org\/{rel}","templated":true}]}}