{"id":83097,"date":"2023-01-24T17:31:49","date_gmt":"2023-01-24T17:31:49","guid":{"rendered":"https:\/\/www.noticiasradioreflejos.com.ar\/2021\/?p=83097"},"modified":"2023-01-24T17:31:49","modified_gmt":"2023-01-24T17:31:49","slug":"pablo-balario-fue-la-fiesta-sonada","status":"publish","type":"post","link":"https:\/\/www.noticiasradioreflejos.com.ar\/2021\/pablo-balario-fue-la-fiesta-sonada\/","title":{"rendered":"Pablo Balario: \u201cFue la fiesta so\u00f1ada\u201d"},"content":{"rendered":"<p>Uno de los organizadores de la Fiesta de las Golondrinas dej\u00f3 su balance tras lo que se considera un \u00e9xito total. \u201cCuando ten\u00e9s m\u00e1s gente tirando del carro el peso es much\u00edsimo menos\u201d afirm\u00f3.<!--more--><\/p>\n<p><a title=\"fiesta de las golondrinas (2)\" href=\"https:\/\/www.flickr.com\/photos\/182279889@N02\/52647150128\/in\/dateposted-public\/\" data-flickr-embed=\"true\"><img loading=\"lazy\" decoding=\"async\" src=\"https:\/\/live.staticflickr.com\/65535\/52647150128_74ffaf3ba8_c.jpg\" alt=\"fiesta de las golondrinas (2)\" width=\"800\" height=\"532\" \/><\/a><\/p>\n<p>&nbsp;<\/p>\n<p>A\u00fan recuperando su voz, tras un domingo de m\u00e1ximo esfuerzo, <strong>Pablo Balario<\/strong> sigue con la sonrisa pintada en la cara. Uno de los organizadores de la Fiesta de las Golondrinas hizo un balance de lo sucedido, con resultados m\u00e1s que positivos.<\/p>\n<p>Iniciando la charla asegur\u00f3 que \u201crealmente un orgullo y una felicidad porque todo, m\u00e1s all\u00e1 de cosas internas que ni siquiera son tragos amargos; todo sali\u00f3 incre\u00edblemente bien. La cantidad de gente sobrepas\u00f3 nuestras expectativas ampliamente. Y despu\u00e9s tambi\u00e9n por la predisposici\u00f3n con respecto a los artistas, los foodtruck\u2026 el respeto que hubo\u2026 esto fue la fiesta so\u00f1ada\u201d.<\/p>\n<p><a title=\"Jaf Las golondrinas\" href=\"https:\/\/www.flickr.com\/photos\/182279889@N02\/52646930729\/in\/dateposted-public\/\" data-flickr-embed=\"true\"><img loading=\"lazy\" decoding=\"async\" src=\"https:\/\/live.staticflickr.com\/65535\/52646930729_99a8447476_c.jpg\" alt=\"Jaf Las golondrinas\" width=\"800\" height=\"532\" \/><\/a><\/p>\n<p>&nbsp;<\/p>\n<p>En otro tramo de la charla, y hablando de los meses previos, Balario reconoci\u00f3 que \u201cnosotros cuando lo hablamos en la comisi\u00f3n de fomento y nos replanteamos esto de abrir o no la fiesta para que otras instituciones tomen la posta, porque esto es muy cansador, con el diario del lunes la decisi\u00f3n de abrirlo fue lo correcto\u201d.<\/p>\n<p>Sobre todo lo que hay detr\u00e1s de esta organizaci\u00f3n, Pablo admiti\u00f3 que \u201cla fiesta implica un mont\u00f3n de trabajo, de lo que se ve y de lo que no. Cuando tenes m\u00e1s gente tirando del carro el peso es much\u00edsimo menos. Este a\u00f1o fue fomento, m\u00e1s la biblioteca, m\u00e1s bomberos, m\u00e1s un tremendo trabajo de la c\u00e1mara de comercio, m\u00e1s el empuje vecinal\u201d.<\/p>\n<p>Y en esa l\u00ednea asever\u00f3 que \u201cac\u00e1 no hay ganancias. Nunca hubo ganancias en la Fiesta de la Golondrina. Si uno deber\u00eda pagarle a todos los que trabajan ser\u00eda deficitaria. Ac\u00e1 es ad honorem y todo a pulm\u00f3n\u201d.<\/p>\n<p>Por \u00faltimo, y sobre la sociedad cosmopolita que conforma Villa, Balario reflexion\u00f3 que \u201ccuando uno nace en un lugar, nace porque le toc\u00f3. Pero mucho m\u00e1s importante es el lugar donde uno decide vivir. Porque uno lo elige y lo hace propio. Es como si hubi\u00e9semos salido de esta tierra\u201d.<\/p>\n<p><iframe loading=\"lazy\" src=\"https:\/\/w.soundcloud.com\/player\/?url=https%3A\/\/api.soundcloud.com\/tracks\/1431359086&amp;color=%23ff5500&amp;auto_play=false&amp;hide_related=false&amp;show_comments=true&amp;show_user=true&amp;show_reposts=false&amp;show_teaser=true\" width=\"100%\" height=\"166\" frameborder=\"no\" scrolling=\"no\"><\/iframe><\/p>\n<div style=\"font-size: 10px; color: #cccccc; line-break: anywhere; word-break: normal; overflow: hidden; white-space: nowrap; text-overflow: ellipsis; font-family: Interstate,Lucida Grande,Lucida Sans Unicode,Lucida Sans,Garuda,Verdana,Tahoma,sans-serif; font-weight: 100;\"><a style=\"color: #cccccc; text-decoration: none;\" title=\"fmreflejos 103.7\" href=\"https:\/\/soundcloud.com\/fmreflejos-103-7\" target=\"_blank\" rel=\"noopener\">fmreflejos 103.7<\/a> \u00b7 <a style=\"color: #cccccc; text-decoration: none;\" title=\"Pablo Balario\" href=\"https:\/\/soundcloud.com\/fmreflejos-103-7\/pablo-balario-1\" target=\"_blank\" rel=\"noopener\">Pablo Balario<\/a><\/div>\n<p><a data-flickr-embed=\"true\" href=\"https:\/\/www.flickr.com\/photos\/182279889@N02\/52646161852\/in\/dateposted-public\/\" title=\"fiesta de las golondrinas (4)\"><img loading=\"lazy\" decoding=\"async\" src=\"https:\/\/live.staticflickr.com\/65535\/52646161852_82ec5f8047_c.jpg\" width=\"800\" height=\"533\" alt=\"fiesta de las golondrinas (4)\"><\/a><script async src=\"\/\/embedr.flickr.com\/assets\/client-code.js\" charset=\"utf-8\"><\/script><\/p>\n<p><a data-flickr-embed=\"true\" href=\"https:\/\/www.flickr.com\/photos\/182279889@N02\/52644012956\/in\/dateposted-public\/\" title=\"31 Fiesta de las Golondrinas (16)\"><img loading=\"lazy\" decoding=\"async\" src=\"https:\/\/live.staticflickr.com\/65535\/52644012956_2ba3e58325_c.jpg\" width=\"800\" height=\"533\" alt=\"31 Fiesta de las Golondrinas (16)\"><\/a><script async src=\"\/\/embedr.flickr.com\/assets\/client-code.js\" charset=\"utf-8\"><\/script><\/p>\n<p>Fota de Tornquist Municipio y NT.<\/p>\n","protected":false},"excerpt":{"rendered":"<p>Uno de los organizadores de la Fiesta de las Golondrinas dej\u00f3 su balance tras lo que se considera un \u00e9xito total. \u201cCuando ten\u00e9s m\u00e1s gente tirando del carro el peso es much\u00edsimo menos\u201d afirm\u00f3.<\/p>\n","protected":false},"author":3,"featured_media":0,"comment_status":"closed","ping_status":"closed","sticky":false,"template":"","format":"standard","meta":{"footnotes":""},"categories":[24,26,33],"tags":[48],"class_list":["post-83097","post","type-post","status-publish","format-standard","hentry","category-politica","category-sociedad","category-turismo","tag-destacada"],"yoast_head":"<!-- This site is optimized with the Yoast SEO plugin v25.9 - https:\/\/yoast.com\/wordpress\/plugins\/seo\/ -->\n<title>Pablo Balario: \u201cFue la fiesta so\u00f1ada\u201d - Noticias Radio Reflejos<\/title>\n<meta name=\"robots\" content=\"index, follow, max-snippet:-1, max-image-preview:large, max-video-preview:-1\" \/>\n<link rel=\"canonical\" href=\"https:\/\/www.noticiasradioreflejos.com.ar\/2021\/pablo-balario-fue-la-fiesta-sonada\/\" \/>\n<meta property=\"og:locale\" content=\"es_ES\" \/>\n<meta property=\"og:type\" content=\"article\" \/>\n<meta property=\"og:title\" content=\"Pablo Balario: \u201cFue la fiesta so\u00f1ada\u201d - Noticias Radio Reflejos\" \/>\n<meta property=\"og:description\" content=\"Uno de los organizadores de la Fiesta de las Golondrinas dej\u00f3 su balance tras lo que se considera un \u00e9xito total. \u201cCuando ten\u00e9s m\u00e1s gente tirando del carro el peso es much\u00edsimo menos\u201d afirm\u00f3.\" \/>\n<meta property=\"og:url\" content=\"https:\/\/www.noticiasradioreflejos.com.ar\/2021\/pablo-balario-fue-la-fiesta-sonada\/\" \/>\n<meta property=\"og:site_name\" content=\"Noticias Radio Reflejos\" \/>\n<meta property=\"article:published_time\" content=\"2023-01-24T17:31:49+00:00\" \/>\n<meta property=\"og:image\" content=\"https:\/\/live.staticflickr.com\/65535\/52647150128_74ffaf3ba8_c.jpg\" \/>\n<meta name=\"author\" content=\"Arnaldo Botto\" \/>\n<meta name=\"twitter:card\" content=\"summary_large_image\" \/>\n<script type=\"application\/ld+json\" class=\"yoast-schema-graph\">{\"@context\":\"https:\/\/schema.org\",\"@graph\":[{\"@type\":\"WebPage\",\"@id\":\"https:\/\/www.noticiasradioreflejos.com.ar\/2021\/pablo-balario-fue-la-fiesta-sonada\/\",\"url\":\"https:\/\/www.noticiasradioreflejos.com.ar\/2021\/pablo-balario-fue-la-fiesta-sonada\/\",\"name\":\"Pablo Balario: \u201cFue la fiesta so\u00f1ada\u201d - Noticias Radio Reflejos\",\"isPartOf\":{\"@id\":\"https:\/\/www.noticiasradioreflejos.com.ar\/2021\/#website\"},\"primaryImageOfPage\":{\"@id\":\"https:\/\/www.noticiasradioreflejos.com.ar\/2021\/pablo-balario-fue-la-fiesta-sonada\/#primaryimage\"},\"image\":{\"@id\":\"https:\/\/www.noticiasradioreflejos.com.ar\/2021\/pablo-balario-fue-la-fiesta-sonada\/#primaryimage\"},\"thumbnailUrl\":\"https:\/\/live.staticflickr.com\/65535\/52647150128_74ffaf3ba8_c.jpg\",\"datePublished\":\"2023-01-24T17:31:49+00:00\",\"author\":{\"@id\":\"https:\/\/www.noticiasradioreflejos.com.ar\/2021\/#\/schema\/person\/ad82545263dcc5ec0996818884fd5fb1\"},\"breadcrumb\":{\"@id\":\"https:\/\/www.noticiasradioreflejos.com.ar\/2021\/pablo-balario-fue-la-fiesta-sonada\/#breadcrumb\"},\"inLanguage\":\"es\",\"potentialAction\":[{\"@type\":\"ReadAction\",\"target\":[\"https:\/\/www.noticiasradioreflejos.com.ar\/2021\/pablo-balario-fue-la-fiesta-sonada\/\"]}]},{\"@type\":\"ImageObject\",\"inLanguage\":\"es\",\"@id\":\"https:\/\/www.noticiasradioreflejos.com.ar\/2021\/pablo-balario-fue-la-fiesta-sonada\/#primaryimage\",\"url\":\"https:\/\/live.staticflickr.com\/65535\/52647150128_74ffaf3ba8_c.jpg\",\"contentUrl\":\"https:\/\/live.staticflickr.com\/65535\/52647150128_74ffaf3ba8_c.jpg\"},{\"@type\":\"BreadcrumbList\",\"@id\":\"https:\/\/www.noticiasradioreflejos.com.ar\/2021\/pablo-balario-fue-la-fiesta-sonada\/#breadcrumb\",\"itemListElement\":[{\"@type\":\"ListItem\",\"position\":1,\"name\":\"Portada\",\"item\":\"https:\/\/www.noticiasradioreflejos.com.ar\/2021\/\"},{\"@type\":\"ListItem\",\"position\":2,\"name\":\"Pablo Balario: \u201cFue la fiesta so\u00f1ada\u201d\"}]},{\"@type\":\"WebSite\",\"@id\":\"https:\/\/www.noticiasradioreflejos.com.ar\/2021\/#website\",\"url\":\"https:\/\/www.noticiasradioreflejos.com.ar\/2021\/\",\"name\":\"Noticias Radio Reflejos\",\"description\":\"Las noticias de mi comarca\",\"potentialAction\":[{\"@type\":\"SearchAction\",\"target\":{\"@type\":\"EntryPoint\",\"urlTemplate\":\"https:\/\/www.noticiasradioreflejos.com.ar\/2021\/?s={search_term_string}\"},\"query-input\":{\"@type\":\"PropertyValueSpecification\",\"valueRequired\":true,\"valueName\":\"search_term_string\"}}],\"inLanguage\":\"es\"},{\"@type\":\"Person\",\"@id\":\"https:\/\/www.noticiasradioreflejos.com.ar\/2021\/#\/schema\/person\/ad82545263dcc5ec0996818884fd5fb1\",\"name\":\"Arnaldo Botto\",\"image\":{\"@type\":\"ImageObject\",\"inLanguage\":\"es\",\"@id\":\"https:\/\/www.noticiasradioreflejos.com.ar\/2021\/#\/schema\/person\/image\/\",\"url\":\"https:\/\/secure.gravatar.com\/avatar\/55cb5e37c1efa326397366e6974cb338056df65cb50e7d64d1cf314e87504837?s=96&d=mm&r=g\",\"contentUrl\":\"https:\/\/secure.gravatar.com\/avatar\/55cb5e37c1efa326397366e6974cb338056df65cb50e7d64d1cf314e87504837?s=96&d=mm&r=g\",\"caption\":\"Arnaldo Botto\"},\"url\":\"https:\/\/www.noticiasradioreflejos.com.ar\/2021\/author\/arnaldo\/\"}]}<\/script>\n<!-- \/ Yoast SEO plugin. -->","yoast_head_json":{"title":"Pablo Balario: \u201cFue la fiesta so\u00f1ada\u201d - Noticias Radio Reflejos","robots":{"index":"index","follow":"follow","max-snippet":"max-snippet:-1","max-image-preview":"max-image-preview:large","max-video-preview":"max-video-preview:-1"},"canonical":"https:\/\/www.noticiasradioreflejos.com.ar\/2021\/pablo-balario-fue-la-fiesta-sonada\/","og_locale":"es_ES","og_type":"article","og_title":"Pablo Balario: \u201cFue la fiesta so\u00f1ada\u201d - Noticias Radio Reflejos","og_description":"Uno de los organizadores de la Fiesta de las Golondrinas dej\u00f3 su balance tras lo que se considera un \u00e9xito total. \u201cCuando ten\u00e9s m\u00e1s gente tirando del carro el peso es much\u00edsimo menos\u201d afirm\u00f3.","og_url":"https:\/\/www.noticiasradioreflejos.com.ar\/2021\/pablo-balario-fue-la-fiesta-sonada\/","og_site_name":"Noticias Radio Reflejos","article_published_time":"2023-01-24T17:31:49+00:00","og_image":[{"url":"https:\/\/live.staticflickr.com\/65535\/52647150128_74ffaf3ba8_c.jpg","type":"","width":"","height":""}],"author":"Arnaldo Botto","twitter_card":"summary_large_image","schema":{"@context":"https:\/\/schema.org","@graph":[{"@type":"WebPage","@id":"https:\/\/www.noticiasradioreflejos.com.ar\/2021\/pablo-balario-fue-la-fiesta-sonada\/","url":"https:\/\/www.noticiasradioreflejos.com.ar\/2021\/pablo-balario-fue-la-fiesta-sonada\/","name":"Pablo Balario: \u201cFue la fiesta so\u00f1ada\u201d - Noticias Radio Reflejos","isPartOf":{"@id":"https:\/\/www.noticiasradioreflejos.com.ar\/2021\/#website"},"primaryImageOfPage":{"@id":"https:\/\/www.noticiasradioreflejos.com.ar\/2021\/pablo-balario-fue-la-fiesta-sonada\/#primaryimage"},"image":{"@id":"https:\/\/www.noticiasradioreflejos.com.ar\/2021\/pablo-balario-fue-la-fiesta-sonada\/#primaryimage"},"thumbnailUrl":"https:\/\/live.staticflickr.com\/65535\/52647150128_74ffaf3ba8_c.jpg","datePublished":"2023-01-24T17:31:49+00:00","author":{"@id":"https:\/\/www.noticiasradioreflejos.com.ar\/2021\/#\/schema\/person\/ad82545263dcc5ec0996818884fd5fb1"},"breadcrumb":{"@id":"https:\/\/www.noticiasradioreflejos.com.ar\/2021\/pablo-balario-fue-la-fiesta-sonada\/#breadcrumb"},"inLanguage":"es","potentialAction":[{"@type":"ReadAction","target":["https:\/\/www.noticiasradioreflejos.com.ar\/2021\/pablo-balario-fue-la-fiesta-sonada\/"]}]},{"@type":"ImageObject","inLanguage":"es","@id":"https:\/\/www.noticiasradioreflejos.com.ar\/2021\/pablo-balario-fue-la-fiesta-sonada\/#primaryimage","url":"https:\/\/live.staticflickr.com\/65535\/52647150128_74ffaf3ba8_c.jpg","contentUrl":"https:\/\/live.staticflickr.com\/65535\/52647150128_74ffaf3ba8_c.jpg"},{"@type":"BreadcrumbList","@id":"https:\/\/www.noticiasradioreflejos.com.ar\/2021\/pablo-balario-fue-la-fiesta-sonada\/#breadcrumb","itemListElement":[{"@type":"ListItem","position":1,"name":"Portada","item":"https:\/\/www.noticiasradioreflejos.com.ar\/2021\/"},{"@type":"ListItem","position":2,"name":"Pablo Balario: \u201cFue la fiesta so\u00f1ada\u201d"}]},{"@type":"WebSite","@id":"https:\/\/www.noticiasradioreflejos.com.ar\/2021\/#website","url":"https:\/\/www.noticiasradioreflejos.com.ar\/2021\/","name":"Noticias Radio Reflejos","description":"Las noticias de mi comarca","potentialAction":[{"@type":"SearchAction","target":{"@type":"EntryPoint","urlTemplate":"https:\/\/www.noticiasradioreflejos.com.ar\/2021\/?s={search_term_string}"},"query-input":{"@type":"PropertyValueSpecification","valueRequired":true,"valueName":"search_term_string"}}],"inLanguage":"es"},{"@type":"Person","@id":"https:\/\/www.noticiasradioreflejos.com.ar\/2021\/#\/schema\/person\/ad82545263dcc5ec0996818884fd5fb1","name":"Arnaldo Botto","image":{"@type":"ImageObject","inLanguage":"es","@id":"https:\/\/www.noticiasradioreflejos.com.ar\/2021\/#\/schema\/person\/image\/","url":"https:\/\/secure.gravatar.com\/avatar\/55cb5e37c1efa326397366e6974cb338056df65cb50e7d64d1cf314e87504837?s=96&d=mm&r=g","contentUrl":"https:\/\/secure.gravatar.com\/avatar\/55cb5e37c1efa326397366e6974cb338056df65cb50e7d64d1cf314e87504837?s=96&d=mm&r=g","caption":"Arnaldo Botto"},"url":"https:\/\/www.noticiasradioreflejos.com.ar\/2021\/author\/arnaldo\/"}]}},"_links":{"self":[{"href":"https:\/\/www.noticiasradioreflejos.com.ar\/2021\/wp-json\/wp\/v2\/posts\/83097","targetHints":{"allow":["GET"]}}],"collection":[{"href":"https:\/\/www.noticiasradioreflejos.com.ar\/2021\/wp-json\/wp\/v2\/posts"}],"about":[{"href":"https:\/\/www.noticiasradioreflejos.com.ar\/2021\/wp-json\/wp\/v2\/types\/post"}],"author":[{"embeddable":true,"href":"https:\/\/www.noticiasradioreflejos.com.ar\/2021\/wp-json\/wp\/v2\/users\/3"}],"replies":[{"embeddable":true,"href":"https:\/\/www.noticiasradioreflejos.com.ar\/2021\/wp-json\/wp\/v2\/comments?post=83097"}],"version-history":[{"count":2,"href":"https:\/\/www.noticiasradioreflejos.com.ar\/2021\/wp-json\/wp\/v2\/posts\/83097\/revisions"}],"predecessor-version":[{"id":83118,"href":"https:\/\/www.noticiasradioreflejos.com.ar\/2021\/wp-json\/wp\/v2\/posts\/83097\/revisions\/83118"}],"wp:attachment":[{"href":"https:\/\/www.noticiasradioreflejos.com.ar\/2021\/wp-json\/wp\/v2\/media?parent=83097"}],"wp:term":[{"taxonomy":"category","embeddable":true,"href":"https:\/\/www.noticiasradioreflejos.com.ar\/2021\/wp-json\/wp\/v2\/categories?post=83097"},{"taxonomy":"post_tag","embeddable":true,"href":"https:\/\/www.noticiasradioreflejos.com.ar\/2021\/wp-json\/wp\/v2\/tags?post=83097"}],"curies":[{"name":"wp","href":"https:\/\/api.w.org\/{rel}","templated":true}]}}