{"id":8305,"date":"2017-03-23T10:48:56","date_gmt":"2017-03-23T13:48:56","guid":{"rendered":"http:\/\/noticiasradioreflejos.com.ar\/noticias\/?p=8305"},"modified":"2017-03-23T10:48:56","modified_gmt":"2017-03-23T13:48:56","slug":"campana-de-concientizacion-contra-el-dengue-zika-chikungunya","status":"publish","type":"post","link":"https:\/\/www.noticiasradioreflejos.com.ar\/2021\/campana-de-concientizacion-contra-el-dengue-zika-chikungunya\/","title":{"rendered":"Campa\u00f1a de concientizaci\u00f3n contra el \u201cDengue \u2013 Zika \u2013 Chikungunya\u201d"},"content":{"rendered":"<p>Campa\u00f1a de concientizaci\u00f3n contra el Dengue, zica y chikungunya. A continuaci\u00f3n las prevenciones:<!--more--><br \/>\nSi tenes mascota, acordate de cambiarle el agua todos los d\u00edas, y da vuelta los recipientes que no uses para que no junten agua. As\u00ed evitamos el zika, dengue y chikungunya.<br \/>\nContra los mosquitos, todos tenemos que hacer algo. Informate en <a href=\"http:\/\/salud.gob.ar\/\">salud.gob.ar<\/a> o llamando al 0800-222-1002 Ministerio de Salud &#8211; Presidencia de la Naci\u00f3n.<br \/>\n<u>Repelente<\/u>:<br \/>\nSi vas a estar con tu familia al aire libre, es aconsejable usar ropa clara que cubra brazos y piernas, y ponerse repelente.\u00a0 As\u00ed se protegen del zika, dengue y chikungunya.<br \/>\nContra los mosquitos, todos tenemos que hacer algo.<br \/>\n<u>Espiral<\/u>:<br \/>\nSi vas a estar en el patio de tu casa, es recomendable poner espirales para cuidarnos del zika, dengue y chikungunya.<br \/>\n<u>Mosquitero<\/u>:<br \/>\nFrente al zika, dengue y chikungunya, es recomendable usar mosquiteros en puertas y ventanas.<br \/>\n<u>Zika:<\/u><br \/>\nEl zika se puede transmitir por v\u00eda sexual, por eso es importante usar preservativo. Sobre todo, si est\u00e1s embarazada, porque puede afectar a tu beb\u00e9.<br \/>\nS<u>\u00edntomas zika<\/u>:<br \/>\nSi tenes erupciones con picaz\u00f3n en la piel, no te auto mediques. Puede ser un s\u00edntoma de zika. Ac\u00e9rcate al centro de salud m\u00e1s cercano y consulta a un m\u00e9dico.<br \/>\n<u>S\u00edntomas generales<\/u>:<br \/>\nSi tenes fiebre, dolor de cabeza o de espalda, n\u00e1useas o v\u00f3mitos, no te auto mediques.<br \/>\nPueden ser s\u00edntomas de dengue, zika o chikungunya. Ac\u00e9rcate al centro de salud m\u00e1s cercano y consulta a un m\u00e9dico.<\/p>\n","protected":false},"excerpt":{"rendered":"<p>Campa\u00f1a de concientizaci\u00f3n contra el Dengue, zica y chikungunya. A continuaci\u00f3n las prevenciones:<\/p>\n","protected":false},"author":3,"featured_media":0,"comment_status":"closed","ping_status":"open","sticky":false,"template":"","format":"standard","meta":{"footnotes":""},"categories":[30],"tags":[],"class_list":["post-8305","post","type-post","status-publish","format-standard","hentry","category-salud"],"yoast_head":"<!-- This site is optimized with the Yoast SEO plugin v25.9 - https:\/\/yoast.com\/wordpress\/plugins\/seo\/ -->\n<title>Campa\u00f1a de concientizaci\u00f3n contra el \u201cDengue \u2013 Zika \u2013 Chikungunya\u201d - Noticias Radio Reflejos<\/title>\n<meta name=\"robots\" content=\"index, follow, max-snippet:-1, max-image-preview:large, max-video-preview:-1\" \/>\n<link rel=\"canonical\" href=\"https:\/\/www.noticiasradioreflejos.com.ar\/2021\/campana-de-concientizacion-contra-el-dengue-zika-chikungunya\/\" \/>\n<meta property=\"og:locale\" content=\"es_ES\" \/>\n<meta property=\"og:type\" content=\"article\" \/>\n<meta property=\"og:title\" content=\"Campa\u00f1a de concientizaci\u00f3n contra el \u201cDengue \u2013 Zika \u2013 Chikungunya\u201d - Noticias Radio Reflejos\" \/>\n<meta property=\"og:description\" content=\"Campa\u00f1a de concientizaci\u00f3n contra el Dengue, zica y chikungunya. A continuaci\u00f3n las prevenciones:\" \/>\n<meta property=\"og:url\" content=\"https:\/\/www.noticiasradioreflejos.com.ar\/2021\/campana-de-concientizacion-contra-el-dengue-zika-chikungunya\/\" \/>\n<meta property=\"og:site_name\" content=\"Noticias Radio Reflejos\" \/>\n<meta property=\"article:published_time\" content=\"2017-03-23T13:48:56+00:00\" \/>\n<meta property=\"og:image\" content=\"https:\/\/www.noticiasradioreflejos.com.ar\/2021\/wp-content\/uploads\/2021\/07\/logosol300x200.png\" \/>\n\t<meta property=\"og:image:width\" content=\"300\" \/>\n\t<meta property=\"og:image:height\" content=\"200\" \/>\n\t<meta property=\"og:image:type\" content=\"image\/png\" \/>\n<meta name=\"author\" content=\"Arnaldo Botto\" \/>\n<meta name=\"twitter:card\" content=\"summary_large_image\" \/>\n<script type=\"application\/ld+json\" class=\"yoast-schema-graph\">{\"@context\":\"https:\/\/schema.org\",\"@graph\":[{\"@type\":\"WebPage\",\"@id\":\"https:\/\/www.noticiasradioreflejos.com.ar\/2021\/campana-de-concientizacion-contra-el-dengue-zika-chikungunya\/\",\"url\":\"https:\/\/www.noticiasradioreflejos.com.ar\/2021\/campana-de-concientizacion-contra-el-dengue-zika-chikungunya\/\",\"name\":\"Campa\u00f1a de concientizaci\u00f3n contra el \u201cDengue \u2013 Zika \u2013 Chikungunya\u201d - Noticias Radio Reflejos\",\"isPartOf\":{\"@id\":\"https:\/\/www.noticiasradioreflejos.com.ar\/2021\/#website\"},\"datePublished\":\"2017-03-23T13:48:56+00:00\",\"author\":{\"@id\":\"https:\/\/www.noticiasradioreflejos.com.ar\/2021\/#\/schema\/person\/ad82545263dcc5ec0996818884fd5fb1\"},\"breadcrumb\":{\"@id\":\"https:\/\/www.noticiasradioreflejos.com.ar\/2021\/campana-de-concientizacion-contra-el-dengue-zika-chikungunya\/#breadcrumb\"},\"inLanguage\":\"es\",\"potentialAction\":[{\"@type\":\"ReadAction\",\"target\":[\"https:\/\/www.noticiasradioreflejos.com.ar\/2021\/campana-de-concientizacion-contra-el-dengue-zika-chikungunya\/\"]}]},{\"@type\":\"BreadcrumbList\",\"@id\":\"https:\/\/www.noticiasradioreflejos.com.ar\/2021\/campana-de-concientizacion-contra-el-dengue-zika-chikungunya\/#breadcrumb\",\"itemListElement\":[{\"@type\":\"ListItem\",\"position\":1,\"name\":\"Portada\",\"item\":\"https:\/\/www.noticiasradioreflejos.com.ar\/2021\/\"},{\"@type\":\"ListItem\",\"position\":2,\"name\":\"Campa\u00f1a de concientizaci\u00f3n contra el \u201cDengue \u2013 Zika \u2013 Chikungunya\u201d\"}]},{\"@type\":\"WebSite\",\"@id\":\"https:\/\/www.noticiasradioreflejos.com.ar\/2021\/#website\",\"url\":\"https:\/\/www.noticiasradioreflejos.com.ar\/2021\/\",\"name\":\"Noticias Radio Reflejos\",\"description\":\"Las noticias de mi comarca\",\"potentialAction\":[{\"@type\":\"SearchAction\",\"target\":{\"@type\":\"EntryPoint\",\"urlTemplate\":\"https:\/\/www.noticiasradioreflejos.com.ar\/2021\/?s={search_term_string}\"},\"query-input\":{\"@type\":\"PropertyValueSpecification\",\"valueRequired\":true,\"valueName\":\"search_term_string\"}}],\"inLanguage\":\"es\"},{\"@type\":\"Person\",\"@id\":\"https:\/\/www.noticiasradioreflejos.com.ar\/2021\/#\/schema\/person\/ad82545263dcc5ec0996818884fd5fb1\",\"name\":\"Arnaldo Botto\",\"image\":{\"@type\":\"ImageObject\",\"inLanguage\":\"es\",\"@id\":\"https:\/\/www.noticiasradioreflejos.com.ar\/2021\/#\/schema\/person\/image\/\",\"url\":\"https:\/\/secure.gravatar.com\/avatar\/55cb5e37c1efa326397366e6974cb338056df65cb50e7d64d1cf314e87504837?s=96&d=mm&r=g\",\"contentUrl\":\"https:\/\/secure.gravatar.com\/avatar\/55cb5e37c1efa326397366e6974cb338056df65cb50e7d64d1cf314e87504837?s=96&d=mm&r=g\",\"caption\":\"Arnaldo Botto\"},\"url\":\"https:\/\/www.noticiasradioreflejos.com.ar\/2021\/author\/arnaldo\/\"}]}<\/script>\n<!-- \/ Yoast SEO plugin. -->","yoast_head_json":{"title":"Campa\u00f1a de concientizaci\u00f3n contra el \u201cDengue \u2013 Zika \u2013 Chikungunya\u201d - Noticias Radio Reflejos","robots":{"index":"index","follow":"follow","max-snippet":"max-snippet:-1","max-image-preview":"max-image-preview:large","max-video-preview":"max-video-preview:-1"},"canonical":"https:\/\/www.noticiasradioreflejos.com.ar\/2021\/campana-de-concientizacion-contra-el-dengue-zika-chikungunya\/","og_locale":"es_ES","og_type":"article","og_title":"Campa\u00f1a de concientizaci\u00f3n contra el \u201cDengue \u2013 Zika \u2013 Chikungunya\u201d - Noticias Radio Reflejos","og_description":"Campa\u00f1a de concientizaci\u00f3n contra el Dengue, zica y chikungunya. A continuaci\u00f3n las prevenciones:","og_url":"https:\/\/www.noticiasradioreflejos.com.ar\/2021\/campana-de-concientizacion-contra-el-dengue-zika-chikungunya\/","og_site_name":"Noticias Radio Reflejos","article_published_time":"2017-03-23T13:48:56+00:00","og_image":[{"width":300,"height":200,"url":"https:\/\/www.noticiasradioreflejos.com.ar\/2021\/wp-content\/uploads\/2021\/07\/logosol300x200.png","type":"image\/png"}],"author":"Arnaldo Botto","twitter_card":"summary_large_image","schema":{"@context":"https:\/\/schema.org","@graph":[{"@type":"WebPage","@id":"https:\/\/www.noticiasradioreflejos.com.ar\/2021\/campana-de-concientizacion-contra-el-dengue-zika-chikungunya\/","url":"https:\/\/www.noticiasradioreflejos.com.ar\/2021\/campana-de-concientizacion-contra-el-dengue-zika-chikungunya\/","name":"Campa\u00f1a de concientizaci\u00f3n contra el \u201cDengue \u2013 Zika \u2013 Chikungunya\u201d - Noticias Radio Reflejos","isPartOf":{"@id":"https:\/\/www.noticiasradioreflejos.com.ar\/2021\/#website"},"datePublished":"2017-03-23T13:48:56+00:00","author":{"@id":"https:\/\/www.noticiasradioreflejos.com.ar\/2021\/#\/schema\/person\/ad82545263dcc5ec0996818884fd5fb1"},"breadcrumb":{"@id":"https:\/\/www.noticiasradioreflejos.com.ar\/2021\/campana-de-concientizacion-contra-el-dengue-zika-chikungunya\/#breadcrumb"},"inLanguage":"es","potentialAction":[{"@type":"ReadAction","target":["https:\/\/www.noticiasradioreflejos.com.ar\/2021\/campana-de-concientizacion-contra-el-dengue-zika-chikungunya\/"]}]},{"@type":"BreadcrumbList","@id":"https:\/\/www.noticiasradioreflejos.com.ar\/2021\/campana-de-concientizacion-contra-el-dengue-zika-chikungunya\/#breadcrumb","itemListElement":[{"@type":"ListItem","position":1,"name":"Portada","item":"https:\/\/www.noticiasradioreflejos.com.ar\/2021\/"},{"@type":"ListItem","position":2,"name":"Campa\u00f1a de concientizaci\u00f3n contra el \u201cDengue \u2013 Zika \u2013 Chikungunya\u201d"}]},{"@type":"WebSite","@id":"https:\/\/www.noticiasradioreflejos.com.ar\/2021\/#website","url":"https:\/\/www.noticiasradioreflejos.com.ar\/2021\/","name":"Noticias Radio Reflejos","description":"Las noticias de mi comarca","potentialAction":[{"@type":"SearchAction","target":{"@type":"EntryPoint","urlTemplate":"https:\/\/www.noticiasradioreflejos.com.ar\/2021\/?s={search_term_string}"},"query-input":{"@type":"PropertyValueSpecification","valueRequired":true,"valueName":"search_term_string"}}],"inLanguage":"es"},{"@type":"Person","@id":"https:\/\/www.noticiasradioreflejos.com.ar\/2021\/#\/schema\/person\/ad82545263dcc5ec0996818884fd5fb1","name":"Arnaldo Botto","image":{"@type":"ImageObject","inLanguage":"es","@id":"https:\/\/www.noticiasradioreflejos.com.ar\/2021\/#\/schema\/person\/image\/","url":"https:\/\/secure.gravatar.com\/avatar\/55cb5e37c1efa326397366e6974cb338056df65cb50e7d64d1cf314e87504837?s=96&d=mm&r=g","contentUrl":"https:\/\/secure.gravatar.com\/avatar\/55cb5e37c1efa326397366e6974cb338056df65cb50e7d64d1cf314e87504837?s=96&d=mm&r=g","caption":"Arnaldo Botto"},"url":"https:\/\/www.noticiasradioreflejos.com.ar\/2021\/author\/arnaldo\/"}]}},"_links":{"self":[{"href":"https:\/\/www.noticiasradioreflejos.com.ar\/2021\/wp-json\/wp\/v2\/posts\/8305","targetHints":{"allow":["GET"]}}],"collection":[{"href":"https:\/\/www.noticiasradioreflejos.com.ar\/2021\/wp-json\/wp\/v2\/posts"}],"about":[{"href":"https:\/\/www.noticiasradioreflejos.com.ar\/2021\/wp-json\/wp\/v2\/types\/post"}],"author":[{"embeddable":true,"href":"https:\/\/www.noticiasradioreflejos.com.ar\/2021\/wp-json\/wp\/v2\/users\/3"}],"replies":[{"embeddable":true,"href":"https:\/\/www.noticiasradioreflejos.com.ar\/2021\/wp-json\/wp\/v2\/comments?post=8305"}],"version-history":[{"count":0,"href":"https:\/\/www.noticiasradioreflejos.com.ar\/2021\/wp-json\/wp\/v2\/posts\/8305\/revisions"}],"wp:attachment":[{"href":"https:\/\/www.noticiasradioreflejos.com.ar\/2021\/wp-json\/wp\/v2\/media?parent=8305"}],"wp:term":[{"taxonomy":"category","embeddable":true,"href":"https:\/\/www.noticiasradioreflejos.com.ar\/2021\/wp-json\/wp\/v2\/categories?post=8305"},{"taxonomy":"post_tag","embeddable":true,"href":"https:\/\/www.noticiasradioreflejos.com.ar\/2021\/wp-json\/wp\/v2\/tags?post=8305"}],"curies":[{"name":"wp","href":"https:\/\/api.w.org\/{rel}","templated":true}]}}