{"id":83042,"date":"2023-01-23T16:39:51","date_gmt":"2023-01-23T16:39:51","guid":{"rendered":"https:\/\/www.noticiasradioreflejos.com.ar\/2021\/?p=83042"},"modified":"2023-01-23T16:39:51","modified_gmt":"2023-01-23T16:39:51","slug":"crecimiento-del-empleo-en-la-construccion-se-superaron-los-450-mil-puestos-de-trabajo-y-se-acerca-el-piso-historico","status":"publish","type":"post","link":"https:\/\/www.noticiasradioreflejos.com.ar\/2021\/crecimiento-del-empleo-en-la-construccion-se-superaron-los-450-mil-puestos-de-trabajo-y-se-acerca-el-piso-historico\/","title":{"rendered":"Crecimiento del empleo en la construcci\u00f3n: se superaron los 450 mil puestos de trabajo y se acerca el piso hist\u00f3rico"},"content":{"rendered":"<p>De acuerdo a datos relevados en el Informe de Coyuntura sobre Trabajo y Obra P\u00fablica desarrollado por la Direcci\u00f3n Nacional de Transparencia del Ministerio de Obras P\u00fablicas, se registraron 456.943 puestos de trabajo registrados en la construcci\u00f3n en octubre de 2022 (INDEC, 2022) y se prev\u00e9 alcanzar los picos hist\u00f3ricos en los pr\u00f3ximos meses.<!--more--><\/p>\n<p>El empleo en la construcci\u00f3n contin\u00faa en la senda del crecimiento y esto se ve plasmado con claridad a partir de los datos relevados en el reciente Informe de Coyuntura sobre Trabajo y Obra P\u00fablica, un documento que publica de manera mensual la Direcci\u00f3n Nacional de Transparencia del Ministerio de Obras P\u00fablicas: se superaron los 450 mil puestos de trabajo, registr\u00e1ndose un total de 456.943 hasta octubre del a\u00f1o pasado (INDEC, 2022).<\/p>\n<p>Esta informaci\u00f3n, adem\u00e1s de exponer el compromiso que tiene el Ministerio de Obras P\u00fablicas en la recuperaci\u00f3n econ\u00f3mica del sector, marca un hito en la gesti\u00f3n: se acerca a los picos hist\u00f3ricos que se dieron en junio de 2015 y noviembre 2017 (458.433 y 458.147 de empleos registrados en la construcci\u00f3n). <\/p>\n<p>Si se realiza una comparaci\u00f3n interanual, es decir de octubre de 2021 a octubre de 2022, los datos obtenidos revelan un 17,2% de aumento en relaci\u00f3n a la cantidad de puestos de trabajo respecto del a\u00f1o anterior. Es importante mencionar que en 2016 se perdieron m\u00e1s de 42 mil, lo que signific\u00f3 el mayor retroceso antes de la llegada del COVID-19.<\/p>\n<p>Con la salida progresiva de la pandemia, momento en el cual se registr\u00f3 el pico m\u00e1s bajo de toda la serie hist\u00f3rica (2015-2021), se experimentaron m\u00e1s de dos a\u00f1os de crecimiento ininterrumpido del empleo en el sector de la construcci\u00f3n (con la excepci\u00f3n de diciembre 2020 y 2021 que tuvieron una ca\u00edda entre el -1% y -2%, habitual en el per\u00edodo estival).<\/p>\n<p>Estos datos son m\u00e1s relevantes al observar la situaci\u00f3n en el plano federal: de acuerdo al Instituto de Estad\u00edstica y Registro de la Industria de la Construcci\u00f3n (IERIC), en octubre de 2022 fueron 23 las jurisdicciones cuyo volumen de empleo aument\u00f3 respecto al mes precedente. En esta l\u00ednea, se destaca la Regi\u00f3n Patag\u00f3nica (+3,6%), seguida por el Noreste y Noroeste Argentino (+3,1% y +2,4%, respectivamente).<\/p>\n<p>Por \u00faltimo,  cabe destacar que la tasa de desocupaci\u00f3n fue de un 7,1% en el tercer trimestre del 2022 y se establece como el sexto per\u00edodo consecutivo en el que se sostiene por debajo de los dos d\u00edgitos.  <\/p>\n<p>El Ministerio de Obras P\u00fablicas tiene como principal objetivo acompa\u00f1ar el crecimiento del sector, para generar empleo local y llegar con obras a las 24 provincias y 2.300 gobiernos locales del pa\u00eds. La inversi\u00f3n en infraestructura contribuye al proceso de recuperaci\u00f3n de la econom\u00eda argentina, tanto por su efecto multiplicador a la hora de reducir brechas hist\u00f3ricas en materia de edad, territorio y g\u00e9nero, como as\u00ed tambi\u00e9n a la hora de impulsar la productividad del sector privado.<\/p>\n<p>Conoc\u00e9 m\u00e1s informaci\u00f3n en:  <a href=\"https:\/\/www.argentina.gob.ar\/obras-publicas\/publicaciones\/informes-de-coyuntura-sobre-trabajo-y-obra-publica\" rel=\"noopener\" target=\"_blank\">https:\/\/www.argentina.gob.ar\/obras-publicas\/publicaciones\/informes-de-coyuntura-sobre-trabajo-y-obra-publica<\/a><\/p>\n","protected":false},"excerpt":{"rendered":"<p>De acuerdo a datos relevados en el Informe de Coyuntura sobre Trabajo y Obra P\u00fablica desarrollado por la Direcci\u00f3n Nacional de Transparencia del Ministerio de Obras P\u00fablicas, se registraron 456.943 puestos de trabajo registrados en la construcci\u00f3n en octubre de 2022 (INDEC, 2022) y se prev\u00e9 alcanzar los picos hist\u00f3ricos en los pr\u00f3ximos meses.<\/p>\n","protected":false},"author":3,"featured_media":0,"comment_status":"closed","ping_status":"closed","sticky":false,"template":"","format":"standard","meta":{"footnotes":""},"categories":[26],"tags":[],"class_list":["post-83042","post","type-post","status-publish","format-standard","hentry","category-sociedad"],"yoast_head":"<!-- This site is optimized with the Yoast SEO plugin v25.9 - https:\/\/yoast.com\/wordpress\/plugins\/seo\/ -->\n<title>Crecimiento del empleo en la construcci\u00f3n: se superaron los 450 mil puestos de trabajo y se acerca el piso hist\u00f3rico - Noticias Radio Reflejos<\/title>\n<meta name=\"robots\" content=\"index, follow, max-snippet:-1, max-image-preview:large, max-video-preview:-1\" \/>\n<link rel=\"canonical\" href=\"https:\/\/www.noticiasradioreflejos.com.ar\/2021\/crecimiento-del-empleo-en-la-construccion-se-superaron-los-450-mil-puestos-de-trabajo-y-se-acerca-el-piso-historico\/\" \/>\n<meta property=\"og:locale\" content=\"es_ES\" \/>\n<meta property=\"og:type\" content=\"article\" \/>\n<meta property=\"og:title\" content=\"Crecimiento del empleo en la construcci\u00f3n: se superaron los 450 mil puestos de trabajo y se acerca el piso hist\u00f3rico - Noticias Radio Reflejos\" \/>\n<meta property=\"og:description\" content=\"De acuerdo a datos relevados en el Informe de Coyuntura sobre Trabajo y Obra P\u00fablica desarrollado por la Direcci\u00f3n Nacional de Transparencia del Ministerio de Obras P\u00fablicas, se registraron 456.943 puestos de trabajo registrados en la construcci\u00f3n en octubre de 2022 (INDEC, 2022) y se prev\u00e9 alcanzar los picos hist\u00f3ricos en los pr\u00f3ximos meses.\" \/>\n<meta property=\"og:url\" content=\"https:\/\/www.noticiasradioreflejos.com.ar\/2021\/crecimiento-del-empleo-en-la-construccion-se-superaron-los-450-mil-puestos-de-trabajo-y-se-acerca-el-piso-historico\/\" \/>\n<meta property=\"og:site_name\" content=\"Noticias Radio Reflejos\" \/>\n<meta property=\"article:published_time\" content=\"2023-01-23T16:39:51+00:00\" \/>\n<meta property=\"og:image\" content=\"https:\/\/www.noticiasradioreflejos.com.ar\/2021\/wp-content\/uploads\/2021\/07\/logosol300x200.png\" \/>\n\t<meta property=\"og:image:width\" content=\"300\" \/>\n\t<meta property=\"og:image:height\" content=\"200\" \/>\n\t<meta property=\"og:image:type\" content=\"image\/png\" \/>\n<meta name=\"author\" content=\"Arnaldo Botto\" \/>\n<meta name=\"twitter:card\" content=\"summary_large_image\" \/>\n<script type=\"application\/ld+json\" class=\"yoast-schema-graph\">{\"@context\":\"https:\/\/schema.org\",\"@graph\":[{\"@type\":\"WebPage\",\"@id\":\"https:\/\/www.noticiasradioreflejos.com.ar\/2021\/crecimiento-del-empleo-en-la-construccion-se-superaron-los-450-mil-puestos-de-trabajo-y-se-acerca-el-piso-historico\/\",\"url\":\"https:\/\/www.noticiasradioreflejos.com.ar\/2021\/crecimiento-del-empleo-en-la-construccion-se-superaron-los-450-mil-puestos-de-trabajo-y-se-acerca-el-piso-historico\/\",\"name\":\"Crecimiento del empleo en la construcci\u00f3n: se superaron los 450 mil puestos de trabajo y se acerca el piso hist\u00f3rico - Noticias Radio Reflejos\",\"isPartOf\":{\"@id\":\"https:\/\/www.noticiasradioreflejos.com.ar\/2021\/#website\"},\"datePublished\":\"2023-01-23T16:39:51+00:00\",\"author\":{\"@id\":\"https:\/\/www.noticiasradioreflejos.com.ar\/2021\/#\/schema\/person\/ad82545263dcc5ec0996818884fd5fb1\"},\"breadcrumb\":{\"@id\":\"https:\/\/www.noticiasradioreflejos.com.ar\/2021\/crecimiento-del-empleo-en-la-construccion-se-superaron-los-450-mil-puestos-de-trabajo-y-se-acerca-el-piso-historico\/#breadcrumb\"},\"inLanguage\":\"es\",\"potentialAction\":[{\"@type\":\"ReadAction\",\"target\":[\"https:\/\/www.noticiasradioreflejos.com.ar\/2021\/crecimiento-del-empleo-en-la-construccion-se-superaron-los-450-mil-puestos-de-trabajo-y-se-acerca-el-piso-historico\/\"]}]},{\"@type\":\"BreadcrumbList\",\"@id\":\"https:\/\/www.noticiasradioreflejos.com.ar\/2021\/crecimiento-del-empleo-en-la-construccion-se-superaron-los-450-mil-puestos-de-trabajo-y-se-acerca-el-piso-historico\/#breadcrumb\",\"itemListElement\":[{\"@type\":\"ListItem\",\"position\":1,\"name\":\"Portada\",\"item\":\"https:\/\/www.noticiasradioreflejos.com.ar\/2021\/\"},{\"@type\":\"ListItem\",\"position\":2,\"name\":\"Crecimiento del empleo en la construcci\u00f3n: se superaron los 450 mil puestos de trabajo y se acerca el piso hist\u00f3rico\"}]},{\"@type\":\"WebSite\",\"@id\":\"https:\/\/www.noticiasradioreflejos.com.ar\/2021\/#website\",\"url\":\"https:\/\/www.noticiasradioreflejos.com.ar\/2021\/\",\"name\":\"Noticias Radio Reflejos\",\"description\":\"Las noticias de mi comarca\",\"potentialAction\":[{\"@type\":\"SearchAction\",\"target\":{\"@type\":\"EntryPoint\",\"urlTemplate\":\"https:\/\/www.noticiasradioreflejos.com.ar\/2021\/?s={search_term_string}\"},\"query-input\":{\"@type\":\"PropertyValueSpecification\",\"valueRequired\":true,\"valueName\":\"search_term_string\"}}],\"inLanguage\":\"es\"},{\"@type\":\"Person\",\"@id\":\"https:\/\/www.noticiasradioreflejos.com.ar\/2021\/#\/schema\/person\/ad82545263dcc5ec0996818884fd5fb1\",\"name\":\"Arnaldo Botto\",\"image\":{\"@type\":\"ImageObject\",\"inLanguage\":\"es\",\"@id\":\"https:\/\/www.noticiasradioreflejos.com.ar\/2021\/#\/schema\/person\/image\/\",\"url\":\"https:\/\/secure.gravatar.com\/avatar\/55cb5e37c1efa326397366e6974cb338056df65cb50e7d64d1cf314e87504837?s=96&d=mm&r=g\",\"contentUrl\":\"https:\/\/secure.gravatar.com\/avatar\/55cb5e37c1efa326397366e6974cb338056df65cb50e7d64d1cf314e87504837?s=96&d=mm&r=g\",\"caption\":\"Arnaldo Botto\"},\"url\":\"https:\/\/www.noticiasradioreflejos.com.ar\/2021\/author\/arnaldo\/\"}]}<\/script>\n<!-- \/ Yoast SEO plugin. -->","yoast_head_json":{"title":"Crecimiento del empleo en la construcci\u00f3n: se superaron los 450 mil puestos de trabajo y se acerca el piso hist\u00f3rico - Noticias Radio Reflejos","robots":{"index":"index","follow":"follow","max-snippet":"max-snippet:-1","max-image-preview":"max-image-preview:large","max-video-preview":"max-video-preview:-1"},"canonical":"https:\/\/www.noticiasradioreflejos.com.ar\/2021\/crecimiento-del-empleo-en-la-construccion-se-superaron-los-450-mil-puestos-de-trabajo-y-se-acerca-el-piso-historico\/","og_locale":"es_ES","og_type":"article","og_title":"Crecimiento del empleo en la construcci\u00f3n: se superaron los 450 mil puestos de trabajo y se acerca el piso hist\u00f3rico - Noticias Radio Reflejos","og_description":"De acuerdo a datos relevados en el Informe de Coyuntura sobre Trabajo y Obra P\u00fablica desarrollado por la Direcci\u00f3n Nacional de Transparencia del Ministerio de Obras P\u00fablicas, se registraron 456.943 puestos de trabajo registrados en la construcci\u00f3n en octubre de 2022 (INDEC, 2022) y se prev\u00e9 alcanzar los picos hist\u00f3ricos en los pr\u00f3ximos meses.","og_url":"https:\/\/www.noticiasradioreflejos.com.ar\/2021\/crecimiento-del-empleo-en-la-construccion-se-superaron-los-450-mil-puestos-de-trabajo-y-se-acerca-el-piso-historico\/","og_site_name":"Noticias Radio Reflejos","article_published_time":"2023-01-23T16:39:51+00:00","og_image":[{"width":300,"height":200,"url":"https:\/\/www.noticiasradioreflejos.com.ar\/2021\/wp-content\/uploads\/2021\/07\/logosol300x200.png","type":"image\/png"}],"author":"Arnaldo Botto","twitter_card":"summary_large_image","schema":{"@context":"https:\/\/schema.org","@graph":[{"@type":"WebPage","@id":"https:\/\/www.noticiasradioreflejos.com.ar\/2021\/crecimiento-del-empleo-en-la-construccion-se-superaron-los-450-mil-puestos-de-trabajo-y-se-acerca-el-piso-historico\/","url":"https:\/\/www.noticiasradioreflejos.com.ar\/2021\/crecimiento-del-empleo-en-la-construccion-se-superaron-los-450-mil-puestos-de-trabajo-y-se-acerca-el-piso-historico\/","name":"Crecimiento del empleo en la construcci\u00f3n: se superaron los 450 mil puestos de trabajo y se acerca el piso hist\u00f3rico - Noticias Radio Reflejos","isPartOf":{"@id":"https:\/\/www.noticiasradioreflejos.com.ar\/2021\/#website"},"datePublished":"2023-01-23T16:39:51+00:00","author":{"@id":"https:\/\/www.noticiasradioreflejos.com.ar\/2021\/#\/schema\/person\/ad82545263dcc5ec0996818884fd5fb1"},"breadcrumb":{"@id":"https:\/\/www.noticiasradioreflejos.com.ar\/2021\/crecimiento-del-empleo-en-la-construccion-se-superaron-los-450-mil-puestos-de-trabajo-y-se-acerca-el-piso-historico\/#breadcrumb"},"inLanguage":"es","potentialAction":[{"@type":"ReadAction","target":["https:\/\/www.noticiasradioreflejos.com.ar\/2021\/crecimiento-del-empleo-en-la-construccion-se-superaron-los-450-mil-puestos-de-trabajo-y-se-acerca-el-piso-historico\/"]}]},{"@type":"BreadcrumbList","@id":"https:\/\/www.noticiasradioreflejos.com.ar\/2021\/crecimiento-del-empleo-en-la-construccion-se-superaron-los-450-mil-puestos-de-trabajo-y-se-acerca-el-piso-historico\/#breadcrumb","itemListElement":[{"@type":"ListItem","position":1,"name":"Portada","item":"https:\/\/www.noticiasradioreflejos.com.ar\/2021\/"},{"@type":"ListItem","position":2,"name":"Crecimiento del empleo en la construcci\u00f3n: se superaron los 450 mil puestos de trabajo y se acerca el piso hist\u00f3rico"}]},{"@type":"WebSite","@id":"https:\/\/www.noticiasradioreflejos.com.ar\/2021\/#website","url":"https:\/\/www.noticiasradioreflejos.com.ar\/2021\/","name":"Noticias Radio Reflejos","description":"Las noticias de mi comarca","potentialAction":[{"@type":"SearchAction","target":{"@type":"EntryPoint","urlTemplate":"https:\/\/www.noticiasradioreflejos.com.ar\/2021\/?s={search_term_string}"},"query-input":{"@type":"PropertyValueSpecification","valueRequired":true,"valueName":"search_term_string"}}],"inLanguage":"es"},{"@type":"Person","@id":"https:\/\/www.noticiasradioreflejos.com.ar\/2021\/#\/schema\/person\/ad82545263dcc5ec0996818884fd5fb1","name":"Arnaldo Botto","image":{"@type":"ImageObject","inLanguage":"es","@id":"https:\/\/www.noticiasradioreflejos.com.ar\/2021\/#\/schema\/person\/image\/","url":"https:\/\/secure.gravatar.com\/avatar\/55cb5e37c1efa326397366e6974cb338056df65cb50e7d64d1cf314e87504837?s=96&d=mm&r=g","contentUrl":"https:\/\/secure.gravatar.com\/avatar\/55cb5e37c1efa326397366e6974cb338056df65cb50e7d64d1cf314e87504837?s=96&d=mm&r=g","caption":"Arnaldo Botto"},"url":"https:\/\/www.noticiasradioreflejos.com.ar\/2021\/author\/arnaldo\/"}]}},"_links":{"self":[{"href":"https:\/\/www.noticiasradioreflejos.com.ar\/2021\/wp-json\/wp\/v2\/posts\/83042","targetHints":{"allow":["GET"]}}],"collection":[{"href":"https:\/\/www.noticiasradioreflejos.com.ar\/2021\/wp-json\/wp\/v2\/posts"}],"about":[{"href":"https:\/\/www.noticiasradioreflejos.com.ar\/2021\/wp-json\/wp\/v2\/types\/post"}],"author":[{"embeddable":true,"href":"https:\/\/www.noticiasradioreflejos.com.ar\/2021\/wp-json\/wp\/v2\/users\/3"}],"replies":[{"embeddable":true,"href":"https:\/\/www.noticiasradioreflejos.com.ar\/2021\/wp-json\/wp\/v2\/comments?post=83042"}],"version-history":[{"count":1,"href":"https:\/\/www.noticiasradioreflejos.com.ar\/2021\/wp-json\/wp\/v2\/posts\/83042\/revisions"}],"predecessor-version":[{"id":83044,"href":"https:\/\/www.noticiasradioreflejos.com.ar\/2021\/wp-json\/wp\/v2\/posts\/83042\/revisions\/83044"}],"wp:attachment":[{"href":"https:\/\/www.noticiasradioreflejos.com.ar\/2021\/wp-json\/wp\/v2\/media?parent=83042"}],"wp:term":[{"taxonomy":"category","embeddable":true,"href":"https:\/\/www.noticiasradioreflejos.com.ar\/2021\/wp-json\/wp\/v2\/categories?post=83042"},{"taxonomy":"post_tag","embeddable":true,"href":"https:\/\/www.noticiasradioreflejos.com.ar\/2021\/wp-json\/wp\/v2\/tags?post=83042"}],"curies":[{"name":"wp","href":"https:\/\/api.w.org\/{rel}","templated":true}]}}