{"id":83038,"date":"2023-01-23T15:09:21","date_gmt":"2023-01-23T15:09:21","guid":{"rendered":"https:\/\/www.noticiasradioreflejos.com.ar\/2021\/?p=83038"},"modified":"2023-01-23T15:09:21","modified_gmt":"2023-01-23T15:09:21","slug":"vtv-cerrada-que-pasa-con-los-que-tenian-turno","status":"publish","type":"post","link":"https:\/\/www.noticiasradioreflejos.com.ar\/2021\/vtv-cerrada-que-pasa-con-los-que-tenian-turno\/","title":{"rendered":"VTV cerrada: qu\u00e9 pasa con los que ten\u00edan turno"},"content":{"rendered":"<header id=\"mvp-post-head\" class=\"left relative\">La semana pasada hubo filtraciones en los techos y la planta se inund\u00f3. Por disposici\u00f3n del Gobierno se clausur\u00f3 y comenzaron las reparaciones. Cu\u00e1ndo volver\u00eda a abrir.<\/p>\n<\/header>\n<p><!--more--><\/p>\n<div class=\"mvp-post-main-out left relative\">\n<div class=\"mvp-post-main-in\">\n<div id=\"mvp-post-content\" class=\"left relative\">\n<div id=\"mvp-post-feat-img\" class=\"left relative mvp-post-feat-img-wide2\"><picture><source srcset=\"https:\/\/www.labrujula24.com\/wp-content\/webp-express\/webp-images\/uploads\/2021\/05\/vtv-1.jpg.webp 1200w, https:\/\/www.labrujula24.com\/wp-content\/webp-express\/webp-images\/uploads\/2021\/05\/vtv-1-768x461.jpg.webp 768w, https:\/\/www.labrujula24.com\/wp-content\/webp-express\/webp-images\/uploads\/2021\/05\/vtv-1-1000x600.jpg.webp 1000w, https:\/\/www.labrujula24.com\/wp-content\/webp-express\/webp-images\/uploads\/2021\/05\/vtv-1-590x354.jpg.webp 590w, https:\/\/www.labrujula24.com\/wp-content\/webp-express\/webp-images\/uploads\/2021\/05\/vtv-1-400x240.jpg.webp 400w\" type=\"image\/webp\" sizes=\"(max-width: 1200px) 100vw, 1200px\" \/><\/picture>\n<div id=\"standard_1\" class=\"st-placement standard_1 inImage\">\n<div class=\"st-adunit st-adunit-tagged st-reset st-show\"><\/div>\n<\/div>\n<picture><img loading=\"lazy\" decoding=\"async\" class=\"attachment- size- wp-post-image webpexpress-processed\" src=\"https:\/\/www.labrujula24.com\/wp-content\/uploads\/2021\/05\/vtv-1.jpg\" sizes=\"auto, (max-width: 1200px) 100vw, 1200px\" srcset=\"https:\/\/www.labrujula24.com\/wp-content\/uploads\/2021\/05\/vtv-1.jpg 1200w, https:\/\/www.labrujula24.com\/wp-content\/uploads\/2021\/05\/vtv-1-768x461.jpg 768w, https:\/\/www.labrujula24.com\/wp-content\/uploads\/2021\/05\/vtv-1-1000x600.jpg 1000w, https:\/\/www.labrujula24.com\/wp-content\/uploads\/2021\/05\/vtv-1-590x354.jpg 590w, https:\/\/www.labrujula24.com\/wp-content\/uploads\/2021\/05\/vtv-1-400x240.jpg 400w\" alt=\"\" width=\"1200\" height=\"720\" \/><\/picture><\/div>\n<div id=\"mvp-content-wrap\" class=\"left relative\">\n<div class=\"mvp-post-soc-out right relative\">\n<div class=\"mvp-post-soc-in\">\n<div id=\"mvp-content-body\" class=\"left relative\">\n<div id=\"mvp-content-body-top\" class=\"left relative\">\n<div id=\"mvp-content-main\" class=\"left relative\">\n<div id=\"textbody\">\n<p>Sergio Rodr\u00edguez, Jefe de Zona de la Verificaci\u00f3n T\u00e9cnica Vehicular \u2013<em>VTV<\/em>-, convers\u00f3 esta ma\u00f1ana con el equipo period\u00edstico del programa \u201cBah\u00eda Hoy\u201d, emitido por\u00a0<strong>LA BR\u00daJULA 24<\/strong>.<\/p>\n<div id=\"standard_4\" class=\"st-placement standard_4 inArticle\"><\/div>\n<p>Primero, respecto de lo ocurrido, record\u00f3 que \u201cel jueves a la noche hubo una tormenta importante que rompi\u00f3 un policarbonato del techo, y durante el d\u00eda viernes comenz\u00f3 a entrar agua, sobre todo en una l\u00ednea\u201d.<\/p>\n<div class=\"code-block code-block-11\"><\/div>\n<p><iframe loading=\"lazy\" src=\"https:\/\/w.soundcloud.com\/player\/?url=https%3A\/\/api.soundcloud.com\/tracks\/1430561785&amp;color=%233597c6&amp;auto_play=false&amp;hide_related=true&amp;show_comments=false&amp;show_user=true&amp;show_reposts=false&amp;show_teaser=false\" width=\"100%\" height=\"166\" frameborder=\"no\" scrolling=\"no\" data-mce-fragment=\"1\"><\/iframe><\/p>\n<div><a title=\"La Br\u00fajula 24 FM 93.1\" href=\"https:\/\/soundcloud.com\/labrujula24\" target=\"_blank\" rel=\"noopener\">La Br\u00fajula 24 FM 93.1<\/a>\u00a0\u00b7\u00a0<a title=\"Sergio Rodr\u00edguez\" href=\"https:\/\/soundcloud.com\/labrujula24\/rodriguez\" target=\"_blank\" rel=\"noopener\">Sergio Rodr\u00edguez<\/a><\/div>\n<p>\u201cConcurri\u00f3 el sindicato y pidi\u00f3 la intervenci\u00f3n del Ministerio, el cual consider\u00f3 que no estaban dadas las condiciones de seguridad para seguir trabajando\u201d, expuso Rodr\u00edguez.<\/p>\n<p>Y sigui\u00f3: \u201cDada esa situaci\u00f3n, obviamente ten\u00edamos que arreglar el techo y lo hicimos, pero el Ministerio adem\u00e1s nos pidi\u00f3 un profesional que asegure todas las condiciones para el personal. Desde el viernes por la tarde pusimos un ingeniero que trabaj\u00f3 todo el fin de semana y estamos tratando de verificar eso. El fin de semana avanzamos en las fosas y un par de consolas, por eso esta ma\u00f1ana solicitamos una inspecci\u00f3n\u201d.<\/p>\n<h2>Tiempos<\/h2>\n<p>\u201cEstamos abocados a full al tema, la inspectora de muy buena voluntad fue a la planta durante todo el fin de semana y nos marc\u00f3 algunas cuestiones. Queremos presentar los planos cuanto antes y quiz\u00e1s ma\u00f1ana tengamos otra inspecci\u00f3n. La inspectora puede ah\u00ed habilitar aunque sea una l\u00ednea\u201d.<\/p>\n<h2>Los que ten\u00edan turnos<\/h2>\n<p>\u201cSe reprograma por la P\u00e1gina de la Provincia que es InfoVTV.com.ar, incluso si sac\u00f3 el turno antes del vencimiento y no consegu\u00eda para su fecha, puede circular con el turno con normalidad hasta que reabra la planta\u201d.<\/p>\n<\/div>\n<\/div>\n<\/div>\n<\/div>\n<\/div>\n<\/div>\n<\/div>\n<\/div>\n<\/div>\n<\/div>\n","protected":false},"excerpt":{"rendered":"<p>La semana pasada hubo filtraciones en los techos y la planta se inund\u00f3. Por disposici\u00f3n del Gobierno se clausur\u00f3 y comenzaron las reparaciones. Cu\u00e1ndo volver\u00eda a abrir.<\/p>\n","protected":false},"author":3,"featured_media":0,"comment_status":"closed","ping_status":"closed","sticky":false,"template":"","format":"standard","meta":{"footnotes":""},"categories":[26],"tags":[],"class_list":["post-83038","post","type-post","status-publish","format-standard","hentry","category-sociedad"],"yoast_head":"<!-- This site is optimized with the Yoast SEO plugin v25.9 - https:\/\/yoast.com\/wordpress\/plugins\/seo\/ -->\n<title>VTV cerrada: qu\u00e9 pasa con los que ten\u00edan turno - Noticias Radio Reflejos<\/title>\n<meta name=\"robots\" content=\"index, follow, max-snippet:-1, max-image-preview:large, max-video-preview:-1\" \/>\n<link rel=\"canonical\" href=\"https:\/\/www.noticiasradioreflejos.com.ar\/2021\/vtv-cerrada-que-pasa-con-los-que-tenian-turno\/\" \/>\n<meta property=\"og:locale\" content=\"es_ES\" \/>\n<meta property=\"og:type\" content=\"article\" \/>\n<meta property=\"og:title\" content=\"VTV cerrada: qu\u00e9 pasa con los que ten\u00edan turno - Noticias Radio Reflejos\" \/>\n<meta property=\"og:description\" content=\"La semana pasada hubo filtraciones en los techos y la planta se inund\u00f3. Por disposici\u00f3n del Gobierno se clausur\u00f3 y comenzaron las reparaciones. Cu\u00e1ndo volver\u00eda a abrir.\" \/>\n<meta property=\"og:url\" content=\"https:\/\/www.noticiasradioreflejos.com.ar\/2021\/vtv-cerrada-que-pasa-con-los-que-tenian-turno\/\" \/>\n<meta property=\"og:site_name\" content=\"Noticias Radio Reflejos\" \/>\n<meta property=\"article:published_time\" content=\"2023-01-23T15:09:21+00:00\" \/>\n<meta property=\"og:image\" content=\"https:\/\/www.labrujula24.com\/wp-content\/uploads\/2021\/05\/vtv-1.jpg\" \/>\n<meta name=\"author\" content=\"Arnaldo Botto\" \/>\n<meta name=\"twitter:card\" content=\"summary_large_image\" \/>\n<script type=\"application\/ld+json\" class=\"yoast-schema-graph\">{\"@context\":\"https:\/\/schema.org\",\"@graph\":[{\"@type\":\"WebPage\",\"@id\":\"https:\/\/www.noticiasradioreflejos.com.ar\/2021\/vtv-cerrada-que-pasa-con-los-que-tenian-turno\/\",\"url\":\"https:\/\/www.noticiasradioreflejos.com.ar\/2021\/vtv-cerrada-que-pasa-con-los-que-tenian-turno\/\",\"name\":\"VTV cerrada: qu\u00e9 pasa con los que ten\u00edan turno - Noticias Radio Reflejos\",\"isPartOf\":{\"@id\":\"https:\/\/www.noticiasradioreflejos.com.ar\/2021\/#website\"},\"primaryImageOfPage\":{\"@id\":\"https:\/\/www.noticiasradioreflejos.com.ar\/2021\/vtv-cerrada-que-pasa-con-los-que-tenian-turno\/#primaryimage\"},\"image\":{\"@id\":\"https:\/\/www.noticiasradioreflejos.com.ar\/2021\/vtv-cerrada-que-pasa-con-los-que-tenian-turno\/#primaryimage\"},\"thumbnailUrl\":\"https:\/\/www.labrujula24.com\/wp-content\/uploads\/2021\/05\/vtv-1.jpg\",\"datePublished\":\"2023-01-23T15:09:21+00:00\",\"author\":{\"@id\":\"https:\/\/www.noticiasradioreflejos.com.ar\/2021\/#\/schema\/person\/ad82545263dcc5ec0996818884fd5fb1\"},\"breadcrumb\":{\"@id\":\"https:\/\/www.noticiasradioreflejos.com.ar\/2021\/vtv-cerrada-que-pasa-con-los-que-tenian-turno\/#breadcrumb\"},\"inLanguage\":\"es\",\"potentialAction\":[{\"@type\":\"ReadAction\",\"target\":[\"https:\/\/www.noticiasradioreflejos.com.ar\/2021\/vtv-cerrada-que-pasa-con-los-que-tenian-turno\/\"]}]},{\"@type\":\"ImageObject\",\"inLanguage\":\"es\",\"@id\":\"https:\/\/www.noticiasradioreflejos.com.ar\/2021\/vtv-cerrada-que-pasa-con-los-que-tenian-turno\/#primaryimage\",\"url\":\"https:\/\/www.labrujula24.com\/wp-content\/uploads\/2021\/05\/vtv-1.jpg\",\"contentUrl\":\"https:\/\/www.labrujula24.com\/wp-content\/uploads\/2021\/05\/vtv-1.jpg\"},{\"@type\":\"BreadcrumbList\",\"@id\":\"https:\/\/www.noticiasradioreflejos.com.ar\/2021\/vtv-cerrada-que-pasa-con-los-que-tenian-turno\/#breadcrumb\",\"itemListElement\":[{\"@type\":\"ListItem\",\"position\":1,\"name\":\"Portada\",\"item\":\"https:\/\/www.noticiasradioreflejos.com.ar\/2021\/\"},{\"@type\":\"ListItem\",\"position\":2,\"name\":\"VTV cerrada: qu\u00e9 pasa con los que ten\u00edan turno\"}]},{\"@type\":\"WebSite\",\"@id\":\"https:\/\/www.noticiasradioreflejos.com.ar\/2021\/#website\",\"url\":\"https:\/\/www.noticiasradioreflejos.com.ar\/2021\/\",\"name\":\"Noticias Radio Reflejos\",\"description\":\"Las noticias de mi comarca\",\"potentialAction\":[{\"@type\":\"SearchAction\",\"target\":{\"@type\":\"EntryPoint\",\"urlTemplate\":\"https:\/\/www.noticiasradioreflejos.com.ar\/2021\/?s={search_term_string}\"},\"query-input\":{\"@type\":\"PropertyValueSpecification\",\"valueRequired\":true,\"valueName\":\"search_term_string\"}}],\"inLanguage\":\"es\"},{\"@type\":\"Person\",\"@id\":\"https:\/\/www.noticiasradioreflejos.com.ar\/2021\/#\/schema\/person\/ad82545263dcc5ec0996818884fd5fb1\",\"name\":\"Arnaldo Botto\",\"image\":{\"@type\":\"ImageObject\",\"inLanguage\":\"es\",\"@id\":\"https:\/\/www.noticiasradioreflejos.com.ar\/2021\/#\/schema\/person\/image\/\",\"url\":\"https:\/\/secure.gravatar.com\/avatar\/55cb5e37c1efa326397366e6974cb338056df65cb50e7d64d1cf314e87504837?s=96&d=mm&r=g\",\"contentUrl\":\"https:\/\/secure.gravatar.com\/avatar\/55cb5e37c1efa326397366e6974cb338056df65cb50e7d64d1cf314e87504837?s=96&d=mm&r=g\",\"caption\":\"Arnaldo Botto\"},\"url\":\"https:\/\/www.noticiasradioreflejos.com.ar\/2021\/author\/arnaldo\/\"}]}<\/script>\n<!-- \/ Yoast SEO plugin. -->","yoast_head_json":{"title":"VTV cerrada: qu\u00e9 pasa con los que ten\u00edan turno - Noticias Radio Reflejos","robots":{"index":"index","follow":"follow","max-snippet":"max-snippet:-1","max-image-preview":"max-image-preview:large","max-video-preview":"max-video-preview:-1"},"canonical":"https:\/\/www.noticiasradioreflejos.com.ar\/2021\/vtv-cerrada-que-pasa-con-los-que-tenian-turno\/","og_locale":"es_ES","og_type":"article","og_title":"VTV cerrada: qu\u00e9 pasa con los que ten\u00edan turno - Noticias Radio Reflejos","og_description":"La semana pasada hubo filtraciones en los techos y la planta se inund\u00f3. Por disposici\u00f3n del Gobierno se clausur\u00f3 y comenzaron las reparaciones. Cu\u00e1ndo volver\u00eda a abrir.","og_url":"https:\/\/www.noticiasradioreflejos.com.ar\/2021\/vtv-cerrada-que-pasa-con-los-que-tenian-turno\/","og_site_name":"Noticias Radio Reflejos","article_published_time":"2023-01-23T15:09:21+00:00","og_image":[{"url":"https:\/\/www.labrujula24.com\/wp-content\/uploads\/2021\/05\/vtv-1.jpg","type":"","width":"","height":""}],"author":"Arnaldo Botto","twitter_card":"summary_large_image","schema":{"@context":"https:\/\/schema.org","@graph":[{"@type":"WebPage","@id":"https:\/\/www.noticiasradioreflejos.com.ar\/2021\/vtv-cerrada-que-pasa-con-los-que-tenian-turno\/","url":"https:\/\/www.noticiasradioreflejos.com.ar\/2021\/vtv-cerrada-que-pasa-con-los-que-tenian-turno\/","name":"VTV cerrada: qu\u00e9 pasa con los que ten\u00edan turno - Noticias Radio Reflejos","isPartOf":{"@id":"https:\/\/www.noticiasradioreflejos.com.ar\/2021\/#website"},"primaryImageOfPage":{"@id":"https:\/\/www.noticiasradioreflejos.com.ar\/2021\/vtv-cerrada-que-pasa-con-los-que-tenian-turno\/#primaryimage"},"image":{"@id":"https:\/\/www.noticiasradioreflejos.com.ar\/2021\/vtv-cerrada-que-pasa-con-los-que-tenian-turno\/#primaryimage"},"thumbnailUrl":"https:\/\/www.labrujula24.com\/wp-content\/uploads\/2021\/05\/vtv-1.jpg","datePublished":"2023-01-23T15:09:21+00:00","author":{"@id":"https:\/\/www.noticiasradioreflejos.com.ar\/2021\/#\/schema\/person\/ad82545263dcc5ec0996818884fd5fb1"},"breadcrumb":{"@id":"https:\/\/www.noticiasradioreflejos.com.ar\/2021\/vtv-cerrada-que-pasa-con-los-que-tenian-turno\/#breadcrumb"},"inLanguage":"es","potentialAction":[{"@type":"ReadAction","target":["https:\/\/www.noticiasradioreflejos.com.ar\/2021\/vtv-cerrada-que-pasa-con-los-que-tenian-turno\/"]}]},{"@type":"ImageObject","inLanguage":"es","@id":"https:\/\/www.noticiasradioreflejos.com.ar\/2021\/vtv-cerrada-que-pasa-con-los-que-tenian-turno\/#primaryimage","url":"https:\/\/www.labrujula24.com\/wp-content\/uploads\/2021\/05\/vtv-1.jpg","contentUrl":"https:\/\/www.labrujula24.com\/wp-content\/uploads\/2021\/05\/vtv-1.jpg"},{"@type":"BreadcrumbList","@id":"https:\/\/www.noticiasradioreflejos.com.ar\/2021\/vtv-cerrada-que-pasa-con-los-que-tenian-turno\/#breadcrumb","itemListElement":[{"@type":"ListItem","position":1,"name":"Portada","item":"https:\/\/www.noticiasradioreflejos.com.ar\/2021\/"},{"@type":"ListItem","position":2,"name":"VTV cerrada: qu\u00e9 pasa con los que ten\u00edan turno"}]},{"@type":"WebSite","@id":"https:\/\/www.noticiasradioreflejos.com.ar\/2021\/#website","url":"https:\/\/www.noticiasradioreflejos.com.ar\/2021\/","name":"Noticias Radio Reflejos","description":"Las noticias de mi comarca","potentialAction":[{"@type":"SearchAction","target":{"@type":"EntryPoint","urlTemplate":"https:\/\/www.noticiasradioreflejos.com.ar\/2021\/?s={search_term_string}"},"query-input":{"@type":"PropertyValueSpecification","valueRequired":true,"valueName":"search_term_string"}}],"inLanguage":"es"},{"@type":"Person","@id":"https:\/\/www.noticiasradioreflejos.com.ar\/2021\/#\/schema\/person\/ad82545263dcc5ec0996818884fd5fb1","name":"Arnaldo Botto","image":{"@type":"ImageObject","inLanguage":"es","@id":"https:\/\/www.noticiasradioreflejos.com.ar\/2021\/#\/schema\/person\/image\/","url":"https:\/\/secure.gravatar.com\/avatar\/55cb5e37c1efa326397366e6974cb338056df65cb50e7d64d1cf314e87504837?s=96&d=mm&r=g","contentUrl":"https:\/\/secure.gravatar.com\/avatar\/55cb5e37c1efa326397366e6974cb338056df65cb50e7d64d1cf314e87504837?s=96&d=mm&r=g","caption":"Arnaldo Botto"},"url":"https:\/\/www.noticiasradioreflejos.com.ar\/2021\/author\/arnaldo\/"}]}},"_links":{"self":[{"href":"https:\/\/www.noticiasradioreflejos.com.ar\/2021\/wp-json\/wp\/v2\/posts\/83038","targetHints":{"allow":["GET"]}}],"collection":[{"href":"https:\/\/www.noticiasradioreflejos.com.ar\/2021\/wp-json\/wp\/v2\/posts"}],"about":[{"href":"https:\/\/www.noticiasradioreflejos.com.ar\/2021\/wp-json\/wp\/v2\/types\/post"}],"author":[{"embeddable":true,"href":"https:\/\/www.noticiasradioreflejos.com.ar\/2021\/wp-json\/wp\/v2\/users\/3"}],"replies":[{"embeddable":true,"href":"https:\/\/www.noticiasradioreflejos.com.ar\/2021\/wp-json\/wp\/v2\/comments?post=83038"}],"version-history":[{"count":1,"href":"https:\/\/www.noticiasradioreflejos.com.ar\/2021\/wp-json\/wp\/v2\/posts\/83038\/revisions"}],"predecessor-version":[{"id":83039,"href":"https:\/\/www.noticiasradioreflejos.com.ar\/2021\/wp-json\/wp\/v2\/posts\/83038\/revisions\/83039"}],"wp:attachment":[{"href":"https:\/\/www.noticiasradioreflejos.com.ar\/2021\/wp-json\/wp\/v2\/media?parent=83038"}],"wp:term":[{"taxonomy":"category","embeddable":true,"href":"https:\/\/www.noticiasradioreflejos.com.ar\/2021\/wp-json\/wp\/v2\/categories?post=83038"},{"taxonomy":"post_tag","embeddable":true,"href":"https:\/\/www.noticiasradioreflejos.com.ar\/2021\/wp-json\/wp\/v2\/tags?post=83038"}],"curies":[{"name":"wp","href":"https:\/\/api.w.org\/{rel}","templated":true}]}}