{"id":83028,"date":"2023-01-23T14:47:26","date_gmt":"2023-01-23T14:47:26","guid":{"rendered":"https:\/\/www.noticiasradioreflejos.com.ar\/2021\/?p=83028"},"modified":"2023-01-23T14:52:26","modified_gmt":"2023-01-23T14:52:26","slug":"israel-chira-el-orden-mundial-hoy-se-esta-desmoronando","status":"publish","type":"post","link":"https:\/\/www.noticiasradioreflejos.com.ar\/2021\/israel-chira-el-orden-mundial-hoy-se-esta-desmoronando\/","title":{"rendered":"Israel Chira: \u201cel orden mundial hoy se est\u00e1 desmoronando\u201d"},"content":{"rendered":"<p>El escritor peruano, con pasado en nuestro pa\u00eds y actualmente radicado en Espa\u00f1a, hizo un repaso por su vida y obra, con el foco puesto en el neoliberalismo.<!--more--><\/p>\n<p>Israel Chira no es de aqu\u00ed, ni tampoco de all\u00e1, pero en su acento, sus venas y memoria, el Per\u00fa fluye m\u00e1s vivo que nunca.<\/p>\n<p>El escritor se brind\u00f3 a pleno en una extensa charla con el <strong>micro Tiempo Educativo<\/strong>, en donde repas\u00f3 su carrera, los motivos por los que escribe, y principalmente, cu\u00e1l es su mirada de los tiempos que corren.<\/p>\n<p>Comenzando, y a modo de resumen, explic\u00f3 que \u201csoy escritor y docente. Estudi\u00e9 en la Universidad Mayor de Lima, y he tenido una serie de trabajos educativos; he ejercido la docencia y tambi\u00e9n he sido director del Colegio Pit\u00e1goras de San Miguel\u201d.<\/p>\n<p>Seg\u00fan mencion\u00f3, \u201clas diferentes circunstancias me obligaron a exiliarme a Argentina. Tuve que salir de mi pa\u00eds por estar en desacuerdo con las pol\u00edticas neoliberales de un r\u00e9gimen que tiene ya m\u00e1s de 30 d\u00e9cadas, que ha desangrado a mi pa\u00eds\u201d.<\/p>\n<p>Rememorando, puntualiz\u00f3 que \u201cestuve desde el 2014 hasta el a\u00f1o pasado en Argentina. Adem\u00e1s de conocer a su gente y sus costumbres, pude escribir y publicar, adem\u00e1s de dedicarme a la docencia por un breve tiempo. Ahora, en otra etapa de mi vida, estoy radicado en Valencia, Espa\u00f1a\u201d.<\/p>\n<p>Adentr\u00e1ndose en su pluma, Chira asegur\u00f3 que \u201cmi visi\u00f3n del mundo siempre se solidariza con el m\u00e1s d\u00e9bil, puesto que soy un hijo del pueblo de clase trabajadora. Toda mi obra puede verse como un manifiesto a mi desacuerdo con el sistema mundo capitalista que nos ha obligado a la mayor\u00eda a vivir las consecuencias\u201d.<\/p>\n<p>En otro pasaje de la charla reflexion\u00f3 acerca de que \u201cviv\u00eds en una \u00e9poca en donde la verdad o los hechos son tergiversados, o bien se inventan las noticias como fake news. De eso trata ficci\u00f3n y guerra. \u00a0Las ficciones literarias constituyen una v\u00eda regia para acercarnos a lo real de la realidad\u201d.<\/p>\n<p>Mientras que en otro pasaje confirm\u00f3 que \u201chay una gran hipocres\u00eda, porque cuando los intereses econ\u00f3micos est\u00e1n de por medio, se mira para otro lado o no se mira. No me puedo quedar callado. Siempre he tratado de dar un testimonio con mi desacuerdo con el orden mundial que hoy se est\u00e1 desmoronado\u201d.<\/p>\n<p>Por \u00faltimo, y a modo de resumen de todo lo expuesto, mencion\u00f3 que \u201cel Per\u00fa, que tiene uno de los yacimientos m\u00e1s importantes del mundo, no tiene gas natural en Lima. A m\u00ed cuando llegu\u00e9 a la Argentina me sorprendi\u00f3 que cada casa tenga gas natural. Fujimori vendi\u00f3 las empresas a los extranjeros y nos lo venden m\u00e1s caro que a Chile, que Chile no tiene gas como recurso natural\u201d.<\/p>\n<p><iframe loading=\"lazy\" src=\"https:\/\/w.soundcloud.com\/player\/?url=https%3A\/\/api.soundcloud.com\/tracks\/1430473525&amp;color=%23ff5500&amp;auto_play=false&amp;hide_related=false&amp;show_comments=true&amp;show_user=true&amp;show_reposts=false&amp;show_teaser=true\" width=\"100%\" height=\"166\" frameborder=\"no\" scrolling=\"no\"><\/iframe><\/p>\n<div style=\"font-size: 10px; color: #cccccc; line-break: anywhere; word-break: normal; overflow: hidden; white-space: nowrap; text-overflow: ellipsis; font-family: Interstate,Lucida Grande,Lucida Sans Unicode,Lucida Sans,Garuda,Verdana,Tahoma,sans-serif; font-weight: 100;\"><a style=\"color: #cccccc; text-decoration: none;\" title=\"fmreflejos 103.7\" href=\"https:\/\/soundcloud.com\/fmreflejos-103-7\" target=\"_blank\" rel=\"noopener\">fmreflejos 103.7<\/a> \u00b7 <a style=\"color: #cccccc; text-decoration: none;\" title=\"Israel Chira\" href=\"https:\/\/soundcloud.com\/fmreflejos-103-7\/israel-chira\" target=\"_blank\" rel=\"noopener\">Israel Chira<\/a><\/div>\n","protected":false},"excerpt":{"rendered":"<p>El escritor peruano, con pasado en nuestro pa\u00eds y actualmente radicado en Espa\u00f1a, hizo un repaso por su vida y obra, con el foco puesto en el neoliberalismo.<\/p>\n","protected":false},"author":3,"featured_media":0,"comment_status":"closed","ping_status":"closed","sticky":false,"template":"","format":"standard","meta":{"footnotes":""},"categories":[35,24],"tags":[48],"class_list":["post-83028","post","type-post","status-publish","format-standard","hentry","category-cultura","category-politica","tag-destacada"],"yoast_head":"<!-- This site is optimized with the Yoast SEO plugin v25.9 - https:\/\/yoast.com\/wordpress\/plugins\/seo\/ -->\n<title>Israel Chira: \u201cel orden mundial hoy se est\u00e1 desmoronando\u201d - Noticias Radio Reflejos<\/title>\n<meta name=\"robots\" content=\"index, follow, max-snippet:-1, max-image-preview:large, max-video-preview:-1\" \/>\n<link rel=\"canonical\" href=\"https:\/\/www.noticiasradioreflejos.com.ar\/2021\/israel-chira-el-orden-mundial-hoy-se-esta-desmoronando\/\" \/>\n<meta property=\"og:locale\" content=\"es_ES\" \/>\n<meta property=\"og:type\" content=\"article\" \/>\n<meta property=\"og:title\" content=\"Israel Chira: \u201cel orden mundial hoy se est\u00e1 desmoronando\u201d - Noticias Radio Reflejos\" \/>\n<meta property=\"og:description\" content=\"El escritor peruano, con pasado en nuestro pa\u00eds y actualmente radicado en Espa\u00f1a, hizo un repaso por su vida y obra, con el foco puesto en el neoliberalismo.\" \/>\n<meta property=\"og:url\" content=\"https:\/\/www.noticiasradioreflejos.com.ar\/2021\/israel-chira-el-orden-mundial-hoy-se-esta-desmoronando\/\" \/>\n<meta property=\"og:site_name\" content=\"Noticias Radio Reflejos\" \/>\n<meta property=\"article:published_time\" content=\"2023-01-23T14:47:26+00:00\" \/>\n<meta property=\"article:modified_time\" content=\"2023-01-23T14:52:26+00:00\" \/>\n<meta property=\"og:image\" content=\"https:\/\/www.noticiasradioreflejos.com.ar\/2021\/wp-content\/uploads\/2021\/07\/logosol300x200.png\" \/>\n\t<meta property=\"og:image:width\" content=\"300\" \/>\n\t<meta property=\"og:image:height\" content=\"200\" \/>\n\t<meta property=\"og:image:type\" content=\"image\/png\" \/>\n<meta name=\"author\" content=\"Arnaldo Botto\" \/>\n<meta name=\"twitter:card\" content=\"summary_large_image\" \/>\n<script type=\"application\/ld+json\" class=\"yoast-schema-graph\">{\"@context\":\"https:\/\/schema.org\",\"@graph\":[{\"@type\":\"WebPage\",\"@id\":\"https:\/\/www.noticiasradioreflejos.com.ar\/2021\/israel-chira-el-orden-mundial-hoy-se-esta-desmoronando\/\",\"url\":\"https:\/\/www.noticiasradioreflejos.com.ar\/2021\/israel-chira-el-orden-mundial-hoy-se-esta-desmoronando\/\",\"name\":\"Israel Chira: \u201cel orden mundial hoy se est\u00e1 desmoronando\u201d - Noticias Radio Reflejos\",\"isPartOf\":{\"@id\":\"https:\/\/www.noticiasradioreflejos.com.ar\/2021\/#website\"},\"datePublished\":\"2023-01-23T14:47:26+00:00\",\"dateModified\":\"2023-01-23T14:52:26+00:00\",\"author\":{\"@id\":\"https:\/\/www.noticiasradioreflejos.com.ar\/2021\/#\/schema\/person\/ad82545263dcc5ec0996818884fd5fb1\"},\"breadcrumb\":{\"@id\":\"https:\/\/www.noticiasradioreflejos.com.ar\/2021\/israel-chira-el-orden-mundial-hoy-se-esta-desmoronando\/#breadcrumb\"},\"inLanguage\":\"es\",\"potentialAction\":[{\"@type\":\"ReadAction\",\"target\":[\"https:\/\/www.noticiasradioreflejos.com.ar\/2021\/israel-chira-el-orden-mundial-hoy-se-esta-desmoronando\/\"]}]},{\"@type\":\"BreadcrumbList\",\"@id\":\"https:\/\/www.noticiasradioreflejos.com.ar\/2021\/israel-chira-el-orden-mundial-hoy-se-esta-desmoronando\/#breadcrumb\",\"itemListElement\":[{\"@type\":\"ListItem\",\"position\":1,\"name\":\"Portada\",\"item\":\"https:\/\/www.noticiasradioreflejos.com.ar\/2021\/\"},{\"@type\":\"ListItem\",\"position\":2,\"name\":\"Israel Chira: \u201cel orden mundial hoy se est\u00e1 desmoronando\u201d\"}]},{\"@type\":\"WebSite\",\"@id\":\"https:\/\/www.noticiasradioreflejos.com.ar\/2021\/#website\",\"url\":\"https:\/\/www.noticiasradioreflejos.com.ar\/2021\/\",\"name\":\"Noticias Radio Reflejos\",\"description\":\"Las noticias de mi comarca\",\"potentialAction\":[{\"@type\":\"SearchAction\",\"target\":{\"@type\":\"EntryPoint\",\"urlTemplate\":\"https:\/\/www.noticiasradioreflejos.com.ar\/2021\/?s={search_term_string}\"},\"query-input\":{\"@type\":\"PropertyValueSpecification\",\"valueRequired\":true,\"valueName\":\"search_term_string\"}}],\"inLanguage\":\"es\"},{\"@type\":\"Person\",\"@id\":\"https:\/\/www.noticiasradioreflejos.com.ar\/2021\/#\/schema\/person\/ad82545263dcc5ec0996818884fd5fb1\",\"name\":\"Arnaldo Botto\",\"image\":{\"@type\":\"ImageObject\",\"inLanguage\":\"es\",\"@id\":\"https:\/\/www.noticiasradioreflejos.com.ar\/2021\/#\/schema\/person\/image\/\",\"url\":\"https:\/\/secure.gravatar.com\/avatar\/55cb5e37c1efa326397366e6974cb338056df65cb50e7d64d1cf314e87504837?s=96&d=mm&r=g\",\"contentUrl\":\"https:\/\/secure.gravatar.com\/avatar\/55cb5e37c1efa326397366e6974cb338056df65cb50e7d64d1cf314e87504837?s=96&d=mm&r=g\",\"caption\":\"Arnaldo Botto\"},\"url\":\"https:\/\/www.noticiasradioreflejos.com.ar\/2021\/author\/arnaldo\/\"}]}<\/script>\n<!-- \/ Yoast SEO plugin. -->","yoast_head_json":{"title":"Israel Chira: \u201cel orden mundial hoy se est\u00e1 desmoronando\u201d - Noticias Radio Reflejos","robots":{"index":"index","follow":"follow","max-snippet":"max-snippet:-1","max-image-preview":"max-image-preview:large","max-video-preview":"max-video-preview:-1"},"canonical":"https:\/\/www.noticiasradioreflejos.com.ar\/2021\/israel-chira-el-orden-mundial-hoy-se-esta-desmoronando\/","og_locale":"es_ES","og_type":"article","og_title":"Israel Chira: \u201cel orden mundial hoy se est\u00e1 desmoronando\u201d - Noticias Radio Reflejos","og_description":"El escritor peruano, con pasado en nuestro pa\u00eds y actualmente radicado en Espa\u00f1a, hizo un repaso por su vida y obra, con el foco puesto en el neoliberalismo.","og_url":"https:\/\/www.noticiasradioreflejos.com.ar\/2021\/israel-chira-el-orden-mundial-hoy-se-esta-desmoronando\/","og_site_name":"Noticias Radio Reflejos","article_published_time":"2023-01-23T14:47:26+00:00","article_modified_time":"2023-01-23T14:52:26+00:00","og_image":[{"width":300,"height":200,"url":"https:\/\/www.noticiasradioreflejos.com.ar\/2021\/wp-content\/uploads\/2021\/07\/logosol300x200.png","type":"image\/png"}],"author":"Arnaldo Botto","twitter_card":"summary_large_image","schema":{"@context":"https:\/\/schema.org","@graph":[{"@type":"WebPage","@id":"https:\/\/www.noticiasradioreflejos.com.ar\/2021\/israel-chira-el-orden-mundial-hoy-se-esta-desmoronando\/","url":"https:\/\/www.noticiasradioreflejos.com.ar\/2021\/israel-chira-el-orden-mundial-hoy-se-esta-desmoronando\/","name":"Israel Chira: \u201cel orden mundial hoy se est\u00e1 desmoronando\u201d - Noticias Radio Reflejos","isPartOf":{"@id":"https:\/\/www.noticiasradioreflejos.com.ar\/2021\/#website"},"datePublished":"2023-01-23T14:47:26+00:00","dateModified":"2023-01-23T14:52:26+00:00","author":{"@id":"https:\/\/www.noticiasradioreflejos.com.ar\/2021\/#\/schema\/person\/ad82545263dcc5ec0996818884fd5fb1"},"breadcrumb":{"@id":"https:\/\/www.noticiasradioreflejos.com.ar\/2021\/israel-chira-el-orden-mundial-hoy-se-esta-desmoronando\/#breadcrumb"},"inLanguage":"es","potentialAction":[{"@type":"ReadAction","target":["https:\/\/www.noticiasradioreflejos.com.ar\/2021\/israel-chira-el-orden-mundial-hoy-se-esta-desmoronando\/"]}]},{"@type":"BreadcrumbList","@id":"https:\/\/www.noticiasradioreflejos.com.ar\/2021\/israel-chira-el-orden-mundial-hoy-se-esta-desmoronando\/#breadcrumb","itemListElement":[{"@type":"ListItem","position":1,"name":"Portada","item":"https:\/\/www.noticiasradioreflejos.com.ar\/2021\/"},{"@type":"ListItem","position":2,"name":"Israel Chira: \u201cel orden mundial hoy se est\u00e1 desmoronando\u201d"}]},{"@type":"WebSite","@id":"https:\/\/www.noticiasradioreflejos.com.ar\/2021\/#website","url":"https:\/\/www.noticiasradioreflejos.com.ar\/2021\/","name":"Noticias Radio Reflejos","description":"Las noticias de mi comarca","potentialAction":[{"@type":"SearchAction","target":{"@type":"EntryPoint","urlTemplate":"https:\/\/www.noticiasradioreflejos.com.ar\/2021\/?s={search_term_string}"},"query-input":{"@type":"PropertyValueSpecification","valueRequired":true,"valueName":"search_term_string"}}],"inLanguage":"es"},{"@type":"Person","@id":"https:\/\/www.noticiasradioreflejos.com.ar\/2021\/#\/schema\/person\/ad82545263dcc5ec0996818884fd5fb1","name":"Arnaldo Botto","image":{"@type":"ImageObject","inLanguage":"es","@id":"https:\/\/www.noticiasradioreflejos.com.ar\/2021\/#\/schema\/person\/image\/","url":"https:\/\/secure.gravatar.com\/avatar\/55cb5e37c1efa326397366e6974cb338056df65cb50e7d64d1cf314e87504837?s=96&d=mm&r=g","contentUrl":"https:\/\/secure.gravatar.com\/avatar\/55cb5e37c1efa326397366e6974cb338056df65cb50e7d64d1cf314e87504837?s=96&d=mm&r=g","caption":"Arnaldo Botto"},"url":"https:\/\/www.noticiasradioreflejos.com.ar\/2021\/author\/arnaldo\/"}]}},"_links":{"self":[{"href":"https:\/\/www.noticiasradioreflejos.com.ar\/2021\/wp-json\/wp\/v2\/posts\/83028","targetHints":{"allow":["GET"]}}],"collection":[{"href":"https:\/\/www.noticiasradioreflejos.com.ar\/2021\/wp-json\/wp\/v2\/posts"}],"about":[{"href":"https:\/\/www.noticiasradioreflejos.com.ar\/2021\/wp-json\/wp\/v2\/types\/post"}],"author":[{"embeddable":true,"href":"https:\/\/www.noticiasradioreflejos.com.ar\/2021\/wp-json\/wp\/v2\/users\/3"}],"replies":[{"embeddable":true,"href":"https:\/\/www.noticiasradioreflejos.com.ar\/2021\/wp-json\/wp\/v2\/comments?post=83028"}],"version-history":[{"count":2,"href":"https:\/\/www.noticiasradioreflejos.com.ar\/2021\/wp-json\/wp\/v2\/posts\/83028\/revisions"}],"predecessor-version":[{"id":83031,"href":"https:\/\/www.noticiasradioreflejos.com.ar\/2021\/wp-json\/wp\/v2\/posts\/83028\/revisions\/83031"}],"wp:attachment":[{"href":"https:\/\/www.noticiasradioreflejos.com.ar\/2021\/wp-json\/wp\/v2\/media?parent=83028"}],"wp:term":[{"taxonomy":"category","embeddable":true,"href":"https:\/\/www.noticiasradioreflejos.com.ar\/2021\/wp-json\/wp\/v2\/categories?post=83028"},{"taxonomy":"post_tag","embeddable":true,"href":"https:\/\/www.noticiasradioreflejos.com.ar\/2021\/wp-json\/wp\/v2\/tags?post=83028"}],"curies":[{"name":"wp","href":"https:\/\/api.w.org\/{rel}","templated":true}]}}