{"id":82728,"date":"2023-01-16T19:48:56","date_gmt":"2023-01-16T19:48:56","guid":{"rendered":"https:\/\/www.noticiasradioreflejos.com.ar\/2021\/?p=82728"},"modified":"2023-01-16T19:48:56","modified_gmt":"2023-01-16T19:48:56","slug":"la-supercopa-internacional-el-primer-titulo-del-ano-que-se-disputaran-boca-y-racing-en-abu-dhabi","status":"publish","type":"post","link":"https:\/\/www.noticiasradioreflejos.com.ar\/2021\/la-supercopa-internacional-el-primer-titulo-del-ano-que-se-disputaran-boca-y-racing-en-abu-dhabi\/","title":{"rendered":"La Supercopa Internacional: el primer t\u00edtulo del a\u00f1o que se disputar\u00e1n Boca y Racing en Abu Dhabi"},"content":{"rendered":"<p>La pol\u00e9mica Supercopa Internacional ser\u00e1 el primer t\u00edtulo de 2023 que disputar\u00e1n en Abu Dhabi el pr\u00f3ximo viernes Boca Juniors, campe\u00f3n del torneo de la Liga Profesional 2022, y Racing Club, ganador del Trofeo de Campeones.<!--more--><\/p>\n<p>Luego de la hist\u00f3rica conquista de la Selecci\u00f3n nacional en el Mundial de Qatar, el f\u00fatbol argentino se reanudar\u00e1 con la disputa de un cuestionado trofeo en Emiratos \u00c1rabes.<\/p>\n<p>Los dos planteles arribaron a Abu Dhabi en un vuelo ch\u00e1rter compartido que despeg\u00f3 el domingo por la tarde desde Ezeiza y les demand\u00f3 m\u00e1s de 20 horas de viaje, con una escala de una hora en la ciudad de Madrid, seg\u00fan inform\u00f3 la cuenta oficial de Racing en Twitter.<\/p>\n<p>El nuevo choque entre Boca y Racing ser\u00e1 el viernes 20 de enero, a las 12.30 de Argentina, en el estadio Hazza Bin Zayed, ubicado a unos 150 kil\u00f3metros (una hora y media de auto) de Abu Dhabi.<\/p>\n<p>El \u00e1rbitro ser\u00e1 el mundialista Fernando Rapallini, quien estar\u00e1 asistido por Juan Pablo Belatti y Diego Bonf\u00e1.<\/p>\n<p>El equipo arbitral se completar\u00e1 con Pablo Echavarr\u00eda y Gabriel Chade como cuarto y quinto, respectivamente, mientras que a cargo del VAR estar\u00e1n H\u00e9ctor Paletta junto a Fernando Espinoza y Pablo D\u00f3valo.<\/p>\n<p>Esta final forma parte de un acuerdo comercial y deportivo que firmaron la AFA y Consejo de Deportes de Abu Dhabi (ADSC) en junio del a\u00f1o pasado.<\/p>\n<p>El contrato, que incluye la disputa de la Supercopa Argentina por los pr\u00f3ximos cuatro a\u00f1os, empez\u00f3 a regir en noviembre del a\u00f1o pasado con la preparaci\u00f3n del seleccionado argentino previo al Mundial de Qatar y el amistoso ante el combinado local, dirigido por el argentino Rodolfo \u00abVasco\u00bb Arruabarrena.<\/p>\n<p>No obstante, el primer t\u00edtulo oficial de 2023 para el f\u00fatbol campe\u00f3n del mundo arrastra una cuestionada decisi\u00f3n ya que la Supercopa Argentina, el trofeo que se reedit\u00f3 en 2012, es disputada por los campeones del torneo y de la Copa Argentina, conquistada en 2022 por Patronato de Paran\u00e1.<\/p>\n<p>El pasado 29 de diciembre, la AFA confirm\u00f3 en un comunicado que los protagonistas de la final en Emiratos \u00c1rabes iban a ser Boca Juniors, campe\u00f3n del torneo de la Liga Profesional 2022, y Racing Club, ganador del Trofeo de Campeones.<\/p>\n<p>La entidad presidida por Claudio Tapia no explic\u00f3 el motivo del desplazamiento de Patronato de la definici\u00f3n pero V\u00edctor Blanco, titular de la \u00abAcademia\u00bb, indic\u00f3 que se trat\u00f3 de una decisi\u00f3n comercial.<\/p>\n<p>Para la Liga Profesional, en tanto, el criterio utilizado fue que Racing gan\u00f3 el Trofeo de Campeones y Boca fue el segundo equipo que logr\u00f3 m\u00e1s puntos en la tabla anual de 2022 justamente por debajo de su rival.<\/p>\n<p>De esta manera, el club de Avellaneda ir\u00e1 por su t\u00edtulo oficial n\u00famero 39 y el segundo de los \u00faltimos meses, sin haber sido campe\u00f3n de ninguna de las competencias nacionales de 2022.<\/p>\n<p>El equipo dirigido por Fernando Gago fue el subcampe\u00f3n del \u00faltimo torneo de la LPF y el equipo que m\u00e1s puntos sum\u00f3 en el a\u00f1o. Sin embargo, para acceder a la final del Trofeo de Campeones tuvo que superar a Tigre (subcampe\u00f3n de la Copa de la Liga) en un repechaje.<\/p>\n<p>La final del pr\u00f3ximo viernes tambi\u00e9n tendr\u00e1 el condimento del \u00faltimo antecedente, con la emocionante definici\u00f3n del pasado 6 de noviembre en San Luis, cuando la \u00abAcademia\u00bb se qued\u00f3 con el t\u00edtulo tras el gol decisivo de Carlos Alcaraz en el minuto 117 para poner el partido 2-1.<\/p>\n<p>El festejo del joven recientemente transferido a la Premier League desat\u00f3 una pelea entre los dos planteles que gener\u00f3 un festival de expulsiones por parte del \u00e1rbitro Facundo Tello, quien dej\u00f3 a Boca con seis jugadores y sin la posibilidad de continuar el encuentro.<\/p>\n<p>De aqu\u00ed surge la segunda pol\u00e9mica en torno a esta Supercopa Internacional, ya que la AFA habilit\u00f3 a los diez protagonistas que fueron expulsados por Tello en La Pedrera.<\/p>\n<p>Por el lado de Boca estar\u00e1n Frank Fabra, Luis Adv\u00edncula, Alan Varela, Sebasti\u00e1n Villa, Diego Gonz\u00e1lez y el DT Hugo Ibarra sin contar a Carlos Zambrano, quien ya no pertenece al club.<\/p>\n<p>Del otro lado tambi\u00e9n podr\u00e1n jugar Jonathan Galv\u00e1n y Carlos Carbonero, mientras que el mencionado Alcaraz ya est\u00e1 en Inglaterra.<\/p>\n<p>Los suspendidos deber\u00e1n cumplir las sanciones en el torneo que comenzar\u00e1 el pr\u00f3ximo 27 de enero pero no est\u00e1 claro qu\u00e9 pasar\u00e1 si hay alg\u00fan expulsado en Al Ain.<\/p>\n<p>Las entradas para el partido del pr\u00f3ximo viernes ya se pusieron a la venta y hay seis categor\u00edas distintas: 7 d\u00f3lares, 28, 42, 56, 70 y 98 las m\u00e1s caras.<\/p>\n<p>Desde el Consejo de Deportes de Abu Dhabi promocionan el partido a trav\u00e9s de los canales oficiales pero en los medios locales todav\u00eda no se hicieron eco de la final.<\/p>\n<p>\u00abEl pa\u00eds de la plata es en realidad una &#8216;Mina de Oro'\u00bb, publicaron en la cuenta oficial (@AbuDhabiSC) que tambi\u00e9n realiz\u00f3 distintas placas para recordar a los anteriores campeones de la Supercopa, como Arsenal de Sarand\u00ed en 2012 y River, de la \u00faltima edici\u00f3n en 2019.<\/p>\n<p>Por fuera de las pol\u00e9micas, la Supercopa Internacional o la Supercopa Al Ain ser\u00e1 el primer t\u00edtulo en juego del f\u00fatbol argentino campe\u00f3n del mundo, y tanto Boca como Racing pondr\u00e1n lo mejor para sumar una nueva estrella.<\/p><\/div>\n","protected":false},"excerpt":{"rendered":"<p>La pol\u00e9mica Supercopa Internacional ser\u00e1 el primer t\u00edtulo de 2023 que disputar\u00e1n en Abu Dhabi el pr\u00f3ximo viernes Boca Juniors, campe\u00f3n del torneo de la Liga Profesional 2022, y Racing Club, ganador del Trofeo de Campeones.<\/p>\n","protected":false},"author":3,"featured_media":0,"comment_status":"closed","ping_status":"closed","sticky":false,"template":"","format":"standard","meta":{"footnotes":""},"categories":[27],"tags":[],"class_list":["post-82728","post","type-post","status-publish","format-standard","hentry","category-deportes"],"yoast_head":"<!-- This site is optimized with the Yoast SEO plugin v25.9 - https:\/\/yoast.com\/wordpress\/plugins\/seo\/ -->\n<title>La Supercopa Internacional: el primer t\u00edtulo del a\u00f1o que se disputar\u00e1n Boca y Racing en Abu Dhabi - Noticias Radio Reflejos<\/title>\n<meta name=\"robots\" content=\"index, follow, max-snippet:-1, max-image-preview:large, max-video-preview:-1\" \/>\n<link rel=\"canonical\" href=\"https:\/\/www.noticiasradioreflejos.com.ar\/2021\/la-supercopa-internacional-el-primer-titulo-del-ano-que-se-disputaran-boca-y-racing-en-abu-dhabi\/\" \/>\n<meta property=\"og:locale\" content=\"es_ES\" \/>\n<meta property=\"og:type\" content=\"article\" \/>\n<meta property=\"og:title\" content=\"La Supercopa Internacional: el primer t\u00edtulo del a\u00f1o que se disputar\u00e1n Boca y Racing en Abu Dhabi - Noticias Radio Reflejos\" \/>\n<meta property=\"og:description\" content=\"La pol\u00e9mica Supercopa Internacional ser\u00e1 el primer t\u00edtulo de 2023 que disputar\u00e1n en Abu Dhabi el pr\u00f3ximo viernes Boca Juniors, campe\u00f3n del torneo de la Liga Profesional 2022, y Racing Club, ganador del Trofeo de Campeones.\" \/>\n<meta property=\"og:url\" content=\"https:\/\/www.noticiasradioreflejos.com.ar\/2021\/la-supercopa-internacional-el-primer-titulo-del-ano-que-se-disputaran-boca-y-racing-en-abu-dhabi\/\" \/>\n<meta property=\"og:site_name\" content=\"Noticias Radio Reflejos\" \/>\n<meta property=\"article:published_time\" content=\"2023-01-16T19:48:56+00:00\" \/>\n<meta property=\"og:image\" content=\"https:\/\/www.noticiasradioreflejos.com.ar\/2021\/wp-content\/uploads\/2021\/07\/logosol300x200.png\" \/>\n\t<meta property=\"og:image:width\" content=\"300\" \/>\n\t<meta property=\"og:image:height\" content=\"200\" \/>\n\t<meta property=\"og:image:type\" content=\"image\/png\" \/>\n<meta name=\"author\" content=\"Arnaldo Botto\" \/>\n<meta name=\"twitter:card\" content=\"summary_large_image\" \/>\n<script type=\"application\/ld+json\" class=\"yoast-schema-graph\">{\"@context\":\"https:\/\/schema.org\",\"@graph\":[{\"@type\":\"WebPage\",\"@id\":\"https:\/\/www.noticiasradioreflejos.com.ar\/2021\/la-supercopa-internacional-el-primer-titulo-del-ano-que-se-disputaran-boca-y-racing-en-abu-dhabi\/\",\"url\":\"https:\/\/www.noticiasradioreflejos.com.ar\/2021\/la-supercopa-internacional-el-primer-titulo-del-ano-que-se-disputaran-boca-y-racing-en-abu-dhabi\/\",\"name\":\"La Supercopa Internacional: el primer t\u00edtulo del a\u00f1o que se disputar\u00e1n Boca y Racing en Abu Dhabi - Noticias Radio Reflejos\",\"isPartOf\":{\"@id\":\"https:\/\/www.noticiasradioreflejos.com.ar\/2021\/#website\"},\"datePublished\":\"2023-01-16T19:48:56+00:00\",\"author\":{\"@id\":\"https:\/\/www.noticiasradioreflejos.com.ar\/2021\/#\/schema\/person\/ad82545263dcc5ec0996818884fd5fb1\"},\"breadcrumb\":{\"@id\":\"https:\/\/www.noticiasradioreflejos.com.ar\/2021\/la-supercopa-internacional-el-primer-titulo-del-ano-que-se-disputaran-boca-y-racing-en-abu-dhabi\/#breadcrumb\"},\"inLanguage\":\"es\",\"potentialAction\":[{\"@type\":\"ReadAction\",\"target\":[\"https:\/\/www.noticiasradioreflejos.com.ar\/2021\/la-supercopa-internacional-el-primer-titulo-del-ano-que-se-disputaran-boca-y-racing-en-abu-dhabi\/\"]}]},{\"@type\":\"BreadcrumbList\",\"@id\":\"https:\/\/www.noticiasradioreflejos.com.ar\/2021\/la-supercopa-internacional-el-primer-titulo-del-ano-que-se-disputaran-boca-y-racing-en-abu-dhabi\/#breadcrumb\",\"itemListElement\":[{\"@type\":\"ListItem\",\"position\":1,\"name\":\"Portada\",\"item\":\"https:\/\/www.noticiasradioreflejos.com.ar\/2021\/\"},{\"@type\":\"ListItem\",\"position\":2,\"name\":\"La Supercopa Internacional: el primer t\u00edtulo del a\u00f1o que se disputar\u00e1n Boca y Racing en Abu Dhabi\"}]},{\"@type\":\"WebSite\",\"@id\":\"https:\/\/www.noticiasradioreflejos.com.ar\/2021\/#website\",\"url\":\"https:\/\/www.noticiasradioreflejos.com.ar\/2021\/\",\"name\":\"Noticias Radio Reflejos\",\"description\":\"Las noticias de mi comarca\",\"potentialAction\":[{\"@type\":\"SearchAction\",\"target\":{\"@type\":\"EntryPoint\",\"urlTemplate\":\"https:\/\/www.noticiasradioreflejos.com.ar\/2021\/?s={search_term_string}\"},\"query-input\":{\"@type\":\"PropertyValueSpecification\",\"valueRequired\":true,\"valueName\":\"search_term_string\"}}],\"inLanguage\":\"es\"},{\"@type\":\"Person\",\"@id\":\"https:\/\/www.noticiasradioreflejos.com.ar\/2021\/#\/schema\/person\/ad82545263dcc5ec0996818884fd5fb1\",\"name\":\"Arnaldo Botto\",\"image\":{\"@type\":\"ImageObject\",\"inLanguage\":\"es\",\"@id\":\"https:\/\/www.noticiasradioreflejos.com.ar\/2021\/#\/schema\/person\/image\/\",\"url\":\"https:\/\/secure.gravatar.com\/avatar\/55cb5e37c1efa326397366e6974cb338056df65cb50e7d64d1cf314e87504837?s=96&d=mm&r=g\",\"contentUrl\":\"https:\/\/secure.gravatar.com\/avatar\/55cb5e37c1efa326397366e6974cb338056df65cb50e7d64d1cf314e87504837?s=96&d=mm&r=g\",\"caption\":\"Arnaldo Botto\"},\"url\":\"https:\/\/www.noticiasradioreflejos.com.ar\/2021\/author\/arnaldo\/\"}]}<\/script>\n<!-- \/ Yoast SEO plugin. -->","yoast_head_json":{"title":"La Supercopa Internacional: el primer t\u00edtulo del a\u00f1o que se disputar\u00e1n Boca y Racing en Abu Dhabi - Noticias Radio Reflejos","robots":{"index":"index","follow":"follow","max-snippet":"max-snippet:-1","max-image-preview":"max-image-preview:large","max-video-preview":"max-video-preview:-1"},"canonical":"https:\/\/www.noticiasradioreflejos.com.ar\/2021\/la-supercopa-internacional-el-primer-titulo-del-ano-que-se-disputaran-boca-y-racing-en-abu-dhabi\/","og_locale":"es_ES","og_type":"article","og_title":"La Supercopa Internacional: el primer t\u00edtulo del a\u00f1o que se disputar\u00e1n Boca y Racing en Abu Dhabi - Noticias Radio Reflejos","og_description":"La pol\u00e9mica Supercopa Internacional ser\u00e1 el primer t\u00edtulo de 2023 que disputar\u00e1n en Abu Dhabi el pr\u00f3ximo viernes Boca Juniors, campe\u00f3n del torneo de la Liga Profesional 2022, y Racing Club, ganador del Trofeo de Campeones.","og_url":"https:\/\/www.noticiasradioreflejos.com.ar\/2021\/la-supercopa-internacional-el-primer-titulo-del-ano-que-se-disputaran-boca-y-racing-en-abu-dhabi\/","og_site_name":"Noticias Radio Reflejos","article_published_time":"2023-01-16T19:48:56+00:00","og_image":[{"width":300,"height":200,"url":"https:\/\/www.noticiasradioreflejos.com.ar\/2021\/wp-content\/uploads\/2021\/07\/logosol300x200.png","type":"image\/png"}],"author":"Arnaldo Botto","twitter_card":"summary_large_image","schema":{"@context":"https:\/\/schema.org","@graph":[{"@type":"WebPage","@id":"https:\/\/www.noticiasradioreflejos.com.ar\/2021\/la-supercopa-internacional-el-primer-titulo-del-ano-que-se-disputaran-boca-y-racing-en-abu-dhabi\/","url":"https:\/\/www.noticiasradioreflejos.com.ar\/2021\/la-supercopa-internacional-el-primer-titulo-del-ano-que-se-disputaran-boca-y-racing-en-abu-dhabi\/","name":"La Supercopa Internacional: el primer t\u00edtulo del a\u00f1o que se disputar\u00e1n Boca y Racing en Abu Dhabi - Noticias Radio Reflejos","isPartOf":{"@id":"https:\/\/www.noticiasradioreflejos.com.ar\/2021\/#website"},"datePublished":"2023-01-16T19:48:56+00:00","author":{"@id":"https:\/\/www.noticiasradioreflejos.com.ar\/2021\/#\/schema\/person\/ad82545263dcc5ec0996818884fd5fb1"},"breadcrumb":{"@id":"https:\/\/www.noticiasradioreflejos.com.ar\/2021\/la-supercopa-internacional-el-primer-titulo-del-ano-que-se-disputaran-boca-y-racing-en-abu-dhabi\/#breadcrumb"},"inLanguage":"es","potentialAction":[{"@type":"ReadAction","target":["https:\/\/www.noticiasradioreflejos.com.ar\/2021\/la-supercopa-internacional-el-primer-titulo-del-ano-que-se-disputaran-boca-y-racing-en-abu-dhabi\/"]}]},{"@type":"BreadcrumbList","@id":"https:\/\/www.noticiasradioreflejos.com.ar\/2021\/la-supercopa-internacional-el-primer-titulo-del-ano-que-se-disputaran-boca-y-racing-en-abu-dhabi\/#breadcrumb","itemListElement":[{"@type":"ListItem","position":1,"name":"Portada","item":"https:\/\/www.noticiasradioreflejos.com.ar\/2021\/"},{"@type":"ListItem","position":2,"name":"La Supercopa Internacional: el primer t\u00edtulo del a\u00f1o que se disputar\u00e1n Boca y Racing en Abu Dhabi"}]},{"@type":"WebSite","@id":"https:\/\/www.noticiasradioreflejos.com.ar\/2021\/#website","url":"https:\/\/www.noticiasradioreflejos.com.ar\/2021\/","name":"Noticias Radio Reflejos","description":"Las noticias de mi comarca","potentialAction":[{"@type":"SearchAction","target":{"@type":"EntryPoint","urlTemplate":"https:\/\/www.noticiasradioreflejos.com.ar\/2021\/?s={search_term_string}"},"query-input":{"@type":"PropertyValueSpecification","valueRequired":true,"valueName":"search_term_string"}}],"inLanguage":"es"},{"@type":"Person","@id":"https:\/\/www.noticiasradioreflejos.com.ar\/2021\/#\/schema\/person\/ad82545263dcc5ec0996818884fd5fb1","name":"Arnaldo Botto","image":{"@type":"ImageObject","inLanguage":"es","@id":"https:\/\/www.noticiasradioreflejos.com.ar\/2021\/#\/schema\/person\/image\/","url":"https:\/\/secure.gravatar.com\/avatar\/55cb5e37c1efa326397366e6974cb338056df65cb50e7d64d1cf314e87504837?s=96&d=mm&r=g","contentUrl":"https:\/\/secure.gravatar.com\/avatar\/55cb5e37c1efa326397366e6974cb338056df65cb50e7d64d1cf314e87504837?s=96&d=mm&r=g","caption":"Arnaldo Botto"},"url":"https:\/\/www.noticiasradioreflejos.com.ar\/2021\/author\/arnaldo\/"}]}},"_links":{"self":[{"href":"https:\/\/www.noticiasradioreflejos.com.ar\/2021\/wp-json\/wp\/v2\/posts\/82728","targetHints":{"allow":["GET"]}}],"collection":[{"href":"https:\/\/www.noticiasradioreflejos.com.ar\/2021\/wp-json\/wp\/v2\/posts"}],"about":[{"href":"https:\/\/www.noticiasradioreflejos.com.ar\/2021\/wp-json\/wp\/v2\/types\/post"}],"author":[{"embeddable":true,"href":"https:\/\/www.noticiasradioreflejos.com.ar\/2021\/wp-json\/wp\/v2\/users\/3"}],"replies":[{"embeddable":true,"href":"https:\/\/www.noticiasradioreflejos.com.ar\/2021\/wp-json\/wp\/v2\/comments?post=82728"}],"version-history":[{"count":1,"href":"https:\/\/www.noticiasradioreflejos.com.ar\/2021\/wp-json\/wp\/v2\/posts\/82728\/revisions"}],"predecessor-version":[{"id":82730,"href":"https:\/\/www.noticiasradioreflejos.com.ar\/2021\/wp-json\/wp\/v2\/posts\/82728\/revisions\/82730"}],"wp:attachment":[{"href":"https:\/\/www.noticiasradioreflejos.com.ar\/2021\/wp-json\/wp\/v2\/media?parent=82728"}],"wp:term":[{"taxonomy":"category","embeddable":true,"href":"https:\/\/www.noticiasradioreflejos.com.ar\/2021\/wp-json\/wp\/v2\/categories?post=82728"},{"taxonomy":"post_tag","embeddable":true,"href":"https:\/\/www.noticiasradioreflejos.com.ar\/2021\/wp-json\/wp\/v2\/tags?post=82728"}],"curies":[{"name":"wp","href":"https:\/\/api.w.org\/{rel}","templated":true}]}}