{"id":82717,"date":"2023-01-16T20:53:32","date_gmt":"2023-01-16T20:53:32","guid":{"rendered":"https:\/\/www.noticiasradioreflejos.com.ar\/2021\/?p=82717"},"modified":"2023-01-16T20:53:32","modified_gmt":"2023-01-16T20:53:32","slug":"un-chef-internacional-se-instalo-en-tres-lomas-y-no-descarta-mudarse-a-sierra","status":"publish","type":"post","link":"https:\/\/www.noticiasradioreflejos.com.ar\/2021\/un-chef-internacional-se-instalo-en-tres-lomas-y-no-descarta-mudarse-a-sierra\/","title":{"rendered":"Un chef internacional se instal\u00f3 en Tres Lomas y no descarta mudarse a Sierra"},"content":{"rendered":"<p>El italiano<strong> Luca Soraci<\/strong> est\u00e1 buscando un terreno en la comarca. No descarta en un par de a\u00f1os mudarse a Sierra y comenzar un nuevo emprendimiento ac\u00e1. Una historia de pel\u00edcula.<!--more--><\/p>\n<p>Las vueltas de la vida hicieron que el chef italiano Luca Soraci visite los estudios de FM Reflejos. En una charla sumamente distendida coment\u00f3 qu\u00e9 lo trajo a la comarca y sus planes para un futuro cercano.<\/p>\n<p>Arrancando la entrevista, aclar\u00f3 que \u201cnos gustar\u00eda con mi se\u00f1ora conseguir un terreno, hacer una caba\u00f1a. Hace cuatro a\u00f1os que venimos de vacaciones a Sierra de la Ventana. Quiz\u00e1s el d\u00eda de ma\u00f1ana, cuando los chicos terminen de estudiar, por ah\u00ed mudarnos ac\u00e1. A la m\u00e1s chica le quedan tres a\u00f1os de secundario. Qui\u00e9n te dice. Ser\u00eda un sue\u00f1o. Ser\u00eda espectacular\u201d.<\/p>\n<p>Comentando sobre sus or\u00edgenes, Luca afirm\u00f3 que \u201cnac\u00ed en G\u00e9nova. Me cri\u00e9 en un pueblo muy parecido a este. Por eso cuando vinimos de vacaciones la primera vez, me qued\u00e9 asombrado. Le dec\u00eda a mi se\u00f1ora c\u00f3mo se parece a mi pueblo\u201d.<\/p>\n<p>Y en esa l\u00ednea reconoci\u00f3 que \u201ccuando me puse de novio con mi se\u00f1ora le dije, el d\u00eda de ma\u00f1ana quiero conocer Argentina. Pasaron los a\u00f1os, tuvimos familia, crecieron los chicos, y lleg\u00f3 un momento que me acobard\u00f3 demasiado la burocracia que hay en Italia\u201d.<\/p>\n<p>Sobre ese punto destac\u00f3 que \u201ctuve un restopub 15 a\u00f1os, que all\u00e1 es much\u00edsimo. Aguantar tanto es un r\u00e9cord. Hasta el intendente me premi\u00f3 por los a\u00f1os de antig\u00fcedad. Cuando empezas a sacar los n\u00fameros, te das cuenta que trabajas los siete d\u00edas, 20 horas, con responsabilidades de empleados y al final de cuentas ganas menos que un empleado tuyo\u201d.<\/p>\n<p>Fue por eso que \u201cme vine a la Argentina y me instale en un pueblo del interior, cerca de Trenque Lauquen, que se llama Tres Lomas. Est\u00e1 creciendo much\u00edsimo. Para empezar nos instalamos ah\u00ed. No pude conseguir un local que me agradara en una buena ubicaci\u00f3n. Entonces hablando con mis suegros que tambi\u00e9n se vinieron, me dieron como idea una rotiser\u00eda. Y ah\u00ed empezamos, alquilando un local chiquito\u201d.<\/p>\n<p>En ese lugar \u201cdurante cuatro a\u00f1os trabajamos muy duro, haciendo tambi\u00e9n pastas frescas. Durante dos a\u00f1os no dorm\u00edamos a la noche. Lo juro. Me tiraba en el piso de la cocina una hora. Ten\u00edamos tres hornallas de una anafe con garrafa y un horno el\u00e9ctrica de 50 por 50\u201d.<\/p>\n<p>En otro pasaje de la charla admiti\u00f3 que \u201ccuando empezamos a cerrar los domingos porque mi se\u00f1ora quer\u00eda estar un poco m\u00e1s en la casa, se me ocurri\u00f3 de hacer prepizzas para supermercados, y ah\u00ed tambi\u00e9n naci\u00f3 otro emprendimiento. Ahora estamos en mil prepizzas por semana\u201d.<\/p>\n<p>&nbsp;<\/p>\n<p><iframe loading=\"lazy\" src=\"https:\/\/w.soundcloud.com\/player\/?url=https%3A\/\/api.soundcloud.com\/tracks\/1425555679&amp;color=%23ff5500&amp;auto_play=false&amp;hide_related=false&amp;show_comments=true&amp;show_user=true&amp;show_reposts=false&amp;show_teaser=true\" width=\"100%\" height=\"166\" frameborder=\"no\" scrolling=\"no\"><\/iframe><\/p>\n<div style=\"font-size: 10px; color: #cccccc; line-break: anywhere; word-break: normal; overflow: hidden; white-space: nowrap; text-overflow: ellipsis; font-family: Interstate,Lucida Grande,Lucida Sans Unicode,Lucida Sans,Garuda,Verdana,Tahoma,sans-serif; font-weight: 100;\"><a style=\"color: #cccccc; text-decoration: none;\" title=\"fmreflejos 103.7\" href=\"https:\/\/soundcloud.com\/fmreflejos-103-7\" target=\"_blank\" rel=\"noopener\">fmreflejos 103.7<\/a> \u00b7 <a style=\"color: #cccccc; text-decoration: none;\" title=\"Luca Soraci\" href=\"https:\/\/soundcloud.com\/fmreflejos-103-7\/luca-soraci\" target=\"_blank\" rel=\"noopener\">Luca Soraci<\/a><\/div>\n","protected":false},"excerpt":{"rendered":"<p>El italiano Luca Soraci est\u00e1 buscando un terreno en la comarca. No descarta en un par de a\u00f1os mudarse a Sierra y comenzar un nuevo emprendimiento ac\u00e1. Una historia de pel\u00edcula.<\/p>\n","protected":false},"author":3,"featured_media":82738,"comment_status":"closed","ping_status":"closed","sticky":false,"template":"","format":"standard","meta":{"footnotes":""},"categories":[26,33],"tags":[48],"class_list":["post-82717","post","type-post","status-publish","format-standard","has-post-thumbnail","hentry","category-sociedad","category-turismo","tag-destacada"],"yoast_head":"<!-- This site is optimized with the Yoast SEO plugin v25.9 - https:\/\/yoast.com\/wordpress\/plugins\/seo\/ -->\n<title>Un chef internacional se instal\u00f3 en Tres Lomas y no descarta mudarse a Sierra - Noticias Radio Reflejos<\/title>\n<meta name=\"robots\" content=\"index, follow, max-snippet:-1, max-image-preview:large, max-video-preview:-1\" \/>\n<link rel=\"canonical\" href=\"https:\/\/www.noticiasradioreflejos.com.ar\/2021\/un-chef-internacional-se-instalo-en-tres-lomas-y-no-descarta-mudarse-a-sierra\/\" \/>\n<meta property=\"og:locale\" content=\"es_ES\" \/>\n<meta property=\"og:type\" content=\"article\" \/>\n<meta property=\"og:title\" content=\"Un chef internacional se instal\u00f3 en Tres Lomas y no descarta mudarse a Sierra - Noticias Radio Reflejos\" \/>\n<meta property=\"og:description\" content=\"El italiano Luca Soraci est\u00e1 buscando un terreno en la comarca. No descarta en un par de a\u00f1os mudarse a Sierra y comenzar un nuevo emprendimiento ac\u00e1. Una historia de pel\u00edcula.\" \/>\n<meta property=\"og:url\" content=\"https:\/\/www.noticiasradioreflejos.com.ar\/2021\/un-chef-internacional-se-instalo-en-tres-lomas-y-no-descarta-mudarse-a-sierra\/\" \/>\n<meta property=\"og:site_name\" content=\"Noticias Radio Reflejos\" \/>\n<meta property=\"article:published_time\" content=\"2023-01-16T20:53:32+00:00\" \/>\n<meta property=\"og:image\" content=\"https:\/\/www.noticiasradioreflejos.com.ar\/2021\/wp-content\/uploads\/2023\/01\/Luca-Soraci.jpeg\" \/>\n\t<meta property=\"og:image:width\" content=\"1600\" \/>\n\t<meta property=\"og:image:height\" content=\"900\" \/>\n\t<meta property=\"og:image:type\" content=\"image\/jpeg\" \/>\n<meta name=\"author\" content=\"Arnaldo Botto\" \/>\n<meta name=\"twitter:card\" content=\"summary_large_image\" \/>\n<script type=\"application\/ld+json\" class=\"yoast-schema-graph\">{\"@context\":\"https:\/\/schema.org\",\"@graph\":[{\"@type\":\"WebPage\",\"@id\":\"https:\/\/www.noticiasradioreflejos.com.ar\/2021\/un-chef-internacional-se-instalo-en-tres-lomas-y-no-descarta-mudarse-a-sierra\/\",\"url\":\"https:\/\/www.noticiasradioreflejos.com.ar\/2021\/un-chef-internacional-se-instalo-en-tres-lomas-y-no-descarta-mudarse-a-sierra\/\",\"name\":\"Un chef internacional se instal\u00f3 en Tres Lomas y no descarta mudarse a Sierra - Noticias Radio Reflejos\",\"isPartOf\":{\"@id\":\"https:\/\/www.noticiasradioreflejos.com.ar\/2021\/#website\"},\"primaryImageOfPage\":{\"@id\":\"https:\/\/www.noticiasradioreflejos.com.ar\/2021\/un-chef-internacional-se-instalo-en-tres-lomas-y-no-descarta-mudarse-a-sierra\/#primaryimage\"},\"image\":{\"@id\":\"https:\/\/www.noticiasradioreflejos.com.ar\/2021\/un-chef-internacional-se-instalo-en-tres-lomas-y-no-descarta-mudarse-a-sierra\/#primaryimage\"},\"thumbnailUrl\":\"https:\/\/www.noticiasradioreflejos.com.ar\/2021\/wp-content\/uploads\/2023\/01\/Luca-Soraci.jpeg\",\"datePublished\":\"2023-01-16T20:53:32+00:00\",\"author\":{\"@id\":\"https:\/\/www.noticiasradioreflejos.com.ar\/2021\/#\/schema\/person\/ad82545263dcc5ec0996818884fd5fb1\"},\"breadcrumb\":{\"@id\":\"https:\/\/www.noticiasradioreflejos.com.ar\/2021\/un-chef-internacional-se-instalo-en-tres-lomas-y-no-descarta-mudarse-a-sierra\/#breadcrumb\"},\"inLanguage\":\"es\",\"potentialAction\":[{\"@type\":\"ReadAction\",\"target\":[\"https:\/\/www.noticiasradioreflejos.com.ar\/2021\/un-chef-internacional-se-instalo-en-tres-lomas-y-no-descarta-mudarse-a-sierra\/\"]}]},{\"@type\":\"ImageObject\",\"inLanguage\":\"es\",\"@id\":\"https:\/\/www.noticiasradioreflejos.com.ar\/2021\/un-chef-internacional-se-instalo-en-tres-lomas-y-no-descarta-mudarse-a-sierra\/#primaryimage\",\"url\":\"https:\/\/www.noticiasradioreflejos.com.ar\/2021\/wp-content\/uploads\/2023\/01\/Luca-Soraci.jpeg\",\"contentUrl\":\"https:\/\/www.noticiasradioreflejos.com.ar\/2021\/wp-content\/uploads\/2023\/01\/Luca-Soraci.jpeg\",\"width\":1600,\"height\":900},{\"@type\":\"BreadcrumbList\",\"@id\":\"https:\/\/www.noticiasradioreflejos.com.ar\/2021\/un-chef-internacional-se-instalo-en-tres-lomas-y-no-descarta-mudarse-a-sierra\/#breadcrumb\",\"itemListElement\":[{\"@type\":\"ListItem\",\"position\":1,\"name\":\"Portada\",\"item\":\"https:\/\/www.noticiasradioreflejos.com.ar\/2021\/\"},{\"@type\":\"ListItem\",\"position\":2,\"name\":\"Un chef internacional se instal\u00f3 en Tres Lomas y no descarta mudarse a Sierra\"}]},{\"@type\":\"WebSite\",\"@id\":\"https:\/\/www.noticiasradioreflejos.com.ar\/2021\/#website\",\"url\":\"https:\/\/www.noticiasradioreflejos.com.ar\/2021\/\",\"name\":\"Noticias Radio Reflejos\",\"description\":\"Las noticias de mi comarca\",\"potentialAction\":[{\"@type\":\"SearchAction\",\"target\":{\"@type\":\"EntryPoint\",\"urlTemplate\":\"https:\/\/www.noticiasradioreflejos.com.ar\/2021\/?s={search_term_string}\"},\"query-input\":{\"@type\":\"PropertyValueSpecification\",\"valueRequired\":true,\"valueName\":\"search_term_string\"}}],\"inLanguage\":\"es\"},{\"@type\":\"Person\",\"@id\":\"https:\/\/www.noticiasradioreflejos.com.ar\/2021\/#\/schema\/person\/ad82545263dcc5ec0996818884fd5fb1\",\"name\":\"Arnaldo Botto\",\"image\":{\"@type\":\"ImageObject\",\"inLanguage\":\"es\",\"@id\":\"https:\/\/www.noticiasradioreflejos.com.ar\/2021\/#\/schema\/person\/image\/\",\"url\":\"https:\/\/secure.gravatar.com\/avatar\/55cb5e37c1efa326397366e6974cb338056df65cb50e7d64d1cf314e87504837?s=96&d=mm&r=g\",\"contentUrl\":\"https:\/\/secure.gravatar.com\/avatar\/55cb5e37c1efa326397366e6974cb338056df65cb50e7d64d1cf314e87504837?s=96&d=mm&r=g\",\"caption\":\"Arnaldo Botto\"},\"url\":\"https:\/\/www.noticiasradioreflejos.com.ar\/2021\/author\/arnaldo\/\"}]}<\/script>\n<!-- \/ Yoast SEO plugin. -->","yoast_head_json":{"title":"Un chef internacional se instal\u00f3 en Tres Lomas y no descarta mudarse a Sierra - Noticias Radio Reflejos","robots":{"index":"index","follow":"follow","max-snippet":"max-snippet:-1","max-image-preview":"max-image-preview:large","max-video-preview":"max-video-preview:-1"},"canonical":"https:\/\/www.noticiasradioreflejos.com.ar\/2021\/un-chef-internacional-se-instalo-en-tres-lomas-y-no-descarta-mudarse-a-sierra\/","og_locale":"es_ES","og_type":"article","og_title":"Un chef internacional se instal\u00f3 en Tres Lomas y no descarta mudarse a Sierra - Noticias Radio Reflejos","og_description":"El italiano Luca Soraci est\u00e1 buscando un terreno en la comarca. No descarta en un par de a\u00f1os mudarse a Sierra y comenzar un nuevo emprendimiento ac\u00e1. Una historia de pel\u00edcula.","og_url":"https:\/\/www.noticiasradioreflejos.com.ar\/2021\/un-chef-internacional-se-instalo-en-tres-lomas-y-no-descarta-mudarse-a-sierra\/","og_site_name":"Noticias Radio Reflejos","article_published_time":"2023-01-16T20:53:32+00:00","og_image":[{"width":1600,"height":900,"url":"https:\/\/www.noticiasradioreflejos.com.ar\/2021\/wp-content\/uploads\/2023\/01\/Luca-Soraci.jpeg","type":"image\/jpeg"}],"author":"Arnaldo Botto","twitter_card":"summary_large_image","schema":{"@context":"https:\/\/schema.org","@graph":[{"@type":"WebPage","@id":"https:\/\/www.noticiasradioreflejos.com.ar\/2021\/un-chef-internacional-se-instalo-en-tres-lomas-y-no-descarta-mudarse-a-sierra\/","url":"https:\/\/www.noticiasradioreflejos.com.ar\/2021\/un-chef-internacional-se-instalo-en-tres-lomas-y-no-descarta-mudarse-a-sierra\/","name":"Un chef internacional se instal\u00f3 en Tres Lomas y no descarta mudarse a Sierra - Noticias Radio Reflejos","isPartOf":{"@id":"https:\/\/www.noticiasradioreflejos.com.ar\/2021\/#website"},"primaryImageOfPage":{"@id":"https:\/\/www.noticiasradioreflejos.com.ar\/2021\/un-chef-internacional-se-instalo-en-tres-lomas-y-no-descarta-mudarse-a-sierra\/#primaryimage"},"image":{"@id":"https:\/\/www.noticiasradioreflejos.com.ar\/2021\/un-chef-internacional-se-instalo-en-tres-lomas-y-no-descarta-mudarse-a-sierra\/#primaryimage"},"thumbnailUrl":"https:\/\/www.noticiasradioreflejos.com.ar\/2021\/wp-content\/uploads\/2023\/01\/Luca-Soraci.jpeg","datePublished":"2023-01-16T20:53:32+00:00","author":{"@id":"https:\/\/www.noticiasradioreflejos.com.ar\/2021\/#\/schema\/person\/ad82545263dcc5ec0996818884fd5fb1"},"breadcrumb":{"@id":"https:\/\/www.noticiasradioreflejos.com.ar\/2021\/un-chef-internacional-se-instalo-en-tres-lomas-y-no-descarta-mudarse-a-sierra\/#breadcrumb"},"inLanguage":"es","potentialAction":[{"@type":"ReadAction","target":["https:\/\/www.noticiasradioreflejos.com.ar\/2021\/un-chef-internacional-se-instalo-en-tres-lomas-y-no-descarta-mudarse-a-sierra\/"]}]},{"@type":"ImageObject","inLanguage":"es","@id":"https:\/\/www.noticiasradioreflejos.com.ar\/2021\/un-chef-internacional-se-instalo-en-tres-lomas-y-no-descarta-mudarse-a-sierra\/#primaryimage","url":"https:\/\/www.noticiasradioreflejos.com.ar\/2021\/wp-content\/uploads\/2023\/01\/Luca-Soraci.jpeg","contentUrl":"https:\/\/www.noticiasradioreflejos.com.ar\/2021\/wp-content\/uploads\/2023\/01\/Luca-Soraci.jpeg","width":1600,"height":900},{"@type":"BreadcrumbList","@id":"https:\/\/www.noticiasradioreflejos.com.ar\/2021\/un-chef-internacional-se-instalo-en-tres-lomas-y-no-descarta-mudarse-a-sierra\/#breadcrumb","itemListElement":[{"@type":"ListItem","position":1,"name":"Portada","item":"https:\/\/www.noticiasradioreflejos.com.ar\/2021\/"},{"@type":"ListItem","position":2,"name":"Un chef internacional se instal\u00f3 en Tres Lomas y no descarta mudarse a Sierra"}]},{"@type":"WebSite","@id":"https:\/\/www.noticiasradioreflejos.com.ar\/2021\/#website","url":"https:\/\/www.noticiasradioreflejos.com.ar\/2021\/","name":"Noticias Radio Reflejos","description":"Las noticias de mi comarca","potentialAction":[{"@type":"SearchAction","target":{"@type":"EntryPoint","urlTemplate":"https:\/\/www.noticiasradioreflejos.com.ar\/2021\/?s={search_term_string}"},"query-input":{"@type":"PropertyValueSpecification","valueRequired":true,"valueName":"search_term_string"}}],"inLanguage":"es"},{"@type":"Person","@id":"https:\/\/www.noticiasradioreflejos.com.ar\/2021\/#\/schema\/person\/ad82545263dcc5ec0996818884fd5fb1","name":"Arnaldo Botto","image":{"@type":"ImageObject","inLanguage":"es","@id":"https:\/\/www.noticiasradioreflejos.com.ar\/2021\/#\/schema\/person\/image\/","url":"https:\/\/secure.gravatar.com\/avatar\/55cb5e37c1efa326397366e6974cb338056df65cb50e7d64d1cf314e87504837?s=96&d=mm&r=g","contentUrl":"https:\/\/secure.gravatar.com\/avatar\/55cb5e37c1efa326397366e6974cb338056df65cb50e7d64d1cf314e87504837?s=96&d=mm&r=g","caption":"Arnaldo Botto"},"url":"https:\/\/www.noticiasradioreflejos.com.ar\/2021\/author\/arnaldo\/"}]}},"_links":{"self":[{"href":"https:\/\/www.noticiasradioreflejos.com.ar\/2021\/wp-json\/wp\/v2\/posts\/82717","targetHints":{"allow":["GET"]}}],"collection":[{"href":"https:\/\/www.noticiasradioreflejos.com.ar\/2021\/wp-json\/wp\/v2\/posts"}],"about":[{"href":"https:\/\/www.noticiasradioreflejos.com.ar\/2021\/wp-json\/wp\/v2\/types\/post"}],"author":[{"embeddable":true,"href":"https:\/\/www.noticiasradioreflejos.com.ar\/2021\/wp-json\/wp\/v2\/users\/3"}],"replies":[{"embeddable":true,"href":"https:\/\/www.noticiasradioreflejos.com.ar\/2021\/wp-json\/wp\/v2\/comments?post=82717"}],"version-history":[{"count":2,"href":"https:\/\/www.noticiasradioreflejos.com.ar\/2021\/wp-json\/wp\/v2\/posts\/82717\/revisions"}],"predecessor-version":[{"id":82736,"href":"https:\/\/www.noticiasradioreflejos.com.ar\/2021\/wp-json\/wp\/v2\/posts\/82717\/revisions\/82736"}],"wp:featuredmedia":[{"embeddable":true,"href":"https:\/\/www.noticiasradioreflejos.com.ar\/2021\/wp-json\/wp\/v2\/media\/82738"}],"wp:attachment":[{"href":"https:\/\/www.noticiasradioreflejos.com.ar\/2021\/wp-json\/wp\/v2\/media?parent=82717"}],"wp:term":[{"taxonomy":"category","embeddable":true,"href":"https:\/\/www.noticiasradioreflejos.com.ar\/2021\/wp-json\/wp\/v2\/categories?post=82717"},{"taxonomy":"post_tag","embeddable":true,"href":"https:\/\/www.noticiasradioreflejos.com.ar\/2021\/wp-json\/wp\/v2\/tags?post=82717"}],"curies":[{"name":"wp","href":"https:\/\/api.w.org\/{rel}","templated":true}]}}