{"id":82578,"date":"2023-01-12T13:43:35","date_gmt":"2023-01-12T13:43:35","guid":{"rendered":"https:\/\/www.noticiasradioreflejos.com.ar\/2021\/?p=82578"},"modified":"2023-01-12T13:43:35","modified_gmt":"2023-01-12T13:43:35","slug":"reforestaran-zonas-degradadas-de-los-bosques-andinos-de-rio-negro-con-plantas-nativas","status":"publish","type":"post","link":"https:\/\/www.noticiasradioreflejos.com.ar\/2021\/reforestaran-zonas-degradadas-de-los-bosques-andinos-de-rio-negro-con-plantas-nativas\/","title":{"rendered":"Reforestar\u00e1n zonas degradadas de los bosques andinos de R\u00edo Negro con plantas nativas"},"content":{"rendered":"<p>La Subsecretar\u00eda de Recursos Forestales de R\u00edo Negro rubric\u00f3 un convenio de cooperaci\u00f3n con la organizaci\u00f3n civil Circuito Verde para reforestar bosques nativos degradados en la zona andina de la provincia con \u00e1rboles de \u00ab\u00d1ire, Cipr\u00e9s, y Lenga\u00bb.<!--more--><\/p>\n<p>(Telam) &#8211; \u00abLa intenci\u00f3n es reforestar con \u00e1rboles de Lenga desde los 700 metros hacia arriba; con \u00e1rboles de Cipr\u00e9s desde los 300 a los 700 metros y desde los 300 metros para abajo con \u00e1rboles de la especia \u00d1ire\u00bb, precis\u00f3 a T\u00e9lam el subsecretario Fernando Arbat.<\/p>\n<p>La estrategia del gobierno rionegrino consiste en \u00abcompensaciones\u00bb, ya que cada vez que se otorgan permisos para extraer plantas de alg\u00fan predio por construcci\u00f3n o da\u00f1o, \u00abse obliga al productor local a reponerlo con plantas nativas\u00bb.<\/p>\n<p>El funcionario explic\u00f3 que \u00abcon las compensaciones queremos que el productor o los productores que sacan un \u00e1rbol y deben compensarlo, lo compren en los viveros locales\u00bb.<\/p>\n<p>De esta forma, seg\u00fan remarc\u00f3, se est\u00e1 generando demanda \u00abpara que los viveros empiecen a producir plantas nativas\u00bb.<\/p>\n<p>\u00abPrimero nos aseguramos un buen banco de semillas, segundo la producci\u00f3n en el vivero y tambi\u00e9n invitar a los viveros privados a que empiecen a producir plantas nativas para los vecinos que inician a construir viviendas en sus terrenos\u00bb, afirm\u00f3.<\/p>\n<p>Seg\u00fan se inform\u00f3, el vivero del Gobierno Provincial en Mall\u00edn es el \u00fanico que produce plantas nativas y actualmente cuenta con un stock de m\u00e1s de 80.000 plantas destinadas a la reforestaci\u00f3n de determinadas zonas de la regi\u00f3n andina que fueron da\u00f1adas por diferentes circunstancias.<\/p>\n<p>El funcionario puso como ejemplo, la zona de Cuesta del Ternero cerca del Bols\u00f3n donde se quemaron ocho mil hect\u00e1reas en 2021.<\/p>\n<p>\u00abCon Circuito Verde, aunamos esfuerzos para la reforestaci\u00f3n o el arbolado en zonas \u00e1ridas como el Alto de Bariloche\u00bb, indic\u00f3 el funcionario y agreg\u00f3 \u00abeso implica la recolecci\u00f3n de semillas, la limpieza de lugares y nuestra contraparte de entregar plantas del vivero\u00bb.<\/p>\n<p>Seg\u00fan la informaci\u00f3n oficial, Circuito Verde es una asociaci\u00f3n civil que naci\u00f3 hace seis a\u00f1os y cuenta con m\u00e1s de 30 voluntarios distribuidos en diversos programas con la finalidad de mejorar los sistemas ambientales.<\/p><\/div>\n","protected":false},"excerpt":{"rendered":"<p>La Subsecretar\u00eda de Recursos Forestales de R\u00edo Negro rubric\u00f3 un convenio de cooperaci\u00f3n con la organizaci\u00f3n civil Circuito Verde para reforestar bosques nativos degradados en la zona andina de la provincia con \u00e1rboles de \u00ab\u00d1ire, Cipr\u00e9s, y Lenga\u00bb.<\/p>\n","protected":false},"author":3,"featured_media":0,"comment_status":"closed","ping_status":"closed","sticky":false,"template":"","format":"standard","meta":{"footnotes":""},"categories":[46],"tags":[],"class_list":["post-82578","post","type-post","status-publish","format-standard","hentry","category-ciencia-y-tecnologia"],"yoast_head":"<!-- This site is optimized with the Yoast SEO plugin v25.9 - https:\/\/yoast.com\/wordpress\/plugins\/seo\/ -->\n<title>Reforestar\u00e1n zonas degradadas de los bosques andinos de R\u00edo Negro con plantas nativas - Noticias Radio Reflejos<\/title>\n<meta name=\"robots\" content=\"index, follow, max-snippet:-1, max-image-preview:large, max-video-preview:-1\" \/>\n<link rel=\"canonical\" href=\"https:\/\/www.noticiasradioreflejos.com.ar\/2021\/reforestaran-zonas-degradadas-de-los-bosques-andinos-de-rio-negro-con-plantas-nativas\/\" \/>\n<meta property=\"og:locale\" content=\"es_ES\" \/>\n<meta property=\"og:type\" content=\"article\" \/>\n<meta property=\"og:title\" content=\"Reforestar\u00e1n zonas degradadas de los bosques andinos de R\u00edo Negro con plantas nativas - Noticias Radio Reflejos\" \/>\n<meta property=\"og:description\" content=\"La Subsecretar\u00eda de Recursos Forestales de R\u00edo Negro rubric\u00f3 un convenio de cooperaci\u00f3n con la organizaci\u00f3n civil Circuito Verde para reforestar bosques nativos degradados en la zona andina de la provincia con \u00e1rboles de \u00ab\u00d1ire, Cipr\u00e9s, y Lenga\u00bb.\" \/>\n<meta property=\"og:url\" content=\"https:\/\/www.noticiasradioreflejos.com.ar\/2021\/reforestaran-zonas-degradadas-de-los-bosques-andinos-de-rio-negro-con-plantas-nativas\/\" \/>\n<meta property=\"og:site_name\" content=\"Noticias Radio Reflejos\" \/>\n<meta property=\"article:published_time\" content=\"2023-01-12T13:43:35+00:00\" \/>\n<meta property=\"og:image\" content=\"https:\/\/www.noticiasradioreflejos.com.ar\/2021\/wp-content\/uploads\/2021\/07\/logosol300x200.png\" \/>\n\t<meta property=\"og:image:width\" content=\"300\" \/>\n\t<meta property=\"og:image:height\" content=\"200\" \/>\n\t<meta property=\"og:image:type\" content=\"image\/png\" \/>\n<meta name=\"author\" content=\"Arnaldo Botto\" \/>\n<meta name=\"twitter:card\" content=\"summary_large_image\" \/>\n<script type=\"application\/ld+json\" class=\"yoast-schema-graph\">{\"@context\":\"https:\/\/schema.org\",\"@graph\":[{\"@type\":\"WebPage\",\"@id\":\"https:\/\/www.noticiasradioreflejos.com.ar\/2021\/reforestaran-zonas-degradadas-de-los-bosques-andinos-de-rio-negro-con-plantas-nativas\/\",\"url\":\"https:\/\/www.noticiasradioreflejos.com.ar\/2021\/reforestaran-zonas-degradadas-de-los-bosques-andinos-de-rio-negro-con-plantas-nativas\/\",\"name\":\"Reforestar\u00e1n zonas degradadas de los bosques andinos de R\u00edo Negro con plantas nativas - Noticias Radio Reflejos\",\"isPartOf\":{\"@id\":\"https:\/\/www.noticiasradioreflejos.com.ar\/2021\/#website\"},\"datePublished\":\"2023-01-12T13:43:35+00:00\",\"author\":{\"@id\":\"https:\/\/www.noticiasradioreflejos.com.ar\/2021\/#\/schema\/person\/ad82545263dcc5ec0996818884fd5fb1\"},\"breadcrumb\":{\"@id\":\"https:\/\/www.noticiasradioreflejos.com.ar\/2021\/reforestaran-zonas-degradadas-de-los-bosques-andinos-de-rio-negro-con-plantas-nativas\/#breadcrumb\"},\"inLanguage\":\"es\",\"potentialAction\":[{\"@type\":\"ReadAction\",\"target\":[\"https:\/\/www.noticiasradioreflejos.com.ar\/2021\/reforestaran-zonas-degradadas-de-los-bosques-andinos-de-rio-negro-con-plantas-nativas\/\"]}]},{\"@type\":\"BreadcrumbList\",\"@id\":\"https:\/\/www.noticiasradioreflejos.com.ar\/2021\/reforestaran-zonas-degradadas-de-los-bosques-andinos-de-rio-negro-con-plantas-nativas\/#breadcrumb\",\"itemListElement\":[{\"@type\":\"ListItem\",\"position\":1,\"name\":\"Portada\",\"item\":\"https:\/\/www.noticiasradioreflejos.com.ar\/2021\/\"},{\"@type\":\"ListItem\",\"position\":2,\"name\":\"Reforestar\u00e1n zonas degradadas de los bosques andinos de R\u00edo Negro con plantas nativas\"}]},{\"@type\":\"WebSite\",\"@id\":\"https:\/\/www.noticiasradioreflejos.com.ar\/2021\/#website\",\"url\":\"https:\/\/www.noticiasradioreflejos.com.ar\/2021\/\",\"name\":\"Noticias Radio Reflejos\",\"description\":\"Las noticias de mi comarca\",\"potentialAction\":[{\"@type\":\"SearchAction\",\"target\":{\"@type\":\"EntryPoint\",\"urlTemplate\":\"https:\/\/www.noticiasradioreflejos.com.ar\/2021\/?s={search_term_string}\"},\"query-input\":{\"@type\":\"PropertyValueSpecification\",\"valueRequired\":true,\"valueName\":\"search_term_string\"}}],\"inLanguage\":\"es\"},{\"@type\":\"Person\",\"@id\":\"https:\/\/www.noticiasradioreflejos.com.ar\/2021\/#\/schema\/person\/ad82545263dcc5ec0996818884fd5fb1\",\"name\":\"Arnaldo Botto\",\"image\":{\"@type\":\"ImageObject\",\"inLanguage\":\"es\",\"@id\":\"https:\/\/www.noticiasradioreflejos.com.ar\/2021\/#\/schema\/person\/image\/\",\"url\":\"https:\/\/secure.gravatar.com\/avatar\/55cb5e37c1efa326397366e6974cb338056df65cb50e7d64d1cf314e87504837?s=96&d=mm&r=g\",\"contentUrl\":\"https:\/\/secure.gravatar.com\/avatar\/55cb5e37c1efa326397366e6974cb338056df65cb50e7d64d1cf314e87504837?s=96&d=mm&r=g\",\"caption\":\"Arnaldo Botto\"},\"url\":\"https:\/\/www.noticiasradioreflejos.com.ar\/2021\/author\/arnaldo\/\"}]}<\/script>\n<!-- \/ Yoast SEO plugin. -->","yoast_head_json":{"title":"Reforestar\u00e1n zonas degradadas de los bosques andinos de R\u00edo Negro con plantas nativas - Noticias Radio Reflejos","robots":{"index":"index","follow":"follow","max-snippet":"max-snippet:-1","max-image-preview":"max-image-preview:large","max-video-preview":"max-video-preview:-1"},"canonical":"https:\/\/www.noticiasradioreflejos.com.ar\/2021\/reforestaran-zonas-degradadas-de-los-bosques-andinos-de-rio-negro-con-plantas-nativas\/","og_locale":"es_ES","og_type":"article","og_title":"Reforestar\u00e1n zonas degradadas de los bosques andinos de R\u00edo Negro con plantas nativas - Noticias Radio Reflejos","og_description":"La Subsecretar\u00eda de Recursos Forestales de R\u00edo Negro rubric\u00f3 un convenio de cooperaci\u00f3n con la organizaci\u00f3n civil Circuito Verde para reforestar bosques nativos degradados en la zona andina de la provincia con \u00e1rboles de \u00ab\u00d1ire, Cipr\u00e9s, y Lenga\u00bb.","og_url":"https:\/\/www.noticiasradioreflejos.com.ar\/2021\/reforestaran-zonas-degradadas-de-los-bosques-andinos-de-rio-negro-con-plantas-nativas\/","og_site_name":"Noticias Radio Reflejos","article_published_time":"2023-01-12T13:43:35+00:00","og_image":[{"width":300,"height":200,"url":"https:\/\/www.noticiasradioreflejos.com.ar\/2021\/wp-content\/uploads\/2021\/07\/logosol300x200.png","type":"image\/png"}],"author":"Arnaldo Botto","twitter_card":"summary_large_image","schema":{"@context":"https:\/\/schema.org","@graph":[{"@type":"WebPage","@id":"https:\/\/www.noticiasradioreflejos.com.ar\/2021\/reforestaran-zonas-degradadas-de-los-bosques-andinos-de-rio-negro-con-plantas-nativas\/","url":"https:\/\/www.noticiasradioreflejos.com.ar\/2021\/reforestaran-zonas-degradadas-de-los-bosques-andinos-de-rio-negro-con-plantas-nativas\/","name":"Reforestar\u00e1n zonas degradadas de los bosques andinos de R\u00edo Negro con plantas nativas - Noticias Radio Reflejos","isPartOf":{"@id":"https:\/\/www.noticiasradioreflejos.com.ar\/2021\/#website"},"datePublished":"2023-01-12T13:43:35+00:00","author":{"@id":"https:\/\/www.noticiasradioreflejos.com.ar\/2021\/#\/schema\/person\/ad82545263dcc5ec0996818884fd5fb1"},"breadcrumb":{"@id":"https:\/\/www.noticiasradioreflejos.com.ar\/2021\/reforestaran-zonas-degradadas-de-los-bosques-andinos-de-rio-negro-con-plantas-nativas\/#breadcrumb"},"inLanguage":"es","potentialAction":[{"@type":"ReadAction","target":["https:\/\/www.noticiasradioreflejos.com.ar\/2021\/reforestaran-zonas-degradadas-de-los-bosques-andinos-de-rio-negro-con-plantas-nativas\/"]}]},{"@type":"BreadcrumbList","@id":"https:\/\/www.noticiasradioreflejos.com.ar\/2021\/reforestaran-zonas-degradadas-de-los-bosques-andinos-de-rio-negro-con-plantas-nativas\/#breadcrumb","itemListElement":[{"@type":"ListItem","position":1,"name":"Portada","item":"https:\/\/www.noticiasradioreflejos.com.ar\/2021\/"},{"@type":"ListItem","position":2,"name":"Reforestar\u00e1n zonas degradadas de los bosques andinos de R\u00edo Negro con plantas nativas"}]},{"@type":"WebSite","@id":"https:\/\/www.noticiasradioreflejos.com.ar\/2021\/#website","url":"https:\/\/www.noticiasradioreflejos.com.ar\/2021\/","name":"Noticias Radio Reflejos","description":"Las noticias de mi comarca","potentialAction":[{"@type":"SearchAction","target":{"@type":"EntryPoint","urlTemplate":"https:\/\/www.noticiasradioreflejos.com.ar\/2021\/?s={search_term_string}"},"query-input":{"@type":"PropertyValueSpecification","valueRequired":true,"valueName":"search_term_string"}}],"inLanguage":"es"},{"@type":"Person","@id":"https:\/\/www.noticiasradioreflejos.com.ar\/2021\/#\/schema\/person\/ad82545263dcc5ec0996818884fd5fb1","name":"Arnaldo Botto","image":{"@type":"ImageObject","inLanguage":"es","@id":"https:\/\/www.noticiasradioreflejos.com.ar\/2021\/#\/schema\/person\/image\/","url":"https:\/\/secure.gravatar.com\/avatar\/55cb5e37c1efa326397366e6974cb338056df65cb50e7d64d1cf314e87504837?s=96&d=mm&r=g","contentUrl":"https:\/\/secure.gravatar.com\/avatar\/55cb5e37c1efa326397366e6974cb338056df65cb50e7d64d1cf314e87504837?s=96&d=mm&r=g","caption":"Arnaldo Botto"},"url":"https:\/\/www.noticiasradioreflejos.com.ar\/2021\/author\/arnaldo\/"}]}},"_links":{"self":[{"href":"https:\/\/www.noticiasradioreflejos.com.ar\/2021\/wp-json\/wp\/v2\/posts\/82578","targetHints":{"allow":["GET"]}}],"collection":[{"href":"https:\/\/www.noticiasradioreflejos.com.ar\/2021\/wp-json\/wp\/v2\/posts"}],"about":[{"href":"https:\/\/www.noticiasradioreflejos.com.ar\/2021\/wp-json\/wp\/v2\/types\/post"}],"author":[{"embeddable":true,"href":"https:\/\/www.noticiasradioreflejos.com.ar\/2021\/wp-json\/wp\/v2\/users\/3"}],"replies":[{"embeddable":true,"href":"https:\/\/www.noticiasradioreflejos.com.ar\/2021\/wp-json\/wp\/v2\/comments?post=82578"}],"version-history":[{"count":1,"href":"https:\/\/www.noticiasradioreflejos.com.ar\/2021\/wp-json\/wp\/v2\/posts\/82578\/revisions"}],"predecessor-version":[{"id":82580,"href":"https:\/\/www.noticiasradioreflejos.com.ar\/2021\/wp-json\/wp\/v2\/posts\/82578\/revisions\/82580"}],"wp:attachment":[{"href":"https:\/\/www.noticiasradioreflejos.com.ar\/2021\/wp-json\/wp\/v2\/media?parent=82578"}],"wp:term":[{"taxonomy":"category","embeddable":true,"href":"https:\/\/www.noticiasradioreflejos.com.ar\/2021\/wp-json\/wp\/v2\/categories?post=82578"},{"taxonomy":"post_tag","embeddable":true,"href":"https:\/\/www.noticiasradioreflejos.com.ar\/2021\/wp-json\/wp\/v2\/tags?post=82578"}],"curies":[{"name":"wp","href":"https:\/\/api.w.org\/{rel}","templated":true}]}}