{"id":82553,"date":"2023-01-11T17:14:24","date_gmt":"2023-01-11T17:14:24","guid":{"rendered":"https:\/\/www.noticiasradioreflejos.com.ar\/2021\/?p=82553"},"modified":"2023-01-11T17:14:24","modified_gmt":"2023-01-11T17:14:24","slug":"comienza-la-nueva-inscripcion-al-programa-bacrea","status":"publish","type":"post","link":"https:\/\/www.noticiasradioreflejos.com.ar\/2021\/comienza-la-nueva-inscripcion-al-programa-bacrea\/","title":{"rendered":"Comienza la nueva inscripci\u00f3n al programa #BACREA"},"content":{"rendered":"<p>Se abre nuevamente la inscripci\u00f3n a Buenos Aires CREA, el programa de cr\u00e9ditos accesibles destinado a quienes quieran realizar\u00a0<strong>reformas, refacciones o ampliaciones en el hogar<\/strong>.<!--more--><\/p>\n<p>Te recordamos que\u00a0<strong>la cuota no supera el 25% del ingreso mensual<\/strong>\u00a0y que la devoluci\u00f3n es entre 3 y 6 a\u00f1os. Ten\u00e9s tiempo para inscribirte hasta el\u00a0<strong>pr\u00f3ximo 6 de febrero<\/strong>.<\/p>\n<p>Si ya te anotaste al cuarto sorteo y tu solicitud fue aprobada, no hace falta volver a hacerlo.<\/p>\n<p>Para m\u00e1s informaci\u00f3n sobre los requisitos de inscripci\u00f3n y las caracter\u00edsticas del programa, hac\u00e9 click en el siguiente bot\u00f3n:<a id=\"m_305236722146888603963790839\" href=\"https:\/\/nts.embluemail.com\/p\/cl?data=t2NXMHE9KggvaBjSJi2hq0oMmJ06bDbiYr1ZGITCH9%2Beic8bxswINqe6K6u87OJJ4xOfJBh430Cj3wwsc8ZMMKj4k8r4Wr5ushrmmET7yvY%3D!-!5c6ho67!-!https%3A%2F%2Fbuenosairescrea.gba.gob.ar%3Futm_source=emBlue%26utm_medium=email%26utm_campaign=2023+COMUNICACI%C3%93N+P%C3%9ABLICA%26utm_content=Nueva+Inscripci%C3%B3n+BACREA+-+11%2F1--Comienza+la+nueva+inscripci%C3%B3n+al+programa+%23BACREA%26utm_term=11082022+Activos--7--none--80-90--ENVIO+SIMPLE\" target=\"_blank\" rel=\"noopener\" data-saferedirecturl=\"https:\/\/www.google.com\/url?q=https:\/\/nts.embluemail.com\/p\/cl?data%3Dt2NXMHE9KggvaBjSJi2hq0oMmJ06bDbiYr1ZGITCH9%252Beic8bxswINqe6K6u87OJJ4xOfJBh430Cj3wwsc8ZMMKj4k8r4Wr5ushrmmET7yvY%253D!-!5c6ho67!-!https%253A%252F%252Fbuenosairescrea.gba.gob.ar%253Futm_source%3DemBlue%2526utm_medium%3Demail%2526utm_campaign%3D2023%2BCOMUNICACI%25C3%2593N%2BP%25C3%259ABLICA%2526utm_content%3DNueva%2BInscripci%25C3%25B3n%2BBACREA%2B-%2B11%252F1--Comienza%2Bla%2Bnueva%2Binscripci%25C3%25B3n%2Bal%2Bprograma%2B%2523BACREA%2526utm_term%3D11082022%2BActivos--7--none--80-90--ENVIO%2BSIMPLE&amp;source=gmail&amp;ust=1673543243628000&amp;usg=AOvVaw2D5IqwoWC5_6S-UPoEcYGo\"><img loading=\"lazy\" decoding=\"async\" class=\"CToWUd\" src=\"https:\/\/ci3.googleusercontent.com\/proxy\/I293aTsOHdTKrxXCntkdOqjFP6BLlyqn3zjwXjgagx3iOfcy4yUzJ79fBHscuvccM9VM3VdHx9iGKoG1Z2F3YL-0gPkCxRY4ybwvkNs9zsqA5EljlhdtCmw4RxAfUTjxMe33cAcO=s0-d-e1-ft#https:\/\/fs.comunicacionpublica.gba.gob.ar\/cdn\/imagenes\/c20221012_quierosabermas.png\" alt=\"\" width=\"203\" height=\"60\" data-bit=\"iit\" \/><\/a><\/p>\n<p>&nbsp;<\/p>\n","protected":false},"excerpt":{"rendered":"<p>Se abre nuevamente la inscripci\u00f3n a Buenos Aires CREA, el programa de cr\u00e9ditos accesibles destinado a quienes quieran realizar\u00a0reformas, refacciones o ampliaciones en el hogar.<\/p>\n","protected":false},"author":3,"featured_media":0,"comment_status":"closed","ping_status":"closed","sticky":false,"template":"","format":"standard","meta":{"footnotes":""},"categories":[36,58],"tags":[],"class_list":["post-82553","post","type-post","status-publish","format-standard","hentry","category-economia","category-gobierno"],"yoast_head":"<!-- This site is optimized with the Yoast SEO plugin v25.9 - https:\/\/yoast.com\/wordpress\/plugins\/seo\/ -->\n<title>Comienza la nueva inscripci\u00f3n al programa #BACREA - Noticias Radio Reflejos<\/title>\n<meta name=\"robots\" content=\"index, follow, max-snippet:-1, max-image-preview:large, max-video-preview:-1\" \/>\n<link rel=\"canonical\" href=\"https:\/\/www.noticiasradioreflejos.com.ar\/2021\/comienza-la-nueva-inscripcion-al-programa-bacrea\/\" \/>\n<meta property=\"og:locale\" content=\"es_ES\" \/>\n<meta property=\"og:type\" content=\"article\" \/>\n<meta property=\"og:title\" content=\"Comienza la nueva inscripci\u00f3n al programa #BACREA - Noticias Radio Reflejos\" \/>\n<meta property=\"og:description\" content=\"Se abre nuevamente la inscripci\u00f3n a Buenos Aires CREA, el programa de cr\u00e9ditos accesibles destinado a quienes quieran realizar\u00a0reformas, refacciones o ampliaciones en el hogar.\" \/>\n<meta property=\"og:url\" content=\"https:\/\/www.noticiasradioreflejos.com.ar\/2021\/comienza-la-nueva-inscripcion-al-programa-bacrea\/\" \/>\n<meta property=\"og:site_name\" content=\"Noticias Radio Reflejos\" \/>\n<meta property=\"article:published_time\" content=\"2023-01-11T17:14:24+00:00\" \/>\n<meta property=\"og:image\" content=\"https:\/\/ci3.googleusercontent.com\/proxy\/I293aTsOHdTKrxXCntkdOqjFP6BLlyqn3zjwXjgagx3iOfcy4yUzJ79fBHscuvccM9VM3VdHx9iGKoG1Z2F3YL-0gPkCxRY4ybwvkNs9zsqA5EljlhdtCmw4RxAfUTjxMe33cAcO=s0-d-e1-ft#https:\/\/fs.comunicacionpublica.gba.gob.ar\/cdn\/imagenes\/c20221012_quierosabermas.png\" \/>\n<meta name=\"author\" content=\"Arnaldo Botto\" \/>\n<meta name=\"twitter:card\" content=\"summary_large_image\" \/>\n<script type=\"application\/ld+json\" class=\"yoast-schema-graph\">{\"@context\":\"https:\/\/schema.org\",\"@graph\":[{\"@type\":\"WebPage\",\"@id\":\"https:\/\/www.noticiasradioreflejos.com.ar\/2021\/comienza-la-nueva-inscripcion-al-programa-bacrea\/\",\"url\":\"https:\/\/www.noticiasradioreflejos.com.ar\/2021\/comienza-la-nueva-inscripcion-al-programa-bacrea\/\",\"name\":\"Comienza la nueva inscripci\u00f3n al programa #BACREA - Noticias Radio Reflejos\",\"isPartOf\":{\"@id\":\"https:\/\/www.noticiasradioreflejos.com.ar\/2021\/#website\"},\"primaryImageOfPage\":{\"@id\":\"https:\/\/www.noticiasradioreflejos.com.ar\/2021\/comienza-la-nueva-inscripcion-al-programa-bacrea\/#primaryimage\"},\"image\":{\"@id\":\"https:\/\/www.noticiasradioreflejos.com.ar\/2021\/comienza-la-nueva-inscripcion-al-programa-bacrea\/#primaryimage\"},\"thumbnailUrl\":\"https:\/\/ci3.googleusercontent.com\/proxy\/I293aTsOHdTKrxXCntkdOqjFP6BLlyqn3zjwXjgagx3iOfcy4yUzJ79fBHscuvccM9VM3VdHx9iGKoG1Z2F3YL-0gPkCxRY4ybwvkNs9zsqA5EljlhdtCmw4RxAfUTjxMe33cAcO=s0-d-e1-ft#https:\/\/fs.comunicacionpublica.gba.gob.ar\/cdn\/imagenes\/c20221012_quierosabermas.png\",\"datePublished\":\"2023-01-11T17:14:24+00:00\",\"author\":{\"@id\":\"https:\/\/www.noticiasradioreflejos.com.ar\/2021\/#\/schema\/person\/ad82545263dcc5ec0996818884fd5fb1\"},\"breadcrumb\":{\"@id\":\"https:\/\/www.noticiasradioreflejos.com.ar\/2021\/comienza-la-nueva-inscripcion-al-programa-bacrea\/#breadcrumb\"},\"inLanguage\":\"es\",\"potentialAction\":[{\"@type\":\"ReadAction\",\"target\":[\"https:\/\/www.noticiasradioreflejos.com.ar\/2021\/comienza-la-nueva-inscripcion-al-programa-bacrea\/\"]}]},{\"@type\":\"ImageObject\",\"inLanguage\":\"es\",\"@id\":\"https:\/\/www.noticiasradioreflejos.com.ar\/2021\/comienza-la-nueva-inscripcion-al-programa-bacrea\/#primaryimage\",\"url\":\"https:\/\/ci3.googleusercontent.com\/proxy\/I293aTsOHdTKrxXCntkdOqjFP6BLlyqn3zjwXjgagx3iOfcy4yUzJ79fBHscuvccM9VM3VdHx9iGKoG1Z2F3YL-0gPkCxRY4ybwvkNs9zsqA5EljlhdtCmw4RxAfUTjxMe33cAcO=s0-d-e1-ft#https:\/\/fs.comunicacionpublica.gba.gob.ar\/cdn\/imagenes\/c20221012_quierosabermas.png\",\"contentUrl\":\"https:\/\/ci3.googleusercontent.com\/proxy\/I293aTsOHdTKrxXCntkdOqjFP6BLlyqn3zjwXjgagx3iOfcy4yUzJ79fBHscuvccM9VM3VdHx9iGKoG1Z2F3YL-0gPkCxRY4ybwvkNs9zsqA5EljlhdtCmw4RxAfUTjxMe33cAcO=s0-d-e1-ft#https:\/\/fs.comunicacionpublica.gba.gob.ar\/cdn\/imagenes\/c20221012_quierosabermas.png\"},{\"@type\":\"BreadcrumbList\",\"@id\":\"https:\/\/www.noticiasradioreflejos.com.ar\/2021\/comienza-la-nueva-inscripcion-al-programa-bacrea\/#breadcrumb\",\"itemListElement\":[{\"@type\":\"ListItem\",\"position\":1,\"name\":\"Portada\",\"item\":\"https:\/\/www.noticiasradioreflejos.com.ar\/2021\/\"},{\"@type\":\"ListItem\",\"position\":2,\"name\":\"Comienza la nueva inscripci\u00f3n al programa #BACREA\"}]},{\"@type\":\"WebSite\",\"@id\":\"https:\/\/www.noticiasradioreflejos.com.ar\/2021\/#website\",\"url\":\"https:\/\/www.noticiasradioreflejos.com.ar\/2021\/\",\"name\":\"Noticias Radio Reflejos\",\"description\":\"Las noticias de mi comarca\",\"potentialAction\":[{\"@type\":\"SearchAction\",\"target\":{\"@type\":\"EntryPoint\",\"urlTemplate\":\"https:\/\/www.noticiasradioreflejos.com.ar\/2021\/?s={search_term_string}\"},\"query-input\":{\"@type\":\"PropertyValueSpecification\",\"valueRequired\":true,\"valueName\":\"search_term_string\"}}],\"inLanguage\":\"es\"},{\"@type\":\"Person\",\"@id\":\"https:\/\/www.noticiasradioreflejos.com.ar\/2021\/#\/schema\/person\/ad82545263dcc5ec0996818884fd5fb1\",\"name\":\"Arnaldo Botto\",\"image\":{\"@type\":\"ImageObject\",\"inLanguage\":\"es\",\"@id\":\"https:\/\/www.noticiasradioreflejos.com.ar\/2021\/#\/schema\/person\/image\/\",\"url\":\"https:\/\/secure.gravatar.com\/avatar\/55cb5e37c1efa326397366e6974cb338056df65cb50e7d64d1cf314e87504837?s=96&d=mm&r=g\",\"contentUrl\":\"https:\/\/secure.gravatar.com\/avatar\/55cb5e37c1efa326397366e6974cb338056df65cb50e7d64d1cf314e87504837?s=96&d=mm&r=g\",\"caption\":\"Arnaldo Botto\"},\"url\":\"https:\/\/www.noticiasradioreflejos.com.ar\/2021\/author\/arnaldo\/\"}]}<\/script>\n<!-- \/ Yoast SEO plugin. -->","yoast_head_json":{"title":"Comienza la nueva inscripci\u00f3n al programa #BACREA - Noticias Radio Reflejos","robots":{"index":"index","follow":"follow","max-snippet":"max-snippet:-1","max-image-preview":"max-image-preview:large","max-video-preview":"max-video-preview:-1"},"canonical":"https:\/\/www.noticiasradioreflejos.com.ar\/2021\/comienza-la-nueva-inscripcion-al-programa-bacrea\/","og_locale":"es_ES","og_type":"article","og_title":"Comienza la nueva inscripci\u00f3n al programa #BACREA - Noticias Radio Reflejos","og_description":"Se abre nuevamente la inscripci\u00f3n a Buenos Aires CREA, el programa de cr\u00e9ditos accesibles destinado a quienes quieran realizar\u00a0reformas, refacciones o ampliaciones en el hogar.","og_url":"https:\/\/www.noticiasradioreflejos.com.ar\/2021\/comienza-la-nueva-inscripcion-al-programa-bacrea\/","og_site_name":"Noticias Radio Reflejos","article_published_time":"2023-01-11T17:14:24+00:00","og_image":[{"url":"https:\/\/ci3.googleusercontent.com\/proxy\/I293aTsOHdTKrxXCntkdOqjFP6BLlyqn3zjwXjgagx3iOfcy4yUzJ79fBHscuvccM9VM3VdHx9iGKoG1Z2F3YL-0gPkCxRY4ybwvkNs9zsqA5EljlhdtCmw4RxAfUTjxMe33cAcO=s0-d-e1-ft#https:\/\/fs.comunicacionpublica.gba.gob.ar\/cdn\/imagenes\/c20221012_quierosabermas.png","type":"","width":"","height":""}],"author":"Arnaldo Botto","twitter_card":"summary_large_image","schema":{"@context":"https:\/\/schema.org","@graph":[{"@type":"WebPage","@id":"https:\/\/www.noticiasradioreflejos.com.ar\/2021\/comienza-la-nueva-inscripcion-al-programa-bacrea\/","url":"https:\/\/www.noticiasradioreflejos.com.ar\/2021\/comienza-la-nueva-inscripcion-al-programa-bacrea\/","name":"Comienza la nueva inscripci\u00f3n al programa #BACREA - Noticias Radio Reflejos","isPartOf":{"@id":"https:\/\/www.noticiasradioreflejos.com.ar\/2021\/#website"},"primaryImageOfPage":{"@id":"https:\/\/www.noticiasradioreflejos.com.ar\/2021\/comienza-la-nueva-inscripcion-al-programa-bacrea\/#primaryimage"},"image":{"@id":"https:\/\/www.noticiasradioreflejos.com.ar\/2021\/comienza-la-nueva-inscripcion-al-programa-bacrea\/#primaryimage"},"thumbnailUrl":"https:\/\/ci3.googleusercontent.com\/proxy\/I293aTsOHdTKrxXCntkdOqjFP6BLlyqn3zjwXjgagx3iOfcy4yUzJ79fBHscuvccM9VM3VdHx9iGKoG1Z2F3YL-0gPkCxRY4ybwvkNs9zsqA5EljlhdtCmw4RxAfUTjxMe33cAcO=s0-d-e1-ft#https:\/\/fs.comunicacionpublica.gba.gob.ar\/cdn\/imagenes\/c20221012_quierosabermas.png","datePublished":"2023-01-11T17:14:24+00:00","author":{"@id":"https:\/\/www.noticiasradioreflejos.com.ar\/2021\/#\/schema\/person\/ad82545263dcc5ec0996818884fd5fb1"},"breadcrumb":{"@id":"https:\/\/www.noticiasradioreflejos.com.ar\/2021\/comienza-la-nueva-inscripcion-al-programa-bacrea\/#breadcrumb"},"inLanguage":"es","potentialAction":[{"@type":"ReadAction","target":["https:\/\/www.noticiasradioreflejos.com.ar\/2021\/comienza-la-nueva-inscripcion-al-programa-bacrea\/"]}]},{"@type":"ImageObject","inLanguage":"es","@id":"https:\/\/www.noticiasradioreflejos.com.ar\/2021\/comienza-la-nueva-inscripcion-al-programa-bacrea\/#primaryimage","url":"https:\/\/ci3.googleusercontent.com\/proxy\/I293aTsOHdTKrxXCntkdOqjFP6BLlyqn3zjwXjgagx3iOfcy4yUzJ79fBHscuvccM9VM3VdHx9iGKoG1Z2F3YL-0gPkCxRY4ybwvkNs9zsqA5EljlhdtCmw4RxAfUTjxMe33cAcO=s0-d-e1-ft#https:\/\/fs.comunicacionpublica.gba.gob.ar\/cdn\/imagenes\/c20221012_quierosabermas.png","contentUrl":"https:\/\/ci3.googleusercontent.com\/proxy\/I293aTsOHdTKrxXCntkdOqjFP6BLlyqn3zjwXjgagx3iOfcy4yUzJ79fBHscuvccM9VM3VdHx9iGKoG1Z2F3YL-0gPkCxRY4ybwvkNs9zsqA5EljlhdtCmw4RxAfUTjxMe33cAcO=s0-d-e1-ft#https:\/\/fs.comunicacionpublica.gba.gob.ar\/cdn\/imagenes\/c20221012_quierosabermas.png"},{"@type":"BreadcrumbList","@id":"https:\/\/www.noticiasradioreflejos.com.ar\/2021\/comienza-la-nueva-inscripcion-al-programa-bacrea\/#breadcrumb","itemListElement":[{"@type":"ListItem","position":1,"name":"Portada","item":"https:\/\/www.noticiasradioreflejos.com.ar\/2021\/"},{"@type":"ListItem","position":2,"name":"Comienza la nueva inscripci\u00f3n al programa #BACREA"}]},{"@type":"WebSite","@id":"https:\/\/www.noticiasradioreflejos.com.ar\/2021\/#website","url":"https:\/\/www.noticiasradioreflejos.com.ar\/2021\/","name":"Noticias Radio Reflejos","description":"Las noticias de mi comarca","potentialAction":[{"@type":"SearchAction","target":{"@type":"EntryPoint","urlTemplate":"https:\/\/www.noticiasradioreflejos.com.ar\/2021\/?s={search_term_string}"},"query-input":{"@type":"PropertyValueSpecification","valueRequired":true,"valueName":"search_term_string"}}],"inLanguage":"es"},{"@type":"Person","@id":"https:\/\/www.noticiasradioreflejos.com.ar\/2021\/#\/schema\/person\/ad82545263dcc5ec0996818884fd5fb1","name":"Arnaldo Botto","image":{"@type":"ImageObject","inLanguage":"es","@id":"https:\/\/www.noticiasradioreflejos.com.ar\/2021\/#\/schema\/person\/image\/","url":"https:\/\/secure.gravatar.com\/avatar\/55cb5e37c1efa326397366e6974cb338056df65cb50e7d64d1cf314e87504837?s=96&d=mm&r=g","contentUrl":"https:\/\/secure.gravatar.com\/avatar\/55cb5e37c1efa326397366e6974cb338056df65cb50e7d64d1cf314e87504837?s=96&d=mm&r=g","caption":"Arnaldo Botto"},"url":"https:\/\/www.noticiasradioreflejos.com.ar\/2021\/author\/arnaldo\/"}]}},"_links":{"self":[{"href":"https:\/\/www.noticiasradioreflejos.com.ar\/2021\/wp-json\/wp\/v2\/posts\/82553","targetHints":{"allow":["GET"]}}],"collection":[{"href":"https:\/\/www.noticiasradioreflejos.com.ar\/2021\/wp-json\/wp\/v2\/posts"}],"about":[{"href":"https:\/\/www.noticiasradioreflejos.com.ar\/2021\/wp-json\/wp\/v2\/types\/post"}],"author":[{"embeddable":true,"href":"https:\/\/www.noticiasradioreflejos.com.ar\/2021\/wp-json\/wp\/v2\/users\/3"}],"replies":[{"embeddable":true,"href":"https:\/\/www.noticiasradioreflejos.com.ar\/2021\/wp-json\/wp\/v2\/comments?post=82553"}],"version-history":[{"count":1,"href":"https:\/\/www.noticiasradioreflejos.com.ar\/2021\/wp-json\/wp\/v2\/posts\/82553\/revisions"}],"predecessor-version":[{"id":82554,"href":"https:\/\/www.noticiasradioreflejos.com.ar\/2021\/wp-json\/wp\/v2\/posts\/82553\/revisions\/82554"}],"wp:attachment":[{"href":"https:\/\/www.noticiasradioreflejos.com.ar\/2021\/wp-json\/wp\/v2\/media?parent=82553"}],"wp:term":[{"taxonomy":"category","embeddable":true,"href":"https:\/\/www.noticiasradioreflejos.com.ar\/2021\/wp-json\/wp\/v2\/categories?post=82553"},{"taxonomy":"post_tag","embeddable":true,"href":"https:\/\/www.noticiasradioreflejos.com.ar\/2021\/wp-json\/wp\/v2\/tags?post=82553"}],"curies":[{"name":"wp","href":"https:\/\/api.w.org\/{rel}","templated":true}]}}