{"id":82550,"date":"2023-01-11T17:11:18","date_gmt":"2023-01-11T17:11:18","guid":{"rendered":"https:\/\/www.noticiasradioreflejos.com.ar\/2021\/?p=82550"},"modified":"2023-01-11T17:11:18","modified_gmt":"2023-01-11T17:11:18","slug":"ganadores-del-concurso-de-vidrieras-y-frentes-navidenos","status":"publish","type":"post","link":"https:\/\/www.noticiasradioreflejos.com.ar\/2021\/ganadores-del-concurso-de-vidrieras-y-frentes-navidenos\/","title":{"rendered":"Ganadores del concurso de vidrieras y frentes navide\u00f1os"},"content":{"rendered":"<p>Tornquist Municipio da a conocer los ganadores del concurso de vidrieras y frentes navide\u00f1os organizado por la Subsecretar\u00eda de Cultura y la C\u00e1mara Regional de Comercio, Industria y Turismo \u2018Ernesto Tornquist\u2019.<!--more--><br \/>\n<a data-flickr-embed=\"true\" href=\"https:\/\/www.flickr.com\/photos\/182279889@N02\/52621628400\/in\/dateposted-public\/\" title=\"Concurso vidrieras (10)\"><img loading=\"lazy\" decoding=\"async\" src=\"https:\/\/live.staticflickr.com\/65535\/52621628400_e91da282fa_c.jpg\" width=\"800\" height=\"600\" alt=\"Concurso vidrieras (10)\"><\/a><script async src=\"\/\/embedr.flickr.com\/assets\/client-code.js\" charset=\"utf-8\"><\/script><\/p>\n<p>En la categor\u00eda comercios, los ganadores fueron elegidos por la C\u00e1mara y son los siguientes:<\/p>\n<p>1\u00b0 &#8211; Orden de compra $25.000: Panader\u00eda Belgrano;<\/p>\n<p>2\u00b0 &#8211; Orden de compra $15.000: Pa\u00f1alera Esencia Salud;<\/p>\n<p>3\u00b0 &#8211; Orden de compra $10.000: Almendra Pasteler\u00eda.<\/p>\n<p>Obsequios para \u2018El Tel\u00f3n\u2019, \u2018El Almac\u00e9n\u2019 y \u2018El Mundo\u2019.<\/p>\n<p>En la categor\u00eda de viviendas, definidos por Cultura, fueron:<\/p>\n<p>1\u00b0: Flia. Del Po (Av. 25 de Mayo y 12 de Octubre);<\/p>\n<p>2\u00b0: Hogar de Ancianos \u2018San Antonio\u2019 (G\u00fcemes 132);<\/p>\n<p>3\u00b0: Flia. Bauer (V. Picado 700).<\/p>\n<p>Los ganadores recibieron premios de Caba\u00f1as la Pachamama. Guacamala vinoteca, Enhorabuena Deco y eventos, Zacconi hogar, Agua Sierras del Sol, Electricidad Roma y Cervecer\u00eda La Ley Primera.<\/p>\n<p>Los premios fueron entregados este martes por la Subsecretaria de Cultura, Luc\u00eda Urriaga, y Mario Rodr\u00edguez y Pablo Canle, Presidente y Tesorero, respectivamente, de la C\u00e1mara de Comercio.<\/p>\n<p><a data-flickr-embed=\"true\" href=\"https:\/\/www.flickr.com\/photos\/182279889@N02\/52620680417\/in\/dateposted-public\/\" title=\"Concurso vidrieras (3)\"><img loading=\"lazy\" decoding=\"async\" src=\"https:\/\/live.staticflickr.com\/65535\/52620680417_350b6891db_c.jpg\" width=\"800\" height=\"600\" alt=\"Concurso vidrieras (3)\"><\/a><script async src=\"\/\/embedr.flickr.com\/assets\/client-code.js\" charset=\"utf-8\"><\/script><\/p>\n","protected":false},"excerpt":{"rendered":"<p>Tornquist Municipio da a conocer los ganadores del concurso de vidrieras y frentes navide\u00f1os organizado por la Subsecretar\u00eda de Cultura y la C\u00e1mara Regional de Comercio, Industria y Turismo \u2018Ernesto Tornquist\u2019.<\/p>\n","protected":false},"author":3,"featured_media":0,"comment_status":"closed","ping_status":"closed","sticky":false,"template":"","format":"standard","meta":{"footnotes":""},"categories":[28],"tags":[],"class_list":["post-82550","post","type-post","status-publish","format-standard","hentry","category-municipales"],"yoast_head":"<!-- This site is optimized with the Yoast SEO plugin v25.9 - https:\/\/yoast.com\/wordpress\/plugins\/seo\/ -->\n<title>Ganadores del concurso de vidrieras y frentes navide\u00f1os - Noticias Radio Reflejos<\/title>\n<meta name=\"robots\" content=\"index, follow, max-snippet:-1, max-image-preview:large, max-video-preview:-1\" \/>\n<link rel=\"canonical\" href=\"https:\/\/www.noticiasradioreflejos.com.ar\/2021\/ganadores-del-concurso-de-vidrieras-y-frentes-navidenos\/\" \/>\n<meta property=\"og:locale\" content=\"es_ES\" \/>\n<meta property=\"og:type\" content=\"article\" \/>\n<meta property=\"og:title\" content=\"Ganadores del concurso de vidrieras y frentes navide\u00f1os - Noticias Radio Reflejos\" \/>\n<meta property=\"og:description\" content=\"Tornquist Municipio da a conocer los ganadores del concurso de vidrieras y frentes navide\u00f1os organizado por la Subsecretar\u00eda de Cultura y la C\u00e1mara Regional de Comercio, Industria y Turismo \u2018Ernesto Tornquist\u2019.\" \/>\n<meta property=\"og:url\" content=\"https:\/\/www.noticiasradioreflejos.com.ar\/2021\/ganadores-del-concurso-de-vidrieras-y-frentes-navidenos\/\" \/>\n<meta property=\"og:site_name\" content=\"Noticias Radio Reflejos\" \/>\n<meta property=\"article:published_time\" content=\"2023-01-11T17:11:18+00:00\" \/>\n<meta property=\"og:image\" content=\"https:\/\/live.staticflickr.com\/65535\/52621628400_e91da282fa_c.jpg\" \/>\n<meta name=\"author\" content=\"Arnaldo Botto\" \/>\n<meta name=\"twitter:card\" content=\"summary_large_image\" \/>\n<script type=\"application\/ld+json\" class=\"yoast-schema-graph\">{\"@context\":\"https:\/\/schema.org\",\"@graph\":[{\"@type\":\"WebPage\",\"@id\":\"https:\/\/www.noticiasradioreflejos.com.ar\/2021\/ganadores-del-concurso-de-vidrieras-y-frentes-navidenos\/\",\"url\":\"https:\/\/www.noticiasradioreflejos.com.ar\/2021\/ganadores-del-concurso-de-vidrieras-y-frentes-navidenos\/\",\"name\":\"Ganadores del concurso de vidrieras y frentes navide\u00f1os - Noticias Radio Reflejos\",\"isPartOf\":{\"@id\":\"https:\/\/www.noticiasradioreflejos.com.ar\/2021\/#website\"},\"primaryImageOfPage\":{\"@id\":\"https:\/\/www.noticiasradioreflejos.com.ar\/2021\/ganadores-del-concurso-de-vidrieras-y-frentes-navidenos\/#primaryimage\"},\"image\":{\"@id\":\"https:\/\/www.noticiasradioreflejos.com.ar\/2021\/ganadores-del-concurso-de-vidrieras-y-frentes-navidenos\/#primaryimage\"},\"thumbnailUrl\":\"https:\/\/live.staticflickr.com\/65535\/52621628400_e91da282fa_c.jpg\",\"datePublished\":\"2023-01-11T17:11:18+00:00\",\"author\":{\"@id\":\"https:\/\/www.noticiasradioreflejos.com.ar\/2021\/#\/schema\/person\/ad82545263dcc5ec0996818884fd5fb1\"},\"breadcrumb\":{\"@id\":\"https:\/\/www.noticiasradioreflejos.com.ar\/2021\/ganadores-del-concurso-de-vidrieras-y-frentes-navidenos\/#breadcrumb\"},\"inLanguage\":\"es\",\"potentialAction\":[{\"@type\":\"ReadAction\",\"target\":[\"https:\/\/www.noticiasradioreflejos.com.ar\/2021\/ganadores-del-concurso-de-vidrieras-y-frentes-navidenos\/\"]}]},{\"@type\":\"ImageObject\",\"inLanguage\":\"es\",\"@id\":\"https:\/\/www.noticiasradioreflejos.com.ar\/2021\/ganadores-del-concurso-de-vidrieras-y-frentes-navidenos\/#primaryimage\",\"url\":\"https:\/\/live.staticflickr.com\/65535\/52621628400_e91da282fa_c.jpg\",\"contentUrl\":\"https:\/\/live.staticflickr.com\/65535\/52621628400_e91da282fa_c.jpg\"},{\"@type\":\"BreadcrumbList\",\"@id\":\"https:\/\/www.noticiasradioreflejos.com.ar\/2021\/ganadores-del-concurso-de-vidrieras-y-frentes-navidenos\/#breadcrumb\",\"itemListElement\":[{\"@type\":\"ListItem\",\"position\":1,\"name\":\"Portada\",\"item\":\"https:\/\/www.noticiasradioreflejos.com.ar\/2021\/\"},{\"@type\":\"ListItem\",\"position\":2,\"name\":\"Ganadores del concurso de vidrieras y frentes navide\u00f1os\"}]},{\"@type\":\"WebSite\",\"@id\":\"https:\/\/www.noticiasradioreflejos.com.ar\/2021\/#website\",\"url\":\"https:\/\/www.noticiasradioreflejos.com.ar\/2021\/\",\"name\":\"Noticias Radio Reflejos\",\"description\":\"Las noticias de mi comarca\",\"potentialAction\":[{\"@type\":\"SearchAction\",\"target\":{\"@type\":\"EntryPoint\",\"urlTemplate\":\"https:\/\/www.noticiasradioreflejos.com.ar\/2021\/?s={search_term_string}\"},\"query-input\":{\"@type\":\"PropertyValueSpecification\",\"valueRequired\":true,\"valueName\":\"search_term_string\"}}],\"inLanguage\":\"es\"},{\"@type\":\"Person\",\"@id\":\"https:\/\/www.noticiasradioreflejos.com.ar\/2021\/#\/schema\/person\/ad82545263dcc5ec0996818884fd5fb1\",\"name\":\"Arnaldo Botto\",\"image\":{\"@type\":\"ImageObject\",\"inLanguage\":\"es\",\"@id\":\"https:\/\/www.noticiasradioreflejos.com.ar\/2021\/#\/schema\/person\/image\/\",\"url\":\"https:\/\/secure.gravatar.com\/avatar\/55cb5e37c1efa326397366e6974cb338056df65cb50e7d64d1cf314e87504837?s=96&d=mm&r=g\",\"contentUrl\":\"https:\/\/secure.gravatar.com\/avatar\/55cb5e37c1efa326397366e6974cb338056df65cb50e7d64d1cf314e87504837?s=96&d=mm&r=g\",\"caption\":\"Arnaldo Botto\"},\"url\":\"https:\/\/www.noticiasradioreflejos.com.ar\/2021\/author\/arnaldo\/\"}]}<\/script>\n<!-- \/ Yoast SEO plugin. -->","yoast_head_json":{"title":"Ganadores del concurso de vidrieras y frentes navide\u00f1os - Noticias Radio Reflejos","robots":{"index":"index","follow":"follow","max-snippet":"max-snippet:-1","max-image-preview":"max-image-preview:large","max-video-preview":"max-video-preview:-1"},"canonical":"https:\/\/www.noticiasradioreflejos.com.ar\/2021\/ganadores-del-concurso-de-vidrieras-y-frentes-navidenos\/","og_locale":"es_ES","og_type":"article","og_title":"Ganadores del concurso de vidrieras y frentes navide\u00f1os - Noticias Radio Reflejos","og_description":"Tornquist Municipio da a conocer los ganadores del concurso de vidrieras y frentes navide\u00f1os organizado por la Subsecretar\u00eda de Cultura y la C\u00e1mara Regional de Comercio, Industria y Turismo \u2018Ernesto Tornquist\u2019.","og_url":"https:\/\/www.noticiasradioreflejos.com.ar\/2021\/ganadores-del-concurso-de-vidrieras-y-frentes-navidenos\/","og_site_name":"Noticias Radio Reflejos","article_published_time":"2023-01-11T17:11:18+00:00","og_image":[{"url":"https:\/\/live.staticflickr.com\/65535\/52621628400_e91da282fa_c.jpg","type":"","width":"","height":""}],"author":"Arnaldo Botto","twitter_card":"summary_large_image","schema":{"@context":"https:\/\/schema.org","@graph":[{"@type":"WebPage","@id":"https:\/\/www.noticiasradioreflejos.com.ar\/2021\/ganadores-del-concurso-de-vidrieras-y-frentes-navidenos\/","url":"https:\/\/www.noticiasradioreflejos.com.ar\/2021\/ganadores-del-concurso-de-vidrieras-y-frentes-navidenos\/","name":"Ganadores del concurso de vidrieras y frentes navide\u00f1os - Noticias Radio Reflejos","isPartOf":{"@id":"https:\/\/www.noticiasradioreflejos.com.ar\/2021\/#website"},"primaryImageOfPage":{"@id":"https:\/\/www.noticiasradioreflejos.com.ar\/2021\/ganadores-del-concurso-de-vidrieras-y-frentes-navidenos\/#primaryimage"},"image":{"@id":"https:\/\/www.noticiasradioreflejos.com.ar\/2021\/ganadores-del-concurso-de-vidrieras-y-frentes-navidenos\/#primaryimage"},"thumbnailUrl":"https:\/\/live.staticflickr.com\/65535\/52621628400_e91da282fa_c.jpg","datePublished":"2023-01-11T17:11:18+00:00","author":{"@id":"https:\/\/www.noticiasradioreflejos.com.ar\/2021\/#\/schema\/person\/ad82545263dcc5ec0996818884fd5fb1"},"breadcrumb":{"@id":"https:\/\/www.noticiasradioreflejos.com.ar\/2021\/ganadores-del-concurso-de-vidrieras-y-frentes-navidenos\/#breadcrumb"},"inLanguage":"es","potentialAction":[{"@type":"ReadAction","target":["https:\/\/www.noticiasradioreflejos.com.ar\/2021\/ganadores-del-concurso-de-vidrieras-y-frentes-navidenos\/"]}]},{"@type":"ImageObject","inLanguage":"es","@id":"https:\/\/www.noticiasradioreflejos.com.ar\/2021\/ganadores-del-concurso-de-vidrieras-y-frentes-navidenos\/#primaryimage","url":"https:\/\/live.staticflickr.com\/65535\/52621628400_e91da282fa_c.jpg","contentUrl":"https:\/\/live.staticflickr.com\/65535\/52621628400_e91da282fa_c.jpg"},{"@type":"BreadcrumbList","@id":"https:\/\/www.noticiasradioreflejos.com.ar\/2021\/ganadores-del-concurso-de-vidrieras-y-frentes-navidenos\/#breadcrumb","itemListElement":[{"@type":"ListItem","position":1,"name":"Portada","item":"https:\/\/www.noticiasradioreflejos.com.ar\/2021\/"},{"@type":"ListItem","position":2,"name":"Ganadores del concurso de vidrieras y frentes navide\u00f1os"}]},{"@type":"WebSite","@id":"https:\/\/www.noticiasradioreflejos.com.ar\/2021\/#website","url":"https:\/\/www.noticiasradioreflejos.com.ar\/2021\/","name":"Noticias Radio Reflejos","description":"Las noticias de mi comarca","potentialAction":[{"@type":"SearchAction","target":{"@type":"EntryPoint","urlTemplate":"https:\/\/www.noticiasradioreflejos.com.ar\/2021\/?s={search_term_string}"},"query-input":{"@type":"PropertyValueSpecification","valueRequired":true,"valueName":"search_term_string"}}],"inLanguage":"es"},{"@type":"Person","@id":"https:\/\/www.noticiasradioreflejos.com.ar\/2021\/#\/schema\/person\/ad82545263dcc5ec0996818884fd5fb1","name":"Arnaldo Botto","image":{"@type":"ImageObject","inLanguage":"es","@id":"https:\/\/www.noticiasradioreflejos.com.ar\/2021\/#\/schema\/person\/image\/","url":"https:\/\/secure.gravatar.com\/avatar\/55cb5e37c1efa326397366e6974cb338056df65cb50e7d64d1cf314e87504837?s=96&d=mm&r=g","contentUrl":"https:\/\/secure.gravatar.com\/avatar\/55cb5e37c1efa326397366e6974cb338056df65cb50e7d64d1cf314e87504837?s=96&d=mm&r=g","caption":"Arnaldo Botto"},"url":"https:\/\/www.noticiasradioreflejos.com.ar\/2021\/author\/arnaldo\/"}]}},"_links":{"self":[{"href":"https:\/\/www.noticiasradioreflejos.com.ar\/2021\/wp-json\/wp\/v2\/posts\/82550","targetHints":{"allow":["GET"]}}],"collection":[{"href":"https:\/\/www.noticiasradioreflejos.com.ar\/2021\/wp-json\/wp\/v2\/posts"}],"about":[{"href":"https:\/\/www.noticiasradioreflejos.com.ar\/2021\/wp-json\/wp\/v2\/types\/post"}],"author":[{"embeddable":true,"href":"https:\/\/www.noticiasradioreflejos.com.ar\/2021\/wp-json\/wp\/v2\/users\/3"}],"replies":[{"embeddable":true,"href":"https:\/\/www.noticiasradioreflejos.com.ar\/2021\/wp-json\/wp\/v2\/comments?post=82550"}],"version-history":[{"count":1,"href":"https:\/\/www.noticiasradioreflejos.com.ar\/2021\/wp-json\/wp\/v2\/posts\/82550\/revisions"}],"predecessor-version":[{"id":82552,"href":"https:\/\/www.noticiasradioreflejos.com.ar\/2021\/wp-json\/wp\/v2\/posts\/82550\/revisions\/82552"}],"wp:attachment":[{"href":"https:\/\/www.noticiasradioreflejos.com.ar\/2021\/wp-json\/wp\/v2\/media?parent=82550"}],"wp:term":[{"taxonomy":"category","embeddable":true,"href":"https:\/\/www.noticiasradioreflejos.com.ar\/2021\/wp-json\/wp\/v2\/categories?post=82550"},{"taxonomy":"post_tag","embeddable":true,"href":"https:\/\/www.noticiasradioreflejos.com.ar\/2021\/wp-json\/wp\/v2\/tags?post=82550"}],"curies":[{"name":"wp","href":"https:\/\/api.w.org\/{rel}","templated":true}]}}