{"id":82532,"date":"2023-01-11T12:10:38","date_gmt":"2023-01-11T12:10:38","guid":{"rendered":"https:\/\/www.noticiasradioreflejos.com.ar\/2021\/?p=82532"},"modified":"2023-01-11T12:57:13","modified_gmt":"2023-01-11T12:57:13","slug":"robo-de-valijas-en-la-terminal-de-retiro-aumentaron-las-denuncias-e-indemnizaran-a-los-pasajeros","status":"publish","type":"post","link":"https:\/\/www.noticiasradioreflejos.com.ar\/2021\/robo-de-valijas-en-la-terminal-de-retiro-aumentaron-las-denuncias-e-indemnizaran-a-los-pasajeros\/","title":{"rendered":"Robo de valijas en la terminal de Retiro: aumentaron las denuncias e indemnizar\u00e1n a los pasajeros"},"content":{"rendered":"<header class=\"article-header-wrapper\">\n<div class=\"article-header\">\n<p class=\"article-subheadline\">Con el periodo vacacional crecieron las emboscadas a los coches para sustraer el equipaje de los pasajeros. En lo que va del a\u00f1o se concretaron 24 denuncias en todo el pa\u00eds<\/p>\n<div class=\"byline\">\n<div class=\"byline-text-wrapper\"><\/div>\n<\/div>\n<\/div>\n<div class=\"nd-buttons-container\"><\/div>\n<\/header>\n<p><!--more--><\/p>\n<article class=\"article\">\n<div class=\"nd-body-article\">\n<div class=\"visual__image\">(T\u00e9lam) Cada temporada de verano la actividad en la\u00a0<b>terminal de Retiro<\/b>\u00a0crece de manera significativa y con ella, los delitos por robo de valijas. En los \u00faltimos d\u00edas numerosos pasajeros denunciaron que los micros son interceptados y desvalijados en los alrededores de la estaci\u00f3n. La oscuridad, falta de personal de seguridad y gran cantidad de basura son algunos de los aspectos m\u00e1s cuestionados. Es por eso que la administraci\u00f3n de la terminal inform\u00f3 d\u00f3nde se puede denunciar el extrav\u00edo de un equipaje y de cu\u00e1nto es la indemnizaci\u00f3n.<\/div>\n<p class=\"paragraph\">De acuerdo al testimonio de varios afectados, los robos ocurren a pocas cuadras de la terminal y los delincuentes utilizan una \u201cbarreta\u201d para violentar el ba\u00fal de los micros en una esquina de Retiro que se caracteriza por tener una profunda cuneta.<\/p>\n<div class=\"visual__image\"><img loading=\"lazy\" decoding=\"async\" class=\"\" src=\"https:\/\/cloudfront-us-east-1.images.arcpublishing.com\/infobae\/SJC5CIPS4ZHXPASMQQUB2DYI6Y.jpg\" sizes=\"auto, (min-width: 800px) 50vw, 90vw\" srcset=\"https:\/\/www.infobae.com\/new-resizer\/Imugc1Wn73rET6HrAAPlyBghmyc=\/420x236\/filters:format(webp):quality(85)\/cloudfront-us-east-1.images.arcpublishing.com\/infobae\/SJC5CIPS4ZHXPASMQQUB2DYI6Y.jpg 420w,https:\/\/www.infobae.com\/new-resizer\/s8Ur0xTDbwpPxmo_W6yfZgkv5mw=\/768x432\/filters:format(webp):quality(85)\/cloudfront-us-east-1.images.arcpublishing.com\/infobae\/SJC5CIPS4ZHXPASMQQUB2DYI6Y.jpg 768w,https:\/\/www.infobae.com\/new-resizer\/XLRN0CfoG17uNenwgJa-jGhwlnY=\/992x558\/filters:format(webp):quality(85)\/cloudfront-us-east-1.images.arcpublishing.com\/infobae\/SJC5CIPS4ZHXPASMQQUB2DYI6Y.jpg 992w,https:\/\/www.infobae.com\/new-resizer\/Yqzo2X1azR65y2FKDbUnkONzUdc=\/1200x675\/filters:format(webp):quality(85)\/cloudfront-us-east-1.images.arcpublishing.com\/infobae\/SJC5CIPS4ZHXPASMQQUB2DYI6Y.jpg 1200w,https:\/\/www.infobae.com\/new-resizer\/kioxcJCaSFl5ZhWGU5-wvhICrgA=\/1440x810\/filters:format(webp):quality(85)\/cloudfront-us-east-1.images.arcpublishing.com\/infobae\/SJC5CIPS4ZHXPASMQQUB2DYI6Y.jpg 1440w\" alt=\"En lo que va del a\u00f1o se realizaron 24 denuncias en todo el pa\u00eds (NA)\" width=\"1920\" height=\"1080\" \/>En lo que va del a\u00f1o se realizaron 24 denuncias en todo el pa\u00eds (NA)<\/div>\n<p class=\"paragraph\">La situaci\u00f3n se torna m\u00e1s compleja para quienes arriban o parten durante la madrugada, dado que la terminal de Retiro se encuentra pr\u00e1cticamente desolada. Sin embargo, la modalidad de desvalijar a los\u00a0<b>micros de larga distancia<\/b>\u00a0empez\u00f3 a suceder con mayor frecuencia y muchos pasajeros no saben c\u00f3mo accionar ante tal situaci\u00f3n.<\/p>\n<p class=\"paragraph\">A trav\u00e9s de las redes sociales varios pasajeros expresaron su preocupaci\u00f3n dado que los robos se producen a s\u00f3lo dos cuadras de la terminal. D\u00edas antes un hecho similar ocurri\u00f3 con un micro con destino a Rosario. Al llegar a la terminal de \u00f3mnibus Mariano Moreno de la localidad santafecina, los pasajeros que regresaban desde la Costa Atl\u00e1ntica denunciaron el robo de diez valijas.<\/p>\n<p class=\"paragraph\">Los damnificados advirtieron que el equipaje se hab\u00eda cargado de manera correcta pero al llegar a\u00a0<b>Rosario\u00a0<\/b>faltaban 10 valijas. Una de las mujeres indic\u00f3 a\u00a0<i>Cadena 3<\/i>\u00a0que el micro se detuvo en Buenos Aires \u201cpara recargar combustible, en los galpones de la empresa\u201d mientras que otra pasajera record\u00f3 que \u201csintieron que la bodega se abri\u00f3 en la Terminal de Retiro\u201d. Por tal motivo, la principal hip\u00f3tesis es que en dicho lugar se produjo el robo del equipaje.<\/p>\n<p class=\"paragraph\">Frete a dicha situaci\u00f3n, cuestionaron que los choferes no sab\u00edan qu\u00e9 hab\u00eda ocurrido y les pidieron que hicieran la denuncia con el seguro. Al viralizarse los robos ocurridos, numerosos usuarios de Twitter manifestaron su preocupaci\u00f3n y remarcaron que \u201cesto es hist\u00f3rico y nunca cambi\u00f3\u201d.<\/p>\n<p class=\"paragraph\">De hecho, otro de los pasajeros advirti\u00f3 que al llegar y querer tomar un taxi \u201cla planta baja es absolutamente tierra de nadie. M\u00e1s si te toca bajar por esas escaleritas de los costados\u201d. A trav\u00e9s de Twitter, la usuaria Julieta Fontanazzi cuestion\u00f3 que ante el delito sufrido \u201cno quer\u00edan que haga la denuncia, me quer\u00edan dar $16 mil por el robo\u201d, y otra pasajera identificada como Paula Mena relat\u00f3 que le \u201crobaron la valija el 7 de enero. Sal\u00ed de Retiro y llegu\u00e9 a Mar del Sur y cuando me baj\u00e9 el chofer me dijo que se robaron dos valijas. Una era la m\u00eda\u201d.<\/p>\n<div class=\"visual__image\"><img loading=\"lazy\" decoding=\"async\" class=\"\" src=\"https:\/\/arc-anglerfish-arc2-prod-infobae.s3.amazonaws.com\/public\/O5CEI2JFANDF3MJZ6ZMYJ3BMGU\" sizes=\"auto, (min-width: 800px) 50vw, 90vw\" srcset=\"https:\/\/www.infobae.com\/new-resizer\/sx_YbEQ5xTwXjJoHeJyhDVzj4og=\/992x606\/filters:format(webp):quality(85)\/arc-anglerfish-arc2-prod-infobae.s3.amazonaws.com\/public\/O5CEI2JFANDF3MJZ6ZMYJ3BMGU 992w\" alt=\"La denuncia por p\u00e9rdida de equipaje debe realizarse hasta 24 horas despu\u00e9s de finalizado el viaje (pNA 162)\" width=\"600\" height=\"360\" \/>La denuncia por p\u00e9rdida de equipaje debe realizarse hasta 24 horas despu\u00e9s de finalizado el viaje (pNA 162)<\/div>\n<p class=\"paragraph\">En lo que va del a\u00f1o, la Comisi\u00f3n Nacional de Regulaci\u00f3n del Transporte (CNRT) inform\u00f3 que se registraron 24 denuncias por robo de equipaje en todo el pa\u00eds. En Retiro (Buenos Aires) se hubo 11, Rosario 4, Santa Fe 2, Puerto Madryn (Chubut) 1, San Nicol\u00e1s de los Arroyos 1, Bah\u00eda Blanca 1, Miramar 1, Corrientes 1, R\u00edo Cuarto (C\u00f3rdoba)1, Terminal Dellepiane (Buenos Aires) 1, inform\u00f3\u00a0<i>T\u00e9lam<\/i>.<\/p>\n<h2 class=\"header\">Qu\u00e9 hacer en caso de extrav\u00edo de equipaje y de cu\u00e1nto es la indemnizaci\u00f3n<\/h2>\n<p class=\"paragraph\">En caso de sufrir un inconveniente con el equipaje ya sea por p\u00e9rdida total o parcial o deterioro del mismo, los damnificados deben realizar la denuncia en la empresa y a la\u00a0<b>Comisi\u00f3n Nacional de Regulaci\u00f3n de Transporte (CNRT)<\/b>. Si a las 24 horas de haber finalizado el viaje siguen sin respuestas, \u201cse intima a la firma para que un plazo de cinco d\u00edas\u201d brinde una soluci\u00f3n.<\/p>\n<p class=\"paragraph\">Desde el Ministerio de Transporte se inform\u00f3 que el equipaje que se transporta en la bodega est\u00e1 asegurado por la empresa de manera que en caso de no tener una respuesta positiva durante el periodo establecido, el pasajero debe ser indemnizado. De acuerdo a la CNRT, para el pasajero que para enero, febrero y marzo de este a\u00f1o la indemnizaci\u00f3n es de 93.254,56 pesos.<\/p>\n<p class=\"paragraph\">Por tal motivo, se detall\u00f3 que las denuncias por robos de equipaje deben realizarse a trav\u00e9s del portal control.cnrt.gob.ar o llamando al 0800-333-0300, donde se le realiza un seguimiento por la Gerencia de Calidad y Prestaci\u00f3n de Servicios.<\/p>\n<p class=\"paragraph\">Adem\u00e1s, se explic\u00f3 que al momento de despachar el equipaje, la empresa entrega un ticket que debe ser conservado durante todo el viaje y hasta que el equipaje sea entregado. En caso de que la empresa pierda el equipaje, se debe conservar el pasaje y el ticket para hacer el reclamo a la empresa dentro de las 24 horas de finalizado el viaje.<\/p>\n<\/div>\n<\/article>\n","protected":false},"excerpt":{"rendered":"<p>Con el periodo vacacional crecieron las emboscadas a los coches para sustraer el equipaje de los pasajeros. En lo que va del a\u00f1o se concretaron 24 denuncias en todo el pa\u00eds<\/p>\n","protected":false},"author":3,"featured_media":0,"comment_status":"closed","ping_status":"closed","sticky":false,"template":"","format":"standard","meta":{"footnotes":""},"categories":[29,24],"tags":[],"class_list":["post-82532","post","type-post","status-publish","format-standard","hentry","category-policiales","category-politica"],"yoast_head":"<!-- This site is optimized with the Yoast SEO plugin v25.9 - https:\/\/yoast.com\/wordpress\/plugins\/seo\/ -->\n<title>Robo de valijas en la terminal de Retiro: aumentaron las denuncias e indemnizar\u00e1n a los pasajeros - Noticias Radio Reflejos<\/title>\n<meta name=\"robots\" content=\"index, follow, max-snippet:-1, max-image-preview:large, max-video-preview:-1\" \/>\n<link rel=\"canonical\" href=\"https:\/\/www.noticiasradioreflejos.com.ar\/2021\/robo-de-valijas-en-la-terminal-de-retiro-aumentaron-las-denuncias-e-indemnizaran-a-los-pasajeros\/\" \/>\n<meta property=\"og:locale\" content=\"es_ES\" \/>\n<meta property=\"og:type\" content=\"article\" \/>\n<meta property=\"og:title\" content=\"Robo de valijas en la terminal de Retiro: aumentaron las denuncias e indemnizar\u00e1n a los pasajeros - Noticias Radio Reflejos\" \/>\n<meta property=\"og:description\" content=\"Con el periodo vacacional crecieron las emboscadas a los coches para sustraer el equipaje de los pasajeros. En lo que va del a\u00f1o se concretaron 24 denuncias en todo el pa\u00eds\" \/>\n<meta property=\"og:url\" content=\"https:\/\/www.noticiasradioreflejos.com.ar\/2021\/robo-de-valijas-en-la-terminal-de-retiro-aumentaron-las-denuncias-e-indemnizaran-a-los-pasajeros\/\" \/>\n<meta property=\"og:site_name\" content=\"Noticias Radio Reflejos\" \/>\n<meta property=\"article:published_time\" content=\"2023-01-11T12:10:38+00:00\" \/>\n<meta property=\"article:modified_time\" content=\"2023-01-11T12:57:13+00:00\" \/>\n<meta property=\"og:image\" content=\"https:\/\/cloudfront-us-east-1.images.arcpublishing.com\/infobae\/SJC5CIPS4ZHXPASMQQUB2DYI6Y.jpg\" \/>\n<meta name=\"author\" content=\"Arnaldo Botto\" \/>\n<meta name=\"twitter:card\" content=\"summary_large_image\" \/>\n<script type=\"application\/ld+json\" class=\"yoast-schema-graph\">{\"@context\":\"https:\/\/schema.org\",\"@graph\":[{\"@type\":\"WebPage\",\"@id\":\"https:\/\/www.noticiasradioreflejos.com.ar\/2021\/robo-de-valijas-en-la-terminal-de-retiro-aumentaron-las-denuncias-e-indemnizaran-a-los-pasajeros\/\",\"url\":\"https:\/\/www.noticiasradioreflejos.com.ar\/2021\/robo-de-valijas-en-la-terminal-de-retiro-aumentaron-las-denuncias-e-indemnizaran-a-los-pasajeros\/\",\"name\":\"Robo de valijas en la terminal de Retiro: aumentaron las denuncias e indemnizar\u00e1n a los pasajeros - Noticias Radio Reflejos\",\"isPartOf\":{\"@id\":\"https:\/\/www.noticiasradioreflejos.com.ar\/2021\/#website\"},\"primaryImageOfPage\":{\"@id\":\"https:\/\/www.noticiasradioreflejos.com.ar\/2021\/robo-de-valijas-en-la-terminal-de-retiro-aumentaron-las-denuncias-e-indemnizaran-a-los-pasajeros\/#primaryimage\"},\"image\":{\"@id\":\"https:\/\/www.noticiasradioreflejos.com.ar\/2021\/robo-de-valijas-en-la-terminal-de-retiro-aumentaron-las-denuncias-e-indemnizaran-a-los-pasajeros\/#primaryimage\"},\"thumbnailUrl\":\"https:\/\/cloudfront-us-east-1.images.arcpublishing.com\/infobae\/SJC5CIPS4ZHXPASMQQUB2DYI6Y.jpg\",\"datePublished\":\"2023-01-11T12:10:38+00:00\",\"dateModified\":\"2023-01-11T12:57:13+00:00\",\"author\":{\"@id\":\"https:\/\/www.noticiasradioreflejos.com.ar\/2021\/#\/schema\/person\/ad82545263dcc5ec0996818884fd5fb1\"},\"breadcrumb\":{\"@id\":\"https:\/\/www.noticiasradioreflejos.com.ar\/2021\/robo-de-valijas-en-la-terminal-de-retiro-aumentaron-las-denuncias-e-indemnizaran-a-los-pasajeros\/#breadcrumb\"},\"inLanguage\":\"es\",\"potentialAction\":[{\"@type\":\"ReadAction\",\"target\":[\"https:\/\/www.noticiasradioreflejos.com.ar\/2021\/robo-de-valijas-en-la-terminal-de-retiro-aumentaron-las-denuncias-e-indemnizaran-a-los-pasajeros\/\"]}]},{\"@type\":\"ImageObject\",\"inLanguage\":\"es\",\"@id\":\"https:\/\/www.noticiasradioreflejos.com.ar\/2021\/robo-de-valijas-en-la-terminal-de-retiro-aumentaron-las-denuncias-e-indemnizaran-a-los-pasajeros\/#primaryimage\",\"url\":\"https:\/\/cloudfront-us-east-1.images.arcpublishing.com\/infobae\/SJC5CIPS4ZHXPASMQQUB2DYI6Y.jpg\",\"contentUrl\":\"https:\/\/cloudfront-us-east-1.images.arcpublishing.com\/infobae\/SJC5CIPS4ZHXPASMQQUB2DYI6Y.jpg\"},{\"@type\":\"BreadcrumbList\",\"@id\":\"https:\/\/www.noticiasradioreflejos.com.ar\/2021\/robo-de-valijas-en-la-terminal-de-retiro-aumentaron-las-denuncias-e-indemnizaran-a-los-pasajeros\/#breadcrumb\",\"itemListElement\":[{\"@type\":\"ListItem\",\"position\":1,\"name\":\"Portada\",\"item\":\"https:\/\/www.noticiasradioreflejos.com.ar\/2021\/\"},{\"@type\":\"ListItem\",\"position\":2,\"name\":\"Robo de valijas en la terminal de Retiro: aumentaron las denuncias e indemnizar\u00e1n a los pasajeros\"}]},{\"@type\":\"WebSite\",\"@id\":\"https:\/\/www.noticiasradioreflejos.com.ar\/2021\/#website\",\"url\":\"https:\/\/www.noticiasradioreflejos.com.ar\/2021\/\",\"name\":\"Noticias Radio Reflejos\",\"description\":\"Las noticias de mi comarca\",\"potentialAction\":[{\"@type\":\"SearchAction\",\"target\":{\"@type\":\"EntryPoint\",\"urlTemplate\":\"https:\/\/www.noticiasradioreflejos.com.ar\/2021\/?s={search_term_string}\"},\"query-input\":{\"@type\":\"PropertyValueSpecification\",\"valueRequired\":true,\"valueName\":\"search_term_string\"}}],\"inLanguage\":\"es\"},{\"@type\":\"Person\",\"@id\":\"https:\/\/www.noticiasradioreflejos.com.ar\/2021\/#\/schema\/person\/ad82545263dcc5ec0996818884fd5fb1\",\"name\":\"Arnaldo Botto\",\"image\":{\"@type\":\"ImageObject\",\"inLanguage\":\"es\",\"@id\":\"https:\/\/www.noticiasradioreflejos.com.ar\/2021\/#\/schema\/person\/image\/\",\"url\":\"https:\/\/secure.gravatar.com\/avatar\/55cb5e37c1efa326397366e6974cb338056df65cb50e7d64d1cf314e87504837?s=96&d=mm&r=g\",\"contentUrl\":\"https:\/\/secure.gravatar.com\/avatar\/55cb5e37c1efa326397366e6974cb338056df65cb50e7d64d1cf314e87504837?s=96&d=mm&r=g\",\"caption\":\"Arnaldo Botto\"},\"url\":\"https:\/\/www.noticiasradioreflejos.com.ar\/2021\/author\/arnaldo\/\"}]}<\/script>\n<!-- \/ Yoast SEO plugin. -->","yoast_head_json":{"title":"Robo de valijas en la terminal de Retiro: aumentaron las denuncias e indemnizar\u00e1n a los pasajeros - Noticias Radio Reflejos","robots":{"index":"index","follow":"follow","max-snippet":"max-snippet:-1","max-image-preview":"max-image-preview:large","max-video-preview":"max-video-preview:-1"},"canonical":"https:\/\/www.noticiasradioreflejos.com.ar\/2021\/robo-de-valijas-en-la-terminal-de-retiro-aumentaron-las-denuncias-e-indemnizaran-a-los-pasajeros\/","og_locale":"es_ES","og_type":"article","og_title":"Robo de valijas en la terminal de Retiro: aumentaron las denuncias e indemnizar\u00e1n a los pasajeros - Noticias Radio Reflejos","og_description":"Con el periodo vacacional crecieron las emboscadas a los coches para sustraer el equipaje de los pasajeros. En lo que va del a\u00f1o se concretaron 24 denuncias en todo el pa\u00eds","og_url":"https:\/\/www.noticiasradioreflejos.com.ar\/2021\/robo-de-valijas-en-la-terminal-de-retiro-aumentaron-las-denuncias-e-indemnizaran-a-los-pasajeros\/","og_site_name":"Noticias Radio Reflejos","article_published_time":"2023-01-11T12:10:38+00:00","article_modified_time":"2023-01-11T12:57:13+00:00","og_image":[{"url":"https:\/\/cloudfront-us-east-1.images.arcpublishing.com\/infobae\/SJC5CIPS4ZHXPASMQQUB2DYI6Y.jpg","type":"","width":"","height":""}],"author":"Arnaldo Botto","twitter_card":"summary_large_image","schema":{"@context":"https:\/\/schema.org","@graph":[{"@type":"WebPage","@id":"https:\/\/www.noticiasradioreflejos.com.ar\/2021\/robo-de-valijas-en-la-terminal-de-retiro-aumentaron-las-denuncias-e-indemnizaran-a-los-pasajeros\/","url":"https:\/\/www.noticiasradioreflejos.com.ar\/2021\/robo-de-valijas-en-la-terminal-de-retiro-aumentaron-las-denuncias-e-indemnizaran-a-los-pasajeros\/","name":"Robo de valijas en la terminal de Retiro: aumentaron las denuncias e indemnizar\u00e1n a los pasajeros - Noticias Radio Reflejos","isPartOf":{"@id":"https:\/\/www.noticiasradioreflejos.com.ar\/2021\/#website"},"primaryImageOfPage":{"@id":"https:\/\/www.noticiasradioreflejos.com.ar\/2021\/robo-de-valijas-en-la-terminal-de-retiro-aumentaron-las-denuncias-e-indemnizaran-a-los-pasajeros\/#primaryimage"},"image":{"@id":"https:\/\/www.noticiasradioreflejos.com.ar\/2021\/robo-de-valijas-en-la-terminal-de-retiro-aumentaron-las-denuncias-e-indemnizaran-a-los-pasajeros\/#primaryimage"},"thumbnailUrl":"https:\/\/cloudfront-us-east-1.images.arcpublishing.com\/infobae\/SJC5CIPS4ZHXPASMQQUB2DYI6Y.jpg","datePublished":"2023-01-11T12:10:38+00:00","dateModified":"2023-01-11T12:57:13+00:00","author":{"@id":"https:\/\/www.noticiasradioreflejos.com.ar\/2021\/#\/schema\/person\/ad82545263dcc5ec0996818884fd5fb1"},"breadcrumb":{"@id":"https:\/\/www.noticiasradioreflejos.com.ar\/2021\/robo-de-valijas-en-la-terminal-de-retiro-aumentaron-las-denuncias-e-indemnizaran-a-los-pasajeros\/#breadcrumb"},"inLanguage":"es","potentialAction":[{"@type":"ReadAction","target":["https:\/\/www.noticiasradioreflejos.com.ar\/2021\/robo-de-valijas-en-la-terminal-de-retiro-aumentaron-las-denuncias-e-indemnizaran-a-los-pasajeros\/"]}]},{"@type":"ImageObject","inLanguage":"es","@id":"https:\/\/www.noticiasradioreflejos.com.ar\/2021\/robo-de-valijas-en-la-terminal-de-retiro-aumentaron-las-denuncias-e-indemnizaran-a-los-pasajeros\/#primaryimage","url":"https:\/\/cloudfront-us-east-1.images.arcpublishing.com\/infobae\/SJC5CIPS4ZHXPASMQQUB2DYI6Y.jpg","contentUrl":"https:\/\/cloudfront-us-east-1.images.arcpublishing.com\/infobae\/SJC5CIPS4ZHXPASMQQUB2DYI6Y.jpg"},{"@type":"BreadcrumbList","@id":"https:\/\/www.noticiasradioreflejos.com.ar\/2021\/robo-de-valijas-en-la-terminal-de-retiro-aumentaron-las-denuncias-e-indemnizaran-a-los-pasajeros\/#breadcrumb","itemListElement":[{"@type":"ListItem","position":1,"name":"Portada","item":"https:\/\/www.noticiasradioreflejos.com.ar\/2021\/"},{"@type":"ListItem","position":2,"name":"Robo de valijas en la terminal de Retiro: aumentaron las denuncias e indemnizar\u00e1n a los pasajeros"}]},{"@type":"WebSite","@id":"https:\/\/www.noticiasradioreflejos.com.ar\/2021\/#website","url":"https:\/\/www.noticiasradioreflejos.com.ar\/2021\/","name":"Noticias Radio Reflejos","description":"Las noticias de mi comarca","potentialAction":[{"@type":"SearchAction","target":{"@type":"EntryPoint","urlTemplate":"https:\/\/www.noticiasradioreflejos.com.ar\/2021\/?s={search_term_string}"},"query-input":{"@type":"PropertyValueSpecification","valueRequired":true,"valueName":"search_term_string"}}],"inLanguage":"es"},{"@type":"Person","@id":"https:\/\/www.noticiasradioreflejos.com.ar\/2021\/#\/schema\/person\/ad82545263dcc5ec0996818884fd5fb1","name":"Arnaldo Botto","image":{"@type":"ImageObject","inLanguage":"es","@id":"https:\/\/www.noticiasradioreflejos.com.ar\/2021\/#\/schema\/person\/image\/","url":"https:\/\/secure.gravatar.com\/avatar\/55cb5e37c1efa326397366e6974cb338056df65cb50e7d64d1cf314e87504837?s=96&d=mm&r=g","contentUrl":"https:\/\/secure.gravatar.com\/avatar\/55cb5e37c1efa326397366e6974cb338056df65cb50e7d64d1cf314e87504837?s=96&d=mm&r=g","caption":"Arnaldo Botto"},"url":"https:\/\/www.noticiasradioreflejos.com.ar\/2021\/author\/arnaldo\/"}]}},"_links":{"self":[{"href":"https:\/\/www.noticiasradioreflejos.com.ar\/2021\/wp-json\/wp\/v2\/posts\/82532","targetHints":{"allow":["GET"]}}],"collection":[{"href":"https:\/\/www.noticiasradioreflejos.com.ar\/2021\/wp-json\/wp\/v2\/posts"}],"about":[{"href":"https:\/\/www.noticiasradioreflejos.com.ar\/2021\/wp-json\/wp\/v2\/types\/post"}],"author":[{"embeddable":true,"href":"https:\/\/www.noticiasradioreflejos.com.ar\/2021\/wp-json\/wp\/v2\/users\/3"}],"replies":[{"embeddable":true,"href":"https:\/\/www.noticiasradioreflejos.com.ar\/2021\/wp-json\/wp\/v2\/comments?post=82532"}],"version-history":[{"count":3,"href":"https:\/\/www.noticiasradioreflejos.com.ar\/2021\/wp-json\/wp\/v2\/posts\/82532\/revisions"}],"predecessor-version":[{"id":82536,"href":"https:\/\/www.noticiasradioreflejos.com.ar\/2021\/wp-json\/wp\/v2\/posts\/82532\/revisions\/82536"}],"wp:attachment":[{"href":"https:\/\/www.noticiasradioreflejos.com.ar\/2021\/wp-json\/wp\/v2\/media?parent=82532"}],"wp:term":[{"taxonomy":"category","embeddable":true,"href":"https:\/\/www.noticiasradioreflejos.com.ar\/2021\/wp-json\/wp\/v2\/categories?post=82532"},{"taxonomy":"post_tag","embeddable":true,"href":"https:\/\/www.noticiasradioreflejos.com.ar\/2021\/wp-json\/wp\/v2\/tags?post=82532"}],"curies":[{"name":"wp","href":"https:\/\/api.w.org\/{rel}","templated":true}]}}