{"id":82529,"date":"2023-01-11T11:41:34","date_gmt":"2023-01-11T11:41:34","guid":{"rendered":"https:\/\/www.noticiasradioreflejos.com.ar\/2021\/?p=82529"},"modified":"2023-01-11T11:41:34","modified_gmt":"2023-01-11T11:41:34","slug":"afirman-que-los-efectos-de-la-recuperacion-de-la-capa-de-ozono-seran-visibles-a-partir-de-2030","status":"publish","type":"post","link":"https:\/\/www.noticiasradioreflejos.com.ar\/2021\/afirman-que-los-efectos-de-la-recuperacion-de-la-capa-de-ozono-seran-visibles-a-partir-de-2030\/","title":{"rendered":"Afirman que los efectos de la recuperaci\u00f3n de la capa de ozono ser\u00e1n visibles a partir de 2030"},"content":{"rendered":"<p>Cient\u00edficos argentinos afirmaron hoy que se ver\u00e1n \u00absignos m\u00e1s visibles en la recuperaci\u00f3n de la capa de ozono a partir de 2030\u00bb, al ser consultados sobre el informe de la ONU en el que se alent\u00f3 una recuperaci\u00f3n para el 2066 gracias a la prohibici\u00f3n del uso de sustancias qu\u00edmicas con el objetivo de mitigar este da\u00f1o y disminuir la exposici\u00f3n humana a los rayos solares.<!--more--><\/p>\n<p>(Telam) &#8211; En el informe de evaluaci\u00f3n cuatrienal del Grupo de Evaluaci\u00f3n Cient\u00edfica del Protocolo de Montreal, respaldado por las Naciones Unidas (ONU), se confirm\u00f3 que la eliminaci\u00f3n progresiva de alrededor del 99% de las sustancias prohibidas que agotan la capa de ozono logr\u00f3 su protecci\u00f3n.<\/p>\n<p>En este sentido, un grupo de expertos respaldados por la ONU se\u00f1alaron en la 103\u00aa reuni\u00f3n anual de la Sociedad Meteorol\u00f3gica de los Estados Unidos, que la capa de ozono est\u00e1 en camino a recuperarse en los pr\u00f3ximos 40 a\u00f1os con la eliminaci\u00f3n progresiva de las sustancias qu\u00edmicas que la da\u00f1an.<\/p>\n<p>Entre estos compuestos se encuentran los clorofluorocarburos (CFC), que se consideran \u00ablas principales sustancias que destruyen la capa de ozono que ven\u00eda usando las industrias hasta 1980, cuando se empez\u00f3 a sospechar que el cloro que utilizaban llegaba a la estratosfera, destruyendo la capa de ozono\u00bb, se\u00f1al\u00f3 a T\u00e9lam Gerardo Carbajal Ben\u00edtez, investigador en fisicoqu\u00edmica de la Atm\u00f3sfera en el Servicio Meteorol\u00f3gico Nacional (SMN).<\/p>\n<p>Por su parte, Pablo Canziani, doctor en Ciencias F\u00edsicas e investigador Principal del Conicet, agreg\u00f3, en di\u00e1logo con T\u00e9lam, que \u00abla destrucci\u00f3n de la capa de ozono se empez\u00f3 a observar a principios de la d\u00e9cada del 80. Y retrospectivamente, porque no se hab\u00edan tomado en cuenta las tendencias. Los primeros estudios fueron de Mario Molina y Sherwood Rowland, por un lado y, Paul Crutzen, por otro, en los a\u00f1os 70\u00bb.<\/p>\n<p>Y agreg\u00f3 que \u00abfueron Rowland y Molina los que postularon el efecto de los CFC sobre la destrucci\u00f3n de la capa de ozono en latitudes medias\u00bb.<\/p>\n<p>Respecto al \u00abagujero de ozono ant\u00e1rtico\u00bb, Canziani ratific\u00f3 que se descubri\u00f3 con datos satelitales, a partir de 1984&#8243;.<\/p>\n<p>La firma del protocolo de Montreal, en 1987, posibilit\u00f3 \u00abla prohibici\u00f3n de uso de las sustancias clorofluorocarbonos y la b\u00fasqueda de otros sustitutos m\u00e1s amigables con el ambiente, lo que se consider\u00f3 el gran \u00e9xito por parte de la humanidad para llegar a un acuerdo entre todos los pa\u00edses para proteger la capa de ozono\u00bb, explic\u00f3, por su parte, Carbajal.<\/p>\n<p>Este investigador destac\u00f3 que \u00abhay un indicio de recuperaci\u00f3n desde el agujero de ozono m\u00e1s grande que se dio en el 2006 hasta la fecha, hay una tendencia avalada por la evidencia cient\u00edfica\u00bb.<\/p>\n<p>Y agreg\u00f3 que \u00abfue m\u00e1s r\u00e1pida la degradaci\u00f3n que se dio antes del 2006 que la recuperaci\u00f3n, pero todo parece indicar que va en buen camino en los \u00faltimos tres a\u00f1os\u00bb.<\/p>\n<p>En este sentido, estas sustancias presentes en la ozonosfera \u00abtienen tiempos de vida media que superan los 50 a\u00f1os, hasta 100 o 120 a\u00f1os, o sea que todav\u00eda tenemos un poco m\u00e1s de tiempo para que contin\u00faen con la degradaci\u00f3n de la capa de ozono\u00bb.<\/p>\n<p>Canzioni coincidi\u00f3 con esta aseveraci\u00f3n, y agreg\u00f3 la diferencia existente entre la capa de ozono de 1980 y la actual: \u00abla de hoy respecto a la 1980 tiene mermas menores que la polar, pero mermas al fin que pueden llegar hasta el 10% en el Hemisferio Sur\u00bb.<\/p>\n<p><a title=\"polos\" href=\"https:\/\/www.flickr.com\/photos\/182279889@N02\/52621197388\/in\/dateposted-public\/\" data-flickr-embed=\"true\"><img loading=\"lazy\" decoding=\"async\" src=\"https:\/\/live.staticflickr.com\/65535\/52621197388_7d3dae9a0b_c.jpg\" alt=\"polos\" width=\"800\" height=\"450\" \/><\/a><script async src=\"\/\/embedr.flickr.com\/assets\/client-code.js\" charset=\"utf-8\"><\/script><br \/>\nCon respecto a la recuperaci\u00f3n, Carbajal sostuvo que \u00abse va por buen camino pero es lento. Se espera en la comunidad empezar a ver los signos m\u00e1s visibles de la recuperaci\u00f3n a partir del 2030, y ya en 2050 se espera que volvamos a aproximadamente lo que era la capa de ozono en los a\u00f1os 80, aproximadamente\u00bb.<\/p>\n<p>En tanto, el informe de la ONU se\u00f1al\u00f3 que esta prohibici\u00f3n contribuy\u00f3 a que se recupere de forma notable en la estratosfera superior y a que disminuya la exposici\u00f3n de las personas a la radiaci\u00f3n ultravioleta (UV) nociva del sol.<\/p>\n<p>Esto posibilita que la zona de la estrat\u00f3sfera terrestre que contiene una concentraci\u00f3n relativamente alta de ozono se recupere en la Ant\u00e1rtida para 2066, en el \u00c1rtico para 2045, y en el resto del mundo para 2040.<\/p>\n<p>Asimismo, una enmienda aprobada en 2016 al Protocolo de Montreal, confeccionado para la protecci\u00f3n de la capa de ozono, exig\u00eda la eliminaci\u00f3n paulatina del uso de hidrofluorocarburos (HFC), que aunque no da\u00f1an el ozono de forma directa s\u00ed contribuyen al cambio clim\u00e1tico.<\/p>\n<p>\u00abEstas sustancias que destruyen la capa de ozono, principalmente los clorofluorocarburos, tienen \u00e1tomos de cloro que al llegar a la estratosfera se rompen sus enlaces, liberan cloro, ese cloro act\u00faa como un catalizador y destruye la capa de ozono. Ese cloro puede permanecer desde 30 hasta 120 a\u00f1os en la estratosfera\u00bb, se\u00f1al\u00f3 Carbajal.<\/p>\n<p>Es posible encontrar este tipo de compuesto \u00aben la refrigeraci\u00f3n para las heladeras o en los equipos de aire acondicionado. Tambi\u00e9n se usaban mucho en la industria electr\u00f3nica, en agentes espumantes, aerosoles y perfumes\u00bb.<\/p>\n<p>\u00abTodo este tipo de industria estaba enfocada en este tipo de de compuestos\u00bb, sostuvo el investigador.<\/p>\n<p>A su vez, si bien \u00abtodos estamos inmersos en esta problem\u00e1tica global\u00bb, sostuvo Carbajal, los efectos de la degradaci\u00f3n de la capa de ozono en el hemisferio sur tienen \u00abun mayor impacto en la zona de la Ant\u00e1rtida, cerca de Tierra del Fuego, donde es demasiado grande el agujero\u00bb.<\/p>\n<p>Tambi\u00e9n en el norte del pa\u00eds, como la zona de los Andes o La Quiaca, en Jujuy, \u00abest\u00e1n recibiendo bastante radiaci\u00f3n ultravioleta, no solamente por la degradaci\u00f3n del agujero de ozono, sino por la cercan\u00eda con los tr\u00f3picos y la altura\u00bb.<\/p>\n<p>Entre los efectos de la degradaci\u00f3n de la capa de ozono en las personas, el investigador destac\u00f3 el c\u00e1ncer de piel y las cataratas, debido a \u00ablos efectos a largo plazo que producen la exposici\u00f3n a la radiaci\u00f3n ultravioleta\u00bb.<\/p>\n<p>\u00bfCu\u00e1l es la importancia de la capa de ozono, consult\u00f3 T\u00e9lam.<\/p>\n<p>\u00abSi no hubiera capa de ozono la tierra ser\u00eda como Marte. No habr\u00eda vida, no hab\u00eda vegetales, no hab\u00eda absolutamente nada. La radiaci\u00f3n ultravioleta tiene la virtud de quemar, de degradar, de romper mol\u00e9culas en la atm\u00f3sfera, por eso es tan importante la capa de ozono\u00bb, concluy\u00f3 Carbajal.<\/p>\n","protected":false},"excerpt":{"rendered":"<p>Cient\u00edficos argentinos afirmaron hoy que se ver\u00e1n \u00absignos m\u00e1s visibles en la recuperaci\u00f3n de la capa de ozono a partir de 2030\u00bb, al ser consultados sobre el informe de la ONU en el que se alent\u00f3 una recuperaci\u00f3n para el 2066 gracias a la prohibici\u00f3n del uso de sustancias qu\u00edmicas con el objetivo de mitigar [&hellip;]<\/p>\n","protected":false},"author":3,"featured_media":82530,"comment_status":"closed","ping_status":"closed","sticky":false,"template":"","format":"standard","meta":{"footnotes":""},"categories":[46],"tags":[],"class_list":["post-82529","post","type-post","status-publish","format-standard","has-post-thumbnail","hentry","category-ciencia-y-tecnologia"],"yoast_head":"<!-- This site is optimized with the Yoast SEO plugin v25.9 - https:\/\/yoast.com\/wordpress\/plugins\/seo\/ -->\n<title>Afirman que los efectos de la recuperaci\u00f3n de la capa de ozono ser\u00e1n visibles a partir de 2030 - Noticias Radio Reflejos<\/title>\n<meta name=\"robots\" content=\"index, follow, max-snippet:-1, max-image-preview:large, max-video-preview:-1\" \/>\n<link rel=\"canonical\" href=\"https:\/\/www.noticiasradioreflejos.com.ar\/2021\/afirman-que-los-efectos-de-la-recuperacion-de-la-capa-de-ozono-seran-visibles-a-partir-de-2030\/\" \/>\n<meta property=\"og:locale\" content=\"es_ES\" \/>\n<meta property=\"og:type\" content=\"article\" \/>\n<meta property=\"og:title\" content=\"Afirman que los efectos de la recuperaci\u00f3n de la capa de ozono ser\u00e1n visibles a partir de 2030 - Noticias Radio Reflejos\" \/>\n<meta property=\"og:description\" content=\"Cient\u00edficos argentinos afirmaron hoy que se ver\u00e1n \u00absignos m\u00e1s visibles en la recuperaci\u00f3n de la capa de ozono a partir de 2030\u00bb, al ser consultados sobre el informe de la ONU en el que se alent\u00f3 una recuperaci\u00f3n para el 2066 gracias a la prohibici\u00f3n del uso de sustancias qu\u00edmicas con el objetivo de mitigar [&hellip;]\" \/>\n<meta property=\"og:url\" content=\"https:\/\/www.noticiasradioreflejos.com.ar\/2021\/afirman-que-los-efectos-de-la-recuperacion-de-la-capa-de-ozono-seran-visibles-a-partir-de-2030\/\" \/>\n<meta property=\"og:site_name\" content=\"Noticias Radio Reflejos\" \/>\n<meta property=\"article:published_time\" content=\"2023-01-11T11:41:34+00:00\" \/>\n<meta property=\"og:image\" content=\"https:\/\/www.noticiasradioreflejos.com.ar\/2021\/wp-content\/uploads\/2023\/01\/5be05b759ec83_1200.jpg\" \/>\n\t<meta property=\"og:image:width\" content=\"1004\" \/>\n\t<meta property=\"og:image:height\" content=\"565\" \/>\n\t<meta property=\"og:image:type\" content=\"image\/jpeg\" \/>\n<meta name=\"author\" content=\"Arnaldo Botto\" \/>\n<meta name=\"twitter:card\" content=\"summary_large_image\" \/>\n<script type=\"application\/ld+json\" class=\"yoast-schema-graph\">{\"@context\":\"https:\/\/schema.org\",\"@graph\":[{\"@type\":\"WebPage\",\"@id\":\"https:\/\/www.noticiasradioreflejos.com.ar\/2021\/afirman-que-los-efectos-de-la-recuperacion-de-la-capa-de-ozono-seran-visibles-a-partir-de-2030\/\",\"url\":\"https:\/\/www.noticiasradioreflejos.com.ar\/2021\/afirman-que-los-efectos-de-la-recuperacion-de-la-capa-de-ozono-seran-visibles-a-partir-de-2030\/\",\"name\":\"Afirman que los efectos de la recuperaci\u00f3n de la capa de ozono ser\u00e1n visibles a partir de 2030 - Noticias Radio Reflejos\",\"isPartOf\":{\"@id\":\"https:\/\/www.noticiasradioreflejos.com.ar\/2021\/#website\"},\"primaryImageOfPage\":{\"@id\":\"https:\/\/www.noticiasradioreflejos.com.ar\/2021\/afirman-que-los-efectos-de-la-recuperacion-de-la-capa-de-ozono-seran-visibles-a-partir-de-2030\/#primaryimage\"},\"image\":{\"@id\":\"https:\/\/www.noticiasradioreflejos.com.ar\/2021\/afirman-que-los-efectos-de-la-recuperacion-de-la-capa-de-ozono-seran-visibles-a-partir-de-2030\/#primaryimage\"},\"thumbnailUrl\":\"https:\/\/www.noticiasradioreflejos.com.ar\/2021\/wp-content\/uploads\/2023\/01\/5be05b759ec83_1200.jpg\",\"datePublished\":\"2023-01-11T11:41:34+00:00\",\"author\":{\"@id\":\"https:\/\/www.noticiasradioreflejos.com.ar\/2021\/#\/schema\/person\/ad82545263dcc5ec0996818884fd5fb1\"},\"breadcrumb\":{\"@id\":\"https:\/\/www.noticiasradioreflejos.com.ar\/2021\/afirman-que-los-efectos-de-la-recuperacion-de-la-capa-de-ozono-seran-visibles-a-partir-de-2030\/#breadcrumb\"},\"inLanguage\":\"es\",\"potentialAction\":[{\"@type\":\"ReadAction\",\"target\":[\"https:\/\/www.noticiasradioreflejos.com.ar\/2021\/afirman-que-los-efectos-de-la-recuperacion-de-la-capa-de-ozono-seran-visibles-a-partir-de-2030\/\"]}]},{\"@type\":\"ImageObject\",\"inLanguage\":\"es\",\"@id\":\"https:\/\/www.noticiasradioreflejos.com.ar\/2021\/afirman-que-los-efectos-de-la-recuperacion-de-la-capa-de-ozono-seran-visibles-a-partir-de-2030\/#primaryimage\",\"url\":\"https:\/\/www.noticiasradioreflejos.com.ar\/2021\/wp-content\/uploads\/2023\/01\/5be05b759ec83_1200.jpg\",\"contentUrl\":\"https:\/\/www.noticiasradioreflejos.com.ar\/2021\/wp-content\/uploads\/2023\/01\/5be05b759ec83_1200.jpg\",\"width\":1004,\"height\":565},{\"@type\":\"BreadcrumbList\",\"@id\":\"https:\/\/www.noticiasradioreflejos.com.ar\/2021\/afirman-que-los-efectos-de-la-recuperacion-de-la-capa-de-ozono-seran-visibles-a-partir-de-2030\/#breadcrumb\",\"itemListElement\":[{\"@type\":\"ListItem\",\"position\":1,\"name\":\"Portada\",\"item\":\"https:\/\/www.noticiasradioreflejos.com.ar\/2021\/\"},{\"@type\":\"ListItem\",\"position\":2,\"name\":\"Afirman que los efectos de la recuperaci\u00f3n de la capa de ozono ser\u00e1n visibles a partir de 2030\"}]},{\"@type\":\"WebSite\",\"@id\":\"https:\/\/www.noticiasradioreflejos.com.ar\/2021\/#website\",\"url\":\"https:\/\/www.noticiasradioreflejos.com.ar\/2021\/\",\"name\":\"Noticias Radio Reflejos\",\"description\":\"Las noticias de mi comarca\",\"potentialAction\":[{\"@type\":\"SearchAction\",\"target\":{\"@type\":\"EntryPoint\",\"urlTemplate\":\"https:\/\/www.noticiasradioreflejos.com.ar\/2021\/?s={search_term_string}\"},\"query-input\":{\"@type\":\"PropertyValueSpecification\",\"valueRequired\":true,\"valueName\":\"search_term_string\"}}],\"inLanguage\":\"es\"},{\"@type\":\"Person\",\"@id\":\"https:\/\/www.noticiasradioreflejos.com.ar\/2021\/#\/schema\/person\/ad82545263dcc5ec0996818884fd5fb1\",\"name\":\"Arnaldo Botto\",\"image\":{\"@type\":\"ImageObject\",\"inLanguage\":\"es\",\"@id\":\"https:\/\/www.noticiasradioreflejos.com.ar\/2021\/#\/schema\/person\/image\/\",\"url\":\"https:\/\/secure.gravatar.com\/avatar\/55cb5e37c1efa326397366e6974cb338056df65cb50e7d64d1cf314e87504837?s=96&d=mm&r=g\",\"contentUrl\":\"https:\/\/secure.gravatar.com\/avatar\/55cb5e37c1efa326397366e6974cb338056df65cb50e7d64d1cf314e87504837?s=96&d=mm&r=g\",\"caption\":\"Arnaldo Botto\"},\"url\":\"https:\/\/www.noticiasradioreflejos.com.ar\/2021\/author\/arnaldo\/\"}]}<\/script>\n<!-- \/ Yoast SEO plugin. -->","yoast_head_json":{"title":"Afirman que los efectos de la recuperaci\u00f3n de la capa de ozono ser\u00e1n visibles a partir de 2030 - Noticias Radio Reflejos","robots":{"index":"index","follow":"follow","max-snippet":"max-snippet:-1","max-image-preview":"max-image-preview:large","max-video-preview":"max-video-preview:-1"},"canonical":"https:\/\/www.noticiasradioreflejos.com.ar\/2021\/afirman-que-los-efectos-de-la-recuperacion-de-la-capa-de-ozono-seran-visibles-a-partir-de-2030\/","og_locale":"es_ES","og_type":"article","og_title":"Afirman que los efectos de la recuperaci\u00f3n de la capa de ozono ser\u00e1n visibles a partir de 2030 - Noticias Radio Reflejos","og_description":"Cient\u00edficos argentinos afirmaron hoy que se ver\u00e1n \u00absignos m\u00e1s visibles en la recuperaci\u00f3n de la capa de ozono a partir de 2030\u00bb, al ser consultados sobre el informe de la ONU en el que se alent\u00f3 una recuperaci\u00f3n para el 2066 gracias a la prohibici\u00f3n del uso de sustancias qu\u00edmicas con el objetivo de mitigar [&hellip;]","og_url":"https:\/\/www.noticiasradioreflejos.com.ar\/2021\/afirman-que-los-efectos-de-la-recuperacion-de-la-capa-de-ozono-seran-visibles-a-partir-de-2030\/","og_site_name":"Noticias Radio Reflejos","article_published_time":"2023-01-11T11:41:34+00:00","og_image":[{"width":1004,"height":565,"url":"https:\/\/www.noticiasradioreflejos.com.ar\/2021\/wp-content\/uploads\/2023\/01\/5be05b759ec83_1200.jpg","type":"image\/jpeg"}],"author":"Arnaldo Botto","twitter_card":"summary_large_image","schema":{"@context":"https:\/\/schema.org","@graph":[{"@type":"WebPage","@id":"https:\/\/www.noticiasradioreflejos.com.ar\/2021\/afirman-que-los-efectos-de-la-recuperacion-de-la-capa-de-ozono-seran-visibles-a-partir-de-2030\/","url":"https:\/\/www.noticiasradioreflejos.com.ar\/2021\/afirman-que-los-efectos-de-la-recuperacion-de-la-capa-de-ozono-seran-visibles-a-partir-de-2030\/","name":"Afirman que los efectos de la recuperaci\u00f3n de la capa de ozono ser\u00e1n visibles a partir de 2030 - Noticias Radio Reflejos","isPartOf":{"@id":"https:\/\/www.noticiasradioreflejos.com.ar\/2021\/#website"},"primaryImageOfPage":{"@id":"https:\/\/www.noticiasradioreflejos.com.ar\/2021\/afirman-que-los-efectos-de-la-recuperacion-de-la-capa-de-ozono-seran-visibles-a-partir-de-2030\/#primaryimage"},"image":{"@id":"https:\/\/www.noticiasradioreflejos.com.ar\/2021\/afirman-que-los-efectos-de-la-recuperacion-de-la-capa-de-ozono-seran-visibles-a-partir-de-2030\/#primaryimage"},"thumbnailUrl":"https:\/\/www.noticiasradioreflejos.com.ar\/2021\/wp-content\/uploads\/2023\/01\/5be05b759ec83_1200.jpg","datePublished":"2023-01-11T11:41:34+00:00","author":{"@id":"https:\/\/www.noticiasradioreflejos.com.ar\/2021\/#\/schema\/person\/ad82545263dcc5ec0996818884fd5fb1"},"breadcrumb":{"@id":"https:\/\/www.noticiasradioreflejos.com.ar\/2021\/afirman-que-los-efectos-de-la-recuperacion-de-la-capa-de-ozono-seran-visibles-a-partir-de-2030\/#breadcrumb"},"inLanguage":"es","potentialAction":[{"@type":"ReadAction","target":["https:\/\/www.noticiasradioreflejos.com.ar\/2021\/afirman-que-los-efectos-de-la-recuperacion-de-la-capa-de-ozono-seran-visibles-a-partir-de-2030\/"]}]},{"@type":"ImageObject","inLanguage":"es","@id":"https:\/\/www.noticiasradioreflejos.com.ar\/2021\/afirman-que-los-efectos-de-la-recuperacion-de-la-capa-de-ozono-seran-visibles-a-partir-de-2030\/#primaryimage","url":"https:\/\/www.noticiasradioreflejos.com.ar\/2021\/wp-content\/uploads\/2023\/01\/5be05b759ec83_1200.jpg","contentUrl":"https:\/\/www.noticiasradioreflejos.com.ar\/2021\/wp-content\/uploads\/2023\/01\/5be05b759ec83_1200.jpg","width":1004,"height":565},{"@type":"BreadcrumbList","@id":"https:\/\/www.noticiasradioreflejos.com.ar\/2021\/afirman-que-los-efectos-de-la-recuperacion-de-la-capa-de-ozono-seran-visibles-a-partir-de-2030\/#breadcrumb","itemListElement":[{"@type":"ListItem","position":1,"name":"Portada","item":"https:\/\/www.noticiasradioreflejos.com.ar\/2021\/"},{"@type":"ListItem","position":2,"name":"Afirman que los efectos de la recuperaci\u00f3n de la capa de ozono ser\u00e1n visibles a partir de 2030"}]},{"@type":"WebSite","@id":"https:\/\/www.noticiasradioreflejos.com.ar\/2021\/#website","url":"https:\/\/www.noticiasradioreflejos.com.ar\/2021\/","name":"Noticias Radio Reflejos","description":"Las noticias de mi comarca","potentialAction":[{"@type":"SearchAction","target":{"@type":"EntryPoint","urlTemplate":"https:\/\/www.noticiasradioreflejos.com.ar\/2021\/?s={search_term_string}"},"query-input":{"@type":"PropertyValueSpecification","valueRequired":true,"valueName":"search_term_string"}}],"inLanguage":"es"},{"@type":"Person","@id":"https:\/\/www.noticiasradioreflejos.com.ar\/2021\/#\/schema\/person\/ad82545263dcc5ec0996818884fd5fb1","name":"Arnaldo Botto","image":{"@type":"ImageObject","inLanguage":"es","@id":"https:\/\/www.noticiasradioreflejos.com.ar\/2021\/#\/schema\/person\/image\/","url":"https:\/\/secure.gravatar.com\/avatar\/55cb5e37c1efa326397366e6974cb338056df65cb50e7d64d1cf314e87504837?s=96&d=mm&r=g","contentUrl":"https:\/\/secure.gravatar.com\/avatar\/55cb5e37c1efa326397366e6974cb338056df65cb50e7d64d1cf314e87504837?s=96&d=mm&r=g","caption":"Arnaldo Botto"},"url":"https:\/\/www.noticiasradioreflejos.com.ar\/2021\/author\/arnaldo\/"}]}},"_links":{"self":[{"href":"https:\/\/www.noticiasradioreflejos.com.ar\/2021\/wp-json\/wp\/v2\/posts\/82529","targetHints":{"allow":["GET"]}}],"collection":[{"href":"https:\/\/www.noticiasradioreflejos.com.ar\/2021\/wp-json\/wp\/v2\/posts"}],"about":[{"href":"https:\/\/www.noticiasradioreflejos.com.ar\/2021\/wp-json\/wp\/v2\/types\/post"}],"author":[{"embeddable":true,"href":"https:\/\/www.noticiasradioreflejos.com.ar\/2021\/wp-json\/wp\/v2\/users\/3"}],"replies":[{"embeddable":true,"href":"https:\/\/www.noticiasradioreflejos.com.ar\/2021\/wp-json\/wp\/v2\/comments?post=82529"}],"version-history":[{"count":1,"href":"https:\/\/www.noticiasradioreflejos.com.ar\/2021\/wp-json\/wp\/v2\/posts\/82529\/revisions"}],"predecessor-version":[{"id":82531,"href":"https:\/\/www.noticiasradioreflejos.com.ar\/2021\/wp-json\/wp\/v2\/posts\/82529\/revisions\/82531"}],"wp:featuredmedia":[{"embeddable":true,"href":"https:\/\/www.noticiasradioreflejos.com.ar\/2021\/wp-json\/wp\/v2\/media\/82530"}],"wp:attachment":[{"href":"https:\/\/www.noticiasradioreflejos.com.ar\/2021\/wp-json\/wp\/v2\/media?parent=82529"}],"wp:term":[{"taxonomy":"category","embeddable":true,"href":"https:\/\/www.noticiasradioreflejos.com.ar\/2021\/wp-json\/wp\/v2\/categories?post=82529"},{"taxonomy":"post_tag","embeddable":true,"href":"https:\/\/www.noticiasradioreflejos.com.ar\/2021\/wp-json\/wp\/v2\/tags?post=82529"}],"curies":[{"name":"wp","href":"https:\/\/api.w.org\/{rel}","templated":true}]}}