{"id":82472,"date":"2023-01-10T01:12:42","date_gmt":"2023-01-10T01:12:42","guid":{"rendered":"https:\/\/www.noticiasradioreflejos.com.ar\/2021\/?p=82472"},"modified":"2023-01-10T11:24:07","modified_gmt":"2023-01-10T11:24:07","slug":"bomberos-de-sierra-y-saldungaray-acuden-a-un-incendio-de-un-motorhome-en-frapal","status":"publish","type":"post","link":"https:\/\/www.noticiasradioreflejos.com.ar\/2021\/bomberos-de-sierra-y-saldungaray-acuden-a-un-incendio-de-un-motorhome-en-frapal\/","title":{"rendered":"Un motor home se incendi\u00f3 en forma total en Frapal."},"content":{"rendered":"<p>El toque de sirena fue a las 9,50 de este lunes, las p\u00e9rdidas fueron totales y no hubo heridos.<!--more--><\/p>\n<p><a title=\"motor home (1)\" href=\"https:\/\/www.flickr.com\/photos\/182279889@N02\/52618322867\/in\/dateposted-public\/\" data-flickr-embed=\"true\"><img loading=\"lazy\" decoding=\"async\" src=\"https:\/\/live.staticflickr.com\/65535\/52618322867_a89a33d468_c.jpg\" alt=\"motor home (1)\" width=\"800\" height=\"600\" \/><\/a><\/p>\n<p>Un colectivo convertido en Motor Home perteneciente a una empresa de parques de diversiones que\u00a0 viajaba\u00a0 de Sierra de la Ventana a Roca se incendio completamente a metros de la rotonda de las rutas 51 y 72 en Paraje Frapal.<\/p>\n<div class=\"adserver-zonas-noticias\" data-index=\"2\">Al siniestro concurrieron bomberos de Saldungaray, Sierra de la Ventana \u00a0y Pringles que, cuando llegaron al lugar se encontraron con el veh\u00edculo envuelto en llamas. Viajaban 4 personas en el Motor Home y todos resultaron ilesos.<\/div>\n<div class=\"adserver-zonas-noticias\" data-index=\"4\">Las p\u00e9rdidas fueron totales y de acuerdo a los pasajeros de la unidad, el fuego se origin\u00f3 en el sector del motor a ra\u00edz de un desperfecto el\u00e9ctrico .<\/div>\n<div data-index=\"4\">La ruta 51 permaneci\u00f3 cortada hasta cerca de la medianoche.<\/div>\n<p><iframe loading=\"lazy\" title=\"Bomberos de Sierra y Saldungaray acuden a un incendio en un motor home en Frapal\" src=\"https:\/\/www.youtube.com\/embed\/Yub-gaFGbJA\" width=\"869\" height=\"478\" frameborder=\"0\" allowfullscreen=\"allowfullscreen\"><\/iframe><\/p>\n<div data-index=\"4\"><strong>Fotos y Video de Bomberos de Saldungaray<\/strong><\/div>\n<div data-index=\"4\"><\/div>\n<div data-index=\"4\"><\/div>\n","protected":false},"excerpt":{"rendered":"<p>El toque de sirena fue a las 9,50 de este lunes, las p\u00e9rdidas fueron totales y no hubo heridos.<\/p>\n","protected":false},"author":3,"featured_media":0,"comment_status":"closed","ping_status":"closed","sticky":false,"template":"","format":"standard","meta":{"footnotes":""},"categories":[29,26],"tags":[48],"class_list":["post-82472","post","type-post","status-publish","format-standard","hentry","category-policiales","category-sociedad","tag-destacada"],"yoast_head":"<!-- This site is optimized with the Yoast SEO plugin v25.9 - https:\/\/yoast.com\/wordpress\/plugins\/seo\/ -->\n<title>Un motor home se incendi\u00f3 en forma total en Frapal. - Noticias Radio Reflejos<\/title>\n<meta name=\"robots\" content=\"index, follow, max-snippet:-1, max-image-preview:large, max-video-preview:-1\" \/>\n<link rel=\"canonical\" href=\"https:\/\/www.noticiasradioreflejos.com.ar\/2021\/bomberos-de-sierra-y-saldungaray-acuden-a-un-incendio-de-un-motorhome-en-frapal\/\" \/>\n<meta property=\"og:locale\" content=\"es_ES\" \/>\n<meta property=\"og:type\" content=\"article\" \/>\n<meta property=\"og:title\" content=\"Un motor home se incendi\u00f3 en forma total en Frapal. - Noticias Radio Reflejos\" \/>\n<meta property=\"og:description\" content=\"El toque de sirena fue a las 9,50 de este lunes, las p\u00e9rdidas fueron totales y no hubo heridos.\" \/>\n<meta property=\"og:url\" content=\"https:\/\/www.noticiasradioreflejos.com.ar\/2021\/bomberos-de-sierra-y-saldungaray-acuden-a-un-incendio-de-un-motorhome-en-frapal\/\" \/>\n<meta property=\"og:site_name\" content=\"Noticias Radio Reflejos\" \/>\n<meta property=\"article:published_time\" content=\"2023-01-10T01:12:42+00:00\" \/>\n<meta property=\"article:modified_time\" content=\"2023-01-10T11:24:07+00:00\" \/>\n<meta property=\"og:image\" content=\"https:\/\/live.staticflickr.com\/65535\/52618322867_a89a33d468_c.jpg\" \/>\n<meta name=\"author\" content=\"Arnaldo Botto\" \/>\n<meta name=\"twitter:card\" content=\"summary_large_image\" \/>\n<script type=\"application\/ld+json\" class=\"yoast-schema-graph\">{\"@context\":\"https:\/\/schema.org\",\"@graph\":[{\"@type\":\"WebPage\",\"@id\":\"https:\/\/www.noticiasradioreflejos.com.ar\/2021\/bomberos-de-sierra-y-saldungaray-acuden-a-un-incendio-de-un-motorhome-en-frapal\/\",\"url\":\"https:\/\/www.noticiasradioreflejos.com.ar\/2021\/bomberos-de-sierra-y-saldungaray-acuden-a-un-incendio-de-un-motorhome-en-frapal\/\",\"name\":\"Un motor home se incendi\u00f3 en forma total en Frapal. - Noticias Radio Reflejos\",\"isPartOf\":{\"@id\":\"https:\/\/www.noticiasradioreflejos.com.ar\/2021\/#website\"},\"primaryImageOfPage\":{\"@id\":\"https:\/\/www.noticiasradioreflejos.com.ar\/2021\/bomberos-de-sierra-y-saldungaray-acuden-a-un-incendio-de-un-motorhome-en-frapal\/#primaryimage\"},\"image\":{\"@id\":\"https:\/\/www.noticiasradioreflejos.com.ar\/2021\/bomberos-de-sierra-y-saldungaray-acuden-a-un-incendio-de-un-motorhome-en-frapal\/#primaryimage\"},\"thumbnailUrl\":\"https:\/\/live.staticflickr.com\/65535\/52618322867_a89a33d468_c.jpg\",\"datePublished\":\"2023-01-10T01:12:42+00:00\",\"dateModified\":\"2023-01-10T11:24:07+00:00\",\"author\":{\"@id\":\"https:\/\/www.noticiasradioreflejos.com.ar\/2021\/#\/schema\/person\/ad82545263dcc5ec0996818884fd5fb1\"},\"breadcrumb\":{\"@id\":\"https:\/\/www.noticiasradioreflejos.com.ar\/2021\/bomberos-de-sierra-y-saldungaray-acuden-a-un-incendio-de-un-motorhome-en-frapal\/#breadcrumb\"},\"inLanguage\":\"es\",\"potentialAction\":[{\"@type\":\"ReadAction\",\"target\":[\"https:\/\/www.noticiasradioreflejos.com.ar\/2021\/bomberos-de-sierra-y-saldungaray-acuden-a-un-incendio-de-un-motorhome-en-frapal\/\"]}]},{\"@type\":\"ImageObject\",\"inLanguage\":\"es\",\"@id\":\"https:\/\/www.noticiasradioreflejos.com.ar\/2021\/bomberos-de-sierra-y-saldungaray-acuden-a-un-incendio-de-un-motorhome-en-frapal\/#primaryimage\",\"url\":\"https:\/\/live.staticflickr.com\/65535\/52618322867_a89a33d468_c.jpg\",\"contentUrl\":\"https:\/\/live.staticflickr.com\/65535\/52618322867_a89a33d468_c.jpg\"},{\"@type\":\"BreadcrumbList\",\"@id\":\"https:\/\/www.noticiasradioreflejos.com.ar\/2021\/bomberos-de-sierra-y-saldungaray-acuden-a-un-incendio-de-un-motorhome-en-frapal\/#breadcrumb\",\"itemListElement\":[{\"@type\":\"ListItem\",\"position\":1,\"name\":\"Portada\",\"item\":\"https:\/\/www.noticiasradioreflejos.com.ar\/2021\/\"},{\"@type\":\"ListItem\",\"position\":2,\"name\":\"Un motor home se incendi\u00f3 en forma total en Frapal.\"}]},{\"@type\":\"WebSite\",\"@id\":\"https:\/\/www.noticiasradioreflejos.com.ar\/2021\/#website\",\"url\":\"https:\/\/www.noticiasradioreflejos.com.ar\/2021\/\",\"name\":\"Noticias Radio Reflejos\",\"description\":\"Las noticias de mi comarca\",\"potentialAction\":[{\"@type\":\"SearchAction\",\"target\":{\"@type\":\"EntryPoint\",\"urlTemplate\":\"https:\/\/www.noticiasradioreflejos.com.ar\/2021\/?s={search_term_string}\"},\"query-input\":{\"@type\":\"PropertyValueSpecification\",\"valueRequired\":true,\"valueName\":\"search_term_string\"}}],\"inLanguage\":\"es\"},{\"@type\":\"Person\",\"@id\":\"https:\/\/www.noticiasradioreflejos.com.ar\/2021\/#\/schema\/person\/ad82545263dcc5ec0996818884fd5fb1\",\"name\":\"Arnaldo Botto\",\"image\":{\"@type\":\"ImageObject\",\"inLanguage\":\"es\",\"@id\":\"https:\/\/www.noticiasradioreflejos.com.ar\/2021\/#\/schema\/person\/image\/\",\"url\":\"https:\/\/secure.gravatar.com\/avatar\/55cb5e37c1efa326397366e6974cb338056df65cb50e7d64d1cf314e87504837?s=96&d=mm&r=g\",\"contentUrl\":\"https:\/\/secure.gravatar.com\/avatar\/55cb5e37c1efa326397366e6974cb338056df65cb50e7d64d1cf314e87504837?s=96&d=mm&r=g\",\"caption\":\"Arnaldo Botto\"},\"url\":\"https:\/\/www.noticiasradioreflejos.com.ar\/2021\/author\/arnaldo\/\"}]}<\/script>\n<!-- \/ Yoast SEO plugin. -->","yoast_head_json":{"title":"Un motor home se incendi\u00f3 en forma total en Frapal. - Noticias Radio Reflejos","robots":{"index":"index","follow":"follow","max-snippet":"max-snippet:-1","max-image-preview":"max-image-preview:large","max-video-preview":"max-video-preview:-1"},"canonical":"https:\/\/www.noticiasradioreflejos.com.ar\/2021\/bomberos-de-sierra-y-saldungaray-acuden-a-un-incendio-de-un-motorhome-en-frapal\/","og_locale":"es_ES","og_type":"article","og_title":"Un motor home se incendi\u00f3 en forma total en Frapal. - Noticias Radio Reflejos","og_description":"El toque de sirena fue a las 9,50 de este lunes, las p\u00e9rdidas fueron totales y no hubo heridos.","og_url":"https:\/\/www.noticiasradioreflejos.com.ar\/2021\/bomberos-de-sierra-y-saldungaray-acuden-a-un-incendio-de-un-motorhome-en-frapal\/","og_site_name":"Noticias Radio Reflejos","article_published_time":"2023-01-10T01:12:42+00:00","article_modified_time":"2023-01-10T11:24:07+00:00","og_image":[{"url":"https:\/\/live.staticflickr.com\/65535\/52618322867_a89a33d468_c.jpg","type":"","width":"","height":""}],"author":"Arnaldo Botto","twitter_card":"summary_large_image","schema":{"@context":"https:\/\/schema.org","@graph":[{"@type":"WebPage","@id":"https:\/\/www.noticiasradioreflejos.com.ar\/2021\/bomberos-de-sierra-y-saldungaray-acuden-a-un-incendio-de-un-motorhome-en-frapal\/","url":"https:\/\/www.noticiasradioreflejos.com.ar\/2021\/bomberos-de-sierra-y-saldungaray-acuden-a-un-incendio-de-un-motorhome-en-frapal\/","name":"Un motor home se incendi\u00f3 en forma total en Frapal. - Noticias Radio Reflejos","isPartOf":{"@id":"https:\/\/www.noticiasradioreflejos.com.ar\/2021\/#website"},"primaryImageOfPage":{"@id":"https:\/\/www.noticiasradioreflejos.com.ar\/2021\/bomberos-de-sierra-y-saldungaray-acuden-a-un-incendio-de-un-motorhome-en-frapal\/#primaryimage"},"image":{"@id":"https:\/\/www.noticiasradioreflejos.com.ar\/2021\/bomberos-de-sierra-y-saldungaray-acuden-a-un-incendio-de-un-motorhome-en-frapal\/#primaryimage"},"thumbnailUrl":"https:\/\/live.staticflickr.com\/65535\/52618322867_a89a33d468_c.jpg","datePublished":"2023-01-10T01:12:42+00:00","dateModified":"2023-01-10T11:24:07+00:00","author":{"@id":"https:\/\/www.noticiasradioreflejos.com.ar\/2021\/#\/schema\/person\/ad82545263dcc5ec0996818884fd5fb1"},"breadcrumb":{"@id":"https:\/\/www.noticiasradioreflejos.com.ar\/2021\/bomberos-de-sierra-y-saldungaray-acuden-a-un-incendio-de-un-motorhome-en-frapal\/#breadcrumb"},"inLanguage":"es","potentialAction":[{"@type":"ReadAction","target":["https:\/\/www.noticiasradioreflejos.com.ar\/2021\/bomberos-de-sierra-y-saldungaray-acuden-a-un-incendio-de-un-motorhome-en-frapal\/"]}]},{"@type":"ImageObject","inLanguage":"es","@id":"https:\/\/www.noticiasradioreflejos.com.ar\/2021\/bomberos-de-sierra-y-saldungaray-acuden-a-un-incendio-de-un-motorhome-en-frapal\/#primaryimage","url":"https:\/\/live.staticflickr.com\/65535\/52618322867_a89a33d468_c.jpg","contentUrl":"https:\/\/live.staticflickr.com\/65535\/52618322867_a89a33d468_c.jpg"},{"@type":"BreadcrumbList","@id":"https:\/\/www.noticiasradioreflejos.com.ar\/2021\/bomberos-de-sierra-y-saldungaray-acuden-a-un-incendio-de-un-motorhome-en-frapal\/#breadcrumb","itemListElement":[{"@type":"ListItem","position":1,"name":"Portada","item":"https:\/\/www.noticiasradioreflejos.com.ar\/2021\/"},{"@type":"ListItem","position":2,"name":"Un motor home se incendi\u00f3 en forma total en Frapal."}]},{"@type":"WebSite","@id":"https:\/\/www.noticiasradioreflejos.com.ar\/2021\/#website","url":"https:\/\/www.noticiasradioreflejos.com.ar\/2021\/","name":"Noticias Radio Reflejos","description":"Las noticias de mi comarca","potentialAction":[{"@type":"SearchAction","target":{"@type":"EntryPoint","urlTemplate":"https:\/\/www.noticiasradioreflejos.com.ar\/2021\/?s={search_term_string}"},"query-input":{"@type":"PropertyValueSpecification","valueRequired":true,"valueName":"search_term_string"}}],"inLanguage":"es"},{"@type":"Person","@id":"https:\/\/www.noticiasradioreflejos.com.ar\/2021\/#\/schema\/person\/ad82545263dcc5ec0996818884fd5fb1","name":"Arnaldo Botto","image":{"@type":"ImageObject","inLanguage":"es","@id":"https:\/\/www.noticiasradioreflejos.com.ar\/2021\/#\/schema\/person\/image\/","url":"https:\/\/secure.gravatar.com\/avatar\/55cb5e37c1efa326397366e6974cb338056df65cb50e7d64d1cf314e87504837?s=96&d=mm&r=g","contentUrl":"https:\/\/secure.gravatar.com\/avatar\/55cb5e37c1efa326397366e6974cb338056df65cb50e7d64d1cf314e87504837?s=96&d=mm&r=g","caption":"Arnaldo Botto"},"url":"https:\/\/www.noticiasradioreflejos.com.ar\/2021\/author\/arnaldo\/"}]}},"_links":{"self":[{"href":"https:\/\/www.noticiasradioreflejos.com.ar\/2021\/wp-json\/wp\/v2\/posts\/82472","targetHints":{"allow":["GET"]}}],"collection":[{"href":"https:\/\/www.noticiasradioreflejos.com.ar\/2021\/wp-json\/wp\/v2\/posts"}],"about":[{"href":"https:\/\/www.noticiasradioreflejos.com.ar\/2021\/wp-json\/wp\/v2\/types\/post"}],"author":[{"embeddable":true,"href":"https:\/\/www.noticiasradioreflejos.com.ar\/2021\/wp-json\/wp\/v2\/users\/3"}],"replies":[{"embeddable":true,"href":"https:\/\/www.noticiasradioreflejos.com.ar\/2021\/wp-json\/wp\/v2\/comments?post=82472"}],"version-history":[{"count":6,"href":"https:\/\/www.noticiasradioreflejos.com.ar\/2021\/wp-json\/wp\/v2\/posts\/82472\/revisions"}],"predecessor-version":[{"id":82479,"href":"https:\/\/www.noticiasradioreflejos.com.ar\/2021\/wp-json\/wp\/v2\/posts\/82472\/revisions\/82479"}],"wp:attachment":[{"href":"https:\/\/www.noticiasradioreflejos.com.ar\/2021\/wp-json\/wp\/v2\/media?parent=82472"}],"wp:term":[{"taxonomy":"category","embeddable":true,"href":"https:\/\/www.noticiasradioreflejos.com.ar\/2021\/wp-json\/wp\/v2\/categories?post=82472"},{"taxonomy":"post_tag","embeddable":true,"href":"https:\/\/www.noticiasradioreflejos.com.ar\/2021\/wp-json\/wp\/v2\/tags?post=82472"}],"curies":[{"name":"wp","href":"https:\/\/api.w.org\/{rel}","templated":true}]}}