{"id":82462,"date":"2023-01-09T23:08:43","date_gmt":"2023-01-09T23:08:43","guid":{"rendered":"https:\/\/www.noticiasradioreflejos.com.ar\/2021\/?p=82462"},"modified":"2023-01-09T23:08:43","modified_gmt":"2023-01-09T23:08:43","slug":"el-distrito-de-tornquist-se-encuentra-bajo-condicion-de-riesgo-de-incendio-extremo","status":"publish","type":"post","link":"https:\/\/www.noticiasradioreflejos.com.ar\/2021\/el-distrito-de-tornquist-se-encuentra-bajo-condicion-de-riesgo-de-incendio-extremo\/","title":{"rendered":"El distrito de Tornquist se encuentra bajo condici\u00f3n de riesgo de incendio Extremo"},"content":{"rendered":"<p>El alerta es anunciado por personal de Reservas Naturales de la regi\u00f3n.<!--more--><\/p>\n<p><a title=\"alerta de incendios (3)\" href=\"https:\/\/www.flickr.com\/photos\/182279889@N02\/52618031601\/in\/dateposted-public\/\" data-flickr-embed=\"true\"><img loading=\"lazy\" decoding=\"async\" src=\"https:\/\/live.staticflickr.com\/65535\/52618031601_9a972a6568_c.jpg\" alt=\"alerta de incendios (3)\" width=\"800\" height=\"800\" \/><\/a><script async src=\"\/\/embedr.flickr.com\/assets\/client-code.js\" charset=\"utf-8\"><\/script><br \/>\nLa Reserva Natural Sierras Grandes se ubica en este territorio junto al Parque Provincial Ernesto Tornquist, el Monumento Natural Cerro de la Ventana y el Monumento Natural Iguana de Cobre. Todas estas figuras de conservaci\u00f3n apuntan, fundamentalmente, a la preservaci\u00f3n del Pastizal Pampeano Serrano, un ambiente que s\u00f3lo existe en este lugar del planeta.<\/p>\n<p>Para evitar incendios forestales, es importante que tengas en cuenta estas recomendaciones:<br \/>\nEvita fumar y arrojar f\u00f3sforos, colillas o botellas rotas en el suelo ya que pueden ser un medio para generar fuego por la intensidad del sol.<\/p>\n<p>No arrojes basura en el campo, las botellas y trozos de vidrio act\u00faan como un incentivo a la producci\u00f3n del fuego.<\/p>\n<p>Si realiz\u00e1s una fogata en la Comarca Serrana, s\u00f3lo hacelo en fogones habilitados para tal fin y luego de apagarlo con agua, asegurarte de haberlo hecho correctamente removiendo las cenizas.<\/p>\n<p><iframe loading=\"lazy\" src=\"https:\/\/www.facebook.com\/plugins\/post.php?href=https%3A%2F%2Fwww.facebook.com%2FRNSIERRASGRANDES%2Fposts%2Fpfbid02ZcP1rkEQ5cewgLEA7n7oQfSwGohSUdv1NKcp58nW7bEDeJdECnXrhqV497AMXfBpl&#038;show_text=true&#038;width=500\" width=\"500\" height=\"793\" style=\"border:none;overflow:hidden\" scrolling=\"no\" frameborder=\"0\" allowfullscreen=\"true\" allow=\"autoplay; clipboard-write; encrypted-media; picture-in-picture; web-share\"><\/iframe><\/p>\n<p>Por emergencias, comunicarse al 100 o los siguientes n\u00fameros:<br \/>\nBomberos de Tornquist: (0291) 4941000<br \/>\nBomberos de Sierra de la Ventana: (0291) 4915123<br \/>\nBomberos de Villa Ventana: (0291) 4910103<br \/>\nBomberos de Saldungaray: (0291) 4916233<br \/>\nBomberos de Chasic\u00f3: (0291) 156420566<br \/>\nBomberos de Felipe Sola: (0291) 156490164<br \/>\nAYUDANOS A PREVENIR LOS<br \/>\nINCENDIOS FORESTALES<\/p>\n","protected":false},"excerpt":{"rendered":"<p>El alerta es anunciado por personal de Reservas Naturales de la regi\u00f3n.<\/p>\n","protected":false},"author":3,"featured_media":82463,"comment_status":"closed","ping_status":"closed","sticky":false,"template":"","format":"standard","meta":{"footnotes":""},"categories":[46,29,26,33],"tags":[48],"class_list":["post-82462","post","type-post","status-publish","format-standard","has-post-thumbnail","hentry","category-ciencia-y-tecnologia","category-policiales","category-sociedad","category-turismo","tag-destacada"],"yoast_head":"<!-- This site is optimized with the Yoast SEO plugin v25.9 - https:\/\/yoast.com\/wordpress\/plugins\/seo\/ -->\n<title>El distrito de Tornquist se encuentra bajo condici\u00f3n de riesgo de incendio Extremo - Noticias Radio Reflejos<\/title>\n<meta name=\"robots\" content=\"index, follow, max-snippet:-1, max-image-preview:large, max-video-preview:-1\" \/>\n<link rel=\"canonical\" href=\"https:\/\/www.noticiasradioreflejos.com.ar\/2021\/el-distrito-de-tornquist-se-encuentra-bajo-condicion-de-riesgo-de-incendio-extremo\/\" \/>\n<meta property=\"og:locale\" content=\"es_ES\" \/>\n<meta property=\"og:type\" content=\"article\" \/>\n<meta property=\"og:title\" content=\"El distrito de Tornquist se encuentra bajo condici\u00f3n de riesgo de incendio Extremo - Noticias Radio Reflejos\" \/>\n<meta property=\"og:description\" content=\"El alerta es anunciado por personal de Reservas Naturales de la regi\u00f3n.\" \/>\n<meta property=\"og:url\" content=\"https:\/\/www.noticiasradioreflejos.com.ar\/2021\/el-distrito-de-tornquist-se-encuentra-bajo-condicion-de-riesgo-de-incendio-extremo\/\" \/>\n<meta property=\"og:site_name\" content=\"Noticias Radio Reflejos\" \/>\n<meta property=\"article:published_time\" content=\"2023-01-09T23:08:43+00:00\" \/>\n<meta property=\"og:image\" content=\"https:\/\/www.noticiasradioreflejos.com.ar\/2021\/wp-content\/uploads\/2023\/01\/alerta-de-incendios-2.jpg\" \/>\n\t<meta property=\"og:image:width\" content=\"1080\" \/>\n\t<meta property=\"og:image:height\" content=\"1080\" \/>\n\t<meta property=\"og:image:type\" content=\"image\/jpeg\" \/>\n<meta name=\"author\" content=\"Arnaldo Botto\" \/>\n<meta name=\"twitter:card\" content=\"summary_large_image\" \/>\n<script type=\"application\/ld+json\" class=\"yoast-schema-graph\">{\"@context\":\"https:\/\/schema.org\",\"@graph\":[{\"@type\":\"WebPage\",\"@id\":\"https:\/\/www.noticiasradioreflejos.com.ar\/2021\/el-distrito-de-tornquist-se-encuentra-bajo-condicion-de-riesgo-de-incendio-extremo\/\",\"url\":\"https:\/\/www.noticiasradioreflejos.com.ar\/2021\/el-distrito-de-tornquist-se-encuentra-bajo-condicion-de-riesgo-de-incendio-extremo\/\",\"name\":\"El distrito de Tornquist se encuentra bajo condici\u00f3n de riesgo de incendio Extremo - Noticias Radio Reflejos\",\"isPartOf\":{\"@id\":\"https:\/\/www.noticiasradioreflejos.com.ar\/2021\/#website\"},\"primaryImageOfPage\":{\"@id\":\"https:\/\/www.noticiasradioreflejos.com.ar\/2021\/el-distrito-de-tornquist-se-encuentra-bajo-condicion-de-riesgo-de-incendio-extremo\/#primaryimage\"},\"image\":{\"@id\":\"https:\/\/www.noticiasradioreflejos.com.ar\/2021\/el-distrito-de-tornquist-se-encuentra-bajo-condicion-de-riesgo-de-incendio-extremo\/#primaryimage\"},\"thumbnailUrl\":\"https:\/\/www.noticiasradioreflejos.com.ar\/2021\/wp-content\/uploads\/2023\/01\/alerta-de-incendios-2.jpg\",\"datePublished\":\"2023-01-09T23:08:43+00:00\",\"author\":{\"@id\":\"https:\/\/www.noticiasradioreflejos.com.ar\/2021\/#\/schema\/person\/ad82545263dcc5ec0996818884fd5fb1\"},\"breadcrumb\":{\"@id\":\"https:\/\/www.noticiasradioreflejos.com.ar\/2021\/el-distrito-de-tornquist-se-encuentra-bajo-condicion-de-riesgo-de-incendio-extremo\/#breadcrumb\"},\"inLanguage\":\"es\",\"potentialAction\":[{\"@type\":\"ReadAction\",\"target\":[\"https:\/\/www.noticiasradioreflejos.com.ar\/2021\/el-distrito-de-tornquist-se-encuentra-bajo-condicion-de-riesgo-de-incendio-extremo\/\"]}]},{\"@type\":\"ImageObject\",\"inLanguage\":\"es\",\"@id\":\"https:\/\/www.noticiasradioreflejos.com.ar\/2021\/el-distrito-de-tornquist-se-encuentra-bajo-condicion-de-riesgo-de-incendio-extremo\/#primaryimage\",\"url\":\"https:\/\/www.noticiasradioreflejos.com.ar\/2021\/wp-content\/uploads\/2023\/01\/alerta-de-incendios-2.jpg\",\"contentUrl\":\"https:\/\/www.noticiasradioreflejos.com.ar\/2021\/wp-content\/uploads\/2023\/01\/alerta-de-incendios-2.jpg\",\"width\":1080,\"height\":1080},{\"@type\":\"BreadcrumbList\",\"@id\":\"https:\/\/www.noticiasradioreflejos.com.ar\/2021\/el-distrito-de-tornquist-se-encuentra-bajo-condicion-de-riesgo-de-incendio-extremo\/#breadcrumb\",\"itemListElement\":[{\"@type\":\"ListItem\",\"position\":1,\"name\":\"Portada\",\"item\":\"https:\/\/www.noticiasradioreflejos.com.ar\/2021\/\"},{\"@type\":\"ListItem\",\"position\":2,\"name\":\"El distrito de Tornquist se encuentra bajo condici\u00f3n de riesgo de incendio Extremo\"}]},{\"@type\":\"WebSite\",\"@id\":\"https:\/\/www.noticiasradioreflejos.com.ar\/2021\/#website\",\"url\":\"https:\/\/www.noticiasradioreflejos.com.ar\/2021\/\",\"name\":\"Noticias Radio Reflejos\",\"description\":\"Las noticias de mi comarca\",\"potentialAction\":[{\"@type\":\"SearchAction\",\"target\":{\"@type\":\"EntryPoint\",\"urlTemplate\":\"https:\/\/www.noticiasradioreflejos.com.ar\/2021\/?s={search_term_string}\"},\"query-input\":{\"@type\":\"PropertyValueSpecification\",\"valueRequired\":true,\"valueName\":\"search_term_string\"}}],\"inLanguage\":\"es\"},{\"@type\":\"Person\",\"@id\":\"https:\/\/www.noticiasradioreflejos.com.ar\/2021\/#\/schema\/person\/ad82545263dcc5ec0996818884fd5fb1\",\"name\":\"Arnaldo Botto\",\"image\":{\"@type\":\"ImageObject\",\"inLanguage\":\"es\",\"@id\":\"https:\/\/www.noticiasradioreflejos.com.ar\/2021\/#\/schema\/person\/image\/\",\"url\":\"https:\/\/secure.gravatar.com\/avatar\/55cb5e37c1efa326397366e6974cb338056df65cb50e7d64d1cf314e87504837?s=96&d=mm&r=g\",\"contentUrl\":\"https:\/\/secure.gravatar.com\/avatar\/55cb5e37c1efa326397366e6974cb338056df65cb50e7d64d1cf314e87504837?s=96&d=mm&r=g\",\"caption\":\"Arnaldo Botto\"},\"url\":\"https:\/\/www.noticiasradioreflejos.com.ar\/2021\/author\/arnaldo\/\"}]}<\/script>\n<!-- \/ Yoast SEO plugin. -->","yoast_head_json":{"title":"El distrito de Tornquist se encuentra bajo condici\u00f3n de riesgo de incendio Extremo - Noticias Radio Reflejos","robots":{"index":"index","follow":"follow","max-snippet":"max-snippet:-1","max-image-preview":"max-image-preview:large","max-video-preview":"max-video-preview:-1"},"canonical":"https:\/\/www.noticiasradioreflejos.com.ar\/2021\/el-distrito-de-tornquist-se-encuentra-bajo-condicion-de-riesgo-de-incendio-extremo\/","og_locale":"es_ES","og_type":"article","og_title":"El distrito de Tornquist se encuentra bajo condici\u00f3n de riesgo de incendio Extremo - Noticias Radio Reflejos","og_description":"El alerta es anunciado por personal de Reservas Naturales de la regi\u00f3n.","og_url":"https:\/\/www.noticiasradioreflejos.com.ar\/2021\/el-distrito-de-tornquist-se-encuentra-bajo-condicion-de-riesgo-de-incendio-extremo\/","og_site_name":"Noticias Radio Reflejos","article_published_time":"2023-01-09T23:08:43+00:00","og_image":[{"width":1080,"height":1080,"url":"https:\/\/www.noticiasradioreflejos.com.ar\/2021\/wp-content\/uploads\/2023\/01\/alerta-de-incendios-2.jpg","type":"image\/jpeg"}],"author":"Arnaldo Botto","twitter_card":"summary_large_image","schema":{"@context":"https:\/\/schema.org","@graph":[{"@type":"WebPage","@id":"https:\/\/www.noticiasradioreflejos.com.ar\/2021\/el-distrito-de-tornquist-se-encuentra-bajo-condicion-de-riesgo-de-incendio-extremo\/","url":"https:\/\/www.noticiasradioreflejos.com.ar\/2021\/el-distrito-de-tornquist-se-encuentra-bajo-condicion-de-riesgo-de-incendio-extremo\/","name":"El distrito de Tornquist se encuentra bajo condici\u00f3n de riesgo de incendio Extremo - Noticias Radio Reflejos","isPartOf":{"@id":"https:\/\/www.noticiasradioreflejos.com.ar\/2021\/#website"},"primaryImageOfPage":{"@id":"https:\/\/www.noticiasradioreflejos.com.ar\/2021\/el-distrito-de-tornquist-se-encuentra-bajo-condicion-de-riesgo-de-incendio-extremo\/#primaryimage"},"image":{"@id":"https:\/\/www.noticiasradioreflejos.com.ar\/2021\/el-distrito-de-tornquist-se-encuentra-bajo-condicion-de-riesgo-de-incendio-extremo\/#primaryimage"},"thumbnailUrl":"https:\/\/www.noticiasradioreflejos.com.ar\/2021\/wp-content\/uploads\/2023\/01\/alerta-de-incendios-2.jpg","datePublished":"2023-01-09T23:08:43+00:00","author":{"@id":"https:\/\/www.noticiasradioreflejos.com.ar\/2021\/#\/schema\/person\/ad82545263dcc5ec0996818884fd5fb1"},"breadcrumb":{"@id":"https:\/\/www.noticiasradioreflejos.com.ar\/2021\/el-distrito-de-tornquist-se-encuentra-bajo-condicion-de-riesgo-de-incendio-extremo\/#breadcrumb"},"inLanguage":"es","potentialAction":[{"@type":"ReadAction","target":["https:\/\/www.noticiasradioreflejos.com.ar\/2021\/el-distrito-de-tornquist-se-encuentra-bajo-condicion-de-riesgo-de-incendio-extremo\/"]}]},{"@type":"ImageObject","inLanguage":"es","@id":"https:\/\/www.noticiasradioreflejos.com.ar\/2021\/el-distrito-de-tornquist-se-encuentra-bajo-condicion-de-riesgo-de-incendio-extremo\/#primaryimage","url":"https:\/\/www.noticiasradioreflejos.com.ar\/2021\/wp-content\/uploads\/2023\/01\/alerta-de-incendios-2.jpg","contentUrl":"https:\/\/www.noticiasradioreflejos.com.ar\/2021\/wp-content\/uploads\/2023\/01\/alerta-de-incendios-2.jpg","width":1080,"height":1080},{"@type":"BreadcrumbList","@id":"https:\/\/www.noticiasradioreflejos.com.ar\/2021\/el-distrito-de-tornquist-se-encuentra-bajo-condicion-de-riesgo-de-incendio-extremo\/#breadcrumb","itemListElement":[{"@type":"ListItem","position":1,"name":"Portada","item":"https:\/\/www.noticiasradioreflejos.com.ar\/2021\/"},{"@type":"ListItem","position":2,"name":"El distrito de Tornquist se encuentra bajo condici\u00f3n de riesgo de incendio Extremo"}]},{"@type":"WebSite","@id":"https:\/\/www.noticiasradioreflejos.com.ar\/2021\/#website","url":"https:\/\/www.noticiasradioreflejos.com.ar\/2021\/","name":"Noticias Radio Reflejos","description":"Las noticias de mi comarca","potentialAction":[{"@type":"SearchAction","target":{"@type":"EntryPoint","urlTemplate":"https:\/\/www.noticiasradioreflejos.com.ar\/2021\/?s={search_term_string}"},"query-input":{"@type":"PropertyValueSpecification","valueRequired":true,"valueName":"search_term_string"}}],"inLanguage":"es"},{"@type":"Person","@id":"https:\/\/www.noticiasradioreflejos.com.ar\/2021\/#\/schema\/person\/ad82545263dcc5ec0996818884fd5fb1","name":"Arnaldo Botto","image":{"@type":"ImageObject","inLanguage":"es","@id":"https:\/\/www.noticiasradioreflejos.com.ar\/2021\/#\/schema\/person\/image\/","url":"https:\/\/secure.gravatar.com\/avatar\/55cb5e37c1efa326397366e6974cb338056df65cb50e7d64d1cf314e87504837?s=96&d=mm&r=g","contentUrl":"https:\/\/secure.gravatar.com\/avatar\/55cb5e37c1efa326397366e6974cb338056df65cb50e7d64d1cf314e87504837?s=96&d=mm&r=g","caption":"Arnaldo Botto"},"url":"https:\/\/www.noticiasradioreflejos.com.ar\/2021\/author\/arnaldo\/"}]}},"_links":{"self":[{"href":"https:\/\/www.noticiasradioreflejos.com.ar\/2021\/wp-json\/wp\/v2\/posts\/82462","targetHints":{"allow":["GET"]}}],"collection":[{"href":"https:\/\/www.noticiasradioreflejos.com.ar\/2021\/wp-json\/wp\/v2\/posts"}],"about":[{"href":"https:\/\/www.noticiasradioreflejos.com.ar\/2021\/wp-json\/wp\/v2\/types\/post"}],"author":[{"embeddable":true,"href":"https:\/\/www.noticiasradioreflejos.com.ar\/2021\/wp-json\/wp\/v2\/users\/3"}],"replies":[{"embeddable":true,"href":"https:\/\/www.noticiasradioreflejos.com.ar\/2021\/wp-json\/wp\/v2\/comments?post=82462"}],"version-history":[{"count":1,"href":"https:\/\/www.noticiasradioreflejos.com.ar\/2021\/wp-json\/wp\/v2\/posts\/82462\/revisions"}],"predecessor-version":[{"id":82464,"href":"https:\/\/www.noticiasradioreflejos.com.ar\/2021\/wp-json\/wp\/v2\/posts\/82462\/revisions\/82464"}],"wp:featuredmedia":[{"embeddable":true,"href":"https:\/\/www.noticiasradioreflejos.com.ar\/2021\/wp-json\/wp\/v2\/media\/82463"}],"wp:attachment":[{"href":"https:\/\/www.noticiasradioreflejos.com.ar\/2021\/wp-json\/wp\/v2\/media?parent=82462"}],"wp:term":[{"taxonomy":"category","embeddable":true,"href":"https:\/\/www.noticiasradioreflejos.com.ar\/2021\/wp-json\/wp\/v2\/categories?post=82462"},{"taxonomy":"post_tag","embeddable":true,"href":"https:\/\/www.noticiasradioreflejos.com.ar\/2021\/wp-json\/wp\/v2\/tags?post=82462"}],"curies":[{"name":"wp","href":"https:\/\/api.w.org\/{rel}","templated":true}]}}