{"id":82458,"date":"2023-01-09T22:46:14","date_gmt":"2023-01-09T22:46:14","guid":{"rendered":"https:\/\/www.noticiasradioreflejos.com.ar\/2021\/?p=82458"},"modified":"2023-01-09T22:48:06","modified_gmt":"2023-01-09T22:48:06","slug":"82458-2","status":"publish","type":"post","link":"https:\/\/www.noticiasradioreflejos.com.ar\/2021\/82458-2\/","title":{"rendered":"M\u00e1s de la mitad del pa\u00eds bajo alerta por calor y Neuqu\u00e9n registra la temperatura m\u00e1s elevada"},"content":{"rendered":"<p>Las altas temperaturas que desde hace casi una semana se registran en gran parte del territorio nacional contin\u00faan haci\u00e9ndose sentir fuerte en el norte patag\u00f3nico, que tuvo los registros m\u00e1s altos de todo el pa\u00eds, al superar los 37,2 grados, en una nueva jornada sofocante que mantiene alertas rojas, naranjas y amarillas por calor, inform\u00f3 hoy el Servicio Meteorol\u00f3gico Nacional (SMN).<!--more--><\/p>\n<p>Seg\u00fan el Ranking de temperatura publicado a las 18:00 por el Servicio Meteorol\u00f3gico Nacional (SMN), la Ciudad de Neuqu\u00e9n registra la temperatura m\u00e1s elevada del pa\u00eds con 37.2 grados.<\/p>\n<p>En segundo y tercer lugar, se encuentran las ciudades de Chamical (La Rioja), Santiago del Estero, Santa Rosa (La Pampa) y Bah\u00eda Blanca (Buenos Aires) con temperaturas de 36.9 y 36.8 respectivamente.<!--more--><\/p>\n<p>A su vez, las ciudades de Laboulaye (C\u00f3rdoba), Resistencia (Chaco), Ceres (Santa Fe), Ciudad de La Rioja (La Rioja), Reconquista (Santa Fe), Mercedes (Santa Fe), Viedma (Rio Negro), Paran\u00e1 (Entre R\u00edos), Villa Reynolds (San Luis) y Sunchales (Santa Fe) registran temperaturas superiores a 36 grados.<\/p>\n<p>Debido a estas marcas t\u00e9rmicas, el organismo mantiene vigentes alertas de nivel naranja para la totalidad de La Pampa, para casi la totalidad de R\u00edo Negro; el sur de la provincia de Buenos Aires en Bah\u00eda Blanca, Patagones, oeste de Villarino, Pu\u00e1n y las zonas bajas de Coronel Pringles, Coronel Su\u00e1rez, Saavedra y Tornquist.<\/p>\n<p>El nivel naranja implica un \u00abefecto moderado a alto en la salud\u00bb y las temperaturas pueden \u00abser muy peligrosas, especialmente para los grupos de riesgo\u00bb.<\/p>\n<p>Esta alerta tambi\u00e9n se extiende para las localidades entrerrianas como Paran\u00e1, Diamante, Villaguay, La Paz, Belgrano, Castellano, Las Colonias, San Martin, Garay, Ciudad de Santa Fe y San Jer\u00f3nimo en Santa Fe.<\/p>\n<p>Tambi\u00e9n en General San Mart\u00edn, Marcos Ju\u00e1rez y Uni\u00f3n en C\u00f3rdoba, precis\u00f3 el Servicio.<\/p>\n<p>Adem\u00e1s, se encuentran bajo el nivel naranja el sur de San Luis; la cordillera de Malarg\u00fce, San Rafael, el este de Las Heras, La Paz, Lavalle, San Mart\u00edn y Santa Rosa, en Mendoza; el centro y oeste de Neuqu\u00e9n; el centro-este de Chubut y noreste de Santa Cruz.<\/p>\n<p>Adem\u00e1s de San Antonio Oeste, que ayer alcanz\u00f3 una temperatura m\u00e1xima de 43.6 grados y de Viedma, otras localidades rionegrinas registraron marcas t\u00e9rmicas elevadas como El Bols\u00f3n (26.7) y San Carlos de Bariloche (24.4).<\/p>\n<p>En tanto, en Puerto San Juli\u00e1n, en Santa Cruz, el term\u00f3metro marc\u00f3 15.6 grados y en la misma provincia la localidad de Perito Moreno registr\u00f3 15.4; mientras que en Ushuaia (Tierra del Fuego) 11.4\u00b0<\/p>\n<p>El SMN tambi\u00e9n mantiene vigentes las alertas amarilla para la ciudad de Buenos Aires, sectores de la provincia de Buenos Aires, en ciudades como La Plata, Bragado, Necochea y Tres Arroyos; el norte de La Pampa; Ju\u00e1rez Celman y R\u00edo Cuarto, en C\u00f3rdoba; al igual que el litoral en el centro de Santa Fe y algunas localidades entrerrianas como Paran\u00e1, Diamante, Villaguay, La Paz y Diamante.<\/p>\n<p>En tanto, para el resto de la provincia de Buenos Aires y el noroeste de Mendoza se emiti\u00f3 una alerta amarilla tambi\u00e9n por altas temperaturas.<\/p>\n<p>En el caso del nivel amarillo, el SMN advierte un \u00abefecto leve a moderado en la salud\u00bb e indica que las elevadas temperaturas \u00abpueden ser peligrosas, sobre todo para los grupos de riesgo, como ni\u00f1os y ni\u00f1as, personas mayores de 65 a\u00f1os, con enfermedades cr\u00f3nicas\u00bb.<\/p>\n<p>Para la poblaci\u00f3n de las provincias bajo alertas, el organismo meteorol\u00f3gico recomend\u00f3 mantener la hidrataci\u00f3n, no exponerse a las altas temperaturas, evitar realizar actividad f\u00edsica, y usar ropa liviana y de colores claros.<\/p>\n<p>Tambi\u00e9n pidi\u00f3 evitar las bebidas con cafe\u00edna, con alcohol o muy azucaradas, ingerir verduras y frutas, evitar comidas muy abundantes y prestar atenci\u00f3n a los beb\u00e9s, ni\u00f1os, ni\u00f1as y a las personas mayores.<\/p>\n<p>El calor que atraviesa el pa\u00eds puede poner en riesgo la salud de las personas, especialmente a los mayores de 60 a\u00f1os y de los beb\u00e9s y ni\u00f1os, ya que puede derivar en un golpe de calor, que se caracteriza por fuerte dolor de cabeza, p\u00e9rdida de la conciencia, aumento extremo de la temperatura corporal, mareo y sequedad en la piel.<\/p>\n<p>Por eso, desde el SMN recomiendan aumentar el consumo de l\u00edquidos para mantener una hidrataci\u00f3n adecuada, no exponerse al sol en exceso ni en horas centrales del d\u00eda (10 a 16), evitar las bebidas alcoh\u00f3licas o muy azucaradas y las comidas muy abundantes<\/p>\n<p>Tambi\u00e9n se aconseja ingerir verduras y frutas, reducir la actividad f\u00edsica, usar ropa ligera, holgada y de colores claros y permanecer en espacios ventilados o acondicionados.<\/p>\n<p>\u00abAnte sed intensa y sequedad en la boca, temperatura mayor a 39 \u00baC, sudoraci\u00f3n excesiva, sensaci\u00f3n de calor sofocante, piel seca, agotamiento, mareos o desmayo, dolores de est\u00f3mago, falta de apetito, n\u00e1useas o v\u00f3mitos, dolores de cabeza, entre otros, se deber\u00e1 actuar de la siguiente manera: solicitar de inmediato asistencia m\u00e9dica, trasladar a la persona afectada a la sombra, a un lugar fresco y tranquilo e intentar refrescarla, mojarle la ropa y darle de beber agua fresca\u00bb, explicaron desde el SMN.<\/p>\n<p>Por \u00faltimo, se recomend\u00f3 hacer un uso responsable de la energ\u00eda el\u00e9ctrica dado que el aumento de la temperatura impacta en el consumo energ\u00e9tico.<br \/>\nT\u00e9lam &#8211; Foto de portada Santa Rosa de Calamuchita<\/p>\n","protected":false},"excerpt":{"rendered":"<p>Las altas temperaturas que desde hace casi una semana se registran en gran parte del territorio nacional contin\u00faan haci\u00e9ndose sentir fuerte en el norte patag\u00f3nico, que tuvo los registros m\u00e1s altos de todo el pa\u00eds, al superar los 37,2 grados, en una nueva jornada sofocante que mantiene alertas rojas, naranjas y amarillas por calor, inform\u00f3 [&hellip;]<\/p>\n","protected":false},"author":3,"featured_media":0,"comment_status":"closed","ping_status":"closed","sticky":false,"template":"","format":"standard","meta":{"footnotes":""},"categories":[46],"tags":[],"class_list":["post-82458","post","type-post","status-publish","format-standard","hentry","category-ciencia-y-tecnologia"],"yoast_head":"<!-- This site is optimized with the Yoast SEO plugin v25.9 - https:\/\/yoast.com\/wordpress\/plugins\/seo\/ -->\n<title>M\u00e1s de la mitad del pa\u00eds bajo alerta por calor y Neuqu\u00e9n registra la temperatura m\u00e1s elevada - Noticias Radio Reflejos<\/title>\n<meta name=\"robots\" content=\"index, follow, max-snippet:-1, max-image-preview:large, max-video-preview:-1\" \/>\n<link rel=\"canonical\" href=\"https:\/\/www.noticiasradioreflejos.com.ar\/2021\/82458-2\/\" \/>\n<meta property=\"og:locale\" content=\"es_ES\" \/>\n<meta property=\"og:type\" content=\"article\" \/>\n<meta property=\"og:title\" content=\"M\u00e1s de la mitad del pa\u00eds bajo alerta por calor y Neuqu\u00e9n registra la temperatura m\u00e1s elevada - Noticias Radio Reflejos\" \/>\n<meta property=\"og:description\" content=\"Las altas temperaturas que desde hace casi una semana se registran en gran parte del territorio nacional contin\u00faan haci\u00e9ndose sentir fuerte en el norte patag\u00f3nico, que tuvo los registros m\u00e1s altos de todo el pa\u00eds, al superar los 37,2 grados, en una nueva jornada sofocante que mantiene alertas rojas, naranjas y amarillas por calor, inform\u00f3 [&hellip;]\" \/>\n<meta property=\"og:url\" content=\"https:\/\/www.noticiasradioreflejos.com.ar\/2021\/82458-2\/\" \/>\n<meta property=\"og:site_name\" content=\"Noticias Radio Reflejos\" \/>\n<meta property=\"article:published_time\" content=\"2023-01-09T22:46:14+00:00\" \/>\n<meta property=\"article:modified_time\" content=\"2023-01-09T22:48:06+00:00\" \/>\n<meta property=\"og:image\" content=\"https:\/\/www.noticiasradioreflejos.com.ar\/2021\/wp-content\/uploads\/2021\/07\/logosol300x200.png\" \/>\n\t<meta property=\"og:image:width\" content=\"300\" \/>\n\t<meta property=\"og:image:height\" content=\"200\" \/>\n\t<meta property=\"og:image:type\" content=\"image\/png\" \/>\n<meta name=\"author\" content=\"Arnaldo Botto\" \/>\n<meta name=\"twitter:card\" content=\"summary_large_image\" \/>\n<script type=\"application\/ld+json\" class=\"yoast-schema-graph\">{\"@context\":\"https:\/\/schema.org\",\"@graph\":[{\"@type\":\"WebPage\",\"@id\":\"https:\/\/www.noticiasradioreflejos.com.ar\/2021\/82458-2\/\",\"url\":\"https:\/\/www.noticiasradioreflejos.com.ar\/2021\/82458-2\/\",\"name\":\"M\u00e1s de la mitad del pa\u00eds bajo alerta por calor y Neuqu\u00e9n registra la temperatura m\u00e1s elevada - Noticias Radio Reflejos\",\"isPartOf\":{\"@id\":\"https:\/\/www.noticiasradioreflejos.com.ar\/2021\/#website\"},\"datePublished\":\"2023-01-09T22:46:14+00:00\",\"dateModified\":\"2023-01-09T22:48:06+00:00\",\"author\":{\"@id\":\"https:\/\/www.noticiasradioreflejos.com.ar\/2021\/#\/schema\/person\/ad82545263dcc5ec0996818884fd5fb1\"},\"breadcrumb\":{\"@id\":\"https:\/\/www.noticiasradioreflejos.com.ar\/2021\/82458-2\/#breadcrumb\"},\"inLanguage\":\"es\",\"potentialAction\":[{\"@type\":\"ReadAction\",\"target\":[\"https:\/\/www.noticiasradioreflejos.com.ar\/2021\/82458-2\/\"]}]},{\"@type\":\"BreadcrumbList\",\"@id\":\"https:\/\/www.noticiasradioreflejos.com.ar\/2021\/82458-2\/#breadcrumb\",\"itemListElement\":[{\"@type\":\"ListItem\",\"position\":1,\"name\":\"Portada\",\"item\":\"https:\/\/www.noticiasradioreflejos.com.ar\/2021\/\"},{\"@type\":\"ListItem\",\"position\":2,\"name\":\"M\u00e1s de la mitad del pa\u00eds bajo alerta por calor y Neuqu\u00e9n registra la temperatura m\u00e1s elevada\"}]},{\"@type\":\"WebSite\",\"@id\":\"https:\/\/www.noticiasradioreflejos.com.ar\/2021\/#website\",\"url\":\"https:\/\/www.noticiasradioreflejos.com.ar\/2021\/\",\"name\":\"Noticias Radio Reflejos\",\"description\":\"Las noticias de mi comarca\",\"potentialAction\":[{\"@type\":\"SearchAction\",\"target\":{\"@type\":\"EntryPoint\",\"urlTemplate\":\"https:\/\/www.noticiasradioreflejos.com.ar\/2021\/?s={search_term_string}\"},\"query-input\":{\"@type\":\"PropertyValueSpecification\",\"valueRequired\":true,\"valueName\":\"search_term_string\"}}],\"inLanguage\":\"es\"},{\"@type\":\"Person\",\"@id\":\"https:\/\/www.noticiasradioreflejos.com.ar\/2021\/#\/schema\/person\/ad82545263dcc5ec0996818884fd5fb1\",\"name\":\"Arnaldo Botto\",\"image\":{\"@type\":\"ImageObject\",\"inLanguage\":\"es\",\"@id\":\"https:\/\/www.noticiasradioreflejos.com.ar\/2021\/#\/schema\/person\/image\/\",\"url\":\"https:\/\/secure.gravatar.com\/avatar\/55cb5e37c1efa326397366e6974cb338056df65cb50e7d64d1cf314e87504837?s=96&d=mm&r=g\",\"contentUrl\":\"https:\/\/secure.gravatar.com\/avatar\/55cb5e37c1efa326397366e6974cb338056df65cb50e7d64d1cf314e87504837?s=96&d=mm&r=g\",\"caption\":\"Arnaldo Botto\"},\"url\":\"https:\/\/www.noticiasradioreflejos.com.ar\/2021\/author\/arnaldo\/\"}]}<\/script>\n<!-- \/ Yoast SEO plugin. -->","yoast_head_json":{"title":"M\u00e1s de la mitad del pa\u00eds bajo alerta por calor y Neuqu\u00e9n registra la temperatura m\u00e1s elevada - Noticias Radio Reflejos","robots":{"index":"index","follow":"follow","max-snippet":"max-snippet:-1","max-image-preview":"max-image-preview:large","max-video-preview":"max-video-preview:-1"},"canonical":"https:\/\/www.noticiasradioreflejos.com.ar\/2021\/82458-2\/","og_locale":"es_ES","og_type":"article","og_title":"M\u00e1s de la mitad del pa\u00eds bajo alerta por calor y Neuqu\u00e9n registra la temperatura m\u00e1s elevada - Noticias Radio Reflejos","og_description":"Las altas temperaturas que desde hace casi una semana se registran en gran parte del territorio nacional contin\u00faan haci\u00e9ndose sentir fuerte en el norte patag\u00f3nico, que tuvo los registros m\u00e1s altos de todo el pa\u00eds, al superar los 37,2 grados, en una nueva jornada sofocante que mantiene alertas rojas, naranjas y amarillas por calor, inform\u00f3 [&hellip;]","og_url":"https:\/\/www.noticiasradioreflejos.com.ar\/2021\/82458-2\/","og_site_name":"Noticias Radio Reflejos","article_published_time":"2023-01-09T22:46:14+00:00","article_modified_time":"2023-01-09T22:48:06+00:00","og_image":[{"width":300,"height":200,"url":"https:\/\/www.noticiasradioreflejos.com.ar\/2021\/wp-content\/uploads\/2021\/07\/logosol300x200.png","type":"image\/png"}],"author":"Arnaldo Botto","twitter_card":"summary_large_image","schema":{"@context":"https:\/\/schema.org","@graph":[{"@type":"WebPage","@id":"https:\/\/www.noticiasradioreflejos.com.ar\/2021\/82458-2\/","url":"https:\/\/www.noticiasradioreflejos.com.ar\/2021\/82458-2\/","name":"M\u00e1s de la mitad del pa\u00eds bajo alerta por calor y Neuqu\u00e9n registra la temperatura m\u00e1s elevada - Noticias Radio Reflejos","isPartOf":{"@id":"https:\/\/www.noticiasradioreflejos.com.ar\/2021\/#website"},"datePublished":"2023-01-09T22:46:14+00:00","dateModified":"2023-01-09T22:48:06+00:00","author":{"@id":"https:\/\/www.noticiasradioreflejos.com.ar\/2021\/#\/schema\/person\/ad82545263dcc5ec0996818884fd5fb1"},"breadcrumb":{"@id":"https:\/\/www.noticiasradioreflejos.com.ar\/2021\/82458-2\/#breadcrumb"},"inLanguage":"es","potentialAction":[{"@type":"ReadAction","target":["https:\/\/www.noticiasradioreflejos.com.ar\/2021\/82458-2\/"]}]},{"@type":"BreadcrumbList","@id":"https:\/\/www.noticiasradioreflejos.com.ar\/2021\/82458-2\/#breadcrumb","itemListElement":[{"@type":"ListItem","position":1,"name":"Portada","item":"https:\/\/www.noticiasradioreflejos.com.ar\/2021\/"},{"@type":"ListItem","position":2,"name":"M\u00e1s de la mitad del pa\u00eds bajo alerta por calor y Neuqu\u00e9n registra la temperatura m\u00e1s elevada"}]},{"@type":"WebSite","@id":"https:\/\/www.noticiasradioreflejos.com.ar\/2021\/#website","url":"https:\/\/www.noticiasradioreflejos.com.ar\/2021\/","name":"Noticias Radio Reflejos","description":"Las noticias de mi comarca","potentialAction":[{"@type":"SearchAction","target":{"@type":"EntryPoint","urlTemplate":"https:\/\/www.noticiasradioreflejos.com.ar\/2021\/?s={search_term_string}"},"query-input":{"@type":"PropertyValueSpecification","valueRequired":true,"valueName":"search_term_string"}}],"inLanguage":"es"},{"@type":"Person","@id":"https:\/\/www.noticiasradioreflejos.com.ar\/2021\/#\/schema\/person\/ad82545263dcc5ec0996818884fd5fb1","name":"Arnaldo Botto","image":{"@type":"ImageObject","inLanguage":"es","@id":"https:\/\/www.noticiasradioreflejos.com.ar\/2021\/#\/schema\/person\/image\/","url":"https:\/\/secure.gravatar.com\/avatar\/55cb5e37c1efa326397366e6974cb338056df65cb50e7d64d1cf314e87504837?s=96&d=mm&r=g","contentUrl":"https:\/\/secure.gravatar.com\/avatar\/55cb5e37c1efa326397366e6974cb338056df65cb50e7d64d1cf314e87504837?s=96&d=mm&r=g","caption":"Arnaldo Botto"},"url":"https:\/\/www.noticiasradioreflejos.com.ar\/2021\/author\/arnaldo\/"}]}},"_links":{"self":[{"href":"https:\/\/www.noticiasradioreflejos.com.ar\/2021\/wp-json\/wp\/v2\/posts\/82458","targetHints":{"allow":["GET"]}}],"collection":[{"href":"https:\/\/www.noticiasradioreflejos.com.ar\/2021\/wp-json\/wp\/v2\/posts"}],"about":[{"href":"https:\/\/www.noticiasradioreflejos.com.ar\/2021\/wp-json\/wp\/v2\/types\/post"}],"author":[{"embeddable":true,"href":"https:\/\/www.noticiasradioreflejos.com.ar\/2021\/wp-json\/wp\/v2\/users\/3"}],"replies":[{"embeddable":true,"href":"https:\/\/www.noticiasradioreflejos.com.ar\/2021\/wp-json\/wp\/v2\/comments?post=82458"}],"version-history":[{"count":2,"href":"https:\/\/www.noticiasradioreflejos.com.ar\/2021\/wp-json\/wp\/v2\/posts\/82458\/revisions"}],"predecessor-version":[{"id":82461,"href":"https:\/\/www.noticiasradioreflejos.com.ar\/2021\/wp-json\/wp\/v2\/posts\/82458\/revisions\/82461"}],"wp:attachment":[{"href":"https:\/\/www.noticiasradioreflejos.com.ar\/2021\/wp-json\/wp\/v2\/media?parent=82458"}],"wp:term":[{"taxonomy":"category","embeddable":true,"href":"https:\/\/www.noticiasradioreflejos.com.ar\/2021\/wp-json\/wp\/v2\/categories?post=82458"},{"taxonomy":"post_tag","embeddable":true,"href":"https:\/\/www.noticiasradioreflejos.com.ar\/2021\/wp-json\/wp\/v2\/tags?post=82458"}],"curies":[{"name":"wp","href":"https:\/\/api.w.org\/{rel}","templated":true}]}}