{"id":82452,"date":"2023-01-09T19:30:09","date_gmt":"2023-01-09T19:30:09","guid":{"rendered":"https:\/\/www.noticiasradioreflejos.com.ar\/2021\/?p=82452"},"modified":"2023-01-09T19:30:09","modified_gmt":"2023-01-09T19:30:09","slug":"reportan-un-aumento-en-la-temperatura-del-oceano-en-mar-del-plata","status":"publish","type":"post","link":"https:\/\/www.noticiasradioreflejos.com.ar\/2021\/reportan-un-aumento-en-la-temperatura-del-oceano-en-mar-del-plata\/","title":{"rendered":"Reportan un aumento en la temperatura del oc\u00e9ano en Mar del Plata"},"content":{"rendered":"<p>El Gabinete de Oceanograf\u00eda F\u00edsica del Instituto Nacional de Investigaci\u00f3n y Desarrollo Pesquero (Inidep) inform\u00f3 hoy que la temperatura del agua en la superficie del oc\u00e9ano en Mar del Plata promedi\u00f3 los 19,5 grados durante diciembre de 2022, el registro promedio m\u00e1s alto durante ese mes en los \u00faltimos diez a\u00f1os.<!--more--><\/p>\n<p>(Telam) &#8211; Los datos fueron obtenidos con un term\u00f3metro SBE38 instalado en la Estaci\u00f3n de Observaci\u00f3n Costera (EOC) del SHN, a intervalos de 5 minutos, indic\u00f3 el Inidep a trav\u00e9s de un comunicado.<\/p>\n<p>De este modo, la temperatura del agua en la superficie durante diciembre de 2022 promedi\u00f3 los 19,5 grados celsius (\u00baC), mientras que el promedio de 2013 a 2022 fue de 19,1\u00baC.<\/p>\n<p>Adem\u00e1s, entre los d\u00edas 6 a 8 y 18 a 24 de ese mes, la temperatura super\u00f3 al 75% de todos los valores ordenados de forma creciente registrados desde diciembre de 2013.<\/p>\n<p>En este sentido, la temperatura m\u00ednima registrada entre 2013 y 2022 fue de 15,6\u00baC, mientras que en diciembre de 2022 fue de 17\u00baC.<\/p>\n<p>El d\u00eda 22 se registr\u00f3 el valor m\u00e1ximo mensual de diciembre entre 2013 y 2022, con 23,5 grados.<\/p>\n<p>Para validar las observaciones se las compara con mediciones semanales en el muelle de la escollera Norte.<\/p>\n<p>De este modo, al comparar los estad\u00edsticos mensuales principales de diciembre de 2022 con los calculados a partir del registro completo de la serie EOC (2013 al presente) el Inidep destac\u00f3 el aumento de m\u00e1s de 1,0\u00b0C en el m\u00ednimo de la temperatura.<\/p>\n<p>Foto La capital de Mar del Plata<\/p>\n","protected":false},"excerpt":{"rendered":"<p>El Gabinete de Oceanograf\u00eda F\u00edsica del Instituto Nacional de Investigaci\u00f3n y Desarrollo Pesquero (Inidep) inform\u00f3 hoy que la temperatura del agua en la superficie del oc\u00e9ano en Mar del Plata promedi\u00f3 los 19,5 grados durante diciembre de 2022, el registro promedio m\u00e1s alto durante ese mes en los \u00faltimos diez a\u00f1os.<\/p>\n","protected":false},"author":3,"featured_media":0,"comment_status":"closed","ping_status":"closed","sticky":false,"template":"","format":"standard","meta":{"footnotes":""},"categories":[46],"tags":[],"class_list":["post-82452","post","type-post","status-publish","format-standard","hentry","category-ciencia-y-tecnologia"],"yoast_head":"<!-- This site is optimized with the Yoast SEO plugin v25.9 - https:\/\/yoast.com\/wordpress\/plugins\/seo\/ -->\n<title>Reportan un aumento en la temperatura del oc\u00e9ano en Mar del Plata - Noticias Radio Reflejos<\/title>\n<meta name=\"robots\" content=\"index, follow, max-snippet:-1, max-image-preview:large, max-video-preview:-1\" \/>\n<link rel=\"canonical\" href=\"https:\/\/www.noticiasradioreflejos.com.ar\/2021\/reportan-un-aumento-en-la-temperatura-del-oceano-en-mar-del-plata\/\" \/>\n<meta property=\"og:locale\" content=\"es_ES\" \/>\n<meta property=\"og:type\" content=\"article\" \/>\n<meta property=\"og:title\" content=\"Reportan un aumento en la temperatura del oc\u00e9ano en Mar del Plata - Noticias Radio Reflejos\" \/>\n<meta property=\"og:description\" content=\"El Gabinete de Oceanograf\u00eda F\u00edsica del Instituto Nacional de Investigaci\u00f3n y Desarrollo Pesquero (Inidep) inform\u00f3 hoy que la temperatura del agua en la superficie del oc\u00e9ano en Mar del Plata promedi\u00f3 los 19,5 grados durante diciembre de 2022, el registro promedio m\u00e1s alto durante ese mes en los \u00faltimos diez a\u00f1os.\" \/>\n<meta property=\"og:url\" content=\"https:\/\/www.noticiasradioreflejos.com.ar\/2021\/reportan-un-aumento-en-la-temperatura-del-oceano-en-mar-del-plata\/\" \/>\n<meta property=\"og:site_name\" content=\"Noticias Radio Reflejos\" \/>\n<meta property=\"article:published_time\" content=\"2023-01-09T19:30:09+00:00\" \/>\n<meta property=\"og:image\" content=\"https:\/\/www.noticiasradioreflejos.com.ar\/2021\/wp-content\/uploads\/2021\/07\/logosol300x200.png\" \/>\n\t<meta property=\"og:image:width\" content=\"300\" \/>\n\t<meta property=\"og:image:height\" content=\"200\" \/>\n\t<meta property=\"og:image:type\" content=\"image\/png\" \/>\n<meta name=\"author\" content=\"Arnaldo Botto\" \/>\n<meta name=\"twitter:card\" content=\"summary_large_image\" \/>\n<script type=\"application\/ld+json\" class=\"yoast-schema-graph\">{\"@context\":\"https:\/\/schema.org\",\"@graph\":[{\"@type\":\"WebPage\",\"@id\":\"https:\/\/www.noticiasradioreflejos.com.ar\/2021\/reportan-un-aumento-en-la-temperatura-del-oceano-en-mar-del-plata\/\",\"url\":\"https:\/\/www.noticiasradioreflejos.com.ar\/2021\/reportan-un-aumento-en-la-temperatura-del-oceano-en-mar-del-plata\/\",\"name\":\"Reportan un aumento en la temperatura del oc\u00e9ano en Mar del Plata - Noticias Radio Reflejos\",\"isPartOf\":{\"@id\":\"https:\/\/www.noticiasradioreflejos.com.ar\/2021\/#website\"},\"datePublished\":\"2023-01-09T19:30:09+00:00\",\"author\":{\"@id\":\"https:\/\/www.noticiasradioreflejos.com.ar\/2021\/#\/schema\/person\/ad82545263dcc5ec0996818884fd5fb1\"},\"breadcrumb\":{\"@id\":\"https:\/\/www.noticiasradioreflejos.com.ar\/2021\/reportan-un-aumento-en-la-temperatura-del-oceano-en-mar-del-plata\/#breadcrumb\"},\"inLanguage\":\"es\",\"potentialAction\":[{\"@type\":\"ReadAction\",\"target\":[\"https:\/\/www.noticiasradioreflejos.com.ar\/2021\/reportan-un-aumento-en-la-temperatura-del-oceano-en-mar-del-plata\/\"]}]},{\"@type\":\"BreadcrumbList\",\"@id\":\"https:\/\/www.noticiasradioreflejos.com.ar\/2021\/reportan-un-aumento-en-la-temperatura-del-oceano-en-mar-del-plata\/#breadcrumb\",\"itemListElement\":[{\"@type\":\"ListItem\",\"position\":1,\"name\":\"Portada\",\"item\":\"https:\/\/www.noticiasradioreflejos.com.ar\/2021\/\"},{\"@type\":\"ListItem\",\"position\":2,\"name\":\"Reportan un aumento en la temperatura del oc\u00e9ano en Mar del Plata\"}]},{\"@type\":\"WebSite\",\"@id\":\"https:\/\/www.noticiasradioreflejos.com.ar\/2021\/#website\",\"url\":\"https:\/\/www.noticiasradioreflejos.com.ar\/2021\/\",\"name\":\"Noticias Radio Reflejos\",\"description\":\"Las noticias de mi comarca\",\"potentialAction\":[{\"@type\":\"SearchAction\",\"target\":{\"@type\":\"EntryPoint\",\"urlTemplate\":\"https:\/\/www.noticiasradioreflejos.com.ar\/2021\/?s={search_term_string}\"},\"query-input\":{\"@type\":\"PropertyValueSpecification\",\"valueRequired\":true,\"valueName\":\"search_term_string\"}}],\"inLanguage\":\"es\"},{\"@type\":\"Person\",\"@id\":\"https:\/\/www.noticiasradioreflejos.com.ar\/2021\/#\/schema\/person\/ad82545263dcc5ec0996818884fd5fb1\",\"name\":\"Arnaldo Botto\",\"image\":{\"@type\":\"ImageObject\",\"inLanguage\":\"es\",\"@id\":\"https:\/\/www.noticiasradioreflejos.com.ar\/2021\/#\/schema\/person\/image\/\",\"url\":\"https:\/\/secure.gravatar.com\/avatar\/55cb5e37c1efa326397366e6974cb338056df65cb50e7d64d1cf314e87504837?s=96&d=mm&r=g\",\"contentUrl\":\"https:\/\/secure.gravatar.com\/avatar\/55cb5e37c1efa326397366e6974cb338056df65cb50e7d64d1cf314e87504837?s=96&d=mm&r=g\",\"caption\":\"Arnaldo Botto\"},\"url\":\"https:\/\/www.noticiasradioreflejos.com.ar\/2021\/author\/arnaldo\/\"}]}<\/script>\n<!-- \/ Yoast SEO plugin. -->","yoast_head_json":{"title":"Reportan un aumento en la temperatura del oc\u00e9ano en Mar del Plata - Noticias Radio Reflejos","robots":{"index":"index","follow":"follow","max-snippet":"max-snippet:-1","max-image-preview":"max-image-preview:large","max-video-preview":"max-video-preview:-1"},"canonical":"https:\/\/www.noticiasradioreflejos.com.ar\/2021\/reportan-un-aumento-en-la-temperatura-del-oceano-en-mar-del-plata\/","og_locale":"es_ES","og_type":"article","og_title":"Reportan un aumento en la temperatura del oc\u00e9ano en Mar del Plata - Noticias Radio Reflejos","og_description":"El Gabinete de Oceanograf\u00eda F\u00edsica del Instituto Nacional de Investigaci\u00f3n y Desarrollo Pesquero (Inidep) inform\u00f3 hoy que la temperatura del agua en la superficie del oc\u00e9ano en Mar del Plata promedi\u00f3 los 19,5 grados durante diciembre de 2022, el registro promedio m\u00e1s alto durante ese mes en los \u00faltimos diez a\u00f1os.","og_url":"https:\/\/www.noticiasradioreflejos.com.ar\/2021\/reportan-un-aumento-en-la-temperatura-del-oceano-en-mar-del-plata\/","og_site_name":"Noticias Radio Reflejos","article_published_time":"2023-01-09T19:30:09+00:00","og_image":[{"width":300,"height":200,"url":"https:\/\/www.noticiasradioreflejos.com.ar\/2021\/wp-content\/uploads\/2021\/07\/logosol300x200.png","type":"image\/png"}],"author":"Arnaldo Botto","twitter_card":"summary_large_image","schema":{"@context":"https:\/\/schema.org","@graph":[{"@type":"WebPage","@id":"https:\/\/www.noticiasradioreflejos.com.ar\/2021\/reportan-un-aumento-en-la-temperatura-del-oceano-en-mar-del-plata\/","url":"https:\/\/www.noticiasradioreflejos.com.ar\/2021\/reportan-un-aumento-en-la-temperatura-del-oceano-en-mar-del-plata\/","name":"Reportan un aumento en la temperatura del oc\u00e9ano en Mar del Plata - Noticias Radio Reflejos","isPartOf":{"@id":"https:\/\/www.noticiasradioreflejos.com.ar\/2021\/#website"},"datePublished":"2023-01-09T19:30:09+00:00","author":{"@id":"https:\/\/www.noticiasradioreflejos.com.ar\/2021\/#\/schema\/person\/ad82545263dcc5ec0996818884fd5fb1"},"breadcrumb":{"@id":"https:\/\/www.noticiasradioreflejos.com.ar\/2021\/reportan-un-aumento-en-la-temperatura-del-oceano-en-mar-del-plata\/#breadcrumb"},"inLanguage":"es","potentialAction":[{"@type":"ReadAction","target":["https:\/\/www.noticiasradioreflejos.com.ar\/2021\/reportan-un-aumento-en-la-temperatura-del-oceano-en-mar-del-plata\/"]}]},{"@type":"BreadcrumbList","@id":"https:\/\/www.noticiasradioreflejos.com.ar\/2021\/reportan-un-aumento-en-la-temperatura-del-oceano-en-mar-del-plata\/#breadcrumb","itemListElement":[{"@type":"ListItem","position":1,"name":"Portada","item":"https:\/\/www.noticiasradioreflejos.com.ar\/2021\/"},{"@type":"ListItem","position":2,"name":"Reportan un aumento en la temperatura del oc\u00e9ano en Mar del Plata"}]},{"@type":"WebSite","@id":"https:\/\/www.noticiasradioreflejos.com.ar\/2021\/#website","url":"https:\/\/www.noticiasradioreflejos.com.ar\/2021\/","name":"Noticias Radio Reflejos","description":"Las noticias de mi comarca","potentialAction":[{"@type":"SearchAction","target":{"@type":"EntryPoint","urlTemplate":"https:\/\/www.noticiasradioreflejos.com.ar\/2021\/?s={search_term_string}"},"query-input":{"@type":"PropertyValueSpecification","valueRequired":true,"valueName":"search_term_string"}}],"inLanguage":"es"},{"@type":"Person","@id":"https:\/\/www.noticiasradioreflejos.com.ar\/2021\/#\/schema\/person\/ad82545263dcc5ec0996818884fd5fb1","name":"Arnaldo Botto","image":{"@type":"ImageObject","inLanguage":"es","@id":"https:\/\/www.noticiasradioreflejos.com.ar\/2021\/#\/schema\/person\/image\/","url":"https:\/\/secure.gravatar.com\/avatar\/55cb5e37c1efa326397366e6974cb338056df65cb50e7d64d1cf314e87504837?s=96&d=mm&r=g","contentUrl":"https:\/\/secure.gravatar.com\/avatar\/55cb5e37c1efa326397366e6974cb338056df65cb50e7d64d1cf314e87504837?s=96&d=mm&r=g","caption":"Arnaldo Botto"},"url":"https:\/\/www.noticiasradioreflejos.com.ar\/2021\/author\/arnaldo\/"}]}},"_links":{"self":[{"href":"https:\/\/www.noticiasradioreflejos.com.ar\/2021\/wp-json\/wp\/v2\/posts\/82452","targetHints":{"allow":["GET"]}}],"collection":[{"href":"https:\/\/www.noticiasradioreflejos.com.ar\/2021\/wp-json\/wp\/v2\/posts"}],"about":[{"href":"https:\/\/www.noticiasradioreflejos.com.ar\/2021\/wp-json\/wp\/v2\/types\/post"}],"author":[{"embeddable":true,"href":"https:\/\/www.noticiasradioreflejos.com.ar\/2021\/wp-json\/wp\/v2\/users\/3"}],"replies":[{"embeddable":true,"href":"https:\/\/www.noticiasradioreflejos.com.ar\/2021\/wp-json\/wp\/v2\/comments?post=82452"}],"version-history":[{"count":1,"href":"https:\/\/www.noticiasradioreflejos.com.ar\/2021\/wp-json\/wp\/v2\/posts\/82452\/revisions"}],"predecessor-version":[{"id":82454,"href":"https:\/\/www.noticiasradioreflejos.com.ar\/2021\/wp-json\/wp\/v2\/posts\/82452\/revisions\/82454"}],"wp:attachment":[{"href":"https:\/\/www.noticiasradioreflejos.com.ar\/2021\/wp-json\/wp\/v2\/media?parent=82452"}],"wp:term":[{"taxonomy":"category","embeddable":true,"href":"https:\/\/www.noticiasradioreflejos.com.ar\/2021\/wp-json\/wp\/v2\/categories?post=82452"},{"taxonomy":"post_tag","embeddable":true,"href":"https:\/\/www.noticiasradioreflejos.com.ar\/2021\/wp-json\/wp\/v2\/tags?post=82452"}],"curies":[{"name":"wp","href":"https:\/\/api.w.org\/{rel}","templated":true}]}}