{"id":82328,"date":"2023-01-06T19:33:19","date_gmt":"2023-01-06T19:33:19","guid":{"rendered":"https:\/\/www.noticiasradioreflejos.com.ar\/2021\/?p=82328"},"modified":"2023-01-06T19:34:30","modified_gmt":"2023-01-06T19:34:30","slug":"procrear-ii-este-lunes-a-las-1000-cierra-la-inscripcion-para-acceder-a-viviendas-de-la-linea-desarrollos-urbanisticos","status":"publish","type":"post","link":"https:\/\/www.noticiasradioreflejos.com.ar\/2021\/procrear-ii-este-lunes-a-las-1000-cierra-la-inscripcion-para-acceder-a-viviendas-de-la-linea-desarrollos-urbanisticos\/","title":{"rendered":"Procrear II: este lunes a las 10:00 cierra la inscripci\u00f3n para acceder a viviendas de la l\u00ednea Desarrollos Urban\u00edsticos"},"content":{"rendered":"<p>Quienes deseen postularse a uno de los 635 hogares disponibles podr\u00e1n hacerlo hasta ese momento desde la p\u00e1gina web del Ministerio.<!--more--><\/p>\n<p>El Ministerio de Desarrollo Territorial y H\u00e1bitat, que conduce Santiago Maggiotti, anuncia que este lunes 09\/01 a las 10:00 cerrar\u00e1 la inscripci\u00f3n para acceder a 635 viviendas de 37 Desarrollos Urban\u00edsticos Procrear II, que se encuentran ubicados en 17 provincias del pa\u00eds.<\/p>\n<p>Hasta ese momento, quienes deseen postularse podr\u00e1n hacerlo llenando el formulario disponible en la p\u00e1gina web del Ministerio. All\u00ed mismo pueden consultarse tambi\u00e9n los principales requisitos para anotarse y las Bases y Condiciones completas de esta l\u00ednea, que ofrece Procrear II con la idea de ayudar a las familias argentinas a acceder a un cr\u00e9dito hipotecario para la compra de viviendas nuevas en complejos habitacionales construidos por el Estado Nacional.<\/p>\n<p>En este caso, las unidades funcionales que se ofrecen est\u00e1n ubicadas en los siguientes predios: Bah\u00eda Blanca, Carmen de Patagones, Ciudad Evita, Haedo, Ituzaing\u00f3, Lincoln, Merlo, Mor\u00f3n, San Antonio de Areco, San Mart\u00edn, San Miguel y San Nicol\u00e1s (Buenos Aires); Estaci\u00f3n Buenos Aires y Estaci\u00f3n S\u00e1enz (Ciudad Aut\u00f3noma de Buenos Aires); Puerto Madryn (Chubut); Barrio Liceo, Cavanagh y San Francisco (C\u00f3rdoba); Corrientes (Corrientes); Paran\u00e1 (Entre R\u00edos); Jujuy (Jujuy); Maip\u00fa, Malarg\u00fce, Mendoza y San Rafael (Mendoza); Posadas (Misiones); Zapala (Neuqu\u00e9n); Viedma (R\u00edo Negro); Tartagal (Salta); San Luis (San Luis); R\u00edo Gallegos (Santa Cruz); Estaci\u00f3n Cambios, Rafaela, y S\u00fanchales (Santa Fe); Santiago del Estero y La Banda (Santiago del Estero) y R\u00edo Grande (Tierra del Fuego).<\/p>\n<p>Cabe destacar que estos Desarrollos Urban\u00edsticos cuentan con excelentes v\u00edas de acceso, cercan\u00eda a centros educativos, recreativos y de salud, as\u00ed como una completa infraestructura de servicios p\u00fablicos y espacios verdes.<\/p>\n","protected":false},"excerpt":{"rendered":"<p>Quienes deseen postularse a uno de los 635 hogares disponibles podr\u00e1n hacerlo hasta ese momento desde la p\u00e1gina web del Ministerio.<\/p>\n","protected":false},"author":3,"featured_media":82341,"comment_status":"closed","ping_status":"closed","sticky":false,"template":"","format":"standard","meta":{"footnotes":""},"categories":[58,24],"tags":[],"class_list":["post-82328","post","type-post","status-publish","format-standard","has-post-thumbnail","hentry","category-gobierno","category-politica"],"yoast_head":"<!-- This site is optimized with the Yoast SEO plugin v25.9 - https:\/\/yoast.com\/wordpress\/plugins\/seo\/ -->\n<title>Procrear II: este lunes a las 10:00 cierra la inscripci\u00f3n para acceder a viviendas de la l\u00ednea Desarrollos Urban\u00edsticos - Noticias Radio Reflejos<\/title>\n<meta name=\"robots\" content=\"index, follow, max-snippet:-1, max-image-preview:large, max-video-preview:-1\" \/>\n<link rel=\"canonical\" href=\"https:\/\/www.noticiasradioreflejos.com.ar\/2021\/procrear-ii-este-lunes-a-las-1000-cierra-la-inscripcion-para-acceder-a-viviendas-de-la-linea-desarrollos-urbanisticos\/\" \/>\n<meta property=\"og:locale\" content=\"es_ES\" \/>\n<meta property=\"og:type\" content=\"article\" \/>\n<meta property=\"og:title\" content=\"Procrear II: este lunes a las 10:00 cierra la inscripci\u00f3n para acceder a viviendas de la l\u00ednea Desarrollos Urban\u00edsticos - Noticias Radio Reflejos\" \/>\n<meta property=\"og:description\" content=\"Quienes deseen postularse a uno de los 635 hogares disponibles podr\u00e1n hacerlo hasta ese momento desde la p\u00e1gina web del Ministerio.\" \/>\n<meta property=\"og:url\" content=\"https:\/\/www.noticiasradioreflejos.com.ar\/2021\/procrear-ii-este-lunes-a-las-1000-cierra-la-inscripcion-para-acceder-a-viviendas-de-la-linea-desarrollos-urbanisticos\/\" \/>\n<meta property=\"og:site_name\" content=\"Noticias Radio Reflejos\" \/>\n<meta property=\"article:published_time\" content=\"2023-01-06T19:33:19+00:00\" \/>\n<meta property=\"article:modified_time\" content=\"2023-01-06T19:34:30+00:00\" \/>\n<meta property=\"og:image\" content=\"https:\/\/www.noticiasradioreflejos.com.ar\/2021\/wp-content\/uploads\/2023\/01\/Procrear.jpg\" \/>\n\t<meta property=\"og:image:width\" content=\"1200\" \/>\n\t<meta property=\"og:image:height\" content=\"800\" \/>\n\t<meta property=\"og:image:type\" content=\"image\/jpeg\" \/>\n<meta name=\"author\" content=\"Arnaldo Botto\" \/>\n<meta name=\"twitter:card\" content=\"summary_large_image\" \/>\n<script type=\"application\/ld+json\" class=\"yoast-schema-graph\">{\"@context\":\"https:\/\/schema.org\",\"@graph\":[{\"@type\":\"WebPage\",\"@id\":\"https:\/\/www.noticiasradioreflejos.com.ar\/2021\/procrear-ii-este-lunes-a-las-1000-cierra-la-inscripcion-para-acceder-a-viviendas-de-la-linea-desarrollos-urbanisticos\/\",\"url\":\"https:\/\/www.noticiasradioreflejos.com.ar\/2021\/procrear-ii-este-lunes-a-las-1000-cierra-la-inscripcion-para-acceder-a-viviendas-de-la-linea-desarrollos-urbanisticos\/\",\"name\":\"Procrear II: este lunes a las 10:00 cierra la inscripci\u00f3n para acceder a viviendas de la l\u00ednea Desarrollos Urban\u00edsticos - Noticias Radio Reflejos\",\"isPartOf\":{\"@id\":\"https:\/\/www.noticiasradioreflejos.com.ar\/2021\/#website\"},\"primaryImageOfPage\":{\"@id\":\"https:\/\/www.noticiasradioreflejos.com.ar\/2021\/procrear-ii-este-lunes-a-las-1000-cierra-la-inscripcion-para-acceder-a-viviendas-de-la-linea-desarrollos-urbanisticos\/#primaryimage\"},\"image\":{\"@id\":\"https:\/\/www.noticiasradioreflejos.com.ar\/2021\/procrear-ii-este-lunes-a-las-1000-cierra-la-inscripcion-para-acceder-a-viviendas-de-la-linea-desarrollos-urbanisticos\/#primaryimage\"},\"thumbnailUrl\":\"https:\/\/www.noticiasradioreflejos.com.ar\/2021\/wp-content\/uploads\/2023\/01\/Procrear.jpg\",\"datePublished\":\"2023-01-06T19:33:19+00:00\",\"dateModified\":\"2023-01-06T19:34:30+00:00\",\"author\":{\"@id\":\"https:\/\/www.noticiasradioreflejos.com.ar\/2021\/#\/schema\/person\/ad82545263dcc5ec0996818884fd5fb1\"},\"breadcrumb\":{\"@id\":\"https:\/\/www.noticiasradioreflejos.com.ar\/2021\/procrear-ii-este-lunes-a-las-1000-cierra-la-inscripcion-para-acceder-a-viviendas-de-la-linea-desarrollos-urbanisticos\/#breadcrumb\"},\"inLanguage\":\"es\",\"potentialAction\":[{\"@type\":\"ReadAction\",\"target\":[\"https:\/\/www.noticiasradioreflejos.com.ar\/2021\/procrear-ii-este-lunes-a-las-1000-cierra-la-inscripcion-para-acceder-a-viviendas-de-la-linea-desarrollos-urbanisticos\/\"]}]},{\"@type\":\"ImageObject\",\"inLanguage\":\"es\",\"@id\":\"https:\/\/www.noticiasradioreflejos.com.ar\/2021\/procrear-ii-este-lunes-a-las-1000-cierra-la-inscripcion-para-acceder-a-viviendas-de-la-linea-desarrollos-urbanisticos\/#primaryimage\",\"url\":\"https:\/\/www.noticiasradioreflejos.com.ar\/2021\/wp-content\/uploads\/2023\/01\/Procrear.jpg\",\"contentUrl\":\"https:\/\/www.noticiasradioreflejos.com.ar\/2021\/wp-content\/uploads\/2023\/01\/Procrear.jpg\",\"width\":1200,\"height\":800},{\"@type\":\"BreadcrumbList\",\"@id\":\"https:\/\/www.noticiasradioreflejos.com.ar\/2021\/procrear-ii-este-lunes-a-las-1000-cierra-la-inscripcion-para-acceder-a-viviendas-de-la-linea-desarrollos-urbanisticos\/#breadcrumb\",\"itemListElement\":[{\"@type\":\"ListItem\",\"position\":1,\"name\":\"Portada\",\"item\":\"https:\/\/www.noticiasradioreflejos.com.ar\/2021\/\"},{\"@type\":\"ListItem\",\"position\":2,\"name\":\"Procrear II: este lunes a las 10:00 cierra la inscripci\u00f3n para acceder a viviendas de la l\u00ednea Desarrollos Urban\u00edsticos\"}]},{\"@type\":\"WebSite\",\"@id\":\"https:\/\/www.noticiasradioreflejos.com.ar\/2021\/#website\",\"url\":\"https:\/\/www.noticiasradioreflejos.com.ar\/2021\/\",\"name\":\"Noticias Radio Reflejos\",\"description\":\"Las noticias de mi comarca\",\"potentialAction\":[{\"@type\":\"SearchAction\",\"target\":{\"@type\":\"EntryPoint\",\"urlTemplate\":\"https:\/\/www.noticiasradioreflejos.com.ar\/2021\/?s={search_term_string}\"},\"query-input\":{\"@type\":\"PropertyValueSpecification\",\"valueRequired\":true,\"valueName\":\"search_term_string\"}}],\"inLanguage\":\"es\"},{\"@type\":\"Person\",\"@id\":\"https:\/\/www.noticiasradioreflejos.com.ar\/2021\/#\/schema\/person\/ad82545263dcc5ec0996818884fd5fb1\",\"name\":\"Arnaldo Botto\",\"image\":{\"@type\":\"ImageObject\",\"inLanguage\":\"es\",\"@id\":\"https:\/\/www.noticiasradioreflejos.com.ar\/2021\/#\/schema\/person\/image\/\",\"url\":\"https:\/\/secure.gravatar.com\/avatar\/55cb5e37c1efa326397366e6974cb338056df65cb50e7d64d1cf314e87504837?s=96&d=mm&r=g\",\"contentUrl\":\"https:\/\/secure.gravatar.com\/avatar\/55cb5e37c1efa326397366e6974cb338056df65cb50e7d64d1cf314e87504837?s=96&d=mm&r=g\",\"caption\":\"Arnaldo Botto\"},\"url\":\"https:\/\/www.noticiasradioreflejos.com.ar\/2021\/author\/arnaldo\/\"}]}<\/script>\n<!-- \/ Yoast SEO plugin. -->","yoast_head_json":{"title":"Procrear II: este lunes a las 10:00 cierra la inscripci\u00f3n para acceder a viviendas de la l\u00ednea Desarrollos Urban\u00edsticos - Noticias Radio Reflejos","robots":{"index":"index","follow":"follow","max-snippet":"max-snippet:-1","max-image-preview":"max-image-preview:large","max-video-preview":"max-video-preview:-1"},"canonical":"https:\/\/www.noticiasradioreflejos.com.ar\/2021\/procrear-ii-este-lunes-a-las-1000-cierra-la-inscripcion-para-acceder-a-viviendas-de-la-linea-desarrollos-urbanisticos\/","og_locale":"es_ES","og_type":"article","og_title":"Procrear II: este lunes a las 10:00 cierra la inscripci\u00f3n para acceder a viviendas de la l\u00ednea Desarrollos Urban\u00edsticos - Noticias Radio Reflejos","og_description":"Quienes deseen postularse a uno de los 635 hogares disponibles podr\u00e1n hacerlo hasta ese momento desde la p\u00e1gina web del Ministerio.","og_url":"https:\/\/www.noticiasradioreflejos.com.ar\/2021\/procrear-ii-este-lunes-a-las-1000-cierra-la-inscripcion-para-acceder-a-viviendas-de-la-linea-desarrollos-urbanisticos\/","og_site_name":"Noticias Radio Reflejos","article_published_time":"2023-01-06T19:33:19+00:00","article_modified_time":"2023-01-06T19:34:30+00:00","og_image":[{"width":1200,"height":800,"url":"https:\/\/www.noticiasradioreflejos.com.ar\/2021\/wp-content\/uploads\/2023\/01\/Procrear.jpg","type":"image\/jpeg"}],"author":"Arnaldo Botto","twitter_card":"summary_large_image","schema":{"@context":"https:\/\/schema.org","@graph":[{"@type":"WebPage","@id":"https:\/\/www.noticiasradioreflejos.com.ar\/2021\/procrear-ii-este-lunes-a-las-1000-cierra-la-inscripcion-para-acceder-a-viviendas-de-la-linea-desarrollos-urbanisticos\/","url":"https:\/\/www.noticiasradioreflejos.com.ar\/2021\/procrear-ii-este-lunes-a-las-1000-cierra-la-inscripcion-para-acceder-a-viviendas-de-la-linea-desarrollos-urbanisticos\/","name":"Procrear II: este lunes a las 10:00 cierra la inscripci\u00f3n para acceder a viviendas de la l\u00ednea Desarrollos Urban\u00edsticos - Noticias Radio Reflejos","isPartOf":{"@id":"https:\/\/www.noticiasradioreflejos.com.ar\/2021\/#website"},"primaryImageOfPage":{"@id":"https:\/\/www.noticiasradioreflejos.com.ar\/2021\/procrear-ii-este-lunes-a-las-1000-cierra-la-inscripcion-para-acceder-a-viviendas-de-la-linea-desarrollos-urbanisticos\/#primaryimage"},"image":{"@id":"https:\/\/www.noticiasradioreflejos.com.ar\/2021\/procrear-ii-este-lunes-a-las-1000-cierra-la-inscripcion-para-acceder-a-viviendas-de-la-linea-desarrollos-urbanisticos\/#primaryimage"},"thumbnailUrl":"https:\/\/www.noticiasradioreflejos.com.ar\/2021\/wp-content\/uploads\/2023\/01\/Procrear.jpg","datePublished":"2023-01-06T19:33:19+00:00","dateModified":"2023-01-06T19:34:30+00:00","author":{"@id":"https:\/\/www.noticiasradioreflejos.com.ar\/2021\/#\/schema\/person\/ad82545263dcc5ec0996818884fd5fb1"},"breadcrumb":{"@id":"https:\/\/www.noticiasradioreflejos.com.ar\/2021\/procrear-ii-este-lunes-a-las-1000-cierra-la-inscripcion-para-acceder-a-viviendas-de-la-linea-desarrollos-urbanisticos\/#breadcrumb"},"inLanguage":"es","potentialAction":[{"@type":"ReadAction","target":["https:\/\/www.noticiasradioreflejos.com.ar\/2021\/procrear-ii-este-lunes-a-las-1000-cierra-la-inscripcion-para-acceder-a-viviendas-de-la-linea-desarrollos-urbanisticos\/"]}]},{"@type":"ImageObject","inLanguage":"es","@id":"https:\/\/www.noticiasradioreflejos.com.ar\/2021\/procrear-ii-este-lunes-a-las-1000-cierra-la-inscripcion-para-acceder-a-viviendas-de-la-linea-desarrollos-urbanisticos\/#primaryimage","url":"https:\/\/www.noticiasradioreflejos.com.ar\/2021\/wp-content\/uploads\/2023\/01\/Procrear.jpg","contentUrl":"https:\/\/www.noticiasradioreflejos.com.ar\/2021\/wp-content\/uploads\/2023\/01\/Procrear.jpg","width":1200,"height":800},{"@type":"BreadcrumbList","@id":"https:\/\/www.noticiasradioreflejos.com.ar\/2021\/procrear-ii-este-lunes-a-las-1000-cierra-la-inscripcion-para-acceder-a-viviendas-de-la-linea-desarrollos-urbanisticos\/#breadcrumb","itemListElement":[{"@type":"ListItem","position":1,"name":"Portada","item":"https:\/\/www.noticiasradioreflejos.com.ar\/2021\/"},{"@type":"ListItem","position":2,"name":"Procrear II: este lunes a las 10:00 cierra la inscripci\u00f3n para acceder a viviendas de la l\u00ednea Desarrollos Urban\u00edsticos"}]},{"@type":"WebSite","@id":"https:\/\/www.noticiasradioreflejos.com.ar\/2021\/#website","url":"https:\/\/www.noticiasradioreflejos.com.ar\/2021\/","name":"Noticias Radio Reflejos","description":"Las noticias de mi comarca","potentialAction":[{"@type":"SearchAction","target":{"@type":"EntryPoint","urlTemplate":"https:\/\/www.noticiasradioreflejos.com.ar\/2021\/?s={search_term_string}"},"query-input":{"@type":"PropertyValueSpecification","valueRequired":true,"valueName":"search_term_string"}}],"inLanguage":"es"},{"@type":"Person","@id":"https:\/\/www.noticiasradioreflejos.com.ar\/2021\/#\/schema\/person\/ad82545263dcc5ec0996818884fd5fb1","name":"Arnaldo Botto","image":{"@type":"ImageObject","inLanguage":"es","@id":"https:\/\/www.noticiasradioreflejos.com.ar\/2021\/#\/schema\/person\/image\/","url":"https:\/\/secure.gravatar.com\/avatar\/55cb5e37c1efa326397366e6974cb338056df65cb50e7d64d1cf314e87504837?s=96&d=mm&r=g","contentUrl":"https:\/\/secure.gravatar.com\/avatar\/55cb5e37c1efa326397366e6974cb338056df65cb50e7d64d1cf314e87504837?s=96&d=mm&r=g","caption":"Arnaldo Botto"},"url":"https:\/\/www.noticiasradioreflejos.com.ar\/2021\/author\/arnaldo\/"}]}},"_links":{"self":[{"href":"https:\/\/www.noticiasradioreflejos.com.ar\/2021\/wp-json\/wp\/v2\/posts\/82328","targetHints":{"allow":["GET"]}}],"collection":[{"href":"https:\/\/www.noticiasradioreflejos.com.ar\/2021\/wp-json\/wp\/v2\/posts"}],"about":[{"href":"https:\/\/www.noticiasradioreflejos.com.ar\/2021\/wp-json\/wp\/v2\/types\/post"}],"author":[{"embeddable":true,"href":"https:\/\/www.noticiasradioreflejos.com.ar\/2021\/wp-json\/wp\/v2\/users\/3"}],"replies":[{"embeddable":true,"href":"https:\/\/www.noticiasradioreflejos.com.ar\/2021\/wp-json\/wp\/v2\/comments?post=82328"}],"version-history":[{"count":1,"href":"https:\/\/www.noticiasradioreflejos.com.ar\/2021\/wp-json\/wp\/v2\/posts\/82328\/revisions"}],"predecessor-version":[{"id":82342,"href":"https:\/\/www.noticiasradioreflejos.com.ar\/2021\/wp-json\/wp\/v2\/posts\/82328\/revisions\/82342"}],"wp:featuredmedia":[{"embeddable":true,"href":"https:\/\/www.noticiasradioreflejos.com.ar\/2021\/wp-json\/wp\/v2\/media\/82341"}],"wp:attachment":[{"href":"https:\/\/www.noticiasradioreflejos.com.ar\/2021\/wp-json\/wp\/v2\/media?parent=82328"}],"wp:term":[{"taxonomy":"category","embeddable":true,"href":"https:\/\/www.noticiasradioreflejos.com.ar\/2021\/wp-json\/wp\/v2\/categories?post=82328"},{"taxonomy":"post_tag","embeddable":true,"href":"https:\/\/www.noticiasradioreflejos.com.ar\/2021\/wp-json\/wp\/v2\/tags?post=82328"}],"curies":[{"name":"wp","href":"https:\/\/api.w.org\/{rel}","templated":true}]}}