{"id":82314,"date":"2023-01-06T17:32:13","date_gmt":"2023-01-06T17:32:13","guid":{"rendered":"https:\/\/www.noticiasradioreflejos.com.ar\/2021\/?p=82314"},"modified":"2023-01-06T17:38:10","modified_gmt":"2023-01-06T17:38:10","slug":"fiesta-de-reyes-lo-que-vieron-anoche-es-que-salio-todo-perfecto","status":"publish","type":"post","link":"https:\/\/www.noticiasradioreflejos.com.ar\/2021\/fiesta-de-reyes-lo-que-vieron-anoche-es-que-salio-todo-perfecto\/","title":{"rendered":"Fiesta de Reyes: \u201clo que vieron anoche es que sali\u00f3 todo perfecto\u201d"},"content":{"rendered":"<p>Gustavo Devizia, comandante del cuerpo activo de Bomberos Voluntarios, hizo un balance de lo vivido anoche. \u201cSe hizo un buen evento\u201d asegur\u00f3, resaltando que hubo mas de 10 mil personas.<!--more--><\/p>\n<p><a title=\"59 Fiesta de Reyes (2)\" href=\"https:\/\/www.flickr.com\/photos\/182279889@N02\/52611339183\/in\/dateposted-public\/\" data-flickr-embed=\"true\"><img loading=\"lazy\" decoding=\"async\" src=\"https:\/\/live.staticflickr.com\/65535\/52611339183_65d7baf130_c.jpg\" alt=\"59 Fiesta de Reyes (2)\" width=\"800\" height=\"533\" \/><\/a><script async src=\"\/\/embedr.flickr.com\/assets\/client-code.js\" charset=\"utf-8\"><\/script><\/p>\n<p>Tras lo vivido anoche a\u00fan resuenan los ecos de una nueva velada que tuvo como punto central la llegada de los Reyes Magos a la comarca. Al respecto, el comandante del cuerpo activo de Bomberos Voluntarios, Gustavo Devizia, brind\u00f3 sus impresiones.<\/p>\n<p>Iniciando la charla, resalt\u00f3 que \u201clo importante es que nosotros seguimos sumando y el evento se sigue haciendo. Es una fiesta que nos representa. La realidad es que uno a veces no puede estar en todos lados, pero lo que vieron anoche es que sali\u00f3 todo perfecto\u201d.<\/p>\n<p>En esa l\u00ednea mencion\u00f3 que \u201ceste a\u00f1o si bien no hubo muchos recursos, lo que hubo se invirti\u00f3 bien y se hizo un buen evento. Creo que la gran cantidad de gente que lo presenci\u00f3, pese a ser jornadas laborables, se fue muy conforme\u201d.<br \/>\n<a href=\"https:\/\/www.noticiasradioreflejos.com.ar\/2021\/otra-noche-de-alegria-y-fiesta-en-sierra-de-la-ventana-le-dio-la-bienvenida-a-los-reyes-magos\/reyes-2023-57\/\" rel=\"attachment wp-att-82297\"><img loading=\"lazy\" decoding=\"async\" class=\"aligncenter size-full wp-image-82297\" src=\"https:\/\/www.noticiasradioreflejos.com.ar\/2021\/wp-content\/uploads\/2023\/01\/Reyes-2023-57.jpg\" alt=\"\" width=\"2304\" height=\"1296\" \/><\/a><\/p>\n<p>Sobre la cantidad de gente que se dio cita, el servidor p\u00fablico aproxim\u00f3 que \u201cnosotros calculamos unas 10 mil personas. Hemos visto el predio lleno, y eso da unas 20 mil personas, entonces esta vez donde hab\u00eda espacios libres, ser\u00eda la mitad\u201d.<\/p>\n<p>Sobre situaciones puntuales vividas, Devizia asegur\u00f3 que \u201cesos son los errores que por ah\u00ed nosotros tenemos que verlos y modificarlos para el a\u00f1o que viene. Tendr\u00edamos que haber vallado, aunque sea con cintas. No ten\u00edamos todas las vallas y eso fue lo que pas\u00f3. Dentro de todo la gente se port\u00f3 de diez, dieron lugar y luego s\u00ed se pudieron volver a sentar\u201d.<\/p>\n<p>Y al mismo tiempo tambi\u00e9n coment\u00f3 que \u201ccon la entrega de juguetes tambi\u00e9n tuvimos un peque\u00f1o percance tambi\u00e9n y para el a\u00f1o que viene se tienen que solucionar y hacerlo de una mejor manera. Nos falt\u00f3 se\u00f1alizaci\u00f3n y vallado. Principalmente eso\u201d.<\/p>\n<p><a title=\"Reyes 2023 (30)\" href=\"https:\/\/www.flickr.com\/photos\/182279889@N02\/52610390112\/in\/dateposted-public\/\" data-flickr-embed=\"true\"><img loading=\"lazy\" decoding=\"async\" src=\"https:\/\/live.staticflickr.com\/65535\/52610390112_bfbf6075c0_c.jpg\" alt=\"Reyes 2023 (30)\" width=\"800\" height=\"450\" \/><\/a><script async src=\"\/\/embedr.flickr.com\/assets\/client-code.js\" charset=\"utf-8\"><\/script><\/p>\n<p>Por \u00faltimo, y dando cifras de la gente comprometida para llevar adelante el evento, confirm\u00f3 que \u201cde guardia hab\u00edamos seis, y en el predio con apoyo de bomberos voluntarios de Saldungaray y Villa Ventana \u00e9ramos alrededor de 35 efectivos. Hace tres o cuatro a\u00f1os que los venimos convocando y siempre est\u00e1n bien predispuestos\u201d.<\/p>\n<p>&nbsp;<\/p>\n<p><iframe loading=\"lazy\" src=\"https:\/\/w.soundcloud.com\/player\/?url=https%3A\/\/api.soundcloud.com\/tracks\/1417994734&amp;color=%23ff5500&amp;auto_play=false&amp;hide_related=false&amp;show_comments=true&amp;show_user=true&amp;show_reposts=false&amp;show_teaser=true\" width=\"100%\" height=\"166\" frameborder=\"no\" scrolling=\"no\"><\/iframe><\/p>\n<div style=\"font-size: 10px; color: #cccccc; line-break: anywhere; word-break: normal; overflow: hidden; white-space: nowrap; text-overflow: ellipsis; font-family: Interstate,Lucida Grande,Lucida Sans Unicode,Lucida Sans,Garuda,Verdana,Tahoma,sans-serif; font-weight: 100;\"><a style=\"color: #cccccc; text-decoration: none;\" title=\"fmreflejos 103.7\" href=\"https:\/\/soundcloud.com\/fmreflejos-103-7\" target=\"_blank\" rel=\"noopener\">fmreflejos 103.7<\/a> \u00b7 <a style=\"color: #cccccc; text-decoration: none;\" title=\"Devizia Gustavo\" href=\"https:\/\/soundcloud.com\/fmreflejos-103-7\/devizia-gustavo\" target=\"_blank\" rel=\"noopener\">Devizia Gustavo<\/a><\/div>\n","protected":false},"excerpt":{"rendered":"<p>Gustavo Devizia, comandante del cuerpo activo de Bomberos Voluntarios, hizo un balance de lo vivido anoche. \u201cSe hizo un buen evento\u201d asegur\u00f3, resaltando que hubo mas de 10 mil personas.<\/p>\n","protected":false},"author":3,"featured_media":82338,"comment_status":"closed","ping_status":"closed","sticky":false,"template":"","format":"standard","meta":{"footnotes":""},"categories":[26],"tags":[48],"class_list":["post-82314","post","type-post","status-publish","format-standard","has-post-thumbnail","hentry","category-sociedad","tag-destacada"],"yoast_head":"<!-- This site is optimized with the Yoast SEO plugin v25.9 - https:\/\/yoast.com\/wordpress\/plugins\/seo\/ -->\n<title>Fiesta de Reyes: \u201clo que vieron anoche es que sali\u00f3 todo perfecto\u201d - Noticias Radio Reflejos<\/title>\n<meta name=\"robots\" content=\"index, follow, max-snippet:-1, max-image-preview:large, max-video-preview:-1\" \/>\n<link rel=\"canonical\" href=\"https:\/\/www.noticiasradioreflejos.com.ar\/2021\/fiesta-de-reyes-lo-que-vieron-anoche-es-que-salio-todo-perfecto\/\" \/>\n<meta property=\"og:locale\" content=\"es_ES\" \/>\n<meta property=\"og:type\" content=\"article\" \/>\n<meta property=\"og:title\" content=\"Fiesta de Reyes: \u201clo que vieron anoche es que sali\u00f3 todo perfecto\u201d - Noticias Radio Reflejos\" \/>\n<meta property=\"og:description\" content=\"Gustavo Devizia, comandante del cuerpo activo de Bomberos Voluntarios, hizo un balance de lo vivido anoche. \u201cSe hizo un buen evento\u201d asegur\u00f3, resaltando que hubo mas de 10 mil personas.\" \/>\n<meta property=\"og:url\" content=\"https:\/\/www.noticiasradioreflejos.com.ar\/2021\/fiesta-de-reyes-lo-que-vieron-anoche-es-que-salio-todo-perfecto\/\" \/>\n<meta property=\"og:site_name\" content=\"Noticias Radio Reflejos\" \/>\n<meta property=\"article:published_time\" content=\"2023-01-06T17:32:13+00:00\" \/>\n<meta property=\"article:modified_time\" content=\"2023-01-06T17:38:10+00:00\" \/>\n<meta property=\"og:image\" content=\"https:\/\/www.noticiasradioreflejos.com.ar\/2021\/wp-content\/uploads\/2023\/01\/Reyes-2023-56.jpg\" \/>\n\t<meta property=\"og:image:width\" content=\"2304\" \/>\n\t<meta property=\"og:image:height\" content=\"1296\" \/>\n\t<meta property=\"og:image:type\" content=\"image\/jpeg\" \/>\n<meta name=\"author\" content=\"Arnaldo Botto\" \/>\n<meta name=\"twitter:card\" content=\"summary_large_image\" \/>\n<script type=\"application\/ld+json\" class=\"yoast-schema-graph\">{\"@context\":\"https:\/\/schema.org\",\"@graph\":[{\"@type\":\"WebPage\",\"@id\":\"https:\/\/www.noticiasradioreflejos.com.ar\/2021\/fiesta-de-reyes-lo-que-vieron-anoche-es-que-salio-todo-perfecto\/\",\"url\":\"https:\/\/www.noticiasradioreflejos.com.ar\/2021\/fiesta-de-reyes-lo-que-vieron-anoche-es-que-salio-todo-perfecto\/\",\"name\":\"Fiesta de Reyes: \u201clo que vieron anoche es que sali\u00f3 todo perfecto\u201d - Noticias Radio Reflejos\",\"isPartOf\":{\"@id\":\"https:\/\/www.noticiasradioreflejos.com.ar\/2021\/#website\"},\"primaryImageOfPage\":{\"@id\":\"https:\/\/www.noticiasradioreflejos.com.ar\/2021\/fiesta-de-reyes-lo-que-vieron-anoche-es-que-salio-todo-perfecto\/#primaryimage\"},\"image\":{\"@id\":\"https:\/\/www.noticiasradioreflejos.com.ar\/2021\/fiesta-de-reyes-lo-que-vieron-anoche-es-que-salio-todo-perfecto\/#primaryimage\"},\"thumbnailUrl\":\"https:\/\/www.noticiasradioreflejos.com.ar\/2021\/wp-content\/uploads\/2023\/01\/Reyes-2023-56.jpg\",\"datePublished\":\"2023-01-06T17:32:13+00:00\",\"dateModified\":\"2023-01-06T17:38:10+00:00\",\"author\":{\"@id\":\"https:\/\/www.noticiasradioreflejos.com.ar\/2021\/#\/schema\/person\/ad82545263dcc5ec0996818884fd5fb1\"},\"breadcrumb\":{\"@id\":\"https:\/\/www.noticiasradioreflejos.com.ar\/2021\/fiesta-de-reyes-lo-que-vieron-anoche-es-que-salio-todo-perfecto\/#breadcrumb\"},\"inLanguage\":\"es\",\"potentialAction\":[{\"@type\":\"ReadAction\",\"target\":[\"https:\/\/www.noticiasradioreflejos.com.ar\/2021\/fiesta-de-reyes-lo-que-vieron-anoche-es-que-salio-todo-perfecto\/\"]}]},{\"@type\":\"ImageObject\",\"inLanguage\":\"es\",\"@id\":\"https:\/\/www.noticiasradioreflejos.com.ar\/2021\/fiesta-de-reyes-lo-que-vieron-anoche-es-que-salio-todo-perfecto\/#primaryimage\",\"url\":\"https:\/\/www.noticiasradioreflejos.com.ar\/2021\/wp-content\/uploads\/2023\/01\/Reyes-2023-56.jpg\",\"contentUrl\":\"https:\/\/www.noticiasradioreflejos.com.ar\/2021\/wp-content\/uploads\/2023\/01\/Reyes-2023-56.jpg\",\"width\":2304,\"height\":1296},{\"@type\":\"BreadcrumbList\",\"@id\":\"https:\/\/www.noticiasradioreflejos.com.ar\/2021\/fiesta-de-reyes-lo-que-vieron-anoche-es-que-salio-todo-perfecto\/#breadcrumb\",\"itemListElement\":[{\"@type\":\"ListItem\",\"position\":1,\"name\":\"Portada\",\"item\":\"https:\/\/www.noticiasradioreflejos.com.ar\/2021\/\"},{\"@type\":\"ListItem\",\"position\":2,\"name\":\"Fiesta de Reyes: \u201clo que vieron anoche es que sali\u00f3 todo perfecto\u201d\"}]},{\"@type\":\"WebSite\",\"@id\":\"https:\/\/www.noticiasradioreflejos.com.ar\/2021\/#website\",\"url\":\"https:\/\/www.noticiasradioreflejos.com.ar\/2021\/\",\"name\":\"Noticias Radio Reflejos\",\"description\":\"Las noticias de mi comarca\",\"potentialAction\":[{\"@type\":\"SearchAction\",\"target\":{\"@type\":\"EntryPoint\",\"urlTemplate\":\"https:\/\/www.noticiasradioreflejos.com.ar\/2021\/?s={search_term_string}\"},\"query-input\":{\"@type\":\"PropertyValueSpecification\",\"valueRequired\":true,\"valueName\":\"search_term_string\"}}],\"inLanguage\":\"es\"},{\"@type\":\"Person\",\"@id\":\"https:\/\/www.noticiasradioreflejos.com.ar\/2021\/#\/schema\/person\/ad82545263dcc5ec0996818884fd5fb1\",\"name\":\"Arnaldo Botto\",\"image\":{\"@type\":\"ImageObject\",\"inLanguage\":\"es\",\"@id\":\"https:\/\/www.noticiasradioreflejos.com.ar\/2021\/#\/schema\/person\/image\/\",\"url\":\"https:\/\/secure.gravatar.com\/avatar\/55cb5e37c1efa326397366e6974cb338056df65cb50e7d64d1cf314e87504837?s=96&d=mm&r=g\",\"contentUrl\":\"https:\/\/secure.gravatar.com\/avatar\/55cb5e37c1efa326397366e6974cb338056df65cb50e7d64d1cf314e87504837?s=96&d=mm&r=g\",\"caption\":\"Arnaldo Botto\"},\"url\":\"https:\/\/www.noticiasradioreflejos.com.ar\/2021\/author\/arnaldo\/\"}]}<\/script>\n<!-- \/ Yoast SEO plugin. -->","yoast_head_json":{"title":"Fiesta de Reyes: \u201clo que vieron anoche es que sali\u00f3 todo perfecto\u201d - Noticias Radio Reflejos","robots":{"index":"index","follow":"follow","max-snippet":"max-snippet:-1","max-image-preview":"max-image-preview:large","max-video-preview":"max-video-preview:-1"},"canonical":"https:\/\/www.noticiasradioreflejos.com.ar\/2021\/fiesta-de-reyes-lo-que-vieron-anoche-es-que-salio-todo-perfecto\/","og_locale":"es_ES","og_type":"article","og_title":"Fiesta de Reyes: \u201clo que vieron anoche es que sali\u00f3 todo perfecto\u201d - Noticias Radio Reflejos","og_description":"Gustavo Devizia, comandante del cuerpo activo de Bomberos Voluntarios, hizo un balance de lo vivido anoche. \u201cSe hizo un buen evento\u201d asegur\u00f3, resaltando que hubo mas de 10 mil personas.","og_url":"https:\/\/www.noticiasradioreflejos.com.ar\/2021\/fiesta-de-reyes-lo-que-vieron-anoche-es-que-salio-todo-perfecto\/","og_site_name":"Noticias Radio Reflejos","article_published_time":"2023-01-06T17:32:13+00:00","article_modified_time":"2023-01-06T17:38:10+00:00","og_image":[{"width":2304,"height":1296,"url":"https:\/\/www.noticiasradioreflejos.com.ar\/2021\/wp-content\/uploads\/2023\/01\/Reyes-2023-56.jpg","type":"image\/jpeg"}],"author":"Arnaldo Botto","twitter_card":"summary_large_image","schema":{"@context":"https:\/\/schema.org","@graph":[{"@type":"WebPage","@id":"https:\/\/www.noticiasradioreflejos.com.ar\/2021\/fiesta-de-reyes-lo-que-vieron-anoche-es-que-salio-todo-perfecto\/","url":"https:\/\/www.noticiasradioreflejos.com.ar\/2021\/fiesta-de-reyes-lo-que-vieron-anoche-es-que-salio-todo-perfecto\/","name":"Fiesta de Reyes: \u201clo que vieron anoche es que sali\u00f3 todo perfecto\u201d - Noticias Radio Reflejos","isPartOf":{"@id":"https:\/\/www.noticiasradioreflejos.com.ar\/2021\/#website"},"primaryImageOfPage":{"@id":"https:\/\/www.noticiasradioreflejos.com.ar\/2021\/fiesta-de-reyes-lo-que-vieron-anoche-es-que-salio-todo-perfecto\/#primaryimage"},"image":{"@id":"https:\/\/www.noticiasradioreflejos.com.ar\/2021\/fiesta-de-reyes-lo-que-vieron-anoche-es-que-salio-todo-perfecto\/#primaryimage"},"thumbnailUrl":"https:\/\/www.noticiasradioreflejos.com.ar\/2021\/wp-content\/uploads\/2023\/01\/Reyes-2023-56.jpg","datePublished":"2023-01-06T17:32:13+00:00","dateModified":"2023-01-06T17:38:10+00:00","author":{"@id":"https:\/\/www.noticiasradioreflejos.com.ar\/2021\/#\/schema\/person\/ad82545263dcc5ec0996818884fd5fb1"},"breadcrumb":{"@id":"https:\/\/www.noticiasradioreflejos.com.ar\/2021\/fiesta-de-reyes-lo-que-vieron-anoche-es-que-salio-todo-perfecto\/#breadcrumb"},"inLanguage":"es","potentialAction":[{"@type":"ReadAction","target":["https:\/\/www.noticiasradioreflejos.com.ar\/2021\/fiesta-de-reyes-lo-que-vieron-anoche-es-que-salio-todo-perfecto\/"]}]},{"@type":"ImageObject","inLanguage":"es","@id":"https:\/\/www.noticiasradioreflejos.com.ar\/2021\/fiesta-de-reyes-lo-que-vieron-anoche-es-que-salio-todo-perfecto\/#primaryimage","url":"https:\/\/www.noticiasradioreflejos.com.ar\/2021\/wp-content\/uploads\/2023\/01\/Reyes-2023-56.jpg","contentUrl":"https:\/\/www.noticiasradioreflejos.com.ar\/2021\/wp-content\/uploads\/2023\/01\/Reyes-2023-56.jpg","width":2304,"height":1296},{"@type":"BreadcrumbList","@id":"https:\/\/www.noticiasradioreflejos.com.ar\/2021\/fiesta-de-reyes-lo-que-vieron-anoche-es-que-salio-todo-perfecto\/#breadcrumb","itemListElement":[{"@type":"ListItem","position":1,"name":"Portada","item":"https:\/\/www.noticiasradioreflejos.com.ar\/2021\/"},{"@type":"ListItem","position":2,"name":"Fiesta de Reyes: \u201clo que vieron anoche es que sali\u00f3 todo perfecto\u201d"}]},{"@type":"WebSite","@id":"https:\/\/www.noticiasradioreflejos.com.ar\/2021\/#website","url":"https:\/\/www.noticiasradioreflejos.com.ar\/2021\/","name":"Noticias Radio Reflejos","description":"Las noticias de mi comarca","potentialAction":[{"@type":"SearchAction","target":{"@type":"EntryPoint","urlTemplate":"https:\/\/www.noticiasradioreflejos.com.ar\/2021\/?s={search_term_string}"},"query-input":{"@type":"PropertyValueSpecification","valueRequired":true,"valueName":"search_term_string"}}],"inLanguage":"es"},{"@type":"Person","@id":"https:\/\/www.noticiasradioreflejos.com.ar\/2021\/#\/schema\/person\/ad82545263dcc5ec0996818884fd5fb1","name":"Arnaldo Botto","image":{"@type":"ImageObject","inLanguage":"es","@id":"https:\/\/www.noticiasradioreflejos.com.ar\/2021\/#\/schema\/person\/image\/","url":"https:\/\/secure.gravatar.com\/avatar\/55cb5e37c1efa326397366e6974cb338056df65cb50e7d64d1cf314e87504837?s=96&d=mm&r=g","contentUrl":"https:\/\/secure.gravatar.com\/avatar\/55cb5e37c1efa326397366e6974cb338056df65cb50e7d64d1cf314e87504837?s=96&d=mm&r=g","caption":"Arnaldo Botto"},"url":"https:\/\/www.noticiasradioreflejos.com.ar\/2021\/author\/arnaldo\/"}]}},"_links":{"self":[{"href":"https:\/\/www.noticiasradioreflejos.com.ar\/2021\/wp-json\/wp\/v2\/posts\/82314","targetHints":{"allow":["GET"]}}],"collection":[{"href":"https:\/\/www.noticiasradioreflejos.com.ar\/2021\/wp-json\/wp\/v2\/posts"}],"about":[{"href":"https:\/\/www.noticiasradioreflejos.com.ar\/2021\/wp-json\/wp\/v2\/types\/post"}],"author":[{"embeddable":true,"href":"https:\/\/www.noticiasradioreflejos.com.ar\/2021\/wp-json\/wp\/v2\/users\/3"}],"replies":[{"embeddable":true,"href":"https:\/\/www.noticiasradioreflejos.com.ar\/2021\/wp-json\/wp\/v2\/comments?post=82314"}],"version-history":[{"count":2,"href":"https:\/\/www.noticiasradioreflejos.com.ar\/2021\/wp-json\/wp\/v2\/posts\/82314\/revisions"}],"predecessor-version":[{"id":82339,"href":"https:\/\/www.noticiasradioreflejos.com.ar\/2021\/wp-json\/wp\/v2\/posts\/82314\/revisions\/82339"}],"wp:featuredmedia":[{"embeddable":true,"href":"https:\/\/www.noticiasradioreflejos.com.ar\/2021\/wp-json\/wp\/v2\/media\/82338"}],"wp:attachment":[{"href":"https:\/\/www.noticiasradioreflejos.com.ar\/2021\/wp-json\/wp\/v2\/media?parent=82314"}],"wp:term":[{"taxonomy":"category","embeddable":true,"href":"https:\/\/www.noticiasradioreflejos.com.ar\/2021\/wp-json\/wp\/v2\/categories?post=82314"},{"taxonomy":"post_tag","embeddable":true,"href":"https:\/\/www.noticiasradioreflejos.com.ar\/2021\/wp-json\/wp\/v2\/tags?post=82314"}],"curies":[{"name":"wp","href":"https:\/\/api.w.org\/{rel}","templated":true}]}}